{"id":1086,"date":"2017-03-21T16:41:55","date_gmt":"2017-03-21T15:41:55","guid":{"rendered":"http:\/\/musiqueenchemin.fr\/?p=1086"},"modified":"2017-04-26T07:58:54","modified_gmt":"2017-04-26T06:58:54","slug":"festival-2017","status":"publish","type":"post","link":"http:\/\/musiqueenchemin.fr\/index.php\/2017\/03\/21\/festival-2017\/","title":{"rendered":"Festival 2017"},"content":{"rendered":"<ul>\n<h1>Mercredi 12 juillet<\/h1>\n<p><img loading=\"lazy\" decoding=\"async\" src=\"http:\/\/musiqueenchemin.fr\/wp-content\/uploads\/2017\/03\/MeC_2017_label_avant-premier-300x66.jpg\" alt=\"\" width=\"200\" height=\"66\" class=\"alignnone size-medium wp-image-1170\" \/><\/p>\n<hr \/>\n<p><img loading=\"lazy\" decoding=\"async\" src=\"http:\/\/musiqueenchemin.fr\/wp-content\/uploads\/2017\/03\/MeC_2017_Scaramella.jpg\" alt=\"\" width=\"800\" height=\"349\" class=\"alignnone size-full wp-image-1163\" \/><\/p>\n<h4><strong>21h \u2022 Abbaye de Flaran<\/strong><\/h4>\n<h3><a href=\"http:\/\/musiqueenchemin.fr\/index.php\/2017\/03\/22\/scaramella-polyphonies-de-la-renaissance\/\">Scaramella, polyphonies de la Renaissance<\/a><\/h3>\n<\/ul>\n<hr \/>\n<ul>\n<h1>Jeudi 20 juillet<\/h1>\n<hr \/>\n<h4><strong>19h \u2022 Espace festival<\/strong><\/h4>\n<h3>Mise en oreille du concert du Ch\u0153ur de chambre les \u00e9l\u00e9ments<\/h3>\n<hr \/>\n<h4><strong>A partir de 19h<\/strong><\/h4>\n<h3>Ap\u00e9ritif et restauration<\/h3>\n<hr \/>\n<p><img loading=\"lazy\" decoding=\"async\" class=\"size-full wp-image-1202\" src=\"http:\/\/musiqueenchemin.fr\/wp-content\/uploads\/2017\/03\/Capella-Nostra_les_elements.jpg\" alt=\"\" width=\"800\" height=\"420\" \/><\/p>\n<h4><strong>20h30 \u2022 Concert \u00e0 la Coll\u00e9giale<\/strong><\/h4>\n<h3><a href=\"http:\/\/musiqueenchemin.fr\/index.php\/2017\/03\/22\/capella-nostra\/\">Capella Nostra<\/a><\/h3>\n<hr \/>\n<h4><strong>22h \u2022 Espace festival<\/strong><\/h4>\n<h3>Cocktail d\u2019ouverture du Festival<\/h3>\n<\/ul>\n<hr \/>\n<ul>\n<h1>Vendredi 21 juillet<\/h1>\n<hr \/>\n<p><img loading=\"lazy\" decoding=\"async\" src=\"http:\/\/musiqueenchemin.fr\/wp-content\/uploads\/2017\/03\/Passage_empreinte_sonore.jpg\" alt=\"\" width=\"800\" height=\"376\" class=\"alignnone size-full wp-image-1210\" \/><\/p>\n<h4><strong>18h \u2022 Clo\u00eetre<\/strong><\/h4>\n<h5>\u2502musique &#038; num\u00e9rique en gascogne\u2502<\/h5>\n<h3><a href=\"http:\/\/musiqueenchemin.fr\/index.php\/2017\/03\/22\/empreintes-sonores\/\">Pr\u00e9sentation de l\u2019exposition \u00ab Empreintes sonores \u00bb<\/a><\/h3>\n<hr \/>\n<h4><strong>\u00c0 partir de 19h<\/strong><\/h4>\n<h3>Ap\u00e9ritif et restauration<\/h3>\n<hr \/>\n<h4><strong>19h \u2022 Espace festival<\/strong><\/h4>\n<h3>Mise en oreille du concert de La Main Harmonique<\/h3>\n<hr \/>\n<p><img loading=\"lazy\" decoding=\"async\" class=\"size-full wp-image-1219\" src=\"http:\/\/musiqueenchemin.fr\/wp-content\/uploads\/2017\/03\/Monteverdi450_lmh.jpg\" alt=\"\" width=\"800\" height=\"523\" \/><\/p>\n<h4><strong>20h30 \u2022 Concert \u00e0 la Coll\u00e9giale<\/strong><\/h4>\n<h3><a href=\"http:\/\/musiqueenchemin.fr\/index.php\/2017\/03\/22\/monteverdi-450\/\">Monteverdi 450 !<\/a><\/h3>\n<hr \/>\n<p><img loading=\"lazy\" decoding=\"async\" class=\"size-full wp-image-1222\" src=\"http:\/\/musiqueenchemin.fr\/wp-content\/uploads\/2017\/03\/cine_concert_accordeon.jpg\" alt=\"\" width=\"800\" height=\"911\" \/><\/p>\n<h4><strong>22h \u2022 Espace festival (Clo\u00eetre en cas d\u2019intemp\u00e9ries)<\/strong><\/h4>\n<h3><a href=\"http:\/\/musiqueenchemin.fr\/index.php\/2017\/03\/22\/cine-concert\/\">Cin\u00e9-Concert<\/a><\/h3>\n<\/ul>\n<hr \/>\n<ul>\n<h1>Samedi 22 juillet<\/h1>\n<hr \/>\n<h4><strong>11h \u2022 Coll\u00e9giale<\/strong><\/h4>\n<h3><a href=\"http:\/\/musiqueenchemin.fr\/index.php\/2017\/03\/22\/conference-art-contemplation\/\">Conf\u00e9rence \u00ab\u00a0Art &#038; Contemplation \u00bb <\/a><\/h3>\n<hr \/>\n<h4><strong>16h \u2022 Coll\u00e9giale et village<\/strong><\/h4>\n<h3><a href=\"http:\/\/musiqueenchemin.fr\/index.php\/2017\/03\/22\/visite-guidee-avec-passengers\/\">Visite guid\u00e9e avec Pass\u2019enGers<\/a><\/h3>\n<hr \/>\n<p><img loading=\"lazy\" decoding=\"async\" class=\"alignnone size-full wp-image-1239\" src=\"http:\/\/musiqueenchemin.fr\/wp-content\/uploads\/2017\/03\/nous_voila_jeune_public.jpg\" alt=\"\" width=\"800\" height=\"603\" \/><\/p>\n<h4><strong>16h30 \u2022 Salle des f\u00eates<\/strong><\/h4>\n<h5>\u2502En famille !\u2502<\/h5>\n<h3><a href=\"http:\/\/musiqueenchemin.fr\/index.php\/2017\/03\/22\/nous-voila\/\">\u201cNous voil\u00e0 !\u201d &#8211; Cie Rouge les Anges <\/a><\/h3>\n<hr \/>\n<h4><strong>18h \u2022 Espace festival<\/strong><\/h4>\n<h3>Mise en oreille autour du Mythe de Lucr\u00e8ce<\/h3>\n<hr \/>\n<p><img loading=\"lazy\" decoding=\"async\" class=\"alignnone size-full wp-image-1244\" src=\"http:\/\/musiqueenchemin.fr\/wp-content\/uploads\/2017\/03\/les_surprises.jpg\" alt=\"\" width=\"800\" height=\"435\" \/><\/p>\n<h4><strong>19h \u2022 Concert baroque \u00e0 la Coll\u00e9giale<\/strong><\/h4>\n<h3><a href=\"http:\/\/musiqueenchemin.fr\/index.php\/2017\/03\/22\/le-mythe-de-lucrece\/\">Le Mythe de Lucr\u00e8ce<\/a><\/h3>\n<hr \/>\n<h4><strong>20h30 \u2022 Espace festival (repli en cas d\u2019intemp\u00e9ries)<\/strong><\/h4>\n<h3><a href=\"http:\/\/musiqueenchemin.fr\/index.php\/2017\/03\/22\/diner-toque\/\">D\u00eener Toqu\u00e9<\/a><\/h3>\n<hr \/>\n<p><img loading=\"lazy\" decoding=\"async\" class=\"alignnone size-full wp-image-1248\" src=\"http:\/\/musiqueenchemin.fr\/wp-content\/uploads\/2017\/03\/Ida_y_Vuelta.jpg\" alt=\"\" width=\"800\" height=\"781\" \/><\/p>\n<h4><strong>21h30 \u2022 Bal \u00e0 l\u2019espace festival<\/strong><\/h4>\n<h3><a href=\"http:\/\/musiqueenchemin.fr\/index.php\/2017\/03\/22\/ida-y-vuelta\/\">Ida y Vuelta &#8211; Orchestre Salsa Roots<\/a><\/h3>\n<\/ul>\n<hr \/>\n<ul>\n<h1>Dimanche 23 juillet<\/h1>\n<hr \/>\n<h4><strong>9h \u2022 Balade guid\u00e9e (d\u00e9part place du village)<\/strong><\/h4>\n<hr \/>\n<p><img loading=\"lazy\" decoding=\"async\" class=\"alignnone size-full wp-image-1239\" src=\"http:\/\/musiqueenchemin.fr\/wp-content\/uploads\/2017\/03\/nous_voila_jeune_public.jpg\" alt=\"\" width=\"800\" height=\"603\" \/><\/p>\n<h4><strong>11h30 \u2022 Salle des f\u00eates<\/strong><\/h4>\n<h5>\u2502En famille !\u2502<\/h5>\n<h3><a href=\"http:\/\/musiqueenchemin.fr\/index.php\/2017\/04\/26\/nous-voila-dimanche\/\">\u201cNous voil\u00e0 !\u201d &#8211; Cie Rouge les Anges <\/a><\/h3>\n<hr \/>\n<h4><strong>\u00c0 partir de 12h30 \u2022 Espace festival<\/strong><\/h4>\n<h3>Brunch <\/h3>\n<hr \/>\n<h4><strong>13h \u2022 Espace festival<\/strong><\/h4>\n<h3>Mise en oreille du concert du Quatuor Osmose<\/h3>\n<hr \/>\n<p><img loading=\"lazy\" decoding=\"async\" class=\"alignnone size-full wp-image-1253\" src=\"http:\/\/musiqueenchemin.fr\/wp-content\/uploads\/2017\/03\/quatuor_osmose.jpg\" alt=\"\" width=\"800\" height=\"603\" \/><\/p>\n<h4><strong>15h \u2022 Concert \u00e0 la Coll\u00e9giale<\/strong><\/h4>\n<h3><a href=\"http:\/\/musiqueenchemin.fr\/index.php\/2017\/03\/22\/quatuor-osmose\/\">Quatuor Osmose, saxophones<\/a><\/h3>\n<hr \/>\n<h4><strong>16h30 \u2022 Espace Festival<\/strong><\/h4>\n<h3>Cl\u00f4ture du festival<\/h3>\n<\/ul>\n<hr \/>\n","protected":false},"excerpt":{"rendered":"<p>Mercredi 12 juillet 21h \u2022 Abbaye de Flaran Scaramella, polyphonies de la Renaissance Jeudi 20 juillet 19h \u2022 Espace festival Mise en oreille du concert du Ch\u0153ur de chambre les \u00e9l\u00e9ments A partir de 19h Ap\u00e9ritif et restauration 20h30 \u2022 [&hellip;]<\/p>\n","protected":false},"author":1,"featured_media":0,"comment_status":"closed","ping_status":"closed","sticky":false,"template":"","format":"standard","meta":{"cwp_meta_box_check":"","cwp_rev_product_name":"","cwp_rev_product_image":"","wppr_links":[],"cwp_rev_price":"","wppr_options":[],"wppr_pros":[],"wppr_cons":[],"footnotes":""},"categories":[5,3,1],"tags":[],"class_list":["post-1086","post","type-post","status-publish","format-standard","hentry","category-carrousel","category-festival","category-non-classe"],"wppr_data":[],"yoast_head":"<!-- This site is optimized with the Yoast SEO plugin v25.0 - https:\/\/yoast.com\/wordpress\/plugins\/seo\/ -->\n<title>Festival 2017 -<\/title>\n<meta name=\"robots\" content=\"index, follow, max-snippet:-1, max-image-preview:large, max-video-preview:-1\" \/>\n<link rel=\"canonical\" href=\"https:\/\/musiqueenchemin.fr\/index.php\/2017\/03\/21\/festival-2017\/\" \/>\n<meta property=\"og:locale\" content=\"fr_FR\" \/>\n<meta property=\"og:type\" content=\"article\" \/>\n<meta property=\"og:title\" content=\"Festival 2017 -\" \/>\n<meta property=\"og:description\" content=\"Mercredi 12 juillet 21h \u2022 Abbaye de Flaran Scaramella, polyphonies de la Renaissance Jeudi 20 juillet 19h \u2022 Espace festival Mise en oreille du concert du Ch\u0153ur de chambre les \u00e9l\u00e9ments A partir de 19h Ap\u00e9ritif et restauration 20h30 \u2022 [&hellip;]\" \/>\n<meta property=\"og:url\" content=\"https:\/\/musiqueenchemin.fr\/index.php\/2017\/03\/21\/festival-2017\/\" \/>\n<meta property=\"article:published_time\" content=\"2017-03-21T15:41:55+00:00\" \/>\n<meta property=\"article:modified_time\" content=\"2017-04-26T06:58:54+00:00\" \/>\n<meta property=\"og:image\" content=\"http:\/\/musiqueenchemin.fr\/wp-content\/uploads\/2017\/03\/MeC_2017_label_avant-premier-300x66.jpg\" \/>\n<meta name=\"author\" content=\"Musique en Chemin\" \/>\n<meta name=\"twitter:card\" content=\"summary_large_image\" \/>\n<meta name=\"twitter:label1\" content=\"\u00c9crit par\" \/>\n\t<meta name=\"twitter:data1\" content=\"Musique en Chemin\" \/>\n\t<meta name=\"twitter:label2\" content=\"Dur\u00e9e de lecture estim\u00e9e\" \/>\n\t<meta name=\"twitter:data2\" content=\"1 minute\" \/>\n<script type=\"application\/ld+json\" class=\"yoast-schema-graph\">{\"@context\":\"https:\/\/schema.org\",\"@graph\":[{\"@type\":\"Article\",\"@id\":\"https:\/\/musiqueenchemin.fr\/index.php\/2017\/03\/21\/festival-2017\/#article\",\"isPartOf\":{\"@id\":\"https:\/\/musiqueenchemin.fr\/index.php\/2017\/03\/21\/festival-2017\/\"},\"author\":{\"name\":\"Musique en Chemin\",\"@id\":\"https:\/\/musiqueenchemin.fr\/#\/schema\/person\/6c4caa9d003e40448be270fea1e3cbff\"},\"headline\":\"Festival 2017\",\"datePublished\":\"2017-03-21T15:41:55+00:00\",\"dateModified\":\"2017-04-26T06:58:54+00:00\",\"mainEntityOfPage\":{\"@id\":\"https:\/\/musiqueenchemin.fr\/index.php\/2017\/03\/21\/festival-2017\/\"},\"wordCount\":245,\"publisher\":{\"@id\":\"https:\/\/musiqueenchemin.fr\/#organization\"},\"image\":{\"@id\":\"https:\/\/musiqueenchemin.fr\/index.php\/2017\/03\/21\/festival-2017\/#primaryimage\"},\"thumbnailUrl\":\"http:\/\/musiqueenchemin.fr\/wp-content\/uploads\/2017\/03\/MeC_2017_label_avant-premier-300x66.jpg\",\"articleSection\":[\"Carrousel\",\"Festival\"],\"inLanguage\":\"fr-FR\"},{\"@type\":\"WebPage\",\"@id\":\"https:\/\/musiqueenchemin.fr\/index.php\/2017\/03\/21\/festival-2017\/\",\"url\":\"https:\/\/musiqueenchemin.fr\/index.php\/2017\/03\/21\/festival-2017\/\",\"name\":\"Festival 2017 -\",\"isPartOf\":{\"@id\":\"https:\/\/musiqueenchemin.fr\/#website\"},\"primaryImageOfPage\":{\"@id\":\"https:\/\/musiqueenchemin.fr\/index.php\/2017\/03\/21\/festival-2017\/#primaryimage\"},\"image\":{\"@id\":\"https:\/\/musiqueenchemin.fr\/index.php\/2017\/03\/21\/festival-2017\/#primaryimage\"},\"thumbnailUrl\":\"http:\/\/musiqueenchemin.fr\/wp-content\/uploads\/2017\/03\/MeC_2017_label_avant-premier-300x66.jpg\",\"datePublished\":\"2017-03-21T15:41:55+00:00\",\"dateModified\":\"2017-04-26T06:58:54+00:00\",\"breadcrumb\":{\"@id\":\"https:\/\/musiqueenchemin.fr\/index.php\/2017\/03\/21\/festival-2017\/#breadcrumb\"},\"inLanguage\":\"fr-FR\",\"potentialAction\":[{\"@type\":\"ReadAction\",\"target\":[\"https:\/\/musiqueenchemin.fr\/index.php\/2017\/03\/21\/festival-2017\/\"]}]},{\"@type\":\"ImageObject\",\"inLanguage\":\"fr-FR\",\"@id\":\"https:\/\/musiqueenchemin.fr\/index.php\/2017\/03\/21\/festival-2017\/#primaryimage\",\"url\":\"http:\/\/musiqueenchemin.fr\/wp-content\/uploads\/2017\/03\/MeC_2017_label_avant-premier.jpg\",\"contentUrl\":\"http:\/\/musiqueenchemin.fr\/wp-content\/uploads\/2017\/03\/MeC_2017_label_avant-premier.jpg\",\"width\":390,\"height\":86},{\"@type\":\"BreadcrumbList\",\"@id\":\"https:\/\/musiqueenchemin.fr\/index.php\/2017\/03\/21\/festival-2017\/#breadcrumb\",\"itemListElement\":[{\"@type\":\"ListItem\",\"position\":1,\"name\":\"Accueil\",\"item\":\"https:\/\/musiqueenchemin.fr\/\"},{\"@type\":\"ListItem\",\"position\":2,\"name\":\"Festival 2017\"}]},{\"@type\":\"WebSite\",\"@id\":\"https:\/\/musiqueenchemin.fr\/#website\",\"url\":\"https:\/\/musiqueenchemin.fr\/\",\"name\":\"Musique en Chemin\",\"description\":\"\",\"publisher\":{\"@id\":\"https:\/\/musiqueenchemin.fr\/#organization\"},\"potentialAction\":[{\"@type\":\"SearchAction\",\"target\":{\"@type\":\"EntryPoint\",\"urlTemplate\":\"https:\/\/musiqueenchemin.fr\/?s={search_term_string}\"},\"query-input\":{\"@type\":\"PropertyValueSpecification\",\"valueRequired\":true,\"valueName\":\"search_term_string\"}}],\"inLanguage\":\"fr-FR\"},{\"@type\":\"Organization\",\"@id\":\"https:\/\/musiqueenchemin.fr\/#organization\",\"name\":\"Musique en Chemin\",\"url\":\"https:\/\/musiqueenchemin.fr\/\",\"logo\":{\"@type\":\"ImageObject\",\"inLanguage\":\"fr-FR\",\"@id\":\"https:\/\/musiqueenchemin.fr\/#\/schema\/logo\/image\/\",\"url\":\"http:\/\/musiqueenchemin.fr\/wp-content\/uploads\/2024\/03\/huppe-jaune-2024.png\",\"contentUrl\":\"http:\/\/musiqueenchemin.fr\/wp-content\/uploads\/2024\/03\/huppe-jaune-2024.png\",\"width\":560,\"height\":387,\"caption\":\"Musique en Chemin\"},\"image\":{\"@id\":\"https:\/\/musiqueenchemin.fr\/#\/schema\/logo\/image\/\"}},{\"@type\":\"Person\",\"@id\":\"https:\/\/musiqueenchemin.fr\/#\/schema\/person\/6c4caa9d003e40448be270fea1e3cbff\",\"name\":\"Musique en Chemin\",\"image\":{\"@type\":\"ImageObject\",\"inLanguage\":\"fr-FR\",\"@id\":\"https:\/\/musiqueenchemin.fr\/#\/schema\/person\/image\/\",\"url\":\"https:\/\/secure.gravatar.com\/avatar\/7b1be4a90bcc64c58111b64ffe668b413f96ab86aad982e7fdacac32cefcb4ec?s=96&d=mm&r=g\",\"contentUrl\":\"https:\/\/secure.gravatar.com\/avatar\/7b1be4a90bcc64c58111b64ffe668b413f96ab86aad982e7fdacac32cefcb4ec?s=96&d=mm&r=g\",\"caption\":\"Musique en Chemin\"},\"url\":\"http:\/\/musiqueenchemin.fr\/index.php\/author\/chem\/\"}]}<\/script>\n<!-- \/ Yoast SEO plugin. -->","yoast_head_json":{"title":"Festival 2017 -","robots":{"index":"index","follow":"follow","max-snippet":"max-snippet:-1","max-image-preview":"max-image-preview:large","max-video-preview":"max-video-preview:-1"},"canonical":"https:\/\/musiqueenchemin.fr\/index.php\/2017\/03\/21\/festival-2017\/","og_locale":"fr_FR","og_type":"article","og_title":"Festival 2017 -","og_description":"Mercredi 12 juillet 21h \u2022 Abbaye de Flaran Scaramella, polyphonies de la Renaissance Jeudi 20 juillet 19h \u2022 Espace festival Mise en oreille du concert du Ch\u0153ur de chambre les \u00e9l\u00e9ments A partir de 19h Ap\u00e9ritif et restauration 20h30 \u2022 [&hellip;]","og_url":"https:\/\/musiqueenchemin.fr\/index.php\/2017\/03\/21\/festival-2017\/","article_published_time":"2017-03-21T15:41:55+00:00","article_modified_time":"2017-04-26T06:58:54+00:00","og_image":[{"url":"http:\/\/musiqueenchemin.fr\/wp-content\/uploads\/2017\/03\/MeC_2017_label_avant-premier-300x66.jpg","type":"","width":"","height":""}],"author":"Musique en Chemin","twitter_card":"summary_large_image","twitter_misc":{"\u00c9crit par":"Musique en Chemin","Dur\u00e9e de lecture estim\u00e9e":"1 minute"},"schema":{"@context":"https:\/\/schema.org","@graph":[{"@type":"Article","@id":"https:\/\/musiqueenchemin.fr\/index.php\/2017\/03\/21\/festival-2017\/#article","isPartOf":{"@id":"https:\/\/musiqueenchemin.fr\/index.php\/2017\/03\/21\/festival-2017\/"},"author":{"name":"Musique en Chemin","@id":"https:\/\/musiqueenchemin.fr\/#\/schema\/person\/6c4caa9d003e40448be270fea1e3cbff"},"headline":"Festival 2017","datePublished":"2017-03-21T15:41:55+00:00","dateModified":"2017-04-26T06:58:54+00:00","mainEntityOfPage":{"@id":"https:\/\/musiqueenchemin.fr\/index.php\/2017\/03\/21\/festival-2017\/"},"wordCount":245,"publisher":{"@id":"https:\/\/musiqueenchemin.fr\/#organization"},"image":{"@id":"https:\/\/musiqueenchemin.fr\/index.php\/2017\/03\/21\/festival-2017\/#primaryimage"},"thumbnailUrl":"http:\/\/musiqueenchemin.fr\/wp-content\/uploads\/2017\/03\/MeC_2017_label_avant-premier-300x66.jpg","articleSection":["Carrousel","Festival"],"inLanguage":"fr-FR"},{"@type":"WebPage","@id":"https:\/\/musiqueenchemin.fr\/index.php\/2017\/03\/21\/festival-2017\/","url":"https:\/\/musiqueenchemin.fr\/index.php\/2017\/03\/21\/festival-2017\/","name":"Festival 2017 -","isPartOf":{"@id":"https:\/\/musiqueenchemin.fr\/#website"},"primaryImageOfPage":{"@id":"https:\/\/musiqueenchemin.fr\/index.php\/2017\/03\/21\/festival-2017\/#primaryimage"},"image":{"@id":"https:\/\/musiqueenchemin.fr\/index.php\/2017\/03\/21\/festival-2017\/#primaryimage"},"thumbnailUrl":"http:\/\/musiqueenchemin.fr\/wp-content\/uploads\/2017\/03\/MeC_2017_label_avant-premier-300x66.jpg","datePublished":"2017-03-21T15:41:55+00:00","dateModified":"2017-04-26T06:58:54+00:00","breadcrumb":{"@id":"https:\/\/musiqueenchemin.fr\/index.php\/2017\/03\/21\/festival-2017\/#breadcrumb"},"inLanguage":"fr-FR","potentialAction":[{"@type":"ReadAction","target":["https:\/\/musiqueenchemin.fr\/index.php\/2017\/03\/21\/festival-2017\/"]}]},{"@type":"ImageObject","inLanguage":"fr-FR","@id":"https:\/\/musiqueenchemin.fr\/index.php\/2017\/03\/21\/festival-2017\/#primaryimage","url":"http:\/\/musiqueenchemin.fr\/wp-content\/uploads\/2017\/03\/MeC_2017_label_avant-premier.jpg","contentUrl":"http:\/\/musiqueenchemin.fr\/wp-content\/uploads\/2017\/03\/MeC_2017_label_avant-premier.jpg","width":390,"height":86},{"@type":"BreadcrumbList","@id":"https:\/\/musiqueenchemin.fr\/index.php\/2017\/03\/21\/festival-2017\/#breadcrumb","itemListElement":[{"@type":"ListItem","position":1,"name":"Accueil","item":"https:\/\/musiqueenchemin.fr\/"},{"@type":"ListItem","position":2,"name":"Festival 2017"}]},{"@type":"WebSite","@id":"https:\/\/musiqueenchemin.fr\/#website","url":"https:\/\/musiqueenchemin.fr\/","name":"Musique en Chemin","description":"","publisher":{"@id":"https:\/\/musiqueenchemin.fr\/#organization"},"potentialAction":[{"@type":"SearchAction","target":{"@type":"EntryPoint","urlTemplate":"https:\/\/musiqueenchemin.fr\/?s={search_term_string}"},"query-input":{"@type":"PropertyValueSpecification","valueRequired":true,"valueName":"search_term_string"}}],"inLanguage":"fr-FR"},{"@type":"Organization","@id":"https:\/\/musiqueenchemin.fr\/#organization","name":"Musique en Chemin","url":"https:\/\/musiqueenchemin.fr\/","logo":{"@type":"ImageObject","inLanguage":"fr-FR","@id":"https:\/\/musiqueenchemin.fr\/#\/schema\/logo\/image\/","url":"http:\/\/musiqueenchemin.fr\/wp-content\/uploads\/2024\/03\/huppe-jaune-2024.png","contentUrl":"http:\/\/musiqueenchemin.fr\/wp-content\/uploads\/2024\/03\/huppe-jaune-2024.png","width":560,"height":387,"caption":"Musique en Chemin"},"image":{"@id":"https:\/\/musiqueenchemin.fr\/#\/schema\/logo\/image\/"}},{"@type":"Person","@id":"https:\/\/musiqueenchemin.fr\/#\/schema\/person\/6c4caa9d003e40448be270fea1e3cbff","name":"Musique en Chemin","image":{"@type":"ImageObject","inLanguage":"fr-FR","@id":"https:\/\/musiqueenchemin.fr\/#\/schema\/person\/image\/","url":"https:\/\/secure.gravatar.com\/avatar\/7b1be4a90bcc64c58111b64ffe668b413f96ab86aad982e7fdacac32cefcb4ec?s=96&d=mm&r=g","contentUrl":"https:\/\/secure.gravatar.com\/avatar\/7b1be4a90bcc64c58111b64ffe668b413f96ab86aad982e7fdacac32cefcb4ec?s=96&d=mm&r=g","caption":"Musique en Chemin"},"url":"http:\/\/musiqueenchemin.fr\/index.php\/author\/chem\/"}]}},"_links":{"self":[{"href":"http:\/\/musiqueenchemin.fr\/index.php\/wp-json\/wp\/v2\/posts\/1086","targetHints":{"allow":["GET"]}}],"collection":[{"href":"http:\/\/musiqueenchemin.fr\/index.php\/wp-json\/wp\/v2\/posts"}],"about":[{"href":"http:\/\/musiqueenchemin.fr\/index.php\/wp-json\/wp\/v2\/types\/post"}],"author":[{"embeddable":true,"href":"http:\/\/musiqueenchemin.fr\/index.php\/wp-json\/wp\/v2\/users\/1"}],"replies":[{"embeddable":true,"href":"http:\/\/musiqueenchemin.fr\/index.php\/wp-json\/wp\/v2\/comments?post=1086"}],"version-history":[{"count":33,"href":"http:\/\/musiqueenchemin.fr\/index.php\/wp-json\/wp\/v2\/posts\/1086\/revisions"}],"predecessor-version":[{"id":1460,"href":"http:\/\/musiqueenchemin.fr\/index.php\/wp-json\/wp\/v2\/posts\/1086\/revisions\/1460"}],"wp:attachment":[{"href":"http:\/\/musiqueenchemin.fr\/index.php\/wp-json\/wp\/v2\/media?parent=1086"}],"wp:term":[{"taxonomy":"category","embeddable":true,"href":"http:\/\/musiqueenchemin.fr\/index.php\/wp-json\/wp\/v2\/categories?post=1086"},{"taxonomy":"post_tag","embeddable":true,"href":"http:\/\/musiqueenchemin.fr\/index.php\/wp-json\/wp\/v2\/tags?post=1086"}],"curies":[{"name":"wp","href":"https:\/\/api.w.org\/{rel}","templated":true}]}}