{"id":112,"date":"2016-04-28T11:08:44","date_gmt":"2016-04-28T10:08:44","guid":{"rendered":"http:\/\/musiqueenchemin.fr\/blog\/?p=112"},"modified":"2016-09-01T10:53:56","modified_gmt":"2016-09-01T09:53:56","slug":"concert-interactif","status":"publish","type":"post","link":"http:\/\/musiqueenchemin.fr\/index.php\/2016\/04\/28\/concert-interactif\/","title":{"rendered":"Concert interactif"},"content":{"rendered":"<h4>David Chevallier, guitare &#038; S\u00e9bastien Boisseau, contrebasse<\/h4>\n<hr>\n<div class=\"row\">\n<div class=\"col-md-12\">\n<figure id=\"attachment_936\" aria-describedby=\"caption-attachment-936\" style=\"width: 800px\" class=\"wp-caption alignnone\"><img loading=\"lazy\" decoding=\"async\" src=\"http:\/\/musiqueenchemin.fr\/wp-content\/uploads\/2016\/09\/concert_interactif_2.jpg\" alt=\"Concert Interactif - La Romieu - Juillet 2016 \u00a9 Polli Kaminski\" width=\"800\" height=\"533\" class=\"size-full wp-image-936\" srcset=\"http:\/\/musiqueenchemin.fr\/wp-content\/uploads\/2016\/09\/concert_interactif_2.jpg 800w, http:\/\/musiqueenchemin.fr\/wp-content\/uploads\/2016\/09\/concert_interactif_2-300x200.jpg 300w, http:\/\/musiqueenchemin.fr\/wp-content\/uploads\/2016\/09\/concert_interactif_2-768x512.jpg 768w, http:\/\/musiqueenchemin.fr\/wp-content\/uploads\/2016\/09\/concert_interactif_2-600x400.jpg 600w\" sizes=\"auto, (max-width: 800px) 100vw, 800px\" \/><figcaption id=\"caption-attachment-936\" class=\"wp-caption-text\"><em>Concert Interactif &#8211; La Romieu &#8211; Juillet 2016<\/em> \u00a9 Polli Kaminski<\/figcaption><\/figure>\n<\/div>\n<\/div>\n<hr \/>\n<p><h4>\u00c9coutez<\/h4>\n<h5>Impro<\/h5>\n<audio class=\"wp-audio-shortcode\" id=\"audio-112-1\" preload=\"none\" style=\"width: 100%;\" controls=\"controls\"><source type=\"audio\/wav\" src=\"http:\/\/musiqueenchemin.fr\/wp-content\/uploads\/2016\/04\/Impro-1.wav?_=1\" \/><a href=\"http:\/\/musiqueenchemin.fr\/wp-content\/uploads\/2016\/04\/Impro-1.wav\">http:\/\/musiqueenchemin.fr\/wp-content\/uploads\/2016\/04\/Impro-1.wav<\/a><\/audio>\n<hr \/>\n<p>La musique improvis\u00e9e cherche \u00e0 explorer le champs des possibles du \u00ab\u00a0jouer ensemble\u00a0\u00bb, quand on se lib\u00e8re de la musique \u00e9crite savante, et des codes d\u2019improvisations qu\u2019on trouve par exemple dans le jazz ou les musiques populaires de tradition orale.<\/p>\n<p>Seules importent les interactions et la construction d\u2019une forme musicale coh\u00e9rente, par le ph\u00e9nom\u00e8ne sonore, entre les improvisateurs, le lieu de la performance et les auditeurs.<br \/>\nDavid Chevallier et S\u00e9bastien Boisseau, entre moments musicaux et questions-r\u00e9ponses avec le public, ouvrent leur salon de musique \u00e0 notre \u00e9coute active.<\/p>\n<p>Ils nous invitent \u00e0 la d\u00e9couverte d\u2019un aspect contemporain de la pratique de l\u2019improvisation,\u00a0\u00a0dont les origines remontent peut-\u00eatre\u00a0aux toutes premi\u00e8res pratiques musicales\u2026<\/p>\n<p><em>Music salon in the cloisters<br \/>\nSettle down in the wonderful setting of the Cloisters and let your ear take untrodden musical paths as you listen to improvisations on guitar and double bass.  But this is also a two-lane highway as these experts will also answer your questions and help you see music and life differently.    <\/em><\/p>\n<hr \/>\n<figure id=\"attachment_796\" aria-describedby=\"caption-attachment-796\" style=\"width: 1024px\" class=\"wp-caption alignnone\"><img loading=\"lazy\" decoding=\"async\" src=\"http:\/\/musiqueenchemin.fr\/wp-content\/uploads\/2016\/04\/concert-interactif-interpretes-1024x484.jpg\" alt=\"David Chevallier &amp; S\u00e9bastien Boisseau \" width=\"1024\" height=\"484\" class=\"size-large wp-image-796\" srcset=\"http:\/\/musiqueenchemin.fr\/wp-content\/uploads\/2016\/04\/concert-interactif-interpretes-1024x484.jpg 1024w, http:\/\/musiqueenchemin.fr\/wp-content\/uploads\/2016\/04\/concert-interactif-interpretes-300x142.jpg 300w, http:\/\/musiqueenchemin.fr\/wp-content\/uploads\/2016\/04\/concert-interactif-interpretes-768x363.jpg 768w, http:\/\/musiqueenchemin.fr\/wp-content\/uploads\/2016\/04\/concert-interactif-interpretes-600x284.jpg 600w, http:\/\/musiqueenchemin.fr\/wp-content\/uploads\/2016\/04\/concert-interactif-interpretes-820x388.jpg 820w, http:\/\/musiqueenchemin.fr\/wp-content\/uploads\/2016\/04\/concert-interactif-interpretes.jpg 1601w\" sizes=\"auto, (max-width: 1024px) 100vw, 1024px\" \/><figcaption id=\"caption-attachment-796\" class=\"wp-caption-text\">David Chevallier &#038; S\u00e9bastien Boisseau \u00a9 Annabelle Tiaffay<br \/><\/figcaption><\/figure>\n<hr \/>\n<h5><strong>Vendredi 22 juillet \u00e0 17h<\/strong> &#8211; Festival Musique en Chemin &#8211; 6<sup>e<\/sup> \u00e9dition &#8211; Juillet 2016<\/h5>\n","protected":false},"excerpt":{"rendered":"<p>David Chevallier, guitare &#038; S\u00e9bastien Boisseau, contrebasse \u00c9coutez Impro La musique improvis\u00e9e cherche \u00e0 explorer le champs des possibles du \u00ab\u00a0jouer ensemble\u00a0\u00bb, quand on se lib\u00e8re de la musique \u00e9crite savante, et des codes d\u2019improvisations qu\u2019on trouve par exemple dans [&hellip;]<\/p>\n","protected":false},"author":1,"featured_media":0,"comment_status":"closed","ping_status":"closed","sticky":false,"template":"","format":"standard","meta":{"cwp_meta_box_check":"","cwp_rev_product_name":"","cwp_rev_product_image":"","wppr_links":[],"cwp_rev_price":"","wppr_options":[],"wppr_pros":[],"wppr_cons":[],"footnotes":""},"categories":[3,9],"tags":[],"class_list":["post-112","post","type-post","status-publish","format-standard","hentry","category-festival","category-spectacle"],"wppr_data":[],"yoast_head":"<!-- This site is optimized with the Yoast SEO plugin v25.0 - https:\/\/yoast.com\/wordpress\/plugins\/seo\/ -->\n<title>Concert interactif -<\/title>\n<meta name=\"robots\" content=\"index, follow, max-snippet:-1, max-image-preview:large, max-video-preview:-1\" \/>\n<link rel=\"canonical\" href=\"https:\/\/musiqueenchemin.fr\/index.php\/2016\/04\/28\/concert-interactif\/\" \/>\n<meta property=\"og:locale\" content=\"fr_FR\" \/>\n<meta property=\"og:type\" content=\"article\" \/>\n<meta property=\"og:title\" content=\"Concert interactif -\" \/>\n<meta property=\"og:description\" content=\"David Chevallier, guitare &#038; S\u00e9bastien Boisseau, contrebasse \u00c9coutez Impro La musique improvis\u00e9e cherche \u00e0 explorer le champs des possibles du \u00ab\u00a0jouer ensemble\u00a0\u00bb, quand on se lib\u00e8re de la musique \u00e9crite savante, et des codes d\u2019improvisations qu\u2019on trouve par exemple dans [&hellip;]\" \/>\n<meta property=\"og:url\" content=\"https:\/\/musiqueenchemin.fr\/index.php\/2016\/04\/28\/concert-interactif\/\" \/>\n<meta property=\"article:published_time\" content=\"2016-04-28T10:08:44+00:00\" \/>\n<meta property=\"article:modified_time\" content=\"2016-09-01T09:53:56+00:00\" \/>\n<meta property=\"og:image\" content=\"http:\/\/musiqueenchemin.fr\/wp-content\/uploads\/2016\/09\/concert_interactif_2.jpg\" \/>\n<meta name=\"author\" content=\"Musique en Chemin\" \/>\n<meta name=\"twitter:card\" content=\"summary_large_image\" \/>\n<meta name=\"twitter:label1\" content=\"\u00c9crit par\" \/>\n\t<meta name=\"twitter:data1\" content=\"Musique en Chemin\" \/>\n\t<meta name=\"twitter:label2\" content=\"Dur\u00e9e de lecture estim\u00e9e\" \/>\n\t<meta name=\"twitter:data2\" content=\"1 minute\" \/>\n<script type=\"application\/ld+json\" class=\"yoast-schema-graph\">{\"@context\":\"https:\/\/schema.org\",\"@graph\":[{\"@type\":\"Article\",\"@id\":\"https:\/\/musiqueenchemin.fr\/index.php\/2016\/04\/28\/concert-interactif\/#article\",\"isPartOf\":{\"@id\":\"https:\/\/musiqueenchemin.fr\/index.php\/2016\/04\/28\/concert-interactif\/\"},\"author\":{\"name\":\"Musique en Chemin\",\"@id\":\"https:\/\/musiqueenchemin.fr\/#\/schema\/person\/6c4caa9d003e40448be270fea1e3cbff\"},\"headline\":\"Concert interactif\",\"datePublished\":\"2016-04-28T10:08:44+00:00\",\"dateModified\":\"2016-09-01T09:53:56+00:00\",\"mainEntityOfPage\":{\"@id\":\"https:\/\/musiqueenchemin.fr\/index.php\/2016\/04\/28\/concert-interactif\/\"},\"wordCount\":243,\"publisher\":{\"@id\":\"https:\/\/musiqueenchemin.fr\/#organization\"},\"image\":{\"@id\":\"https:\/\/musiqueenchemin.fr\/index.php\/2016\/04\/28\/concert-interactif\/#primaryimage\"},\"thumbnailUrl\":\"http:\/\/musiqueenchemin.fr\/wp-content\/uploads\/2016\/09\/concert_interactif_2.jpg\",\"articleSection\":[\"Festival\",\"Spectacle\"],\"inLanguage\":\"fr-FR\"},{\"@type\":\"WebPage\",\"@id\":\"https:\/\/musiqueenchemin.fr\/index.php\/2016\/04\/28\/concert-interactif\/\",\"url\":\"https:\/\/musiqueenchemin.fr\/index.php\/2016\/04\/28\/concert-interactif\/\",\"name\":\"Concert interactif -\",\"isPartOf\":{\"@id\":\"https:\/\/musiqueenchemin.fr\/#website\"},\"primaryImageOfPage\":{\"@id\":\"https:\/\/musiqueenchemin.fr\/index.php\/2016\/04\/28\/concert-interactif\/#primaryimage\"},\"image\":{\"@id\":\"https:\/\/musiqueenchemin.fr\/index.php\/2016\/04\/28\/concert-interactif\/#primaryimage\"},\"thumbnailUrl\":\"http:\/\/musiqueenchemin.fr\/wp-content\/uploads\/2016\/09\/concert_interactif_2.jpg\",\"datePublished\":\"2016-04-28T10:08:44+00:00\",\"dateModified\":\"2016-09-01T09:53:56+00:00\",\"breadcrumb\":{\"@id\":\"https:\/\/musiqueenchemin.fr\/index.php\/2016\/04\/28\/concert-interactif\/#breadcrumb\"},\"inLanguage\":\"fr-FR\",\"potentialAction\":[{\"@type\":\"ReadAction\",\"target\":[\"https:\/\/musiqueenchemin.fr\/index.php\/2016\/04\/28\/concert-interactif\/\"]}]},{\"@type\":\"ImageObject\",\"inLanguage\":\"fr-FR\",\"@id\":\"https:\/\/musiqueenchemin.fr\/index.php\/2016\/04\/28\/concert-interactif\/#primaryimage\",\"url\":\"http:\/\/musiqueenchemin.fr\/wp-content\/uploads\/2016\/09\/concert_interactif_2.jpg\",\"contentUrl\":\"http:\/\/musiqueenchemin.fr\/wp-content\/uploads\/2016\/09\/concert_interactif_2.jpg\",\"width\":800,\"height\":533,\"caption\":\"Concert Interactif - La Romieu - Juillet 2016 \u00a9 Polli Kaminski\"},{\"@type\":\"BreadcrumbList\",\"@id\":\"https:\/\/musiqueenchemin.fr\/index.php\/2016\/04\/28\/concert-interactif\/#breadcrumb\",\"itemListElement\":[{\"@type\":\"ListItem\",\"position\":1,\"name\":\"Accueil\",\"item\":\"https:\/\/musiqueenchemin.fr\/\"},{\"@type\":\"ListItem\",\"position\":2,\"name\":\"Concert interactif\"}]},{\"@type\":\"WebSite\",\"@id\":\"https:\/\/musiqueenchemin.fr\/#website\",\"url\":\"https:\/\/musiqueenchemin.fr\/\",\"name\":\"Musique en Chemin\",\"description\":\"\",\"publisher\":{\"@id\":\"https:\/\/musiqueenchemin.fr\/#organization\"},\"potentialAction\":[{\"@type\":\"SearchAction\",\"target\":{\"@type\":\"EntryPoint\",\"urlTemplate\":\"https:\/\/musiqueenchemin.fr\/?s={search_term_string}\"},\"query-input\":{\"@type\":\"PropertyValueSpecification\",\"valueRequired\":true,\"valueName\":\"search_term_string\"}}],\"inLanguage\":\"fr-FR\"},{\"@type\":\"Organization\",\"@id\":\"https:\/\/musiqueenchemin.fr\/#organization\",\"name\":\"Musique en Chemin\",\"url\":\"https:\/\/musiqueenchemin.fr\/\",\"logo\":{\"@type\":\"ImageObject\",\"inLanguage\":\"fr-FR\",\"@id\":\"https:\/\/musiqueenchemin.fr\/#\/schema\/logo\/image\/\",\"url\":\"http:\/\/musiqueenchemin.fr\/wp-content\/uploads\/2024\/03\/huppe-jaune-2024.png\",\"contentUrl\":\"http:\/\/musiqueenchemin.fr\/wp-content\/uploads\/2024\/03\/huppe-jaune-2024.png\",\"width\":560,\"height\":387,\"caption\":\"Musique en Chemin\"},\"image\":{\"@id\":\"https:\/\/musiqueenchemin.fr\/#\/schema\/logo\/image\/\"}},{\"@type\":\"Person\",\"@id\":\"https:\/\/musiqueenchemin.fr\/#\/schema\/person\/6c4caa9d003e40448be270fea1e3cbff\",\"name\":\"Musique en Chemin\",\"image\":{\"@type\":\"ImageObject\",\"inLanguage\":\"fr-FR\",\"@id\":\"https:\/\/musiqueenchemin.fr\/#\/schema\/person\/image\/\",\"url\":\"https:\/\/secure.gravatar.com\/avatar\/7b1be4a90bcc64c58111b64ffe668b413f96ab86aad982e7fdacac32cefcb4ec?s=96&d=mm&r=g\",\"contentUrl\":\"https:\/\/secure.gravatar.com\/avatar\/7b1be4a90bcc64c58111b64ffe668b413f96ab86aad982e7fdacac32cefcb4ec?s=96&d=mm&r=g\",\"caption\":\"Musique en Chemin\"},\"url\":\"http:\/\/musiqueenchemin.fr\/index.php\/author\/chem\/\"}]}<\/script>\n<!-- \/ Yoast SEO plugin. -->","yoast_head_json":{"title":"Concert interactif -","robots":{"index":"index","follow":"follow","max-snippet":"max-snippet:-1","max-image-preview":"max-image-preview:large","max-video-preview":"max-video-preview:-1"},"canonical":"https:\/\/musiqueenchemin.fr\/index.php\/2016\/04\/28\/concert-interactif\/","og_locale":"fr_FR","og_type":"article","og_title":"Concert interactif -","og_description":"David Chevallier, guitare &#038; S\u00e9bastien Boisseau, contrebasse \u00c9coutez Impro La musique improvis\u00e9e cherche \u00e0 explorer le champs des possibles du \u00ab\u00a0jouer ensemble\u00a0\u00bb, quand on se lib\u00e8re de la musique \u00e9crite savante, et des codes d\u2019improvisations qu\u2019on trouve par exemple dans [&hellip;]","og_url":"https:\/\/musiqueenchemin.fr\/index.php\/2016\/04\/28\/concert-interactif\/","article_published_time":"2016-04-28T10:08:44+00:00","article_modified_time":"2016-09-01T09:53:56+00:00","og_image":[{"url":"http:\/\/musiqueenchemin.fr\/wp-content\/uploads\/2016\/09\/concert_interactif_2.jpg","type":"","width":"","height":""}],"author":"Musique en Chemin","twitter_card":"summary_large_image","twitter_misc":{"\u00c9crit par":"Musique en Chemin","Dur\u00e9e de lecture estim\u00e9e":"1 minute"},"schema":{"@context":"https:\/\/schema.org","@graph":[{"@type":"Article","@id":"https:\/\/musiqueenchemin.fr\/index.php\/2016\/04\/28\/concert-interactif\/#article","isPartOf":{"@id":"https:\/\/musiqueenchemin.fr\/index.php\/2016\/04\/28\/concert-interactif\/"},"author":{"name":"Musique en Chemin","@id":"https:\/\/musiqueenchemin.fr\/#\/schema\/person\/6c4caa9d003e40448be270fea1e3cbff"},"headline":"Concert interactif","datePublished":"2016-04-28T10:08:44+00:00","dateModified":"2016-09-01T09:53:56+00:00","mainEntityOfPage":{"@id":"https:\/\/musiqueenchemin.fr\/index.php\/2016\/04\/28\/concert-interactif\/"},"wordCount":243,"publisher":{"@id":"https:\/\/musiqueenchemin.fr\/#organization"},"image":{"@id":"https:\/\/musiqueenchemin.fr\/index.php\/2016\/04\/28\/concert-interactif\/#primaryimage"},"thumbnailUrl":"http:\/\/musiqueenchemin.fr\/wp-content\/uploads\/2016\/09\/concert_interactif_2.jpg","articleSection":["Festival","Spectacle"],"inLanguage":"fr-FR"},{"@type":"WebPage","@id":"https:\/\/musiqueenchemin.fr\/index.php\/2016\/04\/28\/concert-interactif\/","url":"https:\/\/musiqueenchemin.fr\/index.php\/2016\/04\/28\/concert-interactif\/","name":"Concert interactif -","isPartOf":{"@id":"https:\/\/musiqueenchemin.fr\/#website"},"primaryImageOfPage":{"@id":"https:\/\/musiqueenchemin.fr\/index.php\/2016\/04\/28\/concert-interactif\/#primaryimage"},"image":{"@id":"https:\/\/musiqueenchemin.fr\/index.php\/2016\/04\/28\/concert-interactif\/#primaryimage"},"thumbnailUrl":"http:\/\/musiqueenchemin.fr\/wp-content\/uploads\/2016\/09\/concert_interactif_2.jpg","datePublished":"2016-04-28T10:08:44+00:00","dateModified":"2016-09-01T09:53:56+00:00","breadcrumb":{"@id":"https:\/\/musiqueenchemin.fr\/index.php\/2016\/04\/28\/concert-interactif\/#breadcrumb"},"inLanguage":"fr-FR","potentialAction":[{"@type":"ReadAction","target":["https:\/\/musiqueenchemin.fr\/index.php\/2016\/04\/28\/concert-interactif\/"]}]},{"@type":"ImageObject","inLanguage":"fr-FR","@id":"https:\/\/musiqueenchemin.fr\/index.php\/2016\/04\/28\/concert-interactif\/#primaryimage","url":"http:\/\/musiqueenchemin.fr\/wp-content\/uploads\/2016\/09\/concert_interactif_2.jpg","contentUrl":"http:\/\/musiqueenchemin.fr\/wp-content\/uploads\/2016\/09\/concert_interactif_2.jpg","width":800,"height":533,"caption":"Concert Interactif - La Romieu - Juillet 2016 \u00a9 Polli Kaminski"},{"@type":"BreadcrumbList","@id":"https:\/\/musiqueenchemin.fr\/index.php\/2016\/04\/28\/concert-interactif\/#breadcrumb","itemListElement":[{"@type":"ListItem","position":1,"name":"Accueil","item":"https:\/\/musiqueenchemin.fr\/"},{"@type":"ListItem","position":2,"name":"Concert interactif"}]},{"@type":"WebSite","@id":"https:\/\/musiqueenchemin.fr\/#website","url":"https:\/\/musiqueenchemin.fr\/","name":"Musique en Chemin","description":"","publisher":{"@id":"https:\/\/musiqueenchemin.fr\/#organization"},"potentialAction":[{"@type":"SearchAction","target":{"@type":"EntryPoint","urlTemplate":"https:\/\/musiqueenchemin.fr\/?s={search_term_string}"},"query-input":{"@type":"PropertyValueSpecification","valueRequired":true,"valueName":"search_term_string"}}],"inLanguage":"fr-FR"},{"@type":"Organization","@id":"https:\/\/musiqueenchemin.fr\/#organization","name":"Musique en Chemin","url":"https:\/\/musiqueenchemin.fr\/","logo":{"@type":"ImageObject","inLanguage":"fr-FR","@id":"https:\/\/musiqueenchemin.fr\/#\/schema\/logo\/image\/","url":"http:\/\/musiqueenchemin.fr\/wp-content\/uploads\/2024\/03\/huppe-jaune-2024.png","contentUrl":"http:\/\/musiqueenchemin.fr\/wp-content\/uploads\/2024\/03\/huppe-jaune-2024.png","width":560,"height":387,"caption":"Musique en Chemin"},"image":{"@id":"https:\/\/musiqueenchemin.fr\/#\/schema\/logo\/image\/"}},{"@type":"Person","@id":"https:\/\/musiqueenchemin.fr\/#\/schema\/person\/6c4caa9d003e40448be270fea1e3cbff","name":"Musique en Chemin","image":{"@type":"ImageObject","inLanguage":"fr-FR","@id":"https:\/\/musiqueenchemin.fr\/#\/schema\/person\/image\/","url":"https:\/\/secure.gravatar.com\/avatar\/7b1be4a90bcc64c58111b64ffe668b413f96ab86aad982e7fdacac32cefcb4ec?s=96&d=mm&r=g","contentUrl":"https:\/\/secure.gravatar.com\/avatar\/7b1be4a90bcc64c58111b64ffe668b413f96ab86aad982e7fdacac32cefcb4ec?s=96&d=mm&r=g","caption":"Musique en Chemin"},"url":"http:\/\/musiqueenchemin.fr\/index.php\/author\/chem\/"}]}},"_links":{"self":[{"href":"http:\/\/musiqueenchemin.fr\/index.php\/wp-json\/wp\/v2\/posts\/112","targetHints":{"allow":["GET"]}}],"collection":[{"href":"http:\/\/musiqueenchemin.fr\/index.php\/wp-json\/wp\/v2\/posts"}],"about":[{"href":"http:\/\/musiqueenchemin.fr\/index.php\/wp-json\/wp\/v2\/types\/post"}],"author":[{"embeddable":true,"href":"http:\/\/musiqueenchemin.fr\/index.php\/wp-json\/wp\/v2\/users\/1"}],"replies":[{"embeddable":true,"href":"http:\/\/musiqueenchemin.fr\/index.php\/wp-json\/wp\/v2\/comments?post=112"}],"version-history":[{"count":16,"href":"http:\/\/musiqueenchemin.fr\/index.php\/wp-json\/wp\/v2\/posts\/112\/revisions"}],"predecessor-version":[{"id":942,"href":"http:\/\/musiqueenchemin.fr\/index.php\/wp-json\/wp\/v2\/posts\/112\/revisions\/942"}],"wp:attachment":[{"href":"http:\/\/musiqueenchemin.fr\/index.php\/wp-json\/wp\/v2\/media?parent=112"}],"wp:term":[{"taxonomy":"category","embeddable":true,"href":"http:\/\/musiqueenchemin.fr\/index.php\/wp-json\/wp\/v2\/categories?post=112"},{"taxonomy":"post_tag","embeddable":true,"href":"http:\/\/musiqueenchemin.fr\/index.php\/wp-json\/wp\/v2\/tags?post=112"}],"curies":[{"name":"wp","href":"https:\/\/api.w.org\/{rel}","templated":true}]}}