{"id":131,"date":"2016-04-28T09:39:24","date_gmt":"2016-04-28T08:39:24","guid":{"rendered":"http:\/\/musiqueenchemin.fr\/blog\/?p=131"},"modified":"2017-04-12T08:50:56","modified_gmt":"2017-04-12T07:50:56","slug":"saison-2016","status":"publish","type":"post","link":"http:\/\/musiqueenchemin.fr\/index.php\/2016\/04\/28\/saison-2016\/","title":{"rendered":"Saison 2016"},"content":{"rendered":"<p><em>La musique est ancr\u00e9e dans la vie, elle est source de joie\u00a0! Lorsqu\u2019elle jalonne nos routes et nous invite, elle prend alors tout son sens. Nous vous donnons rendez-vous avec les \u0153uvres, les compositeurs et les interpr\u00e8tes qui font Musique en Chemin\u00a0!<\/em><\/p>\n<h2>Toutes les dates de la saison<\/h2>\n<hr>\n<ul>\n<h3>\n<li>Jeudi 5 mai <\/h3>\n<h4>D\u00e9part \u00e0 9h \/ Ch\u00e2teau de Flamarens<\/h4>\n<h3><a href=\"http:\/\/musiqueenchemin.fr\/index.php\/2016\/04\/29\/balade-gourmande-et-musicale\/\">Balade gourmande et musicale<\/a><\/h3>\n<\/ul>\n<hr>\n<ul>\n<h3>\n<li>Du 10 au 21 mai &#8211; exposition prolong\u00e9e jusqu&#8217;au 28 mai !\u00a0<\/h3>\n<h4>M\u00e9diath\u00e8que de Samatan<\/h4>\n<h3><a href=\"http:\/\/musiqueenchemin.fr\/index.php\/2016\/04\/29\/exposition-femininmasculin\/\">Exposition F\u00e9minin\/Masculin<\/a><\/h3>\n<\/ul>\n<hr>\n<ul>\n<h3>\n<li>Samedi 21 mai <\/h3>\n<h4>21h \/ Halle aux Grains de Samatan<\/h4>\n<h3><a href=\"http:\/\/musiqueenchemin.fr\/index.php\/2016\/04\/29\/concert-ces-liens-dor\/\">Concert Ces Liens d\u2019Or<\/a><\/h3>\n<\/ul>\n<hr>\n<ul>\n<h3>\n<li>Samedi 28 mai <\/h3>\n<h4>18h30 \/ Coll\u00e9giale de La Romieu<\/h4>\n<h3><a href=\"http:\/\/musiqueenchemin.fr\/index.php\/2016\/04\/30\/des-voix-a-la-collegiale-de-la-romieu\/\">Des Voix \u00e0 la Coll\u00e9giale de La Romieu<\/a><\/h3>\n<\/ul>\n<hr>\n<ul>\n<h3>\n<li>Samedi 18 juin<\/h3>\n<h4>17h \/ Centre Salvandy de Condom<\/h4>\n<h3><a href=\"http:\/\/musiqueenchemin.fr\/index.php\/2016\/04\/30\/choeur-ambrosia\/\">Ch\u0153ur Ambr\u00f2sia<\/a><\/h3>\n<\/ul>\n<hr>\n<ul>\n<h3>\n<li>Dimanche 26 juin<\/h3>\n<h4>matin \/ Eauze<\/h4>\n<h3><a href=\"http:\/\/musiqueenchemin.fr\/index.php\/2016\/05\/01\/trio-madamicella\/\">Trio Madamicella<\/a><\/h3>\n<\/ul>\n<hr>\n<ul>\n<h3>\n<li>Dimanche 3 juillet<\/h3>\n<h4>11h \/ Condom<\/h4>\n<h3><a href=\"http:\/\/musiqueenchemin.fr\/index.php\/2016\/05\/01\/le-souffle-du-bandoneon\/\">Le souffle du bandon\u00e9on<\/a><\/h3>\n<\/ul>\n<hr>\n<ul>\n<h3>\n<li>Du 24 au 29 octobre<\/h3>\n<h4>Th\u00e9\u00e2tre des Carmes de Condom<\/h4>\n<h3><a href=\"http:\/\/musiqueenchemin.fr\/index.php\/2016\/05\/01\/musique-sacree-a-venise-stage\/\">Musique sacr\u00e9e \u00e0 Venise &#8211; Stage<\/a><\/h3>\n<\/ul>\n<hr>\n<ul>\n<h3>\n<li>Du 8 au 30 novembre<\/h3>\n<h4>M\u00e9diath\u00e8que de Lectoure<\/h4>\n<h3><a href=\"http:\/\/musiqueenchemin.fr\/index.php\/2016\/04\/29\/exposition-femininmasculin\/\">Exposition F\u00e9minin\/Masculin<\/a><\/h3>\n<\/ul>\n<hr>\n<ul>\n<h3>\n<li>Mardi 27 d\u00e9cembre<\/h3>\n<h4>17h \/ Ch\u00e2teau de Flamarens<\/h4>\n<h3><a href=\"http:\/\/musiqueenchemin.fr\/index.php\/2016\/05\/02\/a-voce-sola\/\">A Voce Sola<\/a><\/h3>\n<\/ul>\n<hr>\n","protected":false},"excerpt":{"rendered":"<p>La musique est ancr\u00e9e dans la vie, elle est source de joie\u00a0! Lorsqu\u2019elle jalonne nos routes et nous invite, elle prend alors tout son sens. Nous vous donnons rendez-vous avec les \u0153uvres, les compositeurs et les interpr\u00e8tes qui font Musique [&hellip;]<\/p>\n","protected":false},"author":1,"featured_media":276,"comment_status":"closed","ping_status":"closed","sticky":false,"template":"","format":"standard","meta":{"cwp_meta_box_check":"","cwp_rev_product_name":"","cwp_rev_product_image":"","wppr_links":[],"cwp_rev_price":"","wppr_options":[],"wppr_pros":[],"wppr_cons":[],"footnotes":""},"categories":[10,9],"tags":[],"class_list":["post-131","post","type-post","status-publish","format-standard","has-post-thumbnail","hentry","category-saison","category-spectacle"],"wppr_data":[],"yoast_head":"<!-- This site is optimized with the Yoast SEO plugin v25.0 - https:\/\/yoast.com\/wordpress\/plugins\/seo\/ -->\n<title>Saison 2016 -<\/title>\n<meta name=\"robots\" content=\"index, follow, max-snippet:-1, max-image-preview:large, max-video-preview:-1\" \/>\n<link rel=\"canonical\" href=\"https:\/\/musiqueenchemin.fr\/index.php\/2016\/04\/28\/saison-2016\/\" \/>\n<meta property=\"og:locale\" content=\"fr_FR\" \/>\n<meta property=\"og:type\" content=\"article\" \/>\n<meta property=\"og:title\" content=\"Saison 2016 -\" \/>\n<meta property=\"og:description\" content=\"La musique est ancr\u00e9e dans la vie, elle est source de joie\u00a0! Lorsqu\u2019elle jalonne nos routes et nous invite, elle prend alors tout son sens. Nous vous donnons rendez-vous avec les \u0153uvres, les compositeurs et les interpr\u00e8tes qui font Musique [&hellip;]\" \/>\n<meta property=\"og:url\" content=\"https:\/\/musiqueenchemin.fr\/index.php\/2016\/04\/28\/saison-2016\/\" \/>\n<meta property=\"article:published_time\" content=\"2016-04-28T08:39:24+00:00\" \/>\n<meta property=\"article:modified_time\" content=\"2017-04-12T07:50:56+00:00\" \/>\n<meta property=\"og:image\" content=\"https:\/\/musiqueenchemin.fr\/wp-content\/uploads\/2016\/04\/LaMainHarmonique_0041.jpg\" \/>\n\t<meta property=\"og:image:width\" content=\"3543\" \/>\n\t<meta property=\"og:image:height\" content=\"2657\" \/>\n\t<meta property=\"og:image:type\" content=\"image\/jpeg\" \/>\n<meta name=\"author\" content=\"Musique en Chemin\" \/>\n<meta name=\"twitter:card\" content=\"summary_large_image\" \/>\n<meta name=\"twitter:label1\" content=\"\u00c9crit par\" \/>\n\t<meta name=\"twitter:data1\" content=\"Musique en Chemin\" \/>\n\t<meta name=\"twitter:label2\" content=\"Dur\u00e9e de lecture estim\u00e9e\" \/>\n\t<meta name=\"twitter:data2\" content=\"1 minute\" \/>\n<script type=\"application\/ld+json\" class=\"yoast-schema-graph\">{\"@context\":\"https:\/\/schema.org\",\"@graph\":[{\"@type\":\"Article\",\"@id\":\"https:\/\/musiqueenchemin.fr\/index.php\/2016\/04\/28\/saison-2016\/#article\",\"isPartOf\":{\"@id\":\"https:\/\/musiqueenchemin.fr\/index.php\/2016\/04\/28\/saison-2016\/\"},\"author\":{\"name\":\"Musique en Chemin\",\"@id\":\"https:\/\/musiqueenchemin.fr\/#\/schema\/person\/6c4caa9d003e40448be270fea1e3cbff\"},\"headline\":\"Saison 2016\",\"datePublished\":\"2016-04-28T08:39:24+00:00\",\"dateModified\":\"2017-04-12T07:50:56+00:00\",\"mainEntityOfPage\":{\"@id\":\"https:\/\/musiqueenchemin.fr\/index.php\/2016\/04\/28\/saison-2016\/\"},\"wordCount\":176,\"publisher\":{\"@id\":\"https:\/\/musiqueenchemin.fr\/#organization\"},\"image\":{\"@id\":\"https:\/\/musiqueenchemin.fr\/index.php\/2016\/04\/28\/saison-2016\/#primaryimage\"},\"thumbnailUrl\":\"http:\/\/musiqueenchemin.fr\/wp-content\/uploads\/2016\/04\/LaMainHarmonique_0041.jpg\",\"articleSection\":[\"Saison\",\"Spectacle\"],\"inLanguage\":\"fr-FR\"},{\"@type\":\"WebPage\",\"@id\":\"https:\/\/musiqueenchemin.fr\/index.php\/2016\/04\/28\/saison-2016\/\",\"url\":\"https:\/\/musiqueenchemin.fr\/index.php\/2016\/04\/28\/saison-2016\/\",\"name\":\"Saison 2016 -\",\"isPartOf\":{\"@id\":\"https:\/\/musiqueenchemin.fr\/#website\"},\"primaryImageOfPage\":{\"@id\":\"https:\/\/musiqueenchemin.fr\/index.php\/2016\/04\/28\/saison-2016\/#primaryimage\"},\"image\":{\"@id\":\"https:\/\/musiqueenchemin.fr\/index.php\/2016\/04\/28\/saison-2016\/#primaryimage\"},\"thumbnailUrl\":\"http:\/\/musiqueenchemin.fr\/wp-content\/uploads\/2016\/04\/LaMainHarmonique_0041.jpg\",\"datePublished\":\"2016-04-28T08:39:24+00:00\",\"dateModified\":\"2017-04-12T07:50:56+00:00\",\"breadcrumb\":{\"@id\":\"https:\/\/musiqueenchemin.fr\/index.php\/2016\/04\/28\/saison-2016\/#breadcrumb\"},\"inLanguage\":\"fr-FR\",\"potentialAction\":[{\"@type\":\"ReadAction\",\"target\":[\"https:\/\/musiqueenchemin.fr\/index.php\/2016\/04\/28\/saison-2016\/\"]}]},{\"@type\":\"ImageObject\",\"inLanguage\":\"fr-FR\",\"@id\":\"https:\/\/musiqueenchemin.fr\/index.php\/2016\/04\/28\/saison-2016\/#primaryimage\",\"url\":\"http:\/\/musiqueenchemin.fr\/wp-content\/uploads\/2016\/04\/LaMainHarmonique_0041.jpg\",\"contentUrl\":\"http:\/\/musiqueenchemin.fr\/wp-content\/uploads\/2016\/04\/LaMainHarmonique_0041.jpg\",\"width\":3543,\"height\":2657},{\"@type\":\"BreadcrumbList\",\"@id\":\"https:\/\/musiqueenchemin.fr\/index.php\/2016\/04\/28\/saison-2016\/#breadcrumb\",\"itemListElement\":[{\"@type\":\"ListItem\",\"position\":1,\"name\":\"Accueil\",\"item\":\"https:\/\/musiqueenchemin.fr\/\"},{\"@type\":\"ListItem\",\"position\":2,\"name\":\"Saison 2016\"}]},{\"@type\":\"WebSite\",\"@id\":\"https:\/\/musiqueenchemin.fr\/#website\",\"url\":\"https:\/\/musiqueenchemin.fr\/\",\"name\":\"Musique en Chemin\",\"description\":\"\",\"publisher\":{\"@id\":\"https:\/\/musiqueenchemin.fr\/#organization\"},\"potentialAction\":[{\"@type\":\"SearchAction\",\"target\":{\"@type\":\"EntryPoint\",\"urlTemplate\":\"https:\/\/musiqueenchemin.fr\/?s={search_term_string}\"},\"query-input\":{\"@type\":\"PropertyValueSpecification\",\"valueRequired\":true,\"valueName\":\"search_term_string\"}}],\"inLanguage\":\"fr-FR\"},{\"@type\":\"Organization\",\"@id\":\"https:\/\/musiqueenchemin.fr\/#organization\",\"name\":\"Musique en Chemin\",\"url\":\"https:\/\/musiqueenchemin.fr\/\",\"logo\":{\"@type\":\"ImageObject\",\"inLanguage\":\"fr-FR\",\"@id\":\"https:\/\/musiqueenchemin.fr\/#\/schema\/logo\/image\/\",\"url\":\"http:\/\/musiqueenchemin.fr\/wp-content\/uploads\/2024\/03\/huppe-jaune-2024.png\",\"contentUrl\":\"http:\/\/musiqueenchemin.fr\/wp-content\/uploads\/2024\/03\/huppe-jaune-2024.png\",\"width\":560,\"height\":387,\"caption\":\"Musique en Chemin\"},\"image\":{\"@id\":\"https:\/\/musiqueenchemin.fr\/#\/schema\/logo\/image\/\"}},{\"@type\":\"Person\",\"@id\":\"https:\/\/musiqueenchemin.fr\/#\/schema\/person\/6c4caa9d003e40448be270fea1e3cbff\",\"name\":\"Musique en Chemin\",\"image\":{\"@type\":\"ImageObject\",\"inLanguage\":\"fr-FR\",\"@id\":\"https:\/\/musiqueenchemin.fr\/#\/schema\/person\/image\/\",\"url\":\"https:\/\/secure.gravatar.com\/avatar\/7b1be4a90bcc64c58111b64ffe668b413f96ab86aad982e7fdacac32cefcb4ec?s=96&d=mm&r=g\",\"contentUrl\":\"https:\/\/secure.gravatar.com\/avatar\/7b1be4a90bcc64c58111b64ffe668b413f96ab86aad982e7fdacac32cefcb4ec?s=96&d=mm&r=g\",\"caption\":\"Musique en Chemin\"},\"url\":\"http:\/\/musiqueenchemin.fr\/index.php\/author\/chem\/\"}]}<\/script>\n<!-- \/ Yoast SEO plugin. -->","yoast_head_json":{"title":"Saison 2016 -","robots":{"index":"index","follow":"follow","max-snippet":"max-snippet:-1","max-image-preview":"max-image-preview:large","max-video-preview":"max-video-preview:-1"},"canonical":"https:\/\/musiqueenchemin.fr\/index.php\/2016\/04\/28\/saison-2016\/","og_locale":"fr_FR","og_type":"article","og_title":"Saison 2016 -","og_description":"La musique est ancr\u00e9e dans la vie, elle est source de joie\u00a0! Lorsqu\u2019elle jalonne nos routes et nous invite, elle prend alors tout son sens. Nous vous donnons rendez-vous avec les \u0153uvres, les compositeurs et les interpr\u00e8tes qui font Musique [&hellip;]","og_url":"https:\/\/musiqueenchemin.fr\/index.php\/2016\/04\/28\/saison-2016\/","article_published_time":"2016-04-28T08:39:24+00:00","article_modified_time":"2017-04-12T07:50:56+00:00","og_image":[{"width":3543,"height":2657,"url":"https:\/\/musiqueenchemin.fr\/wp-content\/uploads\/2016\/04\/LaMainHarmonique_0041.jpg","type":"image\/jpeg"}],"author":"Musique en Chemin","twitter_card":"summary_large_image","twitter_misc":{"\u00c9crit par":"Musique en Chemin","Dur\u00e9e de lecture estim\u00e9e":"1 minute"},"schema":{"@context":"https:\/\/schema.org","@graph":[{"@type":"Article","@id":"https:\/\/musiqueenchemin.fr\/index.php\/2016\/04\/28\/saison-2016\/#article","isPartOf":{"@id":"https:\/\/musiqueenchemin.fr\/index.php\/2016\/04\/28\/saison-2016\/"},"author":{"name":"Musique en Chemin","@id":"https:\/\/musiqueenchemin.fr\/#\/schema\/person\/6c4caa9d003e40448be270fea1e3cbff"},"headline":"Saison 2016","datePublished":"2016-04-28T08:39:24+00:00","dateModified":"2017-04-12T07:50:56+00:00","mainEntityOfPage":{"@id":"https:\/\/musiqueenchemin.fr\/index.php\/2016\/04\/28\/saison-2016\/"},"wordCount":176,"publisher":{"@id":"https:\/\/musiqueenchemin.fr\/#organization"},"image":{"@id":"https:\/\/musiqueenchemin.fr\/index.php\/2016\/04\/28\/saison-2016\/#primaryimage"},"thumbnailUrl":"http:\/\/musiqueenchemin.fr\/wp-content\/uploads\/2016\/04\/LaMainHarmonique_0041.jpg","articleSection":["Saison","Spectacle"],"inLanguage":"fr-FR"},{"@type":"WebPage","@id":"https:\/\/musiqueenchemin.fr\/index.php\/2016\/04\/28\/saison-2016\/","url":"https:\/\/musiqueenchemin.fr\/index.php\/2016\/04\/28\/saison-2016\/","name":"Saison 2016 -","isPartOf":{"@id":"https:\/\/musiqueenchemin.fr\/#website"},"primaryImageOfPage":{"@id":"https:\/\/musiqueenchemin.fr\/index.php\/2016\/04\/28\/saison-2016\/#primaryimage"},"image":{"@id":"https:\/\/musiqueenchemin.fr\/index.php\/2016\/04\/28\/saison-2016\/#primaryimage"},"thumbnailUrl":"http:\/\/musiqueenchemin.fr\/wp-content\/uploads\/2016\/04\/LaMainHarmonique_0041.jpg","datePublished":"2016-04-28T08:39:24+00:00","dateModified":"2017-04-12T07:50:56+00:00","breadcrumb":{"@id":"https:\/\/musiqueenchemin.fr\/index.php\/2016\/04\/28\/saison-2016\/#breadcrumb"},"inLanguage":"fr-FR","potentialAction":[{"@type":"ReadAction","target":["https:\/\/musiqueenchemin.fr\/index.php\/2016\/04\/28\/saison-2016\/"]}]},{"@type":"ImageObject","inLanguage":"fr-FR","@id":"https:\/\/musiqueenchemin.fr\/index.php\/2016\/04\/28\/saison-2016\/#primaryimage","url":"http:\/\/musiqueenchemin.fr\/wp-content\/uploads\/2016\/04\/LaMainHarmonique_0041.jpg","contentUrl":"http:\/\/musiqueenchemin.fr\/wp-content\/uploads\/2016\/04\/LaMainHarmonique_0041.jpg","width":3543,"height":2657},{"@type":"BreadcrumbList","@id":"https:\/\/musiqueenchemin.fr\/index.php\/2016\/04\/28\/saison-2016\/#breadcrumb","itemListElement":[{"@type":"ListItem","position":1,"name":"Accueil","item":"https:\/\/musiqueenchemin.fr\/"},{"@type":"ListItem","position":2,"name":"Saison 2016"}]},{"@type":"WebSite","@id":"https:\/\/musiqueenchemin.fr\/#website","url":"https:\/\/musiqueenchemin.fr\/","name":"Musique en Chemin","description":"","publisher":{"@id":"https:\/\/musiqueenchemin.fr\/#organization"},"potentialAction":[{"@type":"SearchAction","target":{"@type":"EntryPoint","urlTemplate":"https:\/\/musiqueenchemin.fr\/?s={search_term_string}"},"query-input":{"@type":"PropertyValueSpecification","valueRequired":true,"valueName":"search_term_string"}}],"inLanguage":"fr-FR"},{"@type":"Organization","@id":"https:\/\/musiqueenchemin.fr\/#organization","name":"Musique en Chemin","url":"https:\/\/musiqueenchemin.fr\/","logo":{"@type":"ImageObject","inLanguage":"fr-FR","@id":"https:\/\/musiqueenchemin.fr\/#\/schema\/logo\/image\/","url":"http:\/\/musiqueenchemin.fr\/wp-content\/uploads\/2024\/03\/huppe-jaune-2024.png","contentUrl":"http:\/\/musiqueenchemin.fr\/wp-content\/uploads\/2024\/03\/huppe-jaune-2024.png","width":560,"height":387,"caption":"Musique en Chemin"},"image":{"@id":"https:\/\/musiqueenchemin.fr\/#\/schema\/logo\/image\/"}},{"@type":"Person","@id":"https:\/\/musiqueenchemin.fr\/#\/schema\/person\/6c4caa9d003e40448be270fea1e3cbff","name":"Musique en Chemin","image":{"@type":"ImageObject","inLanguage":"fr-FR","@id":"https:\/\/musiqueenchemin.fr\/#\/schema\/person\/image\/","url":"https:\/\/secure.gravatar.com\/avatar\/7b1be4a90bcc64c58111b64ffe668b413f96ab86aad982e7fdacac32cefcb4ec?s=96&d=mm&r=g","contentUrl":"https:\/\/secure.gravatar.com\/avatar\/7b1be4a90bcc64c58111b64ffe668b413f96ab86aad982e7fdacac32cefcb4ec?s=96&d=mm&r=g","caption":"Musique en Chemin"},"url":"http:\/\/musiqueenchemin.fr\/index.php\/author\/chem\/"}]}},"_links":{"self":[{"href":"http:\/\/musiqueenchemin.fr\/index.php\/wp-json\/wp\/v2\/posts\/131","targetHints":{"allow":["GET"]}}],"collection":[{"href":"http:\/\/musiqueenchemin.fr\/index.php\/wp-json\/wp\/v2\/posts"}],"about":[{"href":"http:\/\/musiqueenchemin.fr\/index.php\/wp-json\/wp\/v2\/types\/post"}],"author":[{"embeddable":true,"href":"http:\/\/musiqueenchemin.fr\/index.php\/wp-json\/wp\/v2\/users\/1"}],"replies":[{"embeddable":true,"href":"http:\/\/musiqueenchemin.fr\/index.php\/wp-json\/wp\/v2\/comments?post=131"}],"version-history":[{"count":35,"href":"http:\/\/musiqueenchemin.fr\/index.php\/wp-json\/wp\/v2\/posts\/131\/revisions"}],"predecessor-version":[{"id":837,"href":"http:\/\/musiqueenchemin.fr\/index.php\/wp-json\/wp\/v2\/posts\/131\/revisions\/837"}],"wp:featuredmedia":[{"embeddable":true,"href":"http:\/\/musiqueenchemin.fr\/index.php\/wp-json\/wp\/v2\/media\/276"}],"wp:attachment":[{"href":"http:\/\/musiqueenchemin.fr\/index.php\/wp-json\/wp\/v2\/media?parent=131"}],"wp:term":[{"taxonomy":"category","embeddable":true,"href":"http:\/\/musiqueenchemin.fr\/index.php\/wp-json\/wp\/v2\/categories?post=131"},{"taxonomy":"post_tag","embeddable":true,"href":"http:\/\/musiqueenchemin.fr\/index.php\/wp-json\/wp\/v2\/tags?post=131"}],"curies":[{"name":"wp","href":"https:\/\/api.w.org\/{rel}","templated":true}]}}