{"id":1492,"date":"2017-05-25T08:38:56","date_gmt":"2017-05-25T07:38:56","guid":{"rendered":"http:\/\/musiqueenchemin.fr\/?p=1492"},"modified":"2017-06-16T13:35:05","modified_gmt":"2017-06-16T12:35:05","slug":"concert-avec-marthe-vassallo","status":"publish","type":"post","link":"http:\/\/musiqueenchemin.fr\/index.php\/2017\/05\/25\/concert-avec-marthe-vassallo\/","title":{"rendered":"Concert avec Marthe Vassallo"},"content":{"rendered":"<h3>2 juillet 2017 \u2022 Concert<\/h3>\n<h4>En partenariat avec la commune de Condom.<\/h4>\n<h4>10h &#8211; visite libre de l&#8217;<a href=\"https:\/\/www.fondation-patrimoine.org\/les-projets\/hotel-de-polignac-a-condom\" target=\"blank\">H\u00f4tel de Polignac<\/a>* &#8211; Condom<\/h4>\n<h4>11h &#8211; Concert \u00e0 l&#8217;<a href=\"https:\/\/www.fondation-patrimoine.org\/les-projets\/hotel-de-polignac-a-condom\" target=\"blank\">H\u00f4tel de Polignac<\/a><\/h4>\n<hr \/>\n<p><img loading=\"lazy\" decoding=\"async\" class=\"alignnone size-full wp-image-1493\" src=\"http:\/\/musiqueenchemin.fr\/wp-content\/uploads\/2017\/05\/Marthe_vassallo.jpg\" alt=\"\" width=\"900\" height=\"754\" srcset=\"http:\/\/musiqueenchemin.fr\/wp-content\/uploads\/2017\/05\/Marthe_vassallo.jpg 900w, http:\/\/musiqueenchemin.fr\/wp-content\/uploads\/2017\/05\/Marthe_vassallo-300x251.jpg 300w, http:\/\/musiqueenchemin.fr\/wp-content\/uploads\/2017\/05\/Marthe_vassallo-768x643.jpg 768w, http:\/\/musiqueenchemin.fr\/wp-content\/uploads\/2017\/05\/Marthe_vassallo-600x503.jpg 600w, http:\/\/musiqueenchemin.fr\/wp-content\/uploads\/2017\/05\/Marthe_vassallo-820x687.jpg 820w\" sizes=\"auto, (max-width: 900px) 100vw, 900px\" \/><\/p>\n<hr \/>\n<h4>Gwerzio\u00f9 et Sonio\u00f9, chant traditionnel breton<\/h4>\n<p>Le chant traditionnel de Basse-Bretagne est un art de la narration chant\u00e9e : des histoires en cin\u00e9mascope, des images et des dialogues percutants, qui n&#8217;ont pu nous parvenir que parce qu&#8217;ils sont rest\u00e9s pertinents pour chaque g\u00e9n\u00e9ration durant des si\u00e8cles. C&#8217;est aussi une forme essentielle de la musique : le chant solo a cappella, o\u00f9 le chanteur est seul face au temps, \u00e0 l&#8217;imaginaire, \u00e0 l&#8217;espace, \u00e0 la m\u00e9moire.<\/p>\n<p>Nul besoin de s&#8217;int\u00e9resser \u00e0 la Bretagne pour \u00eatre \u00e9mu, tant Marthe Vassallo aime faire d\u00e9couvrir \u00e0 tous les publics les beaut\u00e9s de ces chansons. Connue comme une des plus grandes voix de ce r\u00e9pertoire, elle a fait le pari d&#8217;une \u00ab triple carri\u00e8re \u00bb entre musique bretonne, chant classique et travail de cr\u00e9ation, qui la fait passer sans transition d&#8217;un fest-noz sous un hangar \u00e0 un Stabat Mater et \u00e0 une s\u00e9ance d&#8217;improvisation avec des danseurs contemporains ; mais elle n&#8217;en retire que plus de fascination pour les gwerzio\u00f9 (les grandes complaintes en breton) et l&#8217;aventure de les interpr\u00e9ter.<\/p>\n<p>\u00ab D&#8217;abord, dit-elle, \u00e7a fait r\u00eaver, tous ces seigneurs et ces berg\u00e8res, ces fils de roi et ces brigandes, avec leurs manoirs, leurs chevaux, leurs for\u00eats et leurs navires\u2026 Ensuite, il y a le jeu d&#8217;\u00e9quilibriste entre la libert\u00e9 et la simplicit\u00e9 : on peut faire des choses tr\u00e8s complexes puisqu&#8217;on est seul, mais chaque chanson a ses propres exigences, et se moque souvent de nos effets de manche. Et puis ce qu&#8217;on sait du voyage de la chanson, de qui la chantait, comment, dans quel monde. Et ce myst\u00e8re de la plus l\u00e9g\u00e8re chansonnette : comment elle entre en nous, se met \u00e0 exister, se transforme, comment elle fait partie du tissu de la vie\u2026 Beaucoup de gens, aujourd&#8217;hui, n&#8217;entendent plus de chant a cappella : tout est accompagn\u00e9, orchestr\u00e9, souvent caricatur\u00e9 sous les effets et les compresseurs. Chanter ces chansons, c&#8217;est revenir \u00e0 des puissances \u00e9l\u00e9mentaires : la voix, le mot, la ligne m\u00e9lodique. Et \u00e7a fait un bien fou \u00e0 l&#8217;auditeur comme au chanteur \u2013 comme toujours quand on d\u00e9couvre qu&#8217;on n&#8217;a pas besoin d&#8217;armure\u2026 \u00bb<\/p>\n<hr \/>\n<h4>Marthe Vassallo<\/h4>\n<p>Consid\u00e9r\u00e9e comme une grande voix de la musique bretonne d&#8217;aujourd&#8217;hui, Marthe est sans doute une de ses interpr\u00e8tes les plus aventureuses. Amoureuse du chant traditionnel solo a cappella comme des grandes formes orchestrales, elle navigue du fest-noz au chant classique en passant par le th\u00e9\u00e2tre et la danse, l&#8217;improvisation, l&#8217;\u00e9criture, la recherche.<\/p>\n<p>N\u00e9e en 1974 et \u00e9lev\u00e9e par hasard dans le Tr\u00e9gor c\u00f4tier, Marthe apprend ses premi\u00e8res chansons en breton \u00e0 17 ans, \u00e0 l&#8217;\u00e9coute des autres chanteurs et des enregistrements de Dastum. Elle est d\u00e9j\u00e0 une interpr\u00e8te traditionnelle reconnue quand, \u00e0 22 ans, elle commence \u00e0 se former au chant classique : \u00ab chant populaire et chant classique ? C&#8217;est simple : tout ce qui est beau pour l&#8217;un est moche pour l&#8217;autre ! Mais c&#8217;est \u00e7a qui est int\u00e9ressant\u2026 \u00bb<\/p>\n<p>Outre le bonheur d&#8217;une discr\u00e8te double vie (ch\u0153urs de l&#8217;Op\u00e9ra de Rennes, ensemble M\u00e9lisme(s), divers petits r\u00f4les en soliste\u2026) elle trouve l\u00e0 l&#8217;assise technique qui lui permettra de prendre toutes les libert\u00e9s : musiques actuelles ou improvis\u00e9es (Bugel Koar, Lydia Domancich, Eric Le Lann\u2026), th\u00e9\u00e2tre et danse contemporains (Christine Rougier), performances solo m\u00ealant parole et musique, sessions de rencontres de toutes sortes \u2013 du swing au rock exp\u00e9rimental en passant par le Buto\u2026 Mais sans jamais perdre de vue son amour premier pour le chant traditionnel : festo\u00f9-noz avec Loened Fall, concerts avec Gilles Le Bigot et Jean-Michel Veillon, trio a capella avec Nol\u00f9en Le Buh\u00e9 et Annie Ebrel, rencontres avec des musiciens africains, jordaniens (avec Gaby Kerdoncuff), irlandais, \u00e9cossais, gallois\u2026 Ou encore avec le groupe Vertigo (Eric Montbel, Bruno Letron) au r\u00e9pertoire de Centre France. C&#8217;est aussi avant tout en tant que chanteuse bretonne qu&#8217;elle est invit\u00e9e par l&#8217;ensemble de musique m\u00e9di\u00e9vale Diabolus in Musica ou par l&#8217;Orchestre Symphonique de Bretagne (Bach en Breizh en 2012 et 2013, o\u00f9 elle contait et chantait, et en 2015 la cr\u00e9ation Beaj Goa\u00f1v, autour du Voyage d&#8217;hiver de Schubert) et qu&#8217;elle est d\u00e9sormais artiste associ\u00e9e de l&#8217;ensemble vocal M\u00e9lisme(s).<\/p>\n<p>Marthe est aussi de plus en plus connue pour sa plume et son sens de l&#8217;analyse : chansons, textes de spectacles, commandes d&#8217;\u00e9criture, interventions en colloque\u2026 Elle signe aussi un blog tr\u00e8s suivi, et a sorti fin 2015 un livre-disque solo, Les chants du livre bleu (Son an Ero \/ Petit Festival), r\u00e9compens\u00e9 d\u2019un Coup de C\u0153ur 2016 de l\u2019Acad\u00e9mie Charles Cros.<\/p>\n<p>Auteur et parfois compositrice, de plus en plus sollicit\u00e9e comme p\u00e9dagogue et regard ext\u00e9rieur, Marthe apporte \u00e0 chaque musique l&#8217;exp\u00e9rience acquise dans les autres et dessine peu \u00e0 peu un parcours hors normes : elle y d\u00e9veloppe un go\u00fbt et une conscience aigue du son, du verbe, du rythme, de la sc\u00e8ne \u2013 en m\u00eame temps qu&#8217;une joie profonde, tant\u00f4t grave, tant\u00f4t goguenarde, simplement d&#8217;\u00eatre l\u00e0 et de chanter.<\/p>\n<hr \/>\n<h4>*L&#8217;h\u00f4tel de Polignac<\/h4>\n<p>La municipalit\u00e9 de Condom vient de lancer une campagne de m\u00e9c\u00e9nat avec le concours de la Fondation du patrimoine pour restaurer l&#8217;h\u00f4tel de Polignac, class\u00e9 aux monuments historiques. La particularit\u00e9 de cet h\u00f4tel est qu&#8217;il abrite une des &#8220;plus belles \u00e9coles de France&#8221;.<\/p>\n<p>Il y a urgence \u00e0 agir pour restaurer cet \u00e9difice. Il est possible de faire un don en ligne sur le lien ci-dessous :<br \/>\n<a href=\"https:\/\/www.fondation-patrimoine.org\/les-projets\/hotel-de-polignac-a-condom\" target=\"blank\">https:\/\/www.fondation-patrimoine.org\/les-projets\/hotel-de-polignac-a-condom <\/a><\/p>\n<hr \/>\n<h3>R\u00e9servez vos places !<\/h3>\n<p><a href=\"https:\/\/musiqueenchemin.festik.net\/marthe-vassallo\" target=\"_blank\" rel=\"noopener noreferrer\"><img loading=\"lazy\" decoding=\"async\" class=\"alignnone size-medium wp-image-33\" src=\"http:\/\/musiqueenchemin.fr\/wp-content\/uploads\/2016\/04\/logo_festik_orange_fd_blanc_png-300x122.png\" alt=\"logo_festik_orange_fd_blanc_png\" width=\"300\" height=\"122\" \/><br \/>\n<strong>www.musiqueenchemin.festik.net<\/strong><\/a><\/p>\n","protected":false},"excerpt":{"rendered":"<p>2 juillet 2017 \u2022 Concert En partenariat avec la commune de Condom. 10h &#8211; visite libre de l&#8217;H\u00f4tel de Polignac* &#8211; Condom 11h &#8211; Concert \u00e0 l&#8217;H\u00f4tel de Polignac Gwerzio\u00f9 et Sonio\u00f9, chant traditionnel breton Le chant traditionnel de Basse-Bretagne est un art de la narration chant\u00e9e : des histoires en cin\u00e9mascope, des images et [&hellip;]<\/p>\n","protected":false},"author":1,"featured_media":0,"comment_status":"closed","ping_status":"closed","sticky":false,"template":"","format":"standard","meta":{"cwp_meta_box_check":"","cwp_rev_product_name":"","cwp_rev_product_image":"","wppr_links":[],"cwp_rev_price":"","wppr_options":[],"wppr_pros":[],"wppr_cons":[],"footnotes":""},"categories":[1],"tags":[],"class_list":["post-1492","post","type-post","status-publish","format-standard","hentry","category-non-classe"],"wppr_data":[],"yoast_head":"<!-- This site is optimized with the Yoast SEO plugin v25.0 - https:\/\/yoast.com\/wordpress\/plugins\/seo\/ -->\n<title>Concert avec Marthe Vassallo - Musique en Chemin<\/title>\n<meta name=\"robots\" content=\"index, follow, max-snippet:-1, max-image-preview:large, max-video-preview:-1\" \/>\n<link rel=\"canonical\" href=\"http:\/\/musiqueenchemin.fr\/index.php\/2017\/05\/25\/concert-avec-marthe-vassallo\/\" \/>\n<meta property=\"og:locale\" content=\"fr_FR\" \/>\n<meta property=\"og:type\" content=\"article\" \/>\n<meta property=\"og:title\" content=\"Concert avec Marthe Vassallo - Musique en Chemin\" \/>\n<meta property=\"og:description\" content=\"2 juillet 2017 \u2022 Concert En partenariat avec la commune de Condom. 10h &#8211; visite libre de l&#8217;H\u00f4tel de Polignac* &#8211; Condom 11h &#8211; Concert \u00e0 l&#8217;H\u00f4tel de Polignac Gwerzio\u00f9 et Sonio\u00f9, chant traditionnel breton Le chant traditionnel de Basse-Bretagne est un art de la narration chant\u00e9e : des histoires en cin\u00e9mascope, des images et [&hellip;]\" \/>\n<meta property=\"og:url\" content=\"http:\/\/musiqueenchemin.fr\/index.php\/2017\/05\/25\/concert-avec-marthe-vassallo\/\" \/>\n<meta property=\"og:site_name\" content=\"Musique en Chemin\" \/>\n<meta property=\"article:published_time\" content=\"2017-05-25T07:38:56+00:00\" \/>\n<meta property=\"article:modified_time\" content=\"2017-06-16T12:35:05+00:00\" \/>\n<meta property=\"og:image\" content=\"http:\/\/musiqueenchemin.fr\/wp-content\/uploads\/2017\/05\/Marthe_vassallo.jpg\" \/>\n<meta name=\"author\" content=\"Musique en Chemin\" \/>\n<meta name=\"twitter:card\" content=\"summary_large_image\" \/>\n<meta name=\"twitter:label1\" content=\"\u00c9crit par\" \/>\n\t<meta name=\"twitter:data1\" content=\"Musique en Chemin\" \/>\n\t<meta name=\"twitter:label2\" content=\"Dur\u00e9e de lecture estim\u00e9e\" \/>\n\t<meta name=\"twitter:data2\" content=\"5 minutes\" \/>\n<script type=\"application\/ld+json\" class=\"yoast-schema-graph\">{\"@context\":\"https:\/\/schema.org\",\"@graph\":[{\"@type\":\"Article\",\"@id\":\"http:\/\/musiqueenchemin.fr\/index.php\/2017\/05\/25\/concert-avec-marthe-vassallo\/#article\",\"isPartOf\":{\"@id\":\"http:\/\/musiqueenchemin.fr\/index.php\/2017\/05\/25\/concert-avec-marthe-vassallo\/\"},\"author\":{\"name\":\"Musique en Chemin\",\"@id\":\"https:\/\/musiqueenchemin.fr\/#\/schema\/person\/6c4caa9d003e40448be270fea1e3cbff\"},\"headline\":\"Concert avec Marthe Vassallo\",\"datePublished\":\"2017-05-25T07:38:56+00:00\",\"dateModified\":\"2017-06-16T12:35:05+00:00\",\"mainEntityOfPage\":{\"@id\":\"http:\/\/musiqueenchemin.fr\/index.php\/2017\/05\/25\/concert-avec-marthe-vassallo\/\"},\"wordCount\":966,\"publisher\":{\"@id\":\"https:\/\/musiqueenchemin.fr\/#organization\"},\"image\":{\"@id\":\"http:\/\/musiqueenchemin.fr\/index.php\/2017\/05\/25\/concert-avec-marthe-vassallo\/#primaryimage\"},\"thumbnailUrl\":\"http:\/\/musiqueenchemin.fr\/wp-content\/uploads\/2017\/05\/Marthe_vassallo.jpg\",\"inLanguage\":\"fr-FR\"},{\"@type\":\"WebPage\",\"@id\":\"http:\/\/musiqueenchemin.fr\/index.php\/2017\/05\/25\/concert-avec-marthe-vassallo\/\",\"url\":\"http:\/\/musiqueenchemin.fr\/index.php\/2017\/05\/25\/concert-avec-marthe-vassallo\/\",\"name\":\"Concert avec Marthe Vassallo - Musique en Chemin\",\"isPartOf\":{\"@id\":\"https:\/\/musiqueenchemin.fr\/#website\"},\"primaryImageOfPage\":{\"@id\":\"http:\/\/musiqueenchemin.fr\/index.php\/2017\/05\/25\/concert-avec-marthe-vassallo\/#primaryimage\"},\"image\":{\"@id\":\"http:\/\/musiqueenchemin.fr\/index.php\/2017\/05\/25\/concert-avec-marthe-vassallo\/#primaryimage\"},\"thumbnailUrl\":\"http:\/\/musiqueenchemin.fr\/wp-content\/uploads\/2017\/05\/Marthe_vassallo.jpg\",\"datePublished\":\"2017-05-25T07:38:56+00:00\",\"dateModified\":\"2017-06-16T12:35:05+00:00\",\"breadcrumb\":{\"@id\":\"http:\/\/musiqueenchemin.fr\/index.php\/2017\/05\/25\/concert-avec-marthe-vassallo\/#breadcrumb\"},\"inLanguage\":\"fr-FR\",\"potentialAction\":[{\"@type\":\"ReadAction\",\"target\":[\"http:\/\/musiqueenchemin.fr\/index.php\/2017\/05\/25\/concert-avec-marthe-vassallo\/\"]}]},{\"@type\":\"ImageObject\",\"inLanguage\":\"fr-FR\",\"@id\":\"http:\/\/musiqueenchemin.fr\/index.php\/2017\/05\/25\/concert-avec-marthe-vassallo\/#primaryimage\",\"url\":\"http:\/\/musiqueenchemin.fr\/wp-content\/uploads\/2017\/05\/Marthe_vassallo.jpg\",\"contentUrl\":\"http:\/\/musiqueenchemin.fr\/wp-content\/uploads\/2017\/05\/Marthe_vassallo.jpg\",\"width\":900,\"height\":754},{\"@type\":\"BreadcrumbList\",\"@id\":\"http:\/\/musiqueenchemin.fr\/index.php\/2017\/05\/25\/concert-avec-marthe-vassallo\/#breadcrumb\",\"itemListElement\":[{\"@type\":\"ListItem\",\"position\":1,\"name\":\"Accueil\",\"item\":\"https:\/\/musiqueenchemin.fr\/\"},{\"@type\":\"ListItem\",\"position\":2,\"name\":\"Concert avec Marthe Vassallo\"}]},{\"@type\":\"WebSite\",\"@id\":\"https:\/\/musiqueenchemin.fr\/#website\",\"url\":\"https:\/\/musiqueenchemin.fr\/\",\"name\":\"Musique en Chemin\",\"description\":\"Saison &amp; Festival\",\"publisher\":{\"@id\":\"https:\/\/musiqueenchemin.fr\/#organization\"},\"potentialAction\":[{\"@type\":\"SearchAction\",\"target\":{\"@type\":\"EntryPoint\",\"urlTemplate\":\"https:\/\/musiqueenchemin.fr\/?s={search_term_string}\"},\"query-input\":{\"@type\":\"PropertyValueSpecification\",\"valueRequired\":true,\"valueName\":\"search_term_string\"}}],\"inLanguage\":\"fr-FR\"},{\"@type\":\"Organization\",\"@id\":\"https:\/\/musiqueenchemin.fr\/#organization\",\"name\":\"Musique en Chemin\",\"url\":\"https:\/\/musiqueenchemin.fr\/\",\"logo\":{\"@type\":\"ImageObject\",\"inLanguage\":\"fr-FR\",\"@id\":\"https:\/\/musiqueenchemin.fr\/#\/schema\/logo\/image\/\",\"url\":\"http:\/\/musiqueenchemin.fr\/wp-content\/uploads\/2024\/03\/huppe-jaune-2024.png\",\"contentUrl\":\"http:\/\/musiqueenchemin.fr\/wp-content\/uploads\/2024\/03\/huppe-jaune-2024.png\",\"width\":560,\"height\":387,\"caption\":\"Musique en Chemin\"},\"image\":{\"@id\":\"https:\/\/musiqueenchemin.fr\/#\/schema\/logo\/image\/\"}},{\"@type\":\"Person\",\"@id\":\"https:\/\/musiqueenchemin.fr\/#\/schema\/person\/6c4caa9d003e40448be270fea1e3cbff\",\"name\":\"Musique en Chemin\",\"image\":{\"@type\":\"ImageObject\",\"inLanguage\":\"fr-FR\",\"@id\":\"https:\/\/musiqueenchemin.fr\/#\/schema\/person\/image\/\",\"url\":\"https:\/\/secure.gravatar.com\/avatar\/7b1be4a90bcc64c58111b64ffe668b413f96ab86aad982e7fdacac32cefcb4ec?s=96&d=mm&r=g\",\"contentUrl\":\"https:\/\/secure.gravatar.com\/avatar\/7b1be4a90bcc64c58111b64ffe668b413f96ab86aad982e7fdacac32cefcb4ec?s=96&d=mm&r=g\",\"caption\":\"Musique en Chemin\"},\"url\":\"http:\/\/musiqueenchemin.fr\/index.php\/author\/chem\/\"}]}<\/script>\n<!-- \/ Yoast SEO plugin. -->","yoast_head_json":{"title":"Concert avec Marthe Vassallo - Musique en Chemin","robots":{"index":"index","follow":"follow","max-snippet":"max-snippet:-1","max-image-preview":"max-image-preview:large","max-video-preview":"max-video-preview:-1"},"canonical":"http:\/\/musiqueenchemin.fr\/index.php\/2017\/05\/25\/concert-avec-marthe-vassallo\/","og_locale":"fr_FR","og_type":"article","og_title":"Concert avec Marthe Vassallo - Musique en Chemin","og_description":"2 juillet 2017 \u2022 Concert En partenariat avec la commune de Condom. 10h &#8211; visite libre de l&#8217;H\u00f4tel de Polignac* &#8211; Condom 11h &#8211; Concert \u00e0 l&#8217;H\u00f4tel de Polignac Gwerzio\u00f9 et Sonio\u00f9, chant traditionnel breton Le chant traditionnel de Basse-Bretagne est un art de la narration chant\u00e9e : des histoires en cin\u00e9mascope, des images et [&hellip;]","og_url":"http:\/\/musiqueenchemin.fr\/index.php\/2017\/05\/25\/concert-avec-marthe-vassallo\/","og_site_name":"Musique en Chemin","article_published_time":"2017-05-25T07:38:56+00:00","article_modified_time":"2017-06-16T12:35:05+00:00","og_image":[{"url":"http:\/\/musiqueenchemin.fr\/wp-content\/uploads\/2017\/05\/Marthe_vassallo.jpg","type":"","width":"","height":""}],"author":"Musique en Chemin","twitter_card":"summary_large_image","twitter_misc":{"\u00c9crit par":"Musique en Chemin","Dur\u00e9e de lecture estim\u00e9e":"5 minutes"},"schema":{"@context":"https:\/\/schema.org","@graph":[{"@type":"Article","@id":"http:\/\/musiqueenchemin.fr\/index.php\/2017\/05\/25\/concert-avec-marthe-vassallo\/#article","isPartOf":{"@id":"http:\/\/musiqueenchemin.fr\/index.php\/2017\/05\/25\/concert-avec-marthe-vassallo\/"},"author":{"name":"Musique en Chemin","@id":"https:\/\/musiqueenchemin.fr\/#\/schema\/person\/6c4caa9d003e40448be270fea1e3cbff"},"headline":"Concert avec Marthe Vassallo","datePublished":"2017-05-25T07:38:56+00:00","dateModified":"2017-06-16T12:35:05+00:00","mainEntityOfPage":{"@id":"http:\/\/musiqueenchemin.fr\/index.php\/2017\/05\/25\/concert-avec-marthe-vassallo\/"},"wordCount":966,"publisher":{"@id":"https:\/\/musiqueenchemin.fr\/#organization"},"image":{"@id":"http:\/\/musiqueenchemin.fr\/index.php\/2017\/05\/25\/concert-avec-marthe-vassallo\/#primaryimage"},"thumbnailUrl":"http:\/\/musiqueenchemin.fr\/wp-content\/uploads\/2017\/05\/Marthe_vassallo.jpg","inLanguage":"fr-FR"},{"@type":"WebPage","@id":"http:\/\/musiqueenchemin.fr\/index.php\/2017\/05\/25\/concert-avec-marthe-vassallo\/","url":"http:\/\/musiqueenchemin.fr\/index.php\/2017\/05\/25\/concert-avec-marthe-vassallo\/","name":"Concert avec Marthe Vassallo - Musique en Chemin","isPartOf":{"@id":"https:\/\/musiqueenchemin.fr\/#website"},"primaryImageOfPage":{"@id":"http:\/\/musiqueenchemin.fr\/index.php\/2017\/05\/25\/concert-avec-marthe-vassallo\/#primaryimage"},"image":{"@id":"http:\/\/musiqueenchemin.fr\/index.php\/2017\/05\/25\/concert-avec-marthe-vassallo\/#primaryimage"},"thumbnailUrl":"http:\/\/musiqueenchemin.fr\/wp-content\/uploads\/2017\/05\/Marthe_vassallo.jpg","datePublished":"2017-05-25T07:38:56+00:00","dateModified":"2017-06-16T12:35:05+00:00","breadcrumb":{"@id":"http:\/\/musiqueenchemin.fr\/index.php\/2017\/05\/25\/concert-avec-marthe-vassallo\/#breadcrumb"},"inLanguage":"fr-FR","potentialAction":[{"@type":"ReadAction","target":["http:\/\/musiqueenchemin.fr\/index.php\/2017\/05\/25\/concert-avec-marthe-vassallo\/"]}]},{"@type":"ImageObject","inLanguage":"fr-FR","@id":"http:\/\/musiqueenchemin.fr\/index.php\/2017\/05\/25\/concert-avec-marthe-vassallo\/#primaryimage","url":"http:\/\/musiqueenchemin.fr\/wp-content\/uploads\/2017\/05\/Marthe_vassallo.jpg","contentUrl":"http:\/\/musiqueenchemin.fr\/wp-content\/uploads\/2017\/05\/Marthe_vassallo.jpg","width":900,"height":754},{"@type":"BreadcrumbList","@id":"http:\/\/musiqueenchemin.fr\/index.php\/2017\/05\/25\/concert-avec-marthe-vassallo\/#breadcrumb","itemListElement":[{"@type":"ListItem","position":1,"name":"Accueil","item":"https:\/\/musiqueenchemin.fr\/"},{"@type":"ListItem","position":2,"name":"Concert avec Marthe Vassallo"}]},{"@type":"WebSite","@id":"https:\/\/musiqueenchemin.fr\/#website","url":"https:\/\/musiqueenchemin.fr\/","name":"Musique en Chemin","description":"Saison &amp; Festival","publisher":{"@id":"https:\/\/musiqueenchemin.fr\/#organization"},"potentialAction":[{"@type":"SearchAction","target":{"@type":"EntryPoint","urlTemplate":"https:\/\/musiqueenchemin.fr\/?s={search_term_string}"},"query-input":{"@type":"PropertyValueSpecification","valueRequired":true,"valueName":"search_term_string"}}],"inLanguage":"fr-FR"},{"@type":"Organization","@id":"https:\/\/musiqueenchemin.fr\/#organization","name":"Musique en Chemin","url":"https:\/\/musiqueenchemin.fr\/","logo":{"@type":"ImageObject","inLanguage":"fr-FR","@id":"https:\/\/musiqueenchemin.fr\/#\/schema\/logo\/image\/","url":"http:\/\/musiqueenchemin.fr\/wp-content\/uploads\/2024\/03\/huppe-jaune-2024.png","contentUrl":"http:\/\/musiqueenchemin.fr\/wp-content\/uploads\/2024\/03\/huppe-jaune-2024.png","width":560,"height":387,"caption":"Musique en Chemin"},"image":{"@id":"https:\/\/musiqueenchemin.fr\/#\/schema\/logo\/image\/"}},{"@type":"Person","@id":"https:\/\/musiqueenchemin.fr\/#\/schema\/person\/6c4caa9d003e40448be270fea1e3cbff","name":"Musique en Chemin","image":{"@type":"ImageObject","inLanguage":"fr-FR","@id":"https:\/\/musiqueenchemin.fr\/#\/schema\/person\/image\/","url":"https:\/\/secure.gravatar.com\/avatar\/7b1be4a90bcc64c58111b64ffe668b413f96ab86aad982e7fdacac32cefcb4ec?s=96&d=mm&r=g","contentUrl":"https:\/\/secure.gravatar.com\/avatar\/7b1be4a90bcc64c58111b64ffe668b413f96ab86aad982e7fdacac32cefcb4ec?s=96&d=mm&r=g","caption":"Musique en Chemin"},"url":"http:\/\/musiqueenchemin.fr\/index.php\/author\/chem\/"}]}},"_links":{"self":[{"href":"http:\/\/musiqueenchemin.fr\/index.php\/wp-json\/wp\/v2\/posts\/1492","targetHints":{"allow":["GET"]}}],"collection":[{"href":"http:\/\/musiqueenchemin.fr\/index.php\/wp-json\/wp\/v2\/posts"}],"about":[{"href":"http:\/\/musiqueenchemin.fr\/index.php\/wp-json\/wp\/v2\/types\/post"}],"author":[{"embeddable":true,"href":"http:\/\/musiqueenchemin.fr\/index.php\/wp-json\/wp\/v2\/users\/1"}],"replies":[{"embeddable":true,"href":"http:\/\/musiqueenchemin.fr\/index.php\/wp-json\/wp\/v2\/comments?post=1492"}],"version-history":[{"count":16,"href":"http:\/\/musiqueenchemin.fr\/index.php\/wp-json\/wp\/v2\/posts\/1492\/revisions"}],"predecessor-version":[{"id":1556,"href":"http:\/\/musiqueenchemin.fr\/index.php\/wp-json\/wp\/v2\/posts\/1492\/revisions\/1556"}],"wp:attachment":[{"href":"http:\/\/musiqueenchemin.fr\/index.php\/wp-json\/wp\/v2\/media?parent=1492"}],"wp:term":[{"taxonomy":"category","embeddable":true,"href":"http:\/\/musiqueenchemin.fr\/index.php\/wp-json\/wp\/v2\/categories?post=1492"},{"taxonomy":"post_tag","embeddable":true,"href":"http:\/\/musiqueenchemin.fr\/index.php\/wp-json\/wp\/v2\/tags?post=1492"}],"curies":[{"name":"wp","href":"https:\/\/api.w.org\/{rel}","templated":true}]}}