{"id":1834,"date":"2018-03-20T13:35:40","date_gmt":"2018-03-20T12:35:40","guid":{"rendered":"http:\/\/musiqueenchemin.fr\/?p=1834"},"modified":"2019-04-08T11:21:12","modified_gmt":"2019-04-08T10:21:12","slug":"chants-dorient-et-doccident","status":"publish","type":"post","link":"http:\/\/musiqueenchemin.fr\/index.php\/2018\/03\/20\/chants-dorient-et-doccident\/","title":{"rendered":"Chants d\u2019orient et d\u2019occident"},"content":{"rendered":"<h3><span style=\"color: #e8593a;\">Vendredi 27 juillet<\/span><\/h3>\n<h4>20h30 | Concert \u00e0 la Coll\u00e9giale<\/h4>\n<h4>Polyphonies de l\u2019Europe de la Renaissance &amp; chant syriaque<\/h4>\n<h4>Hymnes &amp; Motets de Dufay, Vittoria, Palestrina, Guerrero,&#8230;<br \/>\nUn concert vocal \u00e0 la rencontre de deux mondes entre traditions orientales et occidentales<\/h4>\n<h5>Ensemble La Main Harmonique, direction Fr\u00e9d\u00e9ric B\u00e9tous<br \/>\nSoumaya Hallak, chant<br \/>\nCh\u0153ur Ambr\u00f2sia &amp; Saori Sato, orgue positif<\/h5>\n<p><em>To highlight the importance of the Coll\u00e9giale de La Romieu on the Camino de Santiago our concert evokes the journey of another Santiago &#8211; the son of Zebedee &#8211; through the hills of the Mediterranean. A vocal journey through oriental and western traditions. At the crossroads of two worlds. Renaissance polyphony performed by La Main Harmonique and the Choeur Ambr\u00f2sia and highly evocative improvisations of traditional Syrian songs performed by Soumaya Hallak. A breathtaking journey.<\/em><\/p>\n<hr \/>\n<h2>Les musiciens<\/h2>\n<h4><span style=\"color: #e8593a;\">Soumaya Hallak<\/span><\/h4>\n<p><img loading=\"lazy\" decoding=\"async\" class=\"size-full wp-image-1766 aligncenter\" src=\"http:\/\/musiqueenchemin.fr\/wp-content\/uploads\/2018\/02\/Soumaya_Hallak-recdecor.jpg\" alt=\"\" width=\"567\" height=\"680\" srcset=\"http:\/\/musiqueenchemin.fr\/wp-content\/uploads\/2018\/02\/Soumaya_Hallak-recdecor.jpg 567w, http:\/\/musiqueenchemin.fr\/wp-content\/uploads\/2018\/02\/Soumaya_Hallak-recdecor-250x300.jpg 250w\" sizes=\"auto, (max-width: 567px) 100vw, 567px\" \/><\/p>\n<p>Soumaya Hallak jeune soprano dramatique, \u00e9tudie le chant au conservatoire de sa ville natale, Gen\u00e8ve, puis \u00e0 Venise ensuite \u00e0 Bruxelles \u00e0 la Chapelle Musicale Reine Elisabeth et \u00e0 l\u2019op\u00e9ra Studio de l\u2019op\u00e9ra de Copenhague. Elle a travaill\u00e9 avec des personnalit\u00e9s telles que Jos\u00e9 Van Dam, Helmut Deutsch, Mikael Eliasen, Jocelyne Dienst, Waltraud Meier, Rachel Andrist, Felicity Palmer, Gabriel Garrido, Sandra Porter, Susanna Eken, Mikaela von Gegerfelt, Tom Krause et Udo Reinemann. Elle s&#8217;est produite dans le cadre de l&#8217;op\u00e9ra studio de Copenhague dans des r\u00f4les comme de Miss Jessel (Turn of the screw), La Mar\u00e9chale (Rosenkavalier) et La Sorci\u00e8re (H\u00e4nsel und Gretel). Par ailleurs, elle a particip\u00e9 \u00e0 de nombreux concerts pour jeunes solistes dans des lieux tels que la Fenice \u00e0 Venise, le Palais des Beaux-Arts de Charleroi, Flagey, le Th\u00e9atre Royal de la Monnaie \u00e0 Bruxelles et Tour et Taxis toujours \u00e0 Bruxelles.<br \/>\nElle fait ses d\u00e9buts \u00e0 Z\u00fcrich avec Agata dans Don Bucefalo d\u2019A. Cagnoni. Elle a chant\u00e9 sous la direction de chefs comme Paul Goodwin, Julian Reynolds, C.W. Green, Marc Soustrot, Walter Weller et Jean Paul Pruna.<br \/>\nElle a particip\u00e9 \u00e0 l\u2019adaptation pour le th\u00e9\u00e2tre de l&#8217;Oeuvre au Noir de M.Yourcenar mise en sc\u00e8ne de Christine Delmotte au th\u00e9\u00e2tre des Martyrs \u00e0 Bruxelles.<br \/>\nElle cr\u00e9e le duo VO&#8217;CELLO avec Suzanne Vermeyen, violoncelliste et le duo LUX VOCIS avec la mezzo-soprano Anne-Fleur Inizan. Les deux Chanteuses travaillent avec la pianiste Margot Welleman et le com\u00e9dien Pietro Pizzuti pour leur spectacle Passions:6.<br \/>\nElle se produit en r\u00e9cital avec les pianistes David Levi et Ouri Bronchti.<br \/>\nParmi ses projets, notons pour la saison prochaine, la prise de r\u00f4le Bianca dans la Trag\u00e9die Florentine de Zemlinski au TNB de Rennes mise en sc\u00e8ne d&#8217;Arthur Nauzyciel.<\/p>\n<hr \/>\n<h4><span style=\"color: #e8593a;\">Ensemble La Main Harmonique<\/span><\/h4>\n<p><img loading=\"lazy\" decoding=\"async\" class=\"size-large wp-image-1889 aligncenter\" src=\"http:\/\/musiqueenchemin.fr\/wp-content\/uploads\/2018\/03\/LMH-Nine-Thomas-Millet-1024x768.jpg\" alt=\"\" width=\"600\" height=\"768\" \/><\/p>\n<h6 style=\"text-align: center;\">\u00a9 Thomas Millet<\/h6>\n<p>Emmen\u00e9 avec passion par Fr\u00e9d\u00e9ric B\u00e9tous, l\u2019ensemble La Main Harmonique entreprend l\u2019exploration des chefs-d\u2019\u0153uvre polyphoniques de la Renaissance, anim\u00e9 par l\u2019envie de partager les richesses d\u2019un r\u00e9pertoire musical encore peu repr\u00e9sent\u00e9 au concert et ancr\u00e9 dans le pr\u00e9sent par une activit\u00e9 de commande \u00e0 des compositeurs d\u2019aujourd\u2019hui, dans un esprit de d\u00e9couverte toujours renouvel\u00e9.<\/p>\n<hr \/>\n<h4><span style=\"color: #e8593a;\">Ch\u0153ur Ambr\u00f2sia<\/span><\/h4>\n<p><img loading=\"lazy\" decoding=\"async\" class=\"alignnone size-full wp-image-1976\" src=\"http:\/\/musiqueenchemin.fr\/wp-content\/uploads\/2018\/03\/Ch\u0153ur-Ambrosia.jpg\" alt=\"\" width=\"1024\" height=\"485\" srcset=\"http:\/\/musiqueenchemin.fr\/wp-content\/uploads\/2018\/03\/Ch\u0153ur-Ambrosia.jpg 1024w, http:\/\/musiqueenchemin.fr\/wp-content\/uploads\/2018\/03\/Ch\u0153ur-Ambrosia-300x142.jpg 300w, http:\/\/musiqueenchemin.fr\/wp-content\/uploads\/2018\/03\/Ch\u0153ur-Ambrosia-768x364.jpg 768w, http:\/\/musiqueenchemin.fr\/wp-content\/uploads\/2018\/03\/Ch\u0153ur-Ambrosia-600x284.jpg 600w, http:\/\/musiqueenchemin.fr\/wp-content\/uploads\/2018\/03\/Ch\u0153ur-Ambrosia-820x388.jpg 820w\" sizes=\"auto, (max-width: 1024px) 100vw, 1024px\" \/><\/p>\n<p>Le Choeur Ambr\u00f2sia rassemble sous la direction de Fr\u00e9d\u00e9ric B\u00e9tous des chanteurs amateurs passionn\u00e9s souhaitant explorer le r\u00e9pertoire de la musique polyphonique de la Renaissance, mise en r\u00e9sonance avec les compositeurs d\u2019aujourd\u2019hui.<\/p>\n<p>Si Fr\u00e9d\u00e9ric B\u00e9tous conduit son ensemble professionnel La Main Harmonique \u00e0 se produire dans des lieux de renomm\u00e9e internationale \u2013 Festival de Saintes, Festival de La Chaise-Dieu, Muziekcentrum de Bijloke de Gand, Festival de Musique des Lumi\u00e8res de Sor\u00e8ze \u2013 il a souhait\u00e9 aussi partager sa passion et son savoir sous une forme plus p\u00e9dagogique et permettre ainsi \u00e0 des chanteurs amateurs de d\u00e9couvrir et partager ce r\u00e9pertoire.<\/p>\n<p>Autour de Fr\u00e9d\u00e9ric B\u00e9tous, sont ainsi regroup\u00e9s des passionn\u00e9s de musique, amateurs confirm\u00e9s engag\u00e9s dans un m\u00eame d\u00e9sir de d\u00e9couvrir ou perfectionner une pratique du chant polyphonique par un travail exigeant d\u2019interpr\u00e9tation des r\u00e9pertoires abord\u00e9s, et plus sp\u00e9cifiquement celui li\u00e9 \u00e0 l\u2019Europe de la Renaissance.<\/p>\n<p>Le Ch\u0153ur Ambr\u00f2sia se produit r\u00e9guli\u00e8rement au sein de la saison de Musique en Chemin, \u00e0 la Cath\u00e9drale de Lectoure, \u00e0 Escalquens, \u00e0 l\u2019occasion de rencontres chorales, etc\u2026 Soucieux de partager ce r\u00e9pertoire au plus grand nombre, le ch\u0153ur Ambr\u00f2sia aime aussi accompagner des visites musicales du patrimoine ou des balades \u00e0 la d\u00e9couverte des paysages de la r\u00e9gion o\u00f9 ils se retrouvent pour chanter : La Romieu et ses environs.<\/p>\n<hr \/>\n<h4><span style=\"color: #e8593a;\">Saori Sato<\/span><\/h4>\n<p><img loading=\"lazy\" decoding=\"async\" class=\"alignnone size-large wp-image-2020\" src=\"http:\/\/musiqueenchemin.fr\/wp-content\/uploads\/2018\/03\/SATO-Saori-clavecin-835x1024.jpeg\" alt=\"\" width=\"835\" height=\"1024\" srcset=\"http:\/\/musiqueenchemin.fr\/wp-content\/uploads\/2018\/03\/SATO-Saori-clavecin-835x1024.jpeg 835w, http:\/\/musiqueenchemin.fr\/wp-content\/uploads\/2018\/03\/SATO-Saori-clavecin-245x300.jpeg 245w, http:\/\/musiqueenchemin.fr\/wp-content\/uploads\/2018\/03\/SATO-Saori-clavecin-768x942.jpeg 768w, http:\/\/musiqueenchemin.fr\/wp-content\/uploads\/2018\/03\/SATO-Saori-clavecin-600x736.jpeg 600w, http:\/\/musiqueenchemin.fr\/wp-content\/uploads\/2018\/03\/SATO-Saori-clavecin-820x1006.jpeg 820w, http:\/\/musiqueenchemin.fr\/wp-content\/uploads\/2018\/03\/SATO-Saori-clavecin.jpeg 1677w\" sizes=\"auto, (max-width: 835px) 100vw, 835px\" \/><\/p>\n<p>\u00c0 l\u2019universit\u00e9 de sa ville natale, elle a men\u00e9 \u00e0 son terme un cycle d\u2019\u00e9tudes en piano et en composition, compl\u00e9t\u00e9 par une ma\u00eetrise en p\u00e9dagogie musicale. Durant l\u2019ann\u00e9e 2000 elle entreprend des \u00e9tudes d\u2019orgue et en 2003 elle \u00e9tudie au CESMD de Toulouse ou elle obtient, en 2005 un premier prix. Elle a obtenu les prix de solf\u00e8ge, \u00e9criture, basse continue et pianoforte au conservatoire de Toulouse. Elle collabore dans le cadre de festivals (Toulouse les Orgues, Sylvan\u00e8s, La Chaise Dieu, Sor\u00e8ze, St-Guilleme-le-D\u00e9sert, St-Maximin, St-C\u00e9r\u00e9, Eclats de Voix Auch, Toulouse d\u2019\u00e9t\u00e9&#8230;) avec les ensembles : l\u2019Orchestre et le ch\u0153ur du capitole de Toulouse, l\u2019Orchestre de Chambre de Toulouse, Le Jardin de musiques, Les Sacqueboutiers, Scandicus, Les El\u00e9ments, Il Canto d\u2019Arione, Ensemble Baroque de Toulouse, Ensemble Antiphona et Tokyo Bach Cantate Ensemble.<\/p>\n<hr \/>\n<h2>Les partenaires<\/h2>\n<p><img loading=\"lazy\" decoding=\"async\" class=\"alignnone size-medium wp-image-1978\" src=\"http:\/\/musiqueenchemin.fr\/wp-content\/uploads\/2018\/03\/chemins_de_saint_jacques_de_compostelle-300x200.jpg\" alt=\"\" width=\"150\" height=\"200\" \/><\/p>\n<hr \/>\n","protected":false},"excerpt":{"rendered":"<p>Vendredi 27 juillet 20h30 | Concert \u00e0 la Coll\u00e9giale Polyphonies de l\u2019Europe de la Renaissance &amp; chant syriaque Hymnes &amp; Motets de Dufay, Vittoria, Palestrina, Guerrero,&#8230; Un concert vocal \u00e0 la rencontre de deux mondes entre traditions orientales et occidentales [&hellip;]<\/p>\n","protected":false},"author":1,"featured_media":0,"comment_status":"closed","ping_status":"closed","sticky":false,"template":"","format":"standard","meta":{"cwp_meta_box_check":"No","cwp_rev_product_name":"","cwp_rev_product_image":"","wppr_links":[],"cwp_rev_price":"","wppr_options":[],"wppr_pros":[],"wppr_cons":[],"footnotes":""},"categories":[3],"tags":[],"class_list":["post-1834","post","type-post","status-publish","format-standard","hentry","category-festival"],"wppr_data":{"cwp_meta_box_check":"No"},"yoast_head":"<!-- This site is optimized with the Yoast SEO plugin v25.0 - https:\/\/yoast.com\/wordpress\/plugins\/seo\/ -->\n<title>Chants d\u2019orient et d\u2019occident -<\/title>\n<meta name=\"robots\" content=\"index, follow, max-snippet:-1, max-image-preview:large, max-video-preview:-1\" \/>\n<link rel=\"canonical\" href=\"https:\/\/musiqueenchemin.fr\/index.php\/2018\/03\/20\/chants-dorient-et-doccident\/\" \/>\n<meta property=\"og:locale\" content=\"fr_FR\" \/>\n<meta property=\"og:type\" content=\"article\" \/>\n<meta property=\"og:title\" content=\"Chants d\u2019orient et d\u2019occident -\" \/>\n<meta property=\"og:description\" content=\"Vendredi 27 juillet 20h30 | Concert \u00e0 la Coll\u00e9giale Polyphonies de l\u2019Europe de la Renaissance &amp; chant syriaque Hymnes &amp; Motets de Dufay, Vittoria, Palestrina, Guerrero,&#8230; Un concert vocal \u00e0 la rencontre de deux mondes entre traditions orientales et occidentales [&hellip;]\" \/>\n<meta property=\"og:url\" content=\"https:\/\/musiqueenchemin.fr\/index.php\/2018\/03\/20\/chants-dorient-et-doccident\/\" \/>\n<meta property=\"article:published_time\" content=\"2018-03-20T12:35:40+00:00\" \/>\n<meta property=\"article:modified_time\" content=\"2019-04-08T10:21:12+00:00\" \/>\n<meta property=\"og:image\" content=\"http:\/\/musiqueenchemin.fr\/wp-content\/uploads\/2018\/02\/Soumaya_Hallak-recdecor.jpg\" \/>\n<meta name=\"author\" content=\"Musique en Chemin\" \/>\n<meta name=\"twitter:card\" content=\"summary_large_image\" \/>\n<meta name=\"twitter:label1\" content=\"\u00c9crit par\" \/>\n\t<meta name=\"twitter:data1\" content=\"Musique en Chemin\" \/>\n\t<meta name=\"twitter:label2\" content=\"Dur\u00e9e de lecture estim\u00e9e\" \/>\n\t<meta name=\"twitter:data2\" content=\"5 minutes\" \/>\n<script type=\"application\/ld+json\" class=\"yoast-schema-graph\">{\"@context\":\"https:\/\/schema.org\",\"@graph\":[{\"@type\":\"Article\",\"@id\":\"https:\/\/musiqueenchemin.fr\/index.php\/2018\/03\/20\/chants-dorient-et-doccident\/#article\",\"isPartOf\":{\"@id\":\"https:\/\/musiqueenchemin.fr\/index.php\/2018\/03\/20\/chants-dorient-et-doccident\/\"},\"author\":{\"name\":\"Musique en Chemin\",\"@id\":\"https:\/\/musiqueenchemin.fr\/#\/schema\/person\/6c4caa9d003e40448be270fea1e3cbff\"},\"headline\":\"Chants d\u2019orient et d\u2019occident\",\"datePublished\":\"2018-03-20T12:35:40+00:00\",\"dateModified\":\"2019-04-08T10:21:12+00:00\",\"mainEntityOfPage\":{\"@id\":\"https:\/\/musiqueenchemin.fr\/index.php\/2018\/03\/20\/chants-dorient-et-doccident\/\"},\"wordCount\":926,\"publisher\":{\"@id\":\"https:\/\/musiqueenchemin.fr\/#organization\"},\"image\":{\"@id\":\"https:\/\/musiqueenchemin.fr\/index.php\/2018\/03\/20\/chants-dorient-et-doccident\/#primaryimage\"},\"thumbnailUrl\":\"http:\/\/musiqueenchemin.fr\/wp-content\/uploads\/2018\/02\/Soumaya_Hallak-recdecor.jpg\",\"articleSection\":[\"Festival\"],\"inLanguage\":\"fr-FR\"},{\"@type\":\"WebPage\",\"@id\":\"https:\/\/musiqueenchemin.fr\/index.php\/2018\/03\/20\/chants-dorient-et-doccident\/\",\"url\":\"https:\/\/musiqueenchemin.fr\/index.php\/2018\/03\/20\/chants-dorient-et-doccident\/\",\"name\":\"Chants d\u2019orient et d\u2019occident -\",\"isPartOf\":{\"@id\":\"https:\/\/musiqueenchemin.fr\/#website\"},\"primaryImageOfPage\":{\"@id\":\"https:\/\/musiqueenchemin.fr\/index.php\/2018\/03\/20\/chants-dorient-et-doccident\/#primaryimage\"},\"image\":{\"@id\":\"https:\/\/musiqueenchemin.fr\/index.php\/2018\/03\/20\/chants-dorient-et-doccident\/#primaryimage\"},\"thumbnailUrl\":\"http:\/\/musiqueenchemin.fr\/wp-content\/uploads\/2018\/02\/Soumaya_Hallak-recdecor.jpg\",\"datePublished\":\"2018-03-20T12:35:40+00:00\",\"dateModified\":\"2019-04-08T10:21:12+00:00\",\"breadcrumb\":{\"@id\":\"https:\/\/musiqueenchemin.fr\/index.php\/2018\/03\/20\/chants-dorient-et-doccident\/#breadcrumb\"},\"inLanguage\":\"fr-FR\",\"potentialAction\":[{\"@type\":\"ReadAction\",\"target\":[\"https:\/\/musiqueenchemin.fr\/index.php\/2018\/03\/20\/chants-dorient-et-doccident\/\"]}]},{\"@type\":\"ImageObject\",\"inLanguage\":\"fr-FR\",\"@id\":\"https:\/\/musiqueenchemin.fr\/index.php\/2018\/03\/20\/chants-dorient-et-doccident\/#primaryimage\",\"url\":\"http:\/\/musiqueenchemin.fr\/wp-content\/uploads\/2018\/02\/Soumaya_Hallak-recdecor.jpg\",\"contentUrl\":\"http:\/\/musiqueenchemin.fr\/wp-content\/uploads\/2018\/02\/Soumaya_Hallak-recdecor.jpg\",\"width\":567,\"height\":680},{\"@type\":\"BreadcrumbList\",\"@id\":\"https:\/\/musiqueenchemin.fr\/index.php\/2018\/03\/20\/chants-dorient-et-doccident\/#breadcrumb\",\"itemListElement\":[{\"@type\":\"ListItem\",\"position\":1,\"name\":\"Accueil\",\"item\":\"https:\/\/musiqueenchemin.fr\/\"},{\"@type\":\"ListItem\",\"position\":2,\"name\":\"Chants d\u2019orient et d\u2019occident\"}]},{\"@type\":\"WebSite\",\"@id\":\"https:\/\/musiqueenchemin.fr\/#website\",\"url\":\"https:\/\/musiqueenchemin.fr\/\",\"name\":\"Musique en Chemin\",\"description\":\"\",\"publisher\":{\"@id\":\"https:\/\/musiqueenchemin.fr\/#organization\"},\"potentialAction\":[{\"@type\":\"SearchAction\",\"target\":{\"@type\":\"EntryPoint\",\"urlTemplate\":\"https:\/\/musiqueenchemin.fr\/?s={search_term_string}\"},\"query-input\":{\"@type\":\"PropertyValueSpecification\",\"valueRequired\":true,\"valueName\":\"search_term_string\"}}],\"inLanguage\":\"fr-FR\"},{\"@type\":\"Organization\",\"@id\":\"https:\/\/musiqueenchemin.fr\/#organization\",\"name\":\"Musique en Chemin\",\"url\":\"https:\/\/musiqueenchemin.fr\/\",\"logo\":{\"@type\":\"ImageObject\",\"inLanguage\":\"fr-FR\",\"@id\":\"https:\/\/musiqueenchemin.fr\/#\/schema\/logo\/image\/\",\"url\":\"http:\/\/musiqueenchemin.fr\/wp-content\/uploads\/2024\/03\/huppe-jaune-2024.png\",\"contentUrl\":\"http:\/\/musiqueenchemin.fr\/wp-content\/uploads\/2024\/03\/huppe-jaune-2024.png\",\"width\":560,\"height\":387,\"caption\":\"Musique en Chemin\"},\"image\":{\"@id\":\"https:\/\/musiqueenchemin.fr\/#\/schema\/logo\/image\/\"}},{\"@type\":\"Person\",\"@id\":\"https:\/\/musiqueenchemin.fr\/#\/schema\/person\/6c4caa9d003e40448be270fea1e3cbff\",\"name\":\"Musique en Chemin\",\"image\":{\"@type\":\"ImageObject\",\"inLanguage\":\"fr-FR\",\"@id\":\"https:\/\/musiqueenchemin.fr\/#\/schema\/person\/image\/\",\"url\":\"https:\/\/secure.gravatar.com\/avatar\/7b1be4a90bcc64c58111b64ffe668b413f96ab86aad982e7fdacac32cefcb4ec?s=96&d=mm&r=g\",\"contentUrl\":\"https:\/\/secure.gravatar.com\/avatar\/7b1be4a90bcc64c58111b64ffe668b413f96ab86aad982e7fdacac32cefcb4ec?s=96&d=mm&r=g\",\"caption\":\"Musique en Chemin\"},\"url\":\"http:\/\/musiqueenchemin.fr\/index.php\/author\/chem\/\"}]}<\/script>\n<!-- \/ Yoast SEO plugin. -->","yoast_head_json":{"title":"Chants d\u2019orient et d\u2019occident -","robots":{"index":"index","follow":"follow","max-snippet":"max-snippet:-1","max-image-preview":"max-image-preview:large","max-video-preview":"max-video-preview:-1"},"canonical":"https:\/\/musiqueenchemin.fr\/index.php\/2018\/03\/20\/chants-dorient-et-doccident\/","og_locale":"fr_FR","og_type":"article","og_title":"Chants d\u2019orient et d\u2019occident -","og_description":"Vendredi 27 juillet 20h30 | Concert \u00e0 la Coll\u00e9giale Polyphonies de l\u2019Europe de la Renaissance &amp; chant syriaque Hymnes &amp; Motets de Dufay, Vittoria, Palestrina, Guerrero,&#8230; Un concert vocal \u00e0 la rencontre de deux mondes entre traditions orientales et occidentales [&hellip;]","og_url":"https:\/\/musiqueenchemin.fr\/index.php\/2018\/03\/20\/chants-dorient-et-doccident\/","article_published_time":"2018-03-20T12:35:40+00:00","article_modified_time":"2019-04-08T10:21:12+00:00","og_image":[{"url":"http:\/\/musiqueenchemin.fr\/wp-content\/uploads\/2018\/02\/Soumaya_Hallak-recdecor.jpg","type":"","width":"","height":""}],"author":"Musique en Chemin","twitter_card":"summary_large_image","twitter_misc":{"\u00c9crit par":"Musique en Chemin","Dur\u00e9e de lecture estim\u00e9e":"5 minutes"},"schema":{"@context":"https:\/\/schema.org","@graph":[{"@type":"Article","@id":"https:\/\/musiqueenchemin.fr\/index.php\/2018\/03\/20\/chants-dorient-et-doccident\/#article","isPartOf":{"@id":"https:\/\/musiqueenchemin.fr\/index.php\/2018\/03\/20\/chants-dorient-et-doccident\/"},"author":{"name":"Musique en Chemin","@id":"https:\/\/musiqueenchemin.fr\/#\/schema\/person\/6c4caa9d003e40448be270fea1e3cbff"},"headline":"Chants d\u2019orient et d\u2019occident","datePublished":"2018-03-20T12:35:40+00:00","dateModified":"2019-04-08T10:21:12+00:00","mainEntityOfPage":{"@id":"https:\/\/musiqueenchemin.fr\/index.php\/2018\/03\/20\/chants-dorient-et-doccident\/"},"wordCount":926,"publisher":{"@id":"https:\/\/musiqueenchemin.fr\/#organization"},"image":{"@id":"https:\/\/musiqueenchemin.fr\/index.php\/2018\/03\/20\/chants-dorient-et-doccident\/#primaryimage"},"thumbnailUrl":"http:\/\/musiqueenchemin.fr\/wp-content\/uploads\/2018\/02\/Soumaya_Hallak-recdecor.jpg","articleSection":["Festival"],"inLanguage":"fr-FR"},{"@type":"WebPage","@id":"https:\/\/musiqueenchemin.fr\/index.php\/2018\/03\/20\/chants-dorient-et-doccident\/","url":"https:\/\/musiqueenchemin.fr\/index.php\/2018\/03\/20\/chants-dorient-et-doccident\/","name":"Chants d\u2019orient et d\u2019occident -","isPartOf":{"@id":"https:\/\/musiqueenchemin.fr\/#website"},"primaryImageOfPage":{"@id":"https:\/\/musiqueenchemin.fr\/index.php\/2018\/03\/20\/chants-dorient-et-doccident\/#primaryimage"},"image":{"@id":"https:\/\/musiqueenchemin.fr\/index.php\/2018\/03\/20\/chants-dorient-et-doccident\/#primaryimage"},"thumbnailUrl":"http:\/\/musiqueenchemin.fr\/wp-content\/uploads\/2018\/02\/Soumaya_Hallak-recdecor.jpg","datePublished":"2018-03-20T12:35:40+00:00","dateModified":"2019-04-08T10:21:12+00:00","breadcrumb":{"@id":"https:\/\/musiqueenchemin.fr\/index.php\/2018\/03\/20\/chants-dorient-et-doccident\/#breadcrumb"},"inLanguage":"fr-FR","potentialAction":[{"@type":"ReadAction","target":["https:\/\/musiqueenchemin.fr\/index.php\/2018\/03\/20\/chants-dorient-et-doccident\/"]}]},{"@type":"ImageObject","inLanguage":"fr-FR","@id":"https:\/\/musiqueenchemin.fr\/index.php\/2018\/03\/20\/chants-dorient-et-doccident\/#primaryimage","url":"http:\/\/musiqueenchemin.fr\/wp-content\/uploads\/2018\/02\/Soumaya_Hallak-recdecor.jpg","contentUrl":"http:\/\/musiqueenchemin.fr\/wp-content\/uploads\/2018\/02\/Soumaya_Hallak-recdecor.jpg","width":567,"height":680},{"@type":"BreadcrumbList","@id":"https:\/\/musiqueenchemin.fr\/index.php\/2018\/03\/20\/chants-dorient-et-doccident\/#breadcrumb","itemListElement":[{"@type":"ListItem","position":1,"name":"Accueil","item":"https:\/\/musiqueenchemin.fr\/"},{"@type":"ListItem","position":2,"name":"Chants d\u2019orient et d\u2019occident"}]},{"@type":"WebSite","@id":"https:\/\/musiqueenchemin.fr\/#website","url":"https:\/\/musiqueenchemin.fr\/","name":"Musique en Chemin","description":"","publisher":{"@id":"https:\/\/musiqueenchemin.fr\/#organization"},"potentialAction":[{"@type":"SearchAction","target":{"@type":"EntryPoint","urlTemplate":"https:\/\/musiqueenchemin.fr\/?s={search_term_string}"},"query-input":{"@type":"PropertyValueSpecification","valueRequired":true,"valueName":"search_term_string"}}],"inLanguage":"fr-FR"},{"@type":"Organization","@id":"https:\/\/musiqueenchemin.fr\/#organization","name":"Musique en Chemin","url":"https:\/\/musiqueenchemin.fr\/","logo":{"@type":"ImageObject","inLanguage":"fr-FR","@id":"https:\/\/musiqueenchemin.fr\/#\/schema\/logo\/image\/","url":"http:\/\/musiqueenchemin.fr\/wp-content\/uploads\/2024\/03\/huppe-jaune-2024.png","contentUrl":"http:\/\/musiqueenchemin.fr\/wp-content\/uploads\/2024\/03\/huppe-jaune-2024.png","width":560,"height":387,"caption":"Musique en Chemin"},"image":{"@id":"https:\/\/musiqueenchemin.fr\/#\/schema\/logo\/image\/"}},{"@type":"Person","@id":"https:\/\/musiqueenchemin.fr\/#\/schema\/person\/6c4caa9d003e40448be270fea1e3cbff","name":"Musique en Chemin","image":{"@type":"ImageObject","inLanguage":"fr-FR","@id":"https:\/\/musiqueenchemin.fr\/#\/schema\/person\/image\/","url":"https:\/\/secure.gravatar.com\/avatar\/7b1be4a90bcc64c58111b64ffe668b413f96ab86aad982e7fdacac32cefcb4ec?s=96&d=mm&r=g","contentUrl":"https:\/\/secure.gravatar.com\/avatar\/7b1be4a90bcc64c58111b64ffe668b413f96ab86aad982e7fdacac32cefcb4ec?s=96&d=mm&r=g","caption":"Musique en Chemin"},"url":"http:\/\/musiqueenchemin.fr\/index.php\/author\/chem\/"}]}},"_links":{"self":[{"href":"http:\/\/musiqueenchemin.fr\/index.php\/wp-json\/wp\/v2\/posts\/1834","targetHints":{"allow":["GET"]}}],"collection":[{"href":"http:\/\/musiqueenchemin.fr\/index.php\/wp-json\/wp\/v2\/posts"}],"about":[{"href":"http:\/\/musiqueenchemin.fr\/index.php\/wp-json\/wp\/v2\/types\/post"}],"author":[{"embeddable":true,"href":"http:\/\/musiqueenchemin.fr\/index.php\/wp-json\/wp\/v2\/users\/1"}],"replies":[{"embeddable":true,"href":"http:\/\/musiqueenchemin.fr\/index.php\/wp-json\/wp\/v2\/comments?post=1834"}],"version-history":[{"count":14,"href":"http:\/\/musiqueenchemin.fr\/index.php\/wp-json\/wp\/v2\/posts\/1834\/revisions"}],"predecessor-version":[{"id":2372,"href":"http:\/\/musiqueenchemin.fr\/index.php\/wp-json\/wp\/v2\/posts\/1834\/revisions\/2372"}],"wp:attachment":[{"href":"http:\/\/musiqueenchemin.fr\/index.php\/wp-json\/wp\/v2\/media?parent=1834"}],"wp:term":[{"taxonomy":"category","embeddable":true,"href":"http:\/\/musiqueenchemin.fr\/index.php\/wp-json\/wp\/v2\/categories?post=1834"},{"taxonomy":"post_tag","embeddable":true,"href":"http:\/\/musiqueenchemin.fr\/index.php\/wp-json\/wp\/v2\/tags?post=1834"}],"curies":[{"name":"wp","href":"https:\/\/api.w.org\/{rel}","templated":true}]}}