{"id":2407,"date":"2019-04-08T13:05:29","date_gmt":"2019-04-08T12:05:29","guid":{"rendered":"http:\/\/musiqueenchemin.fr\/?p=2407"},"modified":"2019-07-22T09:07:45","modified_gmt":"2019-07-22T08:07:45","slug":"vox-europa","status":"publish","type":"post","link":"http:\/\/musiqueenchemin.fr\/index.php\/2019\/04\/08\/vox-europa\/","title":{"rendered":"Vox Europa"},"content":{"rendered":"\n<h2 class=\"wp-block-heading\"><span style=\"color: #3554a2;\">La Main Harmonique<\/span><\/h2>\n\n\n\n<h2 class=\"wp-block-heading\">Vendredi <span style=\"color: #3554a2;\">26<\/span> juillet<\/h2>\n\n\n\n<h4 class=\"wp-block-heading\">20h30&nbsp;| Concert \u00e0 la Coll\u00e9giale<\/h4>\n\n\n\n<figure class=\"wp-block-image\"><img loading=\"lazy\" decoding=\"async\" width=\"900\" height=\"481\" src=\"http:\/\/musiqueenchemin.fr\/wp-content\/uploads\/2019\/04\/LMH-La-Romieu-1-c-Thomas-Millet.jpg\" alt=\"\" class=\"wp-image-2324\" srcset=\"http:\/\/musiqueenchemin.fr\/wp-content\/uploads\/2019\/04\/LMH-La-Romieu-1-c-Thomas-Millet.jpg 900w, http:\/\/musiqueenchemin.fr\/wp-content\/uploads\/2019\/04\/LMH-La-Romieu-1-c-Thomas-Millet-300x160.jpg 300w, http:\/\/musiqueenchemin.fr\/wp-content\/uploads\/2019\/04\/LMH-La-Romieu-1-c-Thomas-Millet-768x410.jpg 768w, http:\/\/musiqueenchemin.fr\/wp-content\/uploads\/2019\/04\/LMH-La-Romieu-1-c-Thomas-Millet-600x321.jpg 600w, http:\/\/musiqueenchemin.fr\/wp-content\/uploads\/2019\/04\/LMH-La-Romieu-1-c-Thomas-Millet-50x27.jpg 50w, http:\/\/musiqueenchemin.fr\/wp-content\/uploads\/2019\/04\/LMH-La-Romieu-1-c-Thomas-Millet-820x438.jpg 820w\" sizes=\"auto, (max-width: 900px) 100vw, 900px\" \/><figcaption>Ensemble La Main Harmonique \u00e0 La Romieu \/ Photo : Thomas Millet<\/figcaption><\/figure>\n\n\n\n<h4 class=\"wp-block-heading\">Des grands ma\u00eetres du Nord \u00e0 la polyphonie d\u2019aujourd\u2019hui<\/h4>\n\n\n\n<h4 class=\"wp-block-heading\"><strong>Ensemble La Main Harmonique,<br>Direction : Fr\u00e9d\u00e9ric B\u00e9tous<br>Ch\u0153ur Ambr\u00f2sia<\/strong><\/h4>\n\n\n\n<p>Les possibilit\u00e9s infinies de l\u2019\u00e9criture polyphonique fascinent. C\u2019est  de ce go\u00fbt europ\u00e9en pour cette musique vocale polyphonique dont il est  question dans notre programme avec un choix d\u2019\u0153uvres majeures de Josquin  des Pr\u00e9z, Nicolas Gombert ou encore de leurs h\u00e9ritiers. En regard,  seront donn\u00e9es deux \u0153uvres de compositeurs contemporains, Bastien David  et Alexandros Markeas, commandes de Radio France pour les chanteurs de  La Main Harmonique.<\/p>\n\n\n\n<h5 class=\"wp-block-heading\">Dear english friends : <\/h5>\n\n\n\n<p><em>La Main Harmonique, under the passionate leadership of Fr\u00e9d\u00e9ric B\u00e9tous, creates original programmes that explore the rich heritage of Renaissance polyphony. Energised by a desire to share a rediscovery of rare or unknown music that has barely been performed combined with its policy of commissioning contemporary composers guarantees a constant spirit of musical innovation.\u00a0 This year, the trademark programme includes selection of major polyphonic works by Josquin des Pr\u00e9z, Nicolas Gombert, etc. and contrasting contemporary pieces \u00a0by the modern composers Bastien David and Alexandros Markeas, that were commissioned by Radio France especially for La Main Harmonique. <\/em><\/p>\n\n\n\n<hr class=\"wp-block-separator\"\/>\n\n\n\n<h2 class=\"wp-block-heading\">Pratique<\/h2>\n\n\n\n<h5 class=\"wp-block-heading\">Dur\u00e9e : 1h15<\/h5>\n\n\n\n<h5 class=\"wp-block-heading\">Tarif plein -20\u20ac<\/h5>\n\n\n\n<h5 class=\"wp-block-heading\">Tarif r\u00e9duit* \u2013 15\u20ac<\/h5>\n\n\n\n<h5 class=\"wp-block-heading\">Gratuit pour les\nmoins de 12 ans.<\/h5>\n\n\n\n<p>*Scolaires, \u00e9tudiants\nde moins de 26 ans, demandeurs d\u2019emploi, b\u00e9n\u00e9ficiaires du RSA, groupes \u00e0 partir\nde 10 personnes, p\u00e9lerins sur le chemin de Saint Jacques de Compostelle, Rom\u00e9viens.<\/p>\n\n\n\n<p>Pr\u00e9sentation des\njustificatifs originaux demand\u00e9e pour la d\u00e9livrance des billets achet\u00e9s sur\ninternet<\/p>\n\n\n\n<p>R\u00e9servez vos billets avec <a rel=\"noreferrer noopener\" aria-label=\" (opens in a new tab)\" href=\"https:\/\/musiqueenchemin.festik.net\/vox-europa-la-main-harmonique\/1\" target=\"_blank\">Festik<\/a> ou <a rel=\"noreferrer noopener\" aria-label=\" (opens in a new tab)\" href=\"http:\/\/gascogne-lomagne.fr\/Evenement\/festival-musique-en-chemin-vox-europa\/\" target=\"_blank\">l\u2019Office de Tourisme Gascogne Lomagne<\/a><\/p>\n\n\n\n<hr class=\"wp-block-separator\"\/>\n\n\n\n<figure class=\"wp-block-embed-youtube wp-block-embed is-type-video is-provider-youtube wp-embed-aspect-16-9 wp-has-aspect-ratio\"><div class=\"wp-block-embed__wrapper\">\n<iframe loading=\"lazy\" width=\"1160\" height=\"653\" src=\"https:\/\/www.youtube.com\/embed\/w88Fvb_MmcU?feature=oembed\" frameborder=\"0\" allow=\"accelerometer; autoplay; encrypted-media; gyroscope; picture-in-picture\" allowfullscreen><\/iframe>\n<\/div><\/figure>\n","protected":false},"excerpt":{"rendered":"<p>La Main Harmonique Vendredi 26 juillet 20h30&nbsp;| Concert \u00e0 la Coll\u00e9giale Des grands ma\u00eetres du Nord \u00e0 la polyphonie d\u2019aujourd\u2019hui Ensemble La Main Harmonique,Direction : Fr\u00e9d\u00e9ric B\u00e9tousCh\u0153ur Ambr\u00f2sia Les possibilit\u00e9s infinies de l\u2019\u00e9criture polyphonique fascinent. C\u2019est de ce go\u00fbt europ\u00e9en [&hellip;]<\/p>\n","protected":false},"author":1,"featured_media":0,"comment_status":"closed","ping_status":"closed","sticky":false,"template":"","format":"standard","meta":{"cwp_meta_box_check":"No","cwp_rev_product_name":"","cwp_rev_product_image":"","wppr_links":[],"cwp_rev_price":"","wppr_options":[],"wppr_pros":[],"wppr_cons":[],"footnotes":""},"categories":[1],"tags":[],"class_list":["post-2407","post","type-post","status-publish","format-standard","hentry","category-non-classe"],"wppr_data":{"cwp_meta_box_check":"No"},"yoast_head":"<!-- This site is optimized with the Yoast SEO plugin v25.0 - https:\/\/yoast.com\/wordpress\/plugins\/seo\/ -->\n<title>Vox Europa -<\/title>\n<meta name=\"robots\" content=\"index, follow, max-snippet:-1, max-image-preview:large, max-video-preview:-1\" \/>\n<link rel=\"canonical\" href=\"https:\/\/musiqueenchemin.fr\/index.php\/2019\/04\/08\/vox-europa\/\" \/>\n<meta property=\"og:locale\" content=\"fr_FR\" \/>\n<meta property=\"og:type\" content=\"article\" \/>\n<meta property=\"og:title\" content=\"Vox Europa -\" \/>\n<meta property=\"og:description\" content=\"La Main Harmonique Vendredi 26 juillet 20h30&nbsp;| Concert \u00e0 la Coll\u00e9giale Des grands ma\u00eetres du Nord \u00e0 la polyphonie d\u2019aujourd\u2019hui Ensemble La Main Harmonique,Direction : Fr\u00e9d\u00e9ric B\u00e9tousCh\u0153ur Ambr\u00f2sia Les possibilit\u00e9s infinies de l\u2019\u00e9criture polyphonique fascinent. C\u2019est de ce go\u00fbt europ\u00e9en [&hellip;]\" \/>\n<meta property=\"og:url\" content=\"https:\/\/musiqueenchemin.fr\/index.php\/2019\/04\/08\/vox-europa\/\" \/>\n<meta property=\"article:published_time\" content=\"2019-04-08T12:05:29+00:00\" \/>\n<meta property=\"article:modified_time\" content=\"2019-07-22T08:07:45+00:00\" \/>\n<meta property=\"og:image\" content=\"http:\/\/musiqueenchemin.fr\/wp-content\/uploads\/2019\/04\/LMH-La-Romieu-1-c-Thomas-Millet.jpg\" \/>\n<meta name=\"author\" content=\"Musique en Chemin\" \/>\n<meta name=\"twitter:card\" content=\"summary_large_image\" \/>\n<meta name=\"twitter:label1\" content=\"\u00c9crit par\" \/>\n\t<meta name=\"twitter:data1\" content=\"Musique en Chemin\" \/>\n\t<meta name=\"twitter:label2\" content=\"Dur\u00e9e de lecture estim\u00e9e\" \/>\n\t<meta name=\"twitter:data2\" content=\"2 minutes\" \/>\n<script type=\"application\/ld+json\" class=\"yoast-schema-graph\">{\"@context\":\"https:\/\/schema.org\",\"@graph\":[{\"@type\":\"Article\",\"@id\":\"https:\/\/musiqueenchemin.fr\/index.php\/2019\/04\/08\/vox-europa\/#article\",\"isPartOf\":{\"@id\":\"https:\/\/musiqueenchemin.fr\/index.php\/2019\/04\/08\/vox-europa\/\"},\"author\":{\"name\":\"Musique en Chemin\",\"@id\":\"https:\/\/musiqueenchemin.fr\/#\/schema\/person\/6c4caa9d003e40448be270fea1e3cbff\"},\"headline\":\"Vox Europa\",\"datePublished\":\"2019-04-08T12:05:29+00:00\",\"dateModified\":\"2019-07-22T08:07:45+00:00\",\"mainEntityOfPage\":{\"@id\":\"https:\/\/musiqueenchemin.fr\/index.php\/2019\/04\/08\/vox-europa\/\"},\"wordCount\":308,\"publisher\":{\"@id\":\"https:\/\/musiqueenchemin.fr\/#organization\"},\"image\":{\"@id\":\"https:\/\/musiqueenchemin.fr\/index.php\/2019\/04\/08\/vox-europa\/#primaryimage\"},\"thumbnailUrl\":\"http:\/\/musiqueenchemin.fr\/wp-content\/uploads\/2019\/04\/LMH-La-Romieu-1-c-Thomas-Millet.jpg\",\"inLanguage\":\"fr-FR\"},{\"@type\":\"WebPage\",\"@id\":\"https:\/\/musiqueenchemin.fr\/index.php\/2019\/04\/08\/vox-europa\/\",\"url\":\"https:\/\/musiqueenchemin.fr\/index.php\/2019\/04\/08\/vox-europa\/\",\"name\":\"Vox Europa -\",\"isPartOf\":{\"@id\":\"https:\/\/musiqueenchemin.fr\/#website\"},\"primaryImageOfPage\":{\"@id\":\"https:\/\/musiqueenchemin.fr\/index.php\/2019\/04\/08\/vox-europa\/#primaryimage\"},\"image\":{\"@id\":\"https:\/\/musiqueenchemin.fr\/index.php\/2019\/04\/08\/vox-europa\/#primaryimage\"},\"thumbnailUrl\":\"http:\/\/musiqueenchemin.fr\/wp-content\/uploads\/2019\/04\/LMH-La-Romieu-1-c-Thomas-Millet.jpg\",\"datePublished\":\"2019-04-08T12:05:29+00:00\",\"dateModified\":\"2019-07-22T08:07:45+00:00\",\"breadcrumb\":{\"@id\":\"https:\/\/musiqueenchemin.fr\/index.php\/2019\/04\/08\/vox-europa\/#breadcrumb\"},\"inLanguage\":\"fr-FR\",\"potentialAction\":[{\"@type\":\"ReadAction\",\"target\":[\"https:\/\/musiqueenchemin.fr\/index.php\/2019\/04\/08\/vox-europa\/\"]}]},{\"@type\":\"ImageObject\",\"inLanguage\":\"fr-FR\",\"@id\":\"https:\/\/musiqueenchemin.fr\/index.php\/2019\/04\/08\/vox-europa\/#primaryimage\",\"url\":\"http:\/\/musiqueenchemin.fr\/wp-content\/uploads\/2019\/04\/LMH-La-Romieu-1-c-Thomas-Millet.jpg\",\"contentUrl\":\"http:\/\/musiqueenchemin.fr\/wp-content\/uploads\/2019\/04\/LMH-La-Romieu-1-c-Thomas-Millet.jpg\",\"width\":900,\"height\":481,\"caption\":\"Ensemble La Main Harmonique \u00e0 La Romieu \/ Photo : Thomas Millet\"},{\"@type\":\"BreadcrumbList\",\"@id\":\"https:\/\/musiqueenchemin.fr\/index.php\/2019\/04\/08\/vox-europa\/#breadcrumb\",\"itemListElement\":[{\"@type\":\"ListItem\",\"position\":1,\"name\":\"Accueil\",\"item\":\"https:\/\/musiqueenchemin.fr\/\"},{\"@type\":\"ListItem\",\"position\":2,\"name\":\"Vox Europa\"}]},{\"@type\":\"WebSite\",\"@id\":\"https:\/\/musiqueenchemin.fr\/#website\",\"url\":\"https:\/\/musiqueenchemin.fr\/\",\"name\":\"Musique en Chemin\",\"description\":\"\",\"publisher\":{\"@id\":\"https:\/\/musiqueenchemin.fr\/#organization\"},\"potentialAction\":[{\"@type\":\"SearchAction\",\"target\":{\"@type\":\"EntryPoint\",\"urlTemplate\":\"https:\/\/musiqueenchemin.fr\/?s={search_term_string}\"},\"query-input\":{\"@type\":\"PropertyValueSpecification\",\"valueRequired\":true,\"valueName\":\"search_term_string\"}}],\"inLanguage\":\"fr-FR\"},{\"@type\":\"Organization\",\"@id\":\"https:\/\/musiqueenchemin.fr\/#organization\",\"name\":\"Musique en Chemin\",\"url\":\"https:\/\/musiqueenchemin.fr\/\",\"logo\":{\"@type\":\"ImageObject\",\"inLanguage\":\"fr-FR\",\"@id\":\"https:\/\/musiqueenchemin.fr\/#\/schema\/logo\/image\/\",\"url\":\"http:\/\/musiqueenchemin.fr\/wp-content\/uploads\/2024\/03\/huppe-jaune-2024.png\",\"contentUrl\":\"http:\/\/musiqueenchemin.fr\/wp-content\/uploads\/2024\/03\/huppe-jaune-2024.png\",\"width\":560,\"height\":387,\"caption\":\"Musique en Chemin\"},\"image\":{\"@id\":\"https:\/\/musiqueenchemin.fr\/#\/schema\/logo\/image\/\"}},{\"@type\":\"Person\",\"@id\":\"https:\/\/musiqueenchemin.fr\/#\/schema\/person\/6c4caa9d003e40448be270fea1e3cbff\",\"name\":\"Musique en Chemin\",\"image\":{\"@type\":\"ImageObject\",\"inLanguage\":\"fr-FR\",\"@id\":\"https:\/\/musiqueenchemin.fr\/#\/schema\/person\/image\/\",\"url\":\"https:\/\/secure.gravatar.com\/avatar\/7b1be4a90bcc64c58111b64ffe668b413f96ab86aad982e7fdacac32cefcb4ec?s=96&d=mm&r=g\",\"contentUrl\":\"https:\/\/secure.gravatar.com\/avatar\/7b1be4a90bcc64c58111b64ffe668b413f96ab86aad982e7fdacac32cefcb4ec?s=96&d=mm&r=g\",\"caption\":\"Musique en Chemin\"},\"url\":\"http:\/\/musiqueenchemin.fr\/index.php\/author\/chem\/\"}]}<\/script>\n<!-- \/ Yoast SEO plugin. -->","yoast_head_json":{"title":"Vox Europa -","robots":{"index":"index","follow":"follow","max-snippet":"max-snippet:-1","max-image-preview":"max-image-preview:large","max-video-preview":"max-video-preview:-1"},"canonical":"https:\/\/musiqueenchemin.fr\/index.php\/2019\/04\/08\/vox-europa\/","og_locale":"fr_FR","og_type":"article","og_title":"Vox Europa -","og_description":"La Main Harmonique Vendredi 26 juillet 20h30&nbsp;| Concert \u00e0 la Coll\u00e9giale Des grands ma\u00eetres du Nord \u00e0 la polyphonie d\u2019aujourd\u2019hui Ensemble La Main Harmonique,Direction : Fr\u00e9d\u00e9ric B\u00e9tousCh\u0153ur Ambr\u00f2sia Les possibilit\u00e9s infinies de l\u2019\u00e9criture polyphonique fascinent. C\u2019est de ce go\u00fbt europ\u00e9en [&hellip;]","og_url":"https:\/\/musiqueenchemin.fr\/index.php\/2019\/04\/08\/vox-europa\/","article_published_time":"2019-04-08T12:05:29+00:00","article_modified_time":"2019-07-22T08:07:45+00:00","og_image":[{"url":"http:\/\/musiqueenchemin.fr\/wp-content\/uploads\/2019\/04\/LMH-La-Romieu-1-c-Thomas-Millet.jpg","type":"","width":"","height":""}],"author":"Musique en Chemin","twitter_card":"summary_large_image","twitter_misc":{"\u00c9crit par":"Musique en Chemin","Dur\u00e9e de lecture estim\u00e9e":"2 minutes"},"schema":{"@context":"https:\/\/schema.org","@graph":[{"@type":"Article","@id":"https:\/\/musiqueenchemin.fr\/index.php\/2019\/04\/08\/vox-europa\/#article","isPartOf":{"@id":"https:\/\/musiqueenchemin.fr\/index.php\/2019\/04\/08\/vox-europa\/"},"author":{"name":"Musique en Chemin","@id":"https:\/\/musiqueenchemin.fr\/#\/schema\/person\/6c4caa9d003e40448be270fea1e3cbff"},"headline":"Vox Europa","datePublished":"2019-04-08T12:05:29+00:00","dateModified":"2019-07-22T08:07:45+00:00","mainEntityOfPage":{"@id":"https:\/\/musiqueenchemin.fr\/index.php\/2019\/04\/08\/vox-europa\/"},"wordCount":308,"publisher":{"@id":"https:\/\/musiqueenchemin.fr\/#organization"},"image":{"@id":"https:\/\/musiqueenchemin.fr\/index.php\/2019\/04\/08\/vox-europa\/#primaryimage"},"thumbnailUrl":"http:\/\/musiqueenchemin.fr\/wp-content\/uploads\/2019\/04\/LMH-La-Romieu-1-c-Thomas-Millet.jpg","inLanguage":"fr-FR"},{"@type":"WebPage","@id":"https:\/\/musiqueenchemin.fr\/index.php\/2019\/04\/08\/vox-europa\/","url":"https:\/\/musiqueenchemin.fr\/index.php\/2019\/04\/08\/vox-europa\/","name":"Vox Europa -","isPartOf":{"@id":"https:\/\/musiqueenchemin.fr\/#website"},"primaryImageOfPage":{"@id":"https:\/\/musiqueenchemin.fr\/index.php\/2019\/04\/08\/vox-europa\/#primaryimage"},"image":{"@id":"https:\/\/musiqueenchemin.fr\/index.php\/2019\/04\/08\/vox-europa\/#primaryimage"},"thumbnailUrl":"http:\/\/musiqueenchemin.fr\/wp-content\/uploads\/2019\/04\/LMH-La-Romieu-1-c-Thomas-Millet.jpg","datePublished":"2019-04-08T12:05:29+00:00","dateModified":"2019-07-22T08:07:45+00:00","breadcrumb":{"@id":"https:\/\/musiqueenchemin.fr\/index.php\/2019\/04\/08\/vox-europa\/#breadcrumb"},"inLanguage":"fr-FR","potentialAction":[{"@type":"ReadAction","target":["https:\/\/musiqueenchemin.fr\/index.php\/2019\/04\/08\/vox-europa\/"]}]},{"@type":"ImageObject","inLanguage":"fr-FR","@id":"https:\/\/musiqueenchemin.fr\/index.php\/2019\/04\/08\/vox-europa\/#primaryimage","url":"http:\/\/musiqueenchemin.fr\/wp-content\/uploads\/2019\/04\/LMH-La-Romieu-1-c-Thomas-Millet.jpg","contentUrl":"http:\/\/musiqueenchemin.fr\/wp-content\/uploads\/2019\/04\/LMH-La-Romieu-1-c-Thomas-Millet.jpg","width":900,"height":481,"caption":"Ensemble La Main Harmonique \u00e0 La Romieu \/ Photo : Thomas Millet"},{"@type":"BreadcrumbList","@id":"https:\/\/musiqueenchemin.fr\/index.php\/2019\/04\/08\/vox-europa\/#breadcrumb","itemListElement":[{"@type":"ListItem","position":1,"name":"Accueil","item":"https:\/\/musiqueenchemin.fr\/"},{"@type":"ListItem","position":2,"name":"Vox Europa"}]},{"@type":"WebSite","@id":"https:\/\/musiqueenchemin.fr\/#website","url":"https:\/\/musiqueenchemin.fr\/","name":"Musique en Chemin","description":"","publisher":{"@id":"https:\/\/musiqueenchemin.fr\/#organization"},"potentialAction":[{"@type":"SearchAction","target":{"@type":"EntryPoint","urlTemplate":"https:\/\/musiqueenchemin.fr\/?s={search_term_string}"},"query-input":{"@type":"PropertyValueSpecification","valueRequired":true,"valueName":"search_term_string"}}],"inLanguage":"fr-FR"},{"@type":"Organization","@id":"https:\/\/musiqueenchemin.fr\/#organization","name":"Musique en Chemin","url":"https:\/\/musiqueenchemin.fr\/","logo":{"@type":"ImageObject","inLanguage":"fr-FR","@id":"https:\/\/musiqueenchemin.fr\/#\/schema\/logo\/image\/","url":"http:\/\/musiqueenchemin.fr\/wp-content\/uploads\/2024\/03\/huppe-jaune-2024.png","contentUrl":"http:\/\/musiqueenchemin.fr\/wp-content\/uploads\/2024\/03\/huppe-jaune-2024.png","width":560,"height":387,"caption":"Musique en Chemin"},"image":{"@id":"https:\/\/musiqueenchemin.fr\/#\/schema\/logo\/image\/"}},{"@type":"Person","@id":"https:\/\/musiqueenchemin.fr\/#\/schema\/person\/6c4caa9d003e40448be270fea1e3cbff","name":"Musique en Chemin","image":{"@type":"ImageObject","inLanguage":"fr-FR","@id":"https:\/\/musiqueenchemin.fr\/#\/schema\/person\/image\/","url":"https:\/\/secure.gravatar.com\/avatar\/7b1be4a90bcc64c58111b64ffe668b413f96ab86aad982e7fdacac32cefcb4ec?s=96&d=mm&r=g","contentUrl":"https:\/\/secure.gravatar.com\/avatar\/7b1be4a90bcc64c58111b64ffe668b413f96ab86aad982e7fdacac32cefcb4ec?s=96&d=mm&r=g","caption":"Musique en Chemin"},"url":"http:\/\/musiqueenchemin.fr\/index.php\/author\/chem\/"}]}},"_links":{"self":[{"href":"http:\/\/musiqueenchemin.fr\/index.php\/wp-json\/wp\/v2\/posts\/2407","targetHints":{"allow":["GET"]}}],"collection":[{"href":"http:\/\/musiqueenchemin.fr\/index.php\/wp-json\/wp\/v2\/posts"}],"about":[{"href":"http:\/\/musiqueenchemin.fr\/index.php\/wp-json\/wp\/v2\/types\/post"}],"author":[{"embeddable":true,"href":"http:\/\/musiqueenchemin.fr\/index.php\/wp-json\/wp\/v2\/users\/1"}],"replies":[{"embeddable":true,"href":"http:\/\/musiqueenchemin.fr\/index.php\/wp-json\/wp\/v2\/comments?post=2407"}],"version-history":[{"count":11,"href":"http:\/\/musiqueenchemin.fr\/index.php\/wp-json\/wp\/v2\/posts\/2407\/revisions"}],"predecessor-version":[{"id":2590,"href":"http:\/\/musiqueenchemin.fr\/index.php\/wp-json\/wp\/v2\/posts\/2407\/revisions\/2590"}],"wp:attachment":[{"href":"http:\/\/musiqueenchemin.fr\/index.php\/wp-json\/wp\/v2\/media?parent=2407"}],"wp:term":[{"taxonomy":"category","embeddable":true,"href":"http:\/\/musiqueenchemin.fr\/index.php\/wp-json\/wp\/v2\/categories?post=2407"},{"taxonomy":"post_tag","embeddable":true,"href":"http:\/\/musiqueenchemin.fr\/index.php\/wp-json\/wp\/v2\/tags?post=2407"}],"curies":[{"name":"wp","href":"https:\/\/api.w.org\/{rel}","templated":true}]}}