{"id":2414,"date":"2019-04-08T13:13:36","date_gmt":"2019-04-08T12:13:36","guid":{"rendered":"http:\/\/musiqueenchemin.fr\/?p=2414"},"modified":"2019-07-22T09:27:30","modified_gmt":"2019-07-22T08:27:30","slug":"aguamadera","status":"publish","type":"post","link":"http:\/\/musiqueenchemin.fr\/index.php\/2019\/04\/08\/aguamadera\/","title":{"rendered":"Aguamadera"},"content":{"rendered":"\n<h2 class=\"wp-block-heading\">Dimanche <span style=\"color: #6b58a1;\">28<\/span> juillet<\/h2>\n\n\n\n<h3 class=\"wp-block-heading\">15h&nbsp;| Concert au clo\u00eetre<\/h3>\n\n\n\n<figure class=\"wp-block-image\"><img loading=\"lazy\" decoding=\"async\" width=\"900\" height=\"598\" src=\"http:\/\/musiqueenchemin.fr\/wp-content\/uploads\/2019\/04\/AGUA-2.jpg\" alt=\"\" class=\"wp-image-2333\" srcset=\"http:\/\/musiqueenchemin.fr\/wp-content\/uploads\/2019\/04\/AGUA-2.jpg 900w, http:\/\/musiqueenchemin.fr\/wp-content\/uploads\/2019\/04\/AGUA-2-300x199.jpg 300w, http:\/\/musiqueenchemin.fr\/wp-content\/uploads\/2019\/04\/AGUA-2-768x510.jpg 768w, http:\/\/musiqueenchemin.fr\/wp-content\/uploads\/2019\/04\/AGUA-2-600x400.jpg 600w, http:\/\/musiqueenchemin.fr\/wp-content\/uploads\/2019\/04\/AGUA-2-50x33.jpg 50w, http:\/\/musiqueenchemin.fr\/wp-content\/uploads\/2019\/04\/AGUA-2-820x545.jpg 820w\" sizes=\"auto, (max-width: 900px) 100vw, 900px\" \/><\/figure>\n\n\n\n<h4 class=\"wp-block-heading\"><strong>Mar\u00eda Cabral <\/strong>: Voix, cuatro et maracas.<br><strong>Marco Grancelli<\/strong> : Voix, cuatro et guitare.<\/h4>\n\n\n\n<p>Venez d\u00e9couvrir deux jeunes musiciens argentins de talent dans un concert de musique folklorique latino-am\u00e9ricaine loin d\u2019\u00eatre un concert comme les autres. Il s\u2019agit d\u2019un v\u00e9ritable parcours \u00e0 travers la diversit\u00e9 et la richesse d\u2019un continent o\u00f9 se m\u00e9langent les racines indig\u00e8nes et l\u2019influence europ\u00e9enne coloniale et africaine\u2026<\/p>\n\n\n\n<h5 class=\"wp-block-heading\">Dear english friends<\/h5>\n\n\n\n<p><em>After giving more than 50 concerts in Europe since 2017, Aguamadera joins us at Musique en Chemin this year offering us a taste of Latin American folk music in all its authenticity.<\/em><\/p>\n\n\n\n<p><em>We discover these two talented Argentineans on a musical journey with all the diversity and wealth of a whole continent as well as a magical indigenous blend combined with the colonial influence of Europe and Africa.\u00a0 A repertoire that covers many musical genres, such as joropo, Venezuelan merengue, Brazilian forro, the Peruvian waltz, Argentinean zamba and chacarera to name but a few. <\/em><\/p>\n\n\n\n<p><\/p>\n\n\n\n<hr class=\"wp-block-separator\"\/>\n\n\n\n<h2 class=\"wp-block-heading\">Pratique<\/h2>\n\n\n\n<h5 class=\"wp-block-heading\">Dur\u00e9e : 1h15 <\/h5>\n\n\n\n<h5 class=\"wp-block-heading\">Tarif plein \u2013 20\u20ac<\/h5>\n\n\n\n<h5 class=\"wp-block-heading\">Tarif r\u00e9duit* \u2013 15\u20ac<\/h5>\n\n\n\n<h5 class=\"wp-block-heading\">Gratuit pour les moins de 12 ans.<\/h5>\n\n\n\n<p>*Scolaires, \u00e9tudiants de moins de 26 ans, demandeurs d\u2019emploi, \nb\u00e9n\u00e9ficiaires du RSA, groupes \u00e0 partir de 10 personnes, p\u00e9lerins sur le \nchemin de Saint Jacques de Compostelle, Rom\u00e9viens.<\/p>\n\n\n\n<p><\/p>\n\n\n\n<p>R\u00e9servez vos billets avec <a rel=\"noreferrer noopener\" aria-label=\" (opens in a new tab)\" href=\"https:\/\/musiqueenchemin.festik.net\/aguamadera\/1\" target=\"_blank\">Festik<\/a> ou <a href=\"http:\/\/gascogne-lomagne.fr\/Evenement\/festival-musique-en-chemin-aguamadera\/\" target=\"_blank\" rel=\"noreferrer noopener\" aria-label=\" (opens in a new tab)\">l\u2019Office de Tourisme Gascogne Lomagne<\/a><\/p>\n\n\n\n<figure class=\"wp-block-embed-youtube wp-block-embed is-type-video is-provider-youtube wp-embed-aspect-16-9 wp-has-aspect-ratio\"><div class=\"wp-block-embed__wrapper\">\n<iframe loading=\"lazy\" width=\"1160\" height=\"653\" src=\"https:\/\/www.youtube.com\/embed\/kldjdNRBtic?feature=oembed\" frameborder=\"0\" allow=\"accelerometer; autoplay; encrypted-media; gyroscope; picture-in-picture\" allowfullscreen><\/iframe>\n<\/div><\/figure>\n","protected":false},"excerpt":{"rendered":"<p>Dimanche 28 juillet 15h&nbsp;| Concert au clo\u00eetre Mar\u00eda Cabral : Voix, cuatro et maracas.Marco Grancelli : Voix, cuatro et guitare. Venez d\u00e9couvrir deux jeunes musiciens argentins de talent dans un concert de musique folklorique latino-am\u00e9ricaine loin d\u2019\u00eatre un concert comme [&hellip;]<\/p>\n","protected":false},"author":1,"featured_media":0,"comment_status":"closed","ping_status":"closed","sticky":false,"template":"","format":"standard","meta":{"cwp_meta_box_check":"No","cwp_rev_product_name":"","cwp_rev_product_image":"","wppr_links":[],"cwp_rev_price":"","wppr_options":[],"wppr_pros":[],"wppr_cons":[],"footnotes":""},"categories":[1],"tags":[],"class_list":["post-2414","post","type-post","status-publish","format-standard","hentry","category-non-classe"],"wppr_data":{"cwp_meta_box_check":"No"},"yoast_head":"<!-- This site is optimized with the Yoast SEO plugin v25.0 - https:\/\/yoast.com\/wordpress\/plugins\/seo\/ -->\n<title>Aguamadera -<\/title>\n<meta name=\"robots\" content=\"index, follow, max-snippet:-1, max-image-preview:large, max-video-preview:-1\" \/>\n<link rel=\"canonical\" href=\"https:\/\/musiqueenchemin.fr\/index.php\/2019\/04\/08\/aguamadera\/\" \/>\n<meta property=\"og:locale\" content=\"fr_FR\" \/>\n<meta property=\"og:type\" content=\"article\" \/>\n<meta property=\"og:title\" content=\"Aguamadera -\" \/>\n<meta property=\"og:description\" content=\"Dimanche 28 juillet 15h&nbsp;| Concert au clo\u00eetre Mar\u00eda Cabral : Voix, cuatro et maracas.Marco Grancelli : Voix, cuatro et guitare. Venez d\u00e9couvrir deux jeunes musiciens argentins de talent dans un concert de musique folklorique latino-am\u00e9ricaine loin d\u2019\u00eatre un concert comme [&hellip;]\" \/>\n<meta property=\"og:url\" content=\"https:\/\/musiqueenchemin.fr\/index.php\/2019\/04\/08\/aguamadera\/\" \/>\n<meta property=\"article:published_time\" content=\"2019-04-08T12:13:36+00:00\" \/>\n<meta property=\"article:modified_time\" content=\"2019-07-22T08:27:30+00:00\" \/>\n<meta property=\"og:image\" content=\"http:\/\/musiqueenchemin.fr\/wp-content\/uploads\/2019\/04\/AGUA-2.jpg\" \/>\n<meta name=\"author\" content=\"Musique en Chemin\" \/>\n<meta name=\"twitter:card\" content=\"summary_large_image\" \/>\n<meta name=\"twitter:label1\" content=\"\u00c9crit par\" \/>\n\t<meta name=\"twitter:data1\" content=\"Musique en Chemin\" \/>\n\t<meta name=\"twitter:label2\" content=\"Dur\u00e9e de lecture estim\u00e9e\" \/>\n\t<meta name=\"twitter:data2\" content=\"1 minute\" \/>\n<script type=\"application\/ld+json\" class=\"yoast-schema-graph\">{\"@context\":\"https:\/\/schema.org\",\"@graph\":[{\"@type\":\"Article\",\"@id\":\"https:\/\/musiqueenchemin.fr\/index.php\/2019\/04\/08\/aguamadera\/#article\",\"isPartOf\":{\"@id\":\"https:\/\/musiqueenchemin.fr\/index.php\/2019\/04\/08\/aguamadera\/\"},\"author\":{\"name\":\"Musique en Chemin\",\"@id\":\"https:\/\/musiqueenchemin.fr\/#\/schema\/person\/6c4caa9d003e40448be270fea1e3cbff\"},\"headline\":\"Aguamadera\",\"datePublished\":\"2019-04-08T12:13:36+00:00\",\"dateModified\":\"2019-07-22T08:27:30+00:00\",\"mainEntityOfPage\":{\"@id\":\"https:\/\/musiqueenchemin.fr\/index.php\/2019\/04\/08\/aguamadera\/\"},\"wordCount\":240,\"publisher\":{\"@id\":\"https:\/\/musiqueenchemin.fr\/#organization\"},\"image\":{\"@id\":\"https:\/\/musiqueenchemin.fr\/index.php\/2019\/04\/08\/aguamadera\/#primaryimage\"},\"thumbnailUrl\":\"http:\/\/musiqueenchemin.fr\/wp-content\/uploads\/2019\/04\/AGUA-2.jpg\",\"inLanguage\":\"fr-FR\"},{\"@type\":\"WebPage\",\"@id\":\"https:\/\/musiqueenchemin.fr\/index.php\/2019\/04\/08\/aguamadera\/\",\"url\":\"https:\/\/musiqueenchemin.fr\/index.php\/2019\/04\/08\/aguamadera\/\",\"name\":\"Aguamadera -\",\"isPartOf\":{\"@id\":\"https:\/\/musiqueenchemin.fr\/#website\"},\"primaryImageOfPage\":{\"@id\":\"https:\/\/musiqueenchemin.fr\/index.php\/2019\/04\/08\/aguamadera\/#primaryimage\"},\"image\":{\"@id\":\"https:\/\/musiqueenchemin.fr\/index.php\/2019\/04\/08\/aguamadera\/#primaryimage\"},\"thumbnailUrl\":\"http:\/\/musiqueenchemin.fr\/wp-content\/uploads\/2019\/04\/AGUA-2.jpg\",\"datePublished\":\"2019-04-08T12:13:36+00:00\",\"dateModified\":\"2019-07-22T08:27:30+00:00\",\"breadcrumb\":{\"@id\":\"https:\/\/musiqueenchemin.fr\/index.php\/2019\/04\/08\/aguamadera\/#breadcrumb\"},\"inLanguage\":\"fr-FR\",\"potentialAction\":[{\"@type\":\"ReadAction\",\"target\":[\"https:\/\/musiqueenchemin.fr\/index.php\/2019\/04\/08\/aguamadera\/\"]}]},{\"@type\":\"ImageObject\",\"inLanguage\":\"fr-FR\",\"@id\":\"https:\/\/musiqueenchemin.fr\/index.php\/2019\/04\/08\/aguamadera\/#primaryimage\",\"url\":\"http:\/\/musiqueenchemin.fr\/wp-content\/uploads\/2019\/04\/AGUA-2.jpg\",\"contentUrl\":\"http:\/\/musiqueenchemin.fr\/wp-content\/uploads\/2019\/04\/AGUA-2.jpg\",\"width\":900,\"height\":598},{\"@type\":\"BreadcrumbList\",\"@id\":\"https:\/\/musiqueenchemin.fr\/index.php\/2019\/04\/08\/aguamadera\/#breadcrumb\",\"itemListElement\":[{\"@type\":\"ListItem\",\"position\":1,\"name\":\"Accueil\",\"item\":\"https:\/\/musiqueenchemin.fr\/\"},{\"@type\":\"ListItem\",\"position\":2,\"name\":\"Aguamadera\"}]},{\"@type\":\"WebSite\",\"@id\":\"https:\/\/musiqueenchemin.fr\/#website\",\"url\":\"https:\/\/musiqueenchemin.fr\/\",\"name\":\"Musique en Chemin\",\"description\":\"\",\"publisher\":{\"@id\":\"https:\/\/musiqueenchemin.fr\/#organization\"},\"potentialAction\":[{\"@type\":\"SearchAction\",\"target\":{\"@type\":\"EntryPoint\",\"urlTemplate\":\"https:\/\/musiqueenchemin.fr\/?s={search_term_string}\"},\"query-input\":{\"@type\":\"PropertyValueSpecification\",\"valueRequired\":true,\"valueName\":\"search_term_string\"}}],\"inLanguage\":\"fr-FR\"},{\"@type\":\"Organization\",\"@id\":\"https:\/\/musiqueenchemin.fr\/#organization\",\"name\":\"Musique en Chemin\",\"url\":\"https:\/\/musiqueenchemin.fr\/\",\"logo\":{\"@type\":\"ImageObject\",\"inLanguage\":\"fr-FR\",\"@id\":\"https:\/\/musiqueenchemin.fr\/#\/schema\/logo\/image\/\",\"url\":\"http:\/\/musiqueenchemin.fr\/wp-content\/uploads\/2024\/03\/huppe-jaune-2024.png\",\"contentUrl\":\"http:\/\/musiqueenchemin.fr\/wp-content\/uploads\/2024\/03\/huppe-jaune-2024.png\",\"width\":560,\"height\":387,\"caption\":\"Musique en Chemin\"},\"image\":{\"@id\":\"https:\/\/musiqueenchemin.fr\/#\/schema\/logo\/image\/\"}},{\"@type\":\"Person\",\"@id\":\"https:\/\/musiqueenchemin.fr\/#\/schema\/person\/6c4caa9d003e40448be270fea1e3cbff\",\"name\":\"Musique en Chemin\",\"image\":{\"@type\":\"ImageObject\",\"inLanguage\":\"fr-FR\",\"@id\":\"https:\/\/musiqueenchemin.fr\/#\/schema\/person\/image\/\",\"url\":\"https:\/\/secure.gravatar.com\/avatar\/7b1be4a90bcc64c58111b64ffe668b413f96ab86aad982e7fdacac32cefcb4ec?s=96&d=mm&r=g\",\"contentUrl\":\"https:\/\/secure.gravatar.com\/avatar\/7b1be4a90bcc64c58111b64ffe668b413f96ab86aad982e7fdacac32cefcb4ec?s=96&d=mm&r=g\",\"caption\":\"Musique en Chemin\"},\"url\":\"http:\/\/musiqueenchemin.fr\/index.php\/author\/chem\/\"}]}<\/script>\n<!-- \/ Yoast SEO plugin. -->","yoast_head_json":{"title":"Aguamadera -","robots":{"index":"index","follow":"follow","max-snippet":"max-snippet:-1","max-image-preview":"max-image-preview:large","max-video-preview":"max-video-preview:-1"},"canonical":"https:\/\/musiqueenchemin.fr\/index.php\/2019\/04\/08\/aguamadera\/","og_locale":"fr_FR","og_type":"article","og_title":"Aguamadera -","og_description":"Dimanche 28 juillet 15h&nbsp;| Concert au clo\u00eetre Mar\u00eda Cabral : Voix, cuatro et maracas.Marco Grancelli : Voix, cuatro et guitare. Venez d\u00e9couvrir deux jeunes musiciens argentins de talent dans un concert de musique folklorique latino-am\u00e9ricaine loin d\u2019\u00eatre un concert comme [&hellip;]","og_url":"https:\/\/musiqueenchemin.fr\/index.php\/2019\/04\/08\/aguamadera\/","article_published_time":"2019-04-08T12:13:36+00:00","article_modified_time":"2019-07-22T08:27:30+00:00","og_image":[{"url":"http:\/\/musiqueenchemin.fr\/wp-content\/uploads\/2019\/04\/AGUA-2.jpg","type":"","width":"","height":""}],"author":"Musique en Chemin","twitter_card":"summary_large_image","twitter_misc":{"\u00c9crit par":"Musique en Chemin","Dur\u00e9e de lecture estim\u00e9e":"1 minute"},"schema":{"@context":"https:\/\/schema.org","@graph":[{"@type":"Article","@id":"https:\/\/musiqueenchemin.fr\/index.php\/2019\/04\/08\/aguamadera\/#article","isPartOf":{"@id":"https:\/\/musiqueenchemin.fr\/index.php\/2019\/04\/08\/aguamadera\/"},"author":{"name":"Musique en Chemin","@id":"https:\/\/musiqueenchemin.fr\/#\/schema\/person\/6c4caa9d003e40448be270fea1e3cbff"},"headline":"Aguamadera","datePublished":"2019-04-08T12:13:36+00:00","dateModified":"2019-07-22T08:27:30+00:00","mainEntityOfPage":{"@id":"https:\/\/musiqueenchemin.fr\/index.php\/2019\/04\/08\/aguamadera\/"},"wordCount":240,"publisher":{"@id":"https:\/\/musiqueenchemin.fr\/#organization"},"image":{"@id":"https:\/\/musiqueenchemin.fr\/index.php\/2019\/04\/08\/aguamadera\/#primaryimage"},"thumbnailUrl":"http:\/\/musiqueenchemin.fr\/wp-content\/uploads\/2019\/04\/AGUA-2.jpg","inLanguage":"fr-FR"},{"@type":"WebPage","@id":"https:\/\/musiqueenchemin.fr\/index.php\/2019\/04\/08\/aguamadera\/","url":"https:\/\/musiqueenchemin.fr\/index.php\/2019\/04\/08\/aguamadera\/","name":"Aguamadera -","isPartOf":{"@id":"https:\/\/musiqueenchemin.fr\/#website"},"primaryImageOfPage":{"@id":"https:\/\/musiqueenchemin.fr\/index.php\/2019\/04\/08\/aguamadera\/#primaryimage"},"image":{"@id":"https:\/\/musiqueenchemin.fr\/index.php\/2019\/04\/08\/aguamadera\/#primaryimage"},"thumbnailUrl":"http:\/\/musiqueenchemin.fr\/wp-content\/uploads\/2019\/04\/AGUA-2.jpg","datePublished":"2019-04-08T12:13:36+00:00","dateModified":"2019-07-22T08:27:30+00:00","breadcrumb":{"@id":"https:\/\/musiqueenchemin.fr\/index.php\/2019\/04\/08\/aguamadera\/#breadcrumb"},"inLanguage":"fr-FR","potentialAction":[{"@type":"ReadAction","target":["https:\/\/musiqueenchemin.fr\/index.php\/2019\/04\/08\/aguamadera\/"]}]},{"@type":"ImageObject","inLanguage":"fr-FR","@id":"https:\/\/musiqueenchemin.fr\/index.php\/2019\/04\/08\/aguamadera\/#primaryimage","url":"http:\/\/musiqueenchemin.fr\/wp-content\/uploads\/2019\/04\/AGUA-2.jpg","contentUrl":"http:\/\/musiqueenchemin.fr\/wp-content\/uploads\/2019\/04\/AGUA-2.jpg","width":900,"height":598},{"@type":"BreadcrumbList","@id":"https:\/\/musiqueenchemin.fr\/index.php\/2019\/04\/08\/aguamadera\/#breadcrumb","itemListElement":[{"@type":"ListItem","position":1,"name":"Accueil","item":"https:\/\/musiqueenchemin.fr\/"},{"@type":"ListItem","position":2,"name":"Aguamadera"}]},{"@type":"WebSite","@id":"https:\/\/musiqueenchemin.fr\/#website","url":"https:\/\/musiqueenchemin.fr\/","name":"Musique en Chemin","description":"","publisher":{"@id":"https:\/\/musiqueenchemin.fr\/#organization"},"potentialAction":[{"@type":"SearchAction","target":{"@type":"EntryPoint","urlTemplate":"https:\/\/musiqueenchemin.fr\/?s={search_term_string}"},"query-input":{"@type":"PropertyValueSpecification","valueRequired":true,"valueName":"search_term_string"}}],"inLanguage":"fr-FR"},{"@type":"Organization","@id":"https:\/\/musiqueenchemin.fr\/#organization","name":"Musique en Chemin","url":"https:\/\/musiqueenchemin.fr\/","logo":{"@type":"ImageObject","inLanguage":"fr-FR","@id":"https:\/\/musiqueenchemin.fr\/#\/schema\/logo\/image\/","url":"http:\/\/musiqueenchemin.fr\/wp-content\/uploads\/2024\/03\/huppe-jaune-2024.png","contentUrl":"http:\/\/musiqueenchemin.fr\/wp-content\/uploads\/2024\/03\/huppe-jaune-2024.png","width":560,"height":387,"caption":"Musique en Chemin"},"image":{"@id":"https:\/\/musiqueenchemin.fr\/#\/schema\/logo\/image\/"}},{"@type":"Person","@id":"https:\/\/musiqueenchemin.fr\/#\/schema\/person\/6c4caa9d003e40448be270fea1e3cbff","name":"Musique en Chemin","image":{"@type":"ImageObject","inLanguage":"fr-FR","@id":"https:\/\/musiqueenchemin.fr\/#\/schema\/person\/image\/","url":"https:\/\/secure.gravatar.com\/avatar\/7b1be4a90bcc64c58111b64ffe668b413f96ab86aad982e7fdacac32cefcb4ec?s=96&d=mm&r=g","contentUrl":"https:\/\/secure.gravatar.com\/avatar\/7b1be4a90bcc64c58111b64ffe668b413f96ab86aad982e7fdacac32cefcb4ec?s=96&d=mm&r=g","caption":"Musique en Chemin"},"url":"http:\/\/musiqueenchemin.fr\/index.php\/author\/chem\/"}]}},"_links":{"self":[{"href":"http:\/\/musiqueenchemin.fr\/index.php\/wp-json\/wp\/v2\/posts\/2414","targetHints":{"allow":["GET"]}}],"collection":[{"href":"http:\/\/musiqueenchemin.fr\/index.php\/wp-json\/wp\/v2\/posts"}],"about":[{"href":"http:\/\/musiqueenchemin.fr\/index.php\/wp-json\/wp\/v2\/types\/post"}],"author":[{"embeddable":true,"href":"http:\/\/musiqueenchemin.fr\/index.php\/wp-json\/wp\/v2\/users\/1"}],"replies":[{"embeddable":true,"href":"http:\/\/musiqueenchemin.fr\/index.php\/wp-json\/wp\/v2\/comments?post=2414"}],"version-history":[{"count":6,"href":"http:\/\/musiqueenchemin.fr\/index.php\/wp-json\/wp\/v2\/posts\/2414\/revisions"}],"predecessor-version":[{"id":2595,"href":"http:\/\/musiqueenchemin.fr\/index.php\/wp-json\/wp\/v2\/posts\/2414\/revisions\/2595"}],"wp:attachment":[{"href":"http:\/\/musiqueenchemin.fr\/index.php\/wp-json\/wp\/v2\/media?parent=2414"}],"wp:term":[{"taxonomy":"category","embeddable":true,"href":"http:\/\/musiqueenchemin.fr\/index.php\/wp-json\/wp\/v2\/categories?post=2414"},{"taxonomy":"post_tag","embeddable":true,"href":"http:\/\/musiqueenchemin.fr\/index.php\/wp-json\/wp\/v2\/tags?post=2414"}],"curies":[{"name":"wp","href":"https:\/\/api.w.org\/{rel}","templated":true}]}}