{"id":2440,"date":"2019-04-08T13:29:42","date_gmt":"2019-04-08T12:29:42","guid":{"rendered":"http:\/\/musiqueenchemin.fr\/?p=2440"},"modified":"2019-07-10T16:46:25","modified_gmt":"2019-07-10T15:46:25","slug":"promenade-des-sens","status":"publish","type":"post","link":"http:\/\/musiqueenchemin.fr\/index.php\/2019\/04\/08\/promenade-des-sens\/","title":{"rendered":"Promenade des sens"},"content":{"rendered":"\n<h2 class=\"wp-block-heading\">Dimanche <span style=\"color: #6b58a1;\">28<\/span> juillet<\/h2>\n\n\n\n<h4 class=\"wp-block-heading\">10h30&nbsp;| Balade (D\u00e9part place du village La Romieu)<\/h4>\n\n\n\n<h3 class=\"wp-block-heading\">JEUNE PUBLIC<\/h3>\n\n\n\n<figure class=\"wp-block-image\"><img loading=\"lazy\" decoding=\"async\" width=\"900\" height=\"506\" src=\"http:\/\/musiqueenchemin.fr\/wp-content\/uploads\/2019\/04\/Rachel-Delaistier-2.jpg\" alt=\"\" class=\"wp-image-2443\" srcset=\"http:\/\/musiqueenchemin.fr\/wp-content\/uploads\/2019\/04\/Rachel-Delaistier-2.jpg 900w, http:\/\/musiqueenchemin.fr\/wp-content\/uploads\/2019\/04\/Rachel-Delaistier-2-300x169.jpg 300w, http:\/\/musiqueenchemin.fr\/wp-content\/uploads\/2019\/04\/Rachel-Delaistier-2-768x432.jpg 768w, http:\/\/musiqueenchemin.fr\/wp-content\/uploads\/2019\/04\/Rachel-Delaistier-2-600x337.jpg 600w, http:\/\/musiqueenchemin.fr\/wp-content\/uploads\/2019\/04\/Rachel-Delaistier-2-50x28.jpg 50w, http:\/\/musiqueenchemin.fr\/wp-content\/uploads\/2019\/04\/Rachel-Delaistier-2-820x461.jpg 820w\" sizes=\"auto, (max-width: 900px) 100vw, 900px\" \/><\/figure>\n\n\n\n<p><strong>Rachel Delaistier<\/strong> nous emm\u00e8ne en promenade. Oh, pas bien loin, l\u00e0, juste l\u00e0 ! Au coin de la rue, sur la place, au lavoir\u2026 ces lieux o\u00f9 l\u2019on passe sans prendre toujours le temps de les go\u00fbter. On vous propose de prendre le temps, et alors \u00e0 chaque d\u00e9tour, on d\u00e9couvrira s\u00fbrement une histoire, une chanson, un secret\u2026<\/p>\n\n\n\n<hr class=\"wp-block-separator\"\/>\n\n\n\n<h2 class=\"wp-block-heading\">Pratique<\/h2>\n\n\n\n<h5 class=\"wp-block-heading\">Dur\u00e9e\u00a0: 1h &#8211; Tarif B<\/h5>\n\n\n\n<p>R\u00e9servez vos billets avec <a rel=\"noreferrer noopener\" aria-label=\" (opens in a new tab)\" href=\"https:\/\/musiqueenchemin.festik.net\/promenade-des-sens\/1\" target=\"_blank\">Festik<\/a> ou <a href=\"http:\/\/gascogne-lomagne.fr\/Evenement\/festival-musique-en-chemin-promenade-de-sens-jeune-public\/\" target=\"_blank\" rel=\"noreferrer noopener\" aria-label=\" (opens in a new tab)\">l\u2019Office de Tourisme Gascogne Lomagne<\/a><\/p>\n","protected":false},"excerpt":{"rendered":"<p>Dimanche 28 juillet 10h30&nbsp;| Balade (D\u00e9part place du village La Romieu) JEUNE PUBLIC Rachel Delaistier nous emm\u00e8ne en promenade. Oh, pas bien loin, l\u00e0, juste l\u00e0 ! Au coin de la rue, sur la place, au lavoir\u2026 ces lieux o\u00f9 [&hellip;]<\/p>\n","protected":false},"author":1,"featured_media":0,"comment_status":"closed","ping_status":"closed","sticky":false,"template":"","format":"standard","meta":{"cwp_meta_box_check":"No","cwp_rev_product_name":"","cwp_rev_product_image":"","wppr_links":[],"cwp_rev_price":"","wppr_options":[],"wppr_pros":[],"wppr_cons":[],"footnotes":""},"categories":[1],"tags":[],"class_list":["post-2440","post","type-post","status-publish","format-standard","hentry","category-non-classe"],"wppr_data":{"cwp_meta_box_check":"No"},"yoast_head":"<!-- This site is optimized with the Yoast SEO plugin v25.0 - https:\/\/yoast.com\/wordpress\/plugins\/seo\/ -->\n<title>Promenade des sens -<\/title>\n<meta name=\"robots\" content=\"index, follow, max-snippet:-1, max-image-preview:large, max-video-preview:-1\" \/>\n<link rel=\"canonical\" href=\"https:\/\/musiqueenchemin.fr\/index.php\/2019\/04\/08\/promenade-des-sens\/\" \/>\n<meta property=\"og:locale\" content=\"fr_FR\" \/>\n<meta property=\"og:type\" content=\"article\" \/>\n<meta property=\"og:title\" content=\"Promenade des sens -\" \/>\n<meta property=\"og:description\" content=\"Dimanche 28 juillet 10h30&nbsp;| Balade (D\u00e9part place du village La Romieu) JEUNE PUBLIC Rachel Delaistier nous emm\u00e8ne en promenade. Oh, pas bien loin, l\u00e0, juste l\u00e0 ! Au coin de la rue, sur la place, au lavoir\u2026 ces lieux o\u00f9 [&hellip;]\" \/>\n<meta property=\"og:url\" content=\"https:\/\/musiqueenchemin.fr\/index.php\/2019\/04\/08\/promenade-des-sens\/\" \/>\n<meta property=\"article:published_time\" content=\"2019-04-08T12:29:42+00:00\" \/>\n<meta property=\"article:modified_time\" content=\"2019-07-10T15:46:25+00:00\" \/>\n<meta property=\"og:image\" content=\"http:\/\/musiqueenchemin.fr\/wp-content\/uploads\/2019\/04\/Rachel-Delaistier-2.jpg\" \/>\n<meta name=\"author\" content=\"Musique en Chemin\" \/>\n<meta name=\"twitter:card\" content=\"summary_large_image\" \/>\n<meta name=\"twitter:label1\" content=\"\u00c9crit par\" \/>\n\t<meta name=\"twitter:data1\" content=\"Musique en Chemin\" \/>\n<script type=\"application\/ld+json\" class=\"yoast-schema-graph\">{\"@context\":\"https:\/\/schema.org\",\"@graph\":[{\"@type\":\"Article\",\"@id\":\"https:\/\/musiqueenchemin.fr\/index.php\/2019\/04\/08\/promenade-des-sens\/#article\",\"isPartOf\":{\"@id\":\"https:\/\/musiqueenchemin.fr\/index.php\/2019\/04\/08\/promenade-des-sens\/\"},\"author\":{\"name\":\"Musique en Chemin\",\"@id\":\"https:\/\/musiqueenchemin.fr\/#\/schema\/person\/6c4caa9d003e40448be270fea1e3cbff\"},\"headline\":\"Promenade des sens\",\"datePublished\":\"2019-04-08T12:29:42+00:00\",\"dateModified\":\"2019-07-10T15:46:25+00:00\",\"mainEntityOfPage\":{\"@id\":\"https:\/\/musiqueenchemin.fr\/index.php\/2019\/04\/08\/promenade-des-sens\/\"},\"wordCount\":99,\"publisher\":{\"@id\":\"https:\/\/musiqueenchemin.fr\/#organization\"},\"image\":{\"@id\":\"https:\/\/musiqueenchemin.fr\/index.php\/2019\/04\/08\/promenade-des-sens\/#primaryimage\"},\"thumbnailUrl\":\"http:\/\/musiqueenchemin.fr\/wp-content\/uploads\/2019\/04\/Rachel-Delaistier-2.jpg\",\"inLanguage\":\"fr-FR\"},{\"@type\":\"WebPage\",\"@id\":\"https:\/\/musiqueenchemin.fr\/index.php\/2019\/04\/08\/promenade-des-sens\/\",\"url\":\"https:\/\/musiqueenchemin.fr\/index.php\/2019\/04\/08\/promenade-des-sens\/\",\"name\":\"Promenade des sens -\",\"isPartOf\":{\"@id\":\"https:\/\/musiqueenchemin.fr\/#website\"},\"primaryImageOfPage\":{\"@id\":\"https:\/\/musiqueenchemin.fr\/index.php\/2019\/04\/08\/promenade-des-sens\/#primaryimage\"},\"image\":{\"@id\":\"https:\/\/musiqueenchemin.fr\/index.php\/2019\/04\/08\/promenade-des-sens\/#primaryimage\"},\"thumbnailUrl\":\"http:\/\/musiqueenchemin.fr\/wp-content\/uploads\/2019\/04\/Rachel-Delaistier-2.jpg\",\"datePublished\":\"2019-04-08T12:29:42+00:00\",\"dateModified\":\"2019-07-10T15:46:25+00:00\",\"breadcrumb\":{\"@id\":\"https:\/\/musiqueenchemin.fr\/index.php\/2019\/04\/08\/promenade-des-sens\/#breadcrumb\"},\"inLanguage\":\"fr-FR\",\"potentialAction\":[{\"@type\":\"ReadAction\",\"target\":[\"https:\/\/musiqueenchemin.fr\/index.php\/2019\/04\/08\/promenade-des-sens\/\"]}]},{\"@type\":\"ImageObject\",\"inLanguage\":\"fr-FR\",\"@id\":\"https:\/\/musiqueenchemin.fr\/index.php\/2019\/04\/08\/promenade-des-sens\/#primaryimage\",\"url\":\"http:\/\/musiqueenchemin.fr\/wp-content\/uploads\/2019\/04\/Rachel-Delaistier-2.jpg\",\"contentUrl\":\"http:\/\/musiqueenchemin.fr\/wp-content\/uploads\/2019\/04\/Rachel-Delaistier-2.jpg\",\"width\":900,\"height\":506},{\"@type\":\"BreadcrumbList\",\"@id\":\"https:\/\/musiqueenchemin.fr\/index.php\/2019\/04\/08\/promenade-des-sens\/#breadcrumb\",\"itemListElement\":[{\"@type\":\"ListItem\",\"position\":1,\"name\":\"Accueil\",\"item\":\"https:\/\/musiqueenchemin.fr\/\"},{\"@type\":\"ListItem\",\"position\":2,\"name\":\"Promenade des sens\"}]},{\"@type\":\"WebSite\",\"@id\":\"https:\/\/musiqueenchemin.fr\/#website\",\"url\":\"https:\/\/musiqueenchemin.fr\/\",\"name\":\"Musique en Chemin\",\"description\":\"\",\"publisher\":{\"@id\":\"https:\/\/musiqueenchemin.fr\/#organization\"},\"potentialAction\":[{\"@type\":\"SearchAction\",\"target\":{\"@type\":\"EntryPoint\",\"urlTemplate\":\"https:\/\/musiqueenchemin.fr\/?s={search_term_string}\"},\"query-input\":{\"@type\":\"PropertyValueSpecification\",\"valueRequired\":true,\"valueName\":\"search_term_string\"}}],\"inLanguage\":\"fr-FR\"},{\"@type\":\"Organization\",\"@id\":\"https:\/\/musiqueenchemin.fr\/#organization\",\"name\":\"Musique en Chemin\",\"url\":\"https:\/\/musiqueenchemin.fr\/\",\"logo\":{\"@type\":\"ImageObject\",\"inLanguage\":\"fr-FR\",\"@id\":\"https:\/\/musiqueenchemin.fr\/#\/schema\/logo\/image\/\",\"url\":\"http:\/\/musiqueenchemin.fr\/wp-content\/uploads\/2024\/03\/huppe-jaune-2024.png\",\"contentUrl\":\"http:\/\/musiqueenchemin.fr\/wp-content\/uploads\/2024\/03\/huppe-jaune-2024.png\",\"width\":560,\"height\":387,\"caption\":\"Musique en Chemin\"},\"image\":{\"@id\":\"https:\/\/musiqueenchemin.fr\/#\/schema\/logo\/image\/\"}},{\"@type\":\"Person\",\"@id\":\"https:\/\/musiqueenchemin.fr\/#\/schema\/person\/6c4caa9d003e40448be270fea1e3cbff\",\"name\":\"Musique en Chemin\",\"image\":{\"@type\":\"ImageObject\",\"inLanguage\":\"fr-FR\",\"@id\":\"https:\/\/musiqueenchemin.fr\/#\/schema\/person\/image\/\",\"url\":\"https:\/\/secure.gravatar.com\/avatar\/7b1be4a90bcc64c58111b64ffe668b413f96ab86aad982e7fdacac32cefcb4ec?s=96&d=mm&r=g\",\"contentUrl\":\"https:\/\/secure.gravatar.com\/avatar\/7b1be4a90bcc64c58111b64ffe668b413f96ab86aad982e7fdacac32cefcb4ec?s=96&d=mm&r=g\",\"caption\":\"Musique en Chemin\"},\"url\":\"http:\/\/musiqueenchemin.fr\/index.php\/author\/chem\/\"}]}<\/script>\n<!-- \/ Yoast SEO plugin. -->","yoast_head_json":{"title":"Promenade des sens -","robots":{"index":"index","follow":"follow","max-snippet":"max-snippet:-1","max-image-preview":"max-image-preview:large","max-video-preview":"max-video-preview:-1"},"canonical":"https:\/\/musiqueenchemin.fr\/index.php\/2019\/04\/08\/promenade-des-sens\/","og_locale":"fr_FR","og_type":"article","og_title":"Promenade des sens -","og_description":"Dimanche 28 juillet 10h30&nbsp;| Balade (D\u00e9part place du village La Romieu) JEUNE PUBLIC Rachel Delaistier nous emm\u00e8ne en promenade. Oh, pas bien loin, l\u00e0, juste l\u00e0 ! Au coin de la rue, sur la place, au lavoir\u2026 ces lieux o\u00f9 [&hellip;]","og_url":"https:\/\/musiqueenchemin.fr\/index.php\/2019\/04\/08\/promenade-des-sens\/","article_published_time":"2019-04-08T12:29:42+00:00","article_modified_time":"2019-07-10T15:46:25+00:00","og_image":[{"url":"http:\/\/musiqueenchemin.fr\/wp-content\/uploads\/2019\/04\/Rachel-Delaistier-2.jpg","type":"","width":"","height":""}],"author":"Musique en Chemin","twitter_card":"summary_large_image","twitter_misc":{"\u00c9crit par":"Musique en Chemin"},"schema":{"@context":"https:\/\/schema.org","@graph":[{"@type":"Article","@id":"https:\/\/musiqueenchemin.fr\/index.php\/2019\/04\/08\/promenade-des-sens\/#article","isPartOf":{"@id":"https:\/\/musiqueenchemin.fr\/index.php\/2019\/04\/08\/promenade-des-sens\/"},"author":{"name":"Musique en Chemin","@id":"https:\/\/musiqueenchemin.fr\/#\/schema\/person\/6c4caa9d003e40448be270fea1e3cbff"},"headline":"Promenade des sens","datePublished":"2019-04-08T12:29:42+00:00","dateModified":"2019-07-10T15:46:25+00:00","mainEntityOfPage":{"@id":"https:\/\/musiqueenchemin.fr\/index.php\/2019\/04\/08\/promenade-des-sens\/"},"wordCount":99,"publisher":{"@id":"https:\/\/musiqueenchemin.fr\/#organization"},"image":{"@id":"https:\/\/musiqueenchemin.fr\/index.php\/2019\/04\/08\/promenade-des-sens\/#primaryimage"},"thumbnailUrl":"http:\/\/musiqueenchemin.fr\/wp-content\/uploads\/2019\/04\/Rachel-Delaistier-2.jpg","inLanguage":"fr-FR"},{"@type":"WebPage","@id":"https:\/\/musiqueenchemin.fr\/index.php\/2019\/04\/08\/promenade-des-sens\/","url":"https:\/\/musiqueenchemin.fr\/index.php\/2019\/04\/08\/promenade-des-sens\/","name":"Promenade des sens -","isPartOf":{"@id":"https:\/\/musiqueenchemin.fr\/#website"},"primaryImageOfPage":{"@id":"https:\/\/musiqueenchemin.fr\/index.php\/2019\/04\/08\/promenade-des-sens\/#primaryimage"},"image":{"@id":"https:\/\/musiqueenchemin.fr\/index.php\/2019\/04\/08\/promenade-des-sens\/#primaryimage"},"thumbnailUrl":"http:\/\/musiqueenchemin.fr\/wp-content\/uploads\/2019\/04\/Rachel-Delaistier-2.jpg","datePublished":"2019-04-08T12:29:42+00:00","dateModified":"2019-07-10T15:46:25+00:00","breadcrumb":{"@id":"https:\/\/musiqueenchemin.fr\/index.php\/2019\/04\/08\/promenade-des-sens\/#breadcrumb"},"inLanguage":"fr-FR","potentialAction":[{"@type":"ReadAction","target":["https:\/\/musiqueenchemin.fr\/index.php\/2019\/04\/08\/promenade-des-sens\/"]}]},{"@type":"ImageObject","inLanguage":"fr-FR","@id":"https:\/\/musiqueenchemin.fr\/index.php\/2019\/04\/08\/promenade-des-sens\/#primaryimage","url":"http:\/\/musiqueenchemin.fr\/wp-content\/uploads\/2019\/04\/Rachel-Delaistier-2.jpg","contentUrl":"http:\/\/musiqueenchemin.fr\/wp-content\/uploads\/2019\/04\/Rachel-Delaistier-2.jpg","width":900,"height":506},{"@type":"BreadcrumbList","@id":"https:\/\/musiqueenchemin.fr\/index.php\/2019\/04\/08\/promenade-des-sens\/#breadcrumb","itemListElement":[{"@type":"ListItem","position":1,"name":"Accueil","item":"https:\/\/musiqueenchemin.fr\/"},{"@type":"ListItem","position":2,"name":"Promenade des sens"}]},{"@type":"WebSite","@id":"https:\/\/musiqueenchemin.fr\/#website","url":"https:\/\/musiqueenchemin.fr\/","name":"Musique en Chemin","description":"","publisher":{"@id":"https:\/\/musiqueenchemin.fr\/#organization"},"potentialAction":[{"@type":"SearchAction","target":{"@type":"EntryPoint","urlTemplate":"https:\/\/musiqueenchemin.fr\/?s={search_term_string}"},"query-input":{"@type":"PropertyValueSpecification","valueRequired":true,"valueName":"search_term_string"}}],"inLanguage":"fr-FR"},{"@type":"Organization","@id":"https:\/\/musiqueenchemin.fr\/#organization","name":"Musique en Chemin","url":"https:\/\/musiqueenchemin.fr\/","logo":{"@type":"ImageObject","inLanguage":"fr-FR","@id":"https:\/\/musiqueenchemin.fr\/#\/schema\/logo\/image\/","url":"http:\/\/musiqueenchemin.fr\/wp-content\/uploads\/2024\/03\/huppe-jaune-2024.png","contentUrl":"http:\/\/musiqueenchemin.fr\/wp-content\/uploads\/2024\/03\/huppe-jaune-2024.png","width":560,"height":387,"caption":"Musique en Chemin"},"image":{"@id":"https:\/\/musiqueenchemin.fr\/#\/schema\/logo\/image\/"}},{"@type":"Person","@id":"https:\/\/musiqueenchemin.fr\/#\/schema\/person\/6c4caa9d003e40448be270fea1e3cbff","name":"Musique en Chemin","image":{"@type":"ImageObject","inLanguage":"fr-FR","@id":"https:\/\/musiqueenchemin.fr\/#\/schema\/person\/image\/","url":"https:\/\/secure.gravatar.com\/avatar\/7b1be4a90bcc64c58111b64ffe668b413f96ab86aad982e7fdacac32cefcb4ec?s=96&d=mm&r=g","contentUrl":"https:\/\/secure.gravatar.com\/avatar\/7b1be4a90bcc64c58111b64ffe668b413f96ab86aad982e7fdacac32cefcb4ec?s=96&d=mm&r=g","caption":"Musique en Chemin"},"url":"http:\/\/musiqueenchemin.fr\/index.php\/author\/chem\/"}]}},"_links":{"self":[{"href":"http:\/\/musiqueenchemin.fr\/index.php\/wp-json\/wp\/v2\/posts\/2440","targetHints":{"allow":["GET"]}}],"collection":[{"href":"http:\/\/musiqueenchemin.fr\/index.php\/wp-json\/wp\/v2\/posts"}],"about":[{"href":"http:\/\/musiqueenchemin.fr\/index.php\/wp-json\/wp\/v2\/types\/post"}],"author":[{"embeddable":true,"href":"http:\/\/musiqueenchemin.fr\/index.php\/wp-json\/wp\/v2\/users\/1"}],"replies":[{"embeddable":true,"href":"http:\/\/musiqueenchemin.fr\/index.php\/wp-json\/wp\/v2\/comments?post=2440"}],"version-history":[{"count":2,"href":"http:\/\/musiqueenchemin.fr\/index.php\/wp-json\/wp\/v2\/posts\/2440\/revisions"}],"predecessor-version":[{"id":2558,"href":"http:\/\/musiqueenchemin.fr\/index.php\/wp-json\/wp\/v2\/posts\/2440\/revisions\/2558"}],"wp:attachment":[{"href":"http:\/\/musiqueenchemin.fr\/index.php\/wp-json\/wp\/v2\/media?parent=2440"}],"wp:term":[{"taxonomy":"category","embeddable":true,"href":"http:\/\/musiqueenchemin.fr\/index.php\/wp-json\/wp\/v2\/categories?post=2440"},{"taxonomy":"post_tag","embeddable":true,"href":"http:\/\/musiqueenchemin.fr\/index.php\/wp-json\/wp\/v2\/tags?post=2440"}],"curies":[{"name":"wp","href":"https:\/\/api.w.org\/{rel}","templated":true}]}}