{"id":2453,"date":"2019-04-08T13:37:33","date_gmt":"2019-04-08T12:37:33","guid":{"rendered":"http:\/\/musiqueenchemin.fr\/?p=2453"},"modified":"2019-04-08T13:37:36","modified_gmt":"2019-04-08T12:37:36","slug":"vendredi-26-juillet","status":"publish","type":"post","link":"http:\/\/musiqueenchemin.fr\/index.php\/2019\/04\/08\/vendredi-26-juillet\/","title":{"rendered":"Vendredi 26 juillet"},"content":{"rendered":"\n<h4>19h | Espace festival<\/h4>\n<h3><span style=\"color: #3554a2;\">Mise en oreille* <\/span><\/h3>\n<h4>Rencontre avec deux compositeurs : Alexandros Markeas et Bastien David<\/h4>\n<h5>Dur\u00e9e : 40 minutes &#8211; Entr\u00e9e libre<\/h5>\n<hr \/>\n<h4>Ap\u00e9ritif et restauration possible \u00e0 l\u2019espace festival ou dans les restaurants du village.<\/h4>\n<hr \/>\n<h4>20h30 | Concert \u00e0 la Coll\u00e9giale<\/h4>\n<h3><a href=\"http:\/\/musiqueenchemin.fr\/index.php\/2019\/04\/08\/vox-europa\/\"><span style=\"color: #3554a2;\">Vox Europa<\/span><\/a><\/h3>\n<figure id=\"attachment_2324\" aria-describedby=\"caption-attachment-2324\" style=\"width: 900px\" class=\"wp-caption alignnone\"><img loading=\"lazy\" decoding=\"async\" class=\"size-full wp-image-2324\" src=\"http:\/\/musiqueenchemin.fr\/wp-content\/uploads\/2019\/04\/LMH-La-Romieu-1-c-Thomas-Millet.jpg\" alt=\"\" width=\"900\" height=\"481\" srcset=\"http:\/\/musiqueenchemin.fr\/wp-content\/uploads\/2019\/04\/LMH-La-Romieu-1-c-Thomas-Millet.jpg 900w, http:\/\/musiqueenchemin.fr\/wp-content\/uploads\/2019\/04\/LMH-La-Romieu-1-c-Thomas-Millet-300x160.jpg 300w, http:\/\/musiqueenchemin.fr\/wp-content\/uploads\/2019\/04\/LMH-La-Romieu-1-c-Thomas-Millet-768x410.jpg 768w, http:\/\/musiqueenchemin.fr\/wp-content\/uploads\/2019\/04\/LMH-La-Romieu-1-c-Thomas-Millet-600x321.jpg 600w, http:\/\/musiqueenchemin.fr\/wp-content\/uploads\/2019\/04\/LMH-La-Romieu-1-c-Thomas-Millet-50x27.jpg 50w, http:\/\/musiqueenchemin.fr\/wp-content\/uploads\/2019\/04\/LMH-La-Romieu-1-c-Thomas-Millet-820x438.jpg 820w\" sizes=\"auto, (max-width: 900px) 100vw, 900px\" \/><figcaption id=\"caption-attachment-2324\" class=\"wp-caption-text\">Ensemble La Main Harmonique \u00e0 La Romieu \/ Photo : Thomas Millet<\/figcaption><\/figure>\n<h4>Des grands ma\u00eetres du Nord \u00e0 la polyphonie d\u2019aujourd\u2019hui<\/h4>\n<h5>Ensemble La Main Harmonique,<br \/>Direction : Fr\u00e9d\u00e9ric B\u00e9tous<br \/>Ch\u0153ur Ambr\u00f2sia<\/h5>\n<p>Les possibilit\u00e9s infinies de l\u2019\u00e9criture polyphonique fascinent. C\u2019est de ce go\u00fbt europ\u00e9en pour cette musique vocale polyphonique dont il est question dans notre programme avec un choix d\u2019\u0153uvres majeures de Josquin des Pr\u00e9z, Nicolas Gombert ou encore de leurs h\u00e9ritiers. En regard, seront donn\u00e9es deux \u0153uvres de compositeurs contemporains, Bastien David et Alexandros Markeas, commandes de Radio France pour les chanteurs de La Main Harmonique.<\/p>\n<h5>Dur\u00e9e : 1h15 &#8211; Tarif A<\/h5>\n<hr \/>\n<h4>22h | Espace festival<\/h4>\n<h3><span style=\"color: #3554a2;\">Cocktail d\u2019ouverture du Festival<\/span><\/h3>\n","protected":false},"excerpt":{"rendered":"<p>19h | Espace festival Mise en oreille* Rencontre avec deux compositeurs : Alexandros Markeas et Bastien David Dur\u00e9e : 40 minutes &#8211; Entr\u00e9e libre Ap\u00e9ritif et restauration possible \u00e0 l\u2019espace festival ou dans les restaurants du village. 20h30 | Concert [&hellip;]<\/p>\n","protected":false},"author":1,"featured_media":0,"comment_status":"closed","ping_status":"closed","sticky":false,"template":"","format":"standard","meta":{"cwp_meta_box_check":"No","cwp_rev_product_name":"","cwp_rev_product_image":"","wppr_links":[],"cwp_rev_price":"","wppr_options":[],"wppr_pros":[],"wppr_cons":[],"footnotes":""},"categories":[1],"tags":[],"class_list":["post-2453","post","type-post","status-publish","format-standard","hentry","category-non-classe"],"wppr_data":{"cwp_meta_box_check":"No"},"yoast_head":"<!-- This site is optimized with the Yoast SEO plugin v25.0 - https:\/\/yoast.com\/wordpress\/plugins\/seo\/ -->\n<title>Vendredi 26 juillet -<\/title>\n<meta name=\"robots\" content=\"index, follow, max-snippet:-1, max-image-preview:large, max-video-preview:-1\" \/>\n<link rel=\"canonical\" href=\"https:\/\/musiqueenchemin.fr\/index.php\/2019\/04\/08\/vendredi-26-juillet\/\" \/>\n<meta property=\"og:locale\" content=\"fr_FR\" \/>\n<meta property=\"og:type\" content=\"article\" \/>\n<meta property=\"og:title\" content=\"Vendredi 26 juillet -\" \/>\n<meta property=\"og:description\" content=\"19h | Espace festival Mise en oreille* Rencontre avec deux compositeurs : Alexandros Markeas et Bastien David Dur\u00e9e : 40 minutes &#8211; Entr\u00e9e libre Ap\u00e9ritif et restauration possible \u00e0 l\u2019espace festival ou dans les restaurants du village. 20h30 | Concert [&hellip;]\" \/>\n<meta property=\"og:url\" content=\"https:\/\/musiqueenchemin.fr\/index.php\/2019\/04\/08\/vendredi-26-juillet\/\" \/>\n<meta property=\"article:published_time\" content=\"2019-04-08T12:37:33+00:00\" \/>\n<meta property=\"article:modified_time\" content=\"2019-04-08T12:37:36+00:00\" \/>\n<meta property=\"og:image\" content=\"http:\/\/musiqueenchemin.fr\/wp-content\/uploads\/2019\/04\/LMH-La-Romieu-1-c-Thomas-Millet.jpg\" \/>\n<meta name=\"author\" content=\"Musique en Chemin\" \/>\n<meta name=\"twitter:card\" content=\"summary_large_image\" \/>\n<meta name=\"twitter:label1\" content=\"\u00c9crit par\" \/>\n\t<meta name=\"twitter:data1\" content=\"Musique en Chemin\" \/>\n\t<meta name=\"twitter:label2\" content=\"Dur\u00e9e de lecture estim\u00e9e\" \/>\n\t<meta name=\"twitter:data2\" content=\"1 minute\" \/>\n<script type=\"application\/ld+json\" class=\"yoast-schema-graph\">{\"@context\":\"https:\/\/schema.org\",\"@graph\":[{\"@type\":\"Article\",\"@id\":\"https:\/\/musiqueenchemin.fr\/index.php\/2019\/04\/08\/vendredi-26-juillet\/#article\",\"isPartOf\":{\"@id\":\"https:\/\/musiqueenchemin.fr\/index.php\/2019\/04\/08\/vendredi-26-juillet\/\"},\"author\":{\"name\":\"Musique en Chemin\",\"@id\":\"https:\/\/musiqueenchemin.fr\/#\/schema\/person\/6c4caa9d003e40448be270fea1e3cbff\"},\"headline\":\"Vendredi 26 juillet\",\"datePublished\":\"2019-04-08T12:37:33+00:00\",\"dateModified\":\"2019-04-08T12:37:36+00:00\",\"mainEntityOfPage\":{\"@id\":\"https:\/\/musiqueenchemin.fr\/index.php\/2019\/04\/08\/vendredi-26-juillet\/\"},\"wordCount\":173,\"publisher\":{\"@id\":\"https:\/\/musiqueenchemin.fr\/#organization\"},\"image\":{\"@id\":\"https:\/\/musiqueenchemin.fr\/index.php\/2019\/04\/08\/vendredi-26-juillet\/#primaryimage\"},\"thumbnailUrl\":\"http:\/\/musiqueenchemin.fr\/wp-content\/uploads\/2019\/04\/LMH-La-Romieu-1-c-Thomas-Millet.jpg\",\"inLanguage\":\"fr-FR\"},{\"@type\":\"WebPage\",\"@id\":\"https:\/\/musiqueenchemin.fr\/index.php\/2019\/04\/08\/vendredi-26-juillet\/\",\"url\":\"https:\/\/musiqueenchemin.fr\/index.php\/2019\/04\/08\/vendredi-26-juillet\/\",\"name\":\"Vendredi 26 juillet -\",\"isPartOf\":{\"@id\":\"https:\/\/musiqueenchemin.fr\/#website\"},\"primaryImageOfPage\":{\"@id\":\"https:\/\/musiqueenchemin.fr\/index.php\/2019\/04\/08\/vendredi-26-juillet\/#primaryimage\"},\"image\":{\"@id\":\"https:\/\/musiqueenchemin.fr\/index.php\/2019\/04\/08\/vendredi-26-juillet\/#primaryimage\"},\"thumbnailUrl\":\"http:\/\/musiqueenchemin.fr\/wp-content\/uploads\/2019\/04\/LMH-La-Romieu-1-c-Thomas-Millet.jpg\",\"datePublished\":\"2019-04-08T12:37:33+00:00\",\"dateModified\":\"2019-04-08T12:37:36+00:00\",\"breadcrumb\":{\"@id\":\"https:\/\/musiqueenchemin.fr\/index.php\/2019\/04\/08\/vendredi-26-juillet\/#breadcrumb\"},\"inLanguage\":\"fr-FR\",\"potentialAction\":[{\"@type\":\"ReadAction\",\"target\":[\"https:\/\/musiqueenchemin.fr\/index.php\/2019\/04\/08\/vendredi-26-juillet\/\"]}]},{\"@type\":\"ImageObject\",\"inLanguage\":\"fr-FR\",\"@id\":\"https:\/\/musiqueenchemin.fr\/index.php\/2019\/04\/08\/vendredi-26-juillet\/#primaryimage\",\"url\":\"http:\/\/musiqueenchemin.fr\/wp-content\/uploads\/2019\/04\/LMH-La-Romieu-1-c-Thomas-Millet.jpg\",\"contentUrl\":\"http:\/\/musiqueenchemin.fr\/wp-content\/uploads\/2019\/04\/LMH-La-Romieu-1-c-Thomas-Millet.jpg\",\"width\":900,\"height\":481,\"caption\":\"Ensemble La Main Harmonique \u00e0 La Romieu \/ Photo : Thomas Millet\"},{\"@type\":\"BreadcrumbList\",\"@id\":\"https:\/\/musiqueenchemin.fr\/index.php\/2019\/04\/08\/vendredi-26-juillet\/#breadcrumb\",\"itemListElement\":[{\"@type\":\"ListItem\",\"position\":1,\"name\":\"Accueil\",\"item\":\"https:\/\/musiqueenchemin.fr\/\"},{\"@type\":\"ListItem\",\"position\":2,\"name\":\"Vendredi 26 juillet\"}]},{\"@type\":\"WebSite\",\"@id\":\"https:\/\/musiqueenchemin.fr\/#website\",\"url\":\"https:\/\/musiqueenchemin.fr\/\",\"name\":\"Musique en Chemin\",\"description\":\"\",\"publisher\":{\"@id\":\"https:\/\/musiqueenchemin.fr\/#organization\"},\"potentialAction\":[{\"@type\":\"SearchAction\",\"target\":{\"@type\":\"EntryPoint\",\"urlTemplate\":\"https:\/\/musiqueenchemin.fr\/?s={search_term_string}\"},\"query-input\":{\"@type\":\"PropertyValueSpecification\",\"valueRequired\":true,\"valueName\":\"search_term_string\"}}],\"inLanguage\":\"fr-FR\"},{\"@type\":\"Organization\",\"@id\":\"https:\/\/musiqueenchemin.fr\/#organization\",\"name\":\"Musique en Chemin\",\"url\":\"https:\/\/musiqueenchemin.fr\/\",\"logo\":{\"@type\":\"ImageObject\",\"inLanguage\":\"fr-FR\",\"@id\":\"https:\/\/musiqueenchemin.fr\/#\/schema\/logo\/image\/\",\"url\":\"http:\/\/musiqueenchemin.fr\/wp-content\/uploads\/2024\/03\/huppe-jaune-2024.png\",\"contentUrl\":\"http:\/\/musiqueenchemin.fr\/wp-content\/uploads\/2024\/03\/huppe-jaune-2024.png\",\"width\":560,\"height\":387,\"caption\":\"Musique en Chemin\"},\"image\":{\"@id\":\"https:\/\/musiqueenchemin.fr\/#\/schema\/logo\/image\/\"}},{\"@type\":\"Person\",\"@id\":\"https:\/\/musiqueenchemin.fr\/#\/schema\/person\/6c4caa9d003e40448be270fea1e3cbff\",\"name\":\"Musique en Chemin\",\"image\":{\"@type\":\"ImageObject\",\"inLanguage\":\"fr-FR\",\"@id\":\"https:\/\/musiqueenchemin.fr\/#\/schema\/person\/image\/\",\"url\":\"https:\/\/secure.gravatar.com\/avatar\/7b1be4a90bcc64c58111b64ffe668b413f96ab86aad982e7fdacac32cefcb4ec?s=96&d=mm&r=g\",\"contentUrl\":\"https:\/\/secure.gravatar.com\/avatar\/7b1be4a90bcc64c58111b64ffe668b413f96ab86aad982e7fdacac32cefcb4ec?s=96&d=mm&r=g\",\"caption\":\"Musique en Chemin\"},\"url\":\"http:\/\/musiqueenchemin.fr\/index.php\/author\/chem\/\"}]}<\/script>\n<!-- \/ Yoast SEO plugin. -->","yoast_head_json":{"title":"Vendredi 26 juillet -","robots":{"index":"index","follow":"follow","max-snippet":"max-snippet:-1","max-image-preview":"max-image-preview:large","max-video-preview":"max-video-preview:-1"},"canonical":"https:\/\/musiqueenchemin.fr\/index.php\/2019\/04\/08\/vendredi-26-juillet\/","og_locale":"fr_FR","og_type":"article","og_title":"Vendredi 26 juillet -","og_description":"19h | Espace festival Mise en oreille* Rencontre avec deux compositeurs : Alexandros Markeas et Bastien David Dur\u00e9e : 40 minutes &#8211; Entr\u00e9e libre Ap\u00e9ritif et restauration possible \u00e0 l\u2019espace festival ou dans les restaurants du village. 20h30 | Concert [&hellip;]","og_url":"https:\/\/musiqueenchemin.fr\/index.php\/2019\/04\/08\/vendredi-26-juillet\/","article_published_time":"2019-04-08T12:37:33+00:00","article_modified_time":"2019-04-08T12:37:36+00:00","og_image":[{"url":"http:\/\/musiqueenchemin.fr\/wp-content\/uploads\/2019\/04\/LMH-La-Romieu-1-c-Thomas-Millet.jpg","type":"","width":"","height":""}],"author":"Musique en Chemin","twitter_card":"summary_large_image","twitter_misc":{"\u00c9crit par":"Musique en Chemin","Dur\u00e9e de lecture estim\u00e9e":"1 minute"},"schema":{"@context":"https:\/\/schema.org","@graph":[{"@type":"Article","@id":"https:\/\/musiqueenchemin.fr\/index.php\/2019\/04\/08\/vendredi-26-juillet\/#article","isPartOf":{"@id":"https:\/\/musiqueenchemin.fr\/index.php\/2019\/04\/08\/vendredi-26-juillet\/"},"author":{"name":"Musique en Chemin","@id":"https:\/\/musiqueenchemin.fr\/#\/schema\/person\/6c4caa9d003e40448be270fea1e3cbff"},"headline":"Vendredi 26 juillet","datePublished":"2019-04-08T12:37:33+00:00","dateModified":"2019-04-08T12:37:36+00:00","mainEntityOfPage":{"@id":"https:\/\/musiqueenchemin.fr\/index.php\/2019\/04\/08\/vendredi-26-juillet\/"},"wordCount":173,"publisher":{"@id":"https:\/\/musiqueenchemin.fr\/#organization"},"image":{"@id":"https:\/\/musiqueenchemin.fr\/index.php\/2019\/04\/08\/vendredi-26-juillet\/#primaryimage"},"thumbnailUrl":"http:\/\/musiqueenchemin.fr\/wp-content\/uploads\/2019\/04\/LMH-La-Romieu-1-c-Thomas-Millet.jpg","inLanguage":"fr-FR"},{"@type":"WebPage","@id":"https:\/\/musiqueenchemin.fr\/index.php\/2019\/04\/08\/vendredi-26-juillet\/","url":"https:\/\/musiqueenchemin.fr\/index.php\/2019\/04\/08\/vendredi-26-juillet\/","name":"Vendredi 26 juillet -","isPartOf":{"@id":"https:\/\/musiqueenchemin.fr\/#website"},"primaryImageOfPage":{"@id":"https:\/\/musiqueenchemin.fr\/index.php\/2019\/04\/08\/vendredi-26-juillet\/#primaryimage"},"image":{"@id":"https:\/\/musiqueenchemin.fr\/index.php\/2019\/04\/08\/vendredi-26-juillet\/#primaryimage"},"thumbnailUrl":"http:\/\/musiqueenchemin.fr\/wp-content\/uploads\/2019\/04\/LMH-La-Romieu-1-c-Thomas-Millet.jpg","datePublished":"2019-04-08T12:37:33+00:00","dateModified":"2019-04-08T12:37:36+00:00","breadcrumb":{"@id":"https:\/\/musiqueenchemin.fr\/index.php\/2019\/04\/08\/vendredi-26-juillet\/#breadcrumb"},"inLanguage":"fr-FR","potentialAction":[{"@type":"ReadAction","target":["https:\/\/musiqueenchemin.fr\/index.php\/2019\/04\/08\/vendredi-26-juillet\/"]}]},{"@type":"ImageObject","inLanguage":"fr-FR","@id":"https:\/\/musiqueenchemin.fr\/index.php\/2019\/04\/08\/vendredi-26-juillet\/#primaryimage","url":"http:\/\/musiqueenchemin.fr\/wp-content\/uploads\/2019\/04\/LMH-La-Romieu-1-c-Thomas-Millet.jpg","contentUrl":"http:\/\/musiqueenchemin.fr\/wp-content\/uploads\/2019\/04\/LMH-La-Romieu-1-c-Thomas-Millet.jpg","width":900,"height":481,"caption":"Ensemble La Main Harmonique \u00e0 La Romieu \/ Photo : Thomas Millet"},{"@type":"BreadcrumbList","@id":"https:\/\/musiqueenchemin.fr\/index.php\/2019\/04\/08\/vendredi-26-juillet\/#breadcrumb","itemListElement":[{"@type":"ListItem","position":1,"name":"Accueil","item":"https:\/\/musiqueenchemin.fr\/"},{"@type":"ListItem","position":2,"name":"Vendredi 26 juillet"}]},{"@type":"WebSite","@id":"https:\/\/musiqueenchemin.fr\/#website","url":"https:\/\/musiqueenchemin.fr\/","name":"Musique en Chemin","description":"","publisher":{"@id":"https:\/\/musiqueenchemin.fr\/#organization"},"potentialAction":[{"@type":"SearchAction","target":{"@type":"EntryPoint","urlTemplate":"https:\/\/musiqueenchemin.fr\/?s={search_term_string}"},"query-input":{"@type":"PropertyValueSpecification","valueRequired":true,"valueName":"search_term_string"}}],"inLanguage":"fr-FR"},{"@type":"Organization","@id":"https:\/\/musiqueenchemin.fr\/#organization","name":"Musique en Chemin","url":"https:\/\/musiqueenchemin.fr\/","logo":{"@type":"ImageObject","inLanguage":"fr-FR","@id":"https:\/\/musiqueenchemin.fr\/#\/schema\/logo\/image\/","url":"http:\/\/musiqueenchemin.fr\/wp-content\/uploads\/2024\/03\/huppe-jaune-2024.png","contentUrl":"http:\/\/musiqueenchemin.fr\/wp-content\/uploads\/2024\/03\/huppe-jaune-2024.png","width":560,"height":387,"caption":"Musique en Chemin"},"image":{"@id":"https:\/\/musiqueenchemin.fr\/#\/schema\/logo\/image\/"}},{"@type":"Person","@id":"https:\/\/musiqueenchemin.fr\/#\/schema\/person\/6c4caa9d003e40448be270fea1e3cbff","name":"Musique en Chemin","image":{"@type":"ImageObject","inLanguage":"fr-FR","@id":"https:\/\/musiqueenchemin.fr\/#\/schema\/person\/image\/","url":"https:\/\/secure.gravatar.com\/avatar\/7b1be4a90bcc64c58111b64ffe668b413f96ab86aad982e7fdacac32cefcb4ec?s=96&d=mm&r=g","contentUrl":"https:\/\/secure.gravatar.com\/avatar\/7b1be4a90bcc64c58111b64ffe668b413f96ab86aad982e7fdacac32cefcb4ec?s=96&d=mm&r=g","caption":"Musique en Chemin"},"url":"http:\/\/musiqueenchemin.fr\/index.php\/author\/chem\/"}]}},"_links":{"self":[{"href":"http:\/\/musiqueenchemin.fr\/index.php\/wp-json\/wp\/v2\/posts\/2453","targetHints":{"allow":["GET"]}}],"collection":[{"href":"http:\/\/musiqueenchemin.fr\/index.php\/wp-json\/wp\/v2\/posts"}],"about":[{"href":"http:\/\/musiqueenchemin.fr\/index.php\/wp-json\/wp\/v2\/types\/post"}],"author":[{"embeddable":true,"href":"http:\/\/musiqueenchemin.fr\/index.php\/wp-json\/wp\/v2\/users\/1"}],"replies":[{"embeddable":true,"href":"http:\/\/musiqueenchemin.fr\/index.php\/wp-json\/wp\/v2\/comments?post=2453"}],"version-history":[{"count":1,"href":"http:\/\/musiqueenchemin.fr\/index.php\/wp-json\/wp\/v2\/posts\/2453\/revisions"}],"predecessor-version":[{"id":2454,"href":"http:\/\/musiqueenchemin.fr\/index.php\/wp-json\/wp\/v2\/posts\/2453\/revisions\/2454"}],"wp:attachment":[{"href":"http:\/\/musiqueenchemin.fr\/index.php\/wp-json\/wp\/v2\/media?parent=2453"}],"wp:term":[{"taxonomy":"category","embeddable":true,"href":"http:\/\/musiqueenchemin.fr\/index.php\/wp-json\/wp\/v2\/categories?post=2453"},{"taxonomy":"post_tag","embeddable":true,"href":"http:\/\/musiqueenchemin.fr\/index.php\/wp-json\/wp\/v2\/tags?post=2453"}],"curies":[{"name":"wp","href":"https:\/\/api.w.org\/{rel}","templated":true}]}}