{"id":2459,"date":"2019-04-08T13:39:17","date_gmt":"2019-04-08T12:39:17","guid":{"rendered":"http:\/\/musiqueenchemin.fr\/?p=2459"},"modified":"2019-04-08T13:39:20","modified_gmt":"2019-04-08T12:39:20","slug":"dimanche-28-juillet","status":"publish","type":"post","link":"http:\/\/musiqueenchemin.fr\/index.php\/2019\/04\/08\/dimanche-28-juillet\/","title":{"rendered":"Dimanche 28 juillet"},"content":{"rendered":"\n<h4>10h30&nbsp;| Balade (D\u00e9part place du village La Romieu)<\/h4>\n<h3><span style=\"color: #6b58a1;\">Promenade des sens <\/span><\/h3>\n<h4><span style=\"color: #e8593a;\">JEUNE PUBLIC<\/span><\/h4>\n<p><img loading=\"lazy\" decoding=\"async\" class=\"alignnone size-full wp-image-2332\" src=\"http:\/\/musiqueenchemin.fr\/wp-content\/uploads\/2019\/04\/Rachel-Delaistier.jpg\" alt=\"\" width=\"900\" height=\"506\" srcset=\"http:\/\/musiqueenchemin.fr\/wp-content\/uploads\/2019\/04\/Rachel-Delaistier.jpg 900w, http:\/\/musiqueenchemin.fr\/wp-content\/uploads\/2019\/04\/Rachel-Delaistier-300x169.jpg 300w, http:\/\/musiqueenchemin.fr\/wp-content\/uploads\/2019\/04\/Rachel-Delaistier-768x432.jpg 768w, http:\/\/musiqueenchemin.fr\/wp-content\/uploads\/2019\/04\/Rachel-Delaistier-600x337.jpg 600w, http:\/\/musiqueenchemin.fr\/wp-content\/uploads\/2019\/04\/Rachel-Delaistier-50x28.jpg 50w, http:\/\/musiqueenchemin.fr\/wp-content\/uploads\/2019\/04\/Rachel-Delaistier-820x461.jpg 820w\" sizes=\"auto, (max-width: 900px) 100vw, 900px\" \/><\/p>\n<p>Rachel Delaistier nous emm\u00e8ne en promenade. Oh, pas bien loin, l\u00e0, juste l\u00e0 ! Au coin de la rue, sur la place, au lavoir\u2026 ces lieux o\u00f9 l\u2019on passe sans prendre toujours le temps de les go\u00fbter. On vous propose de prendre le temps, et alors \u00e0 chaque d\u00e9tour, on d\u00e9couvrira s\u00fbrement une histoire, une chanson, un secret\u2026<\/p>\n<h5>Dur\u00e9e&nbsp;: 1h &#8211; Tarif B<\/h5>\n<hr>\n<h4>12h&nbsp;| Espace festival<\/h4>\n<h3><span style=\"color: #6b58a1;\">Moment musical<\/span><\/h3>\n<hr>\n<h4>12h30&nbsp;| Espace festival<\/h4>\n<h3><span style=\"color: #6b58a1;\">Ap\u00e9ritif \/ brunch<\/span><\/h3>\n<hr>\n<h4>13h&nbsp;| Espace festival<\/h4>\n<h3><span style=\"color: #6b58a1;\">Mise en oreille<\/span><\/h3>\n<h4>avec le duo Aguamadera<\/h4>\n<h5>Dur\u00e9e : 40 minutes \u2013 Entr\u00e9e libre<\/h5>\n<hr>\n<h4>15h&nbsp;| Concert au clo\u00eetre<\/h4>\n<h3><a href=\"http:\/\/musiqueenchemin.fr\/index.php\/2019\/04\/08\/aguamadera\/\"><span style=\"color: #6b58a1;\">Aguamadera<\/span><\/a><\/h3>\n<p><img loading=\"lazy\" decoding=\"async\" class=\"alignnone size-large wp-image-2333\" src=\"http:\/\/musiqueenchemin.fr\/wp-content\/uploads\/2019\/04\/AGUA-2.jpg\" alt=\"\" width=\"900\" height=\"598\" srcset=\"http:\/\/musiqueenchemin.fr\/wp-content\/uploads\/2019\/04\/AGUA-2.jpg 900w, http:\/\/musiqueenchemin.fr\/wp-content\/uploads\/2019\/04\/AGUA-2-300x199.jpg 300w, http:\/\/musiqueenchemin.fr\/wp-content\/uploads\/2019\/04\/AGUA-2-768x510.jpg 768w, http:\/\/musiqueenchemin.fr\/wp-content\/uploads\/2019\/04\/AGUA-2-600x400.jpg 600w, http:\/\/musiqueenchemin.fr\/wp-content\/uploads\/2019\/04\/AGUA-2-50x33.jpg 50w, http:\/\/musiqueenchemin.fr\/wp-content\/uploads\/2019\/04\/AGUA-2-820x545.jpg 820w\" sizes=\"auto, (max-width: 900px) 100vw, 900px\" \/><\/p>\n<h4>Mar\u00eda Cabral : Voix, cuatro et maracas.<br>Marco Grancelli : Voix, cuatro et guitare.<\/h4>\n<p>Venez d\u00e9couvrir deux jeunes musiciens argentins de talent dans un concert de musique folklorique latino-am\u00e9ricaine loin d\u2019\u00eatre un concert comme les autres. Il s\u2019agit d\u2019un v\u00e9ritable parcours \u00e0 travers la diversit\u00e9 et la richesse d\u2019un continent o\u00f9 se m\u00e9langent les racines indig\u00e8nes et l\u2019influence europ\u00e9enne coloniale et africaine\u2026<\/p>\n<h5>Dur\u00e9e&nbsp;: 1h15 \u2013 Tarif A<\/h5>\n<hr>\n<h4>16h30&nbsp;| Espace festival<\/h4>\n<h3><span style=\"color: #6b58a1;\">Cl\u00f4ture du festival <\/span><\/h3>\n<hr>\n","protected":false},"excerpt":{"rendered":"<p>10h30&nbsp;| Balade (D\u00e9part place du village La Romieu) Promenade des sens JEUNE PUBLIC Rachel Delaistier nous emm\u00e8ne en promenade. Oh, pas bien loin, l\u00e0, juste l\u00e0 ! Au coin de la rue, sur la place, au lavoir\u2026 ces lieux o\u00f9 [&hellip;]<\/p>\n","protected":false},"author":1,"featured_media":0,"comment_status":"closed","ping_status":"closed","sticky":false,"template":"","format":"standard","meta":{"cwp_meta_box_check":"No","cwp_rev_product_name":"","cwp_rev_product_image":"","wppr_links":[],"cwp_rev_price":"","wppr_options":[],"wppr_pros":[],"wppr_cons":[],"footnotes":""},"categories":[1],"tags":[],"class_list":["post-2459","post","type-post","status-publish","format-standard","hentry","category-non-classe"],"wppr_data":{"cwp_meta_box_check":"No"},"yoast_head":"<!-- This site is optimized with the Yoast SEO plugin v25.0 - https:\/\/yoast.com\/wordpress\/plugins\/seo\/ -->\n<title>Dimanche 28 juillet -<\/title>\n<meta name=\"robots\" content=\"index, follow, max-snippet:-1, max-image-preview:large, max-video-preview:-1\" \/>\n<link rel=\"canonical\" href=\"https:\/\/musiqueenchemin.fr\/index.php\/2019\/04\/08\/dimanche-28-juillet\/\" \/>\n<meta property=\"og:locale\" content=\"fr_FR\" \/>\n<meta property=\"og:type\" content=\"article\" \/>\n<meta property=\"og:title\" content=\"Dimanche 28 juillet -\" \/>\n<meta property=\"og:description\" content=\"10h30&nbsp;| Balade (D\u00e9part place du village La Romieu) Promenade des sens JEUNE PUBLIC Rachel Delaistier nous emm\u00e8ne en promenade. Oh, pas bien loin, l\u00e0, juste l\u00e0 ! Au coin de la rue, sur la place, au lavoir\u2026 ces lieux o\u00f9 [&hellip;]\" \/>\n<meta property=\"og:url\" content=\"https:\/\/musiqueenchemin.fr\/index.php\/2019\/04\/08\/dimanche-28-juillet\/\" \/>\n<meta property=\"article:published_time\" content=\"2019-04-08T12:39:17+00:00\" \/>\n<meta property=\"article:modified_time\" content=\"2019-04-08T12:39:20+00:00\" \/>\n<meta property=\"og:image\" content=\"http:\/\/musiqueenchemin.fr\/wp-content\/uploads\/2019\/04\/Rachel-Delaistier.jpg\" \/>\n<meta name=\"author\" content=\"Musique en Chemin\" \/>\n<meta name=\"twitter:card\" content=\"summary_large_image\" \/>\n<meta name=\"twitter:label1\" content=\"\u00c9crit par\" \/>\n\t<meta name=\"twitter:data1\" content=\"Musique en Chemin\" \/>\n\t<meta name=\"twitter:label2\" content=\"Dur\u00e9e de lecture estim\u00e9e\" \/>\n\t<meta name=\"twitter:data2\" content=\"1 minute\" \/>\n<script type=\"application\/ld+json\" class=\"yoast-schema-graph\">{\"@context\":\"https:\/\/schema.org\",\"@graph\":[{\"@type\":\"Article\",\"@id\":\"https:\/\/musiqueenchemin.fr\/index.php\/2019\/04\/08\/dimanche-28-juillet\/#article\",\"isPartOf\":{\"@id\":\"https:\/\/musiqueenchemin.fr\/index.php\/2019\/04\/08\/dimanche-28-juillet\/\"},\"author\":{\"name\":\"Musique en Chemin\",\"@id\":\"https:\/\/musiqueenchemin.fr\/#\/schema\/person\/6c4caa9d003e40448be270fea1e3cbff\"},\"headline\":\"Dimanche 28 juillet\",\"datePublished\":\"2019-04-08T12:39:17+00:00\",\"dateModified\":\"2019-04-08T12:39:20+00:00\",\"mainEntityOfPage\":{\"@id\":\"https:\/\/musiqueenchemin.fr\/index.php\/2019\/04\/08\/dimanche-28-juillet\/\"},\"wordCount\":208,\"publisher\":{\"@id\":\"https:\/\/musiqueenchemin.fr\/#organization\"},\"image\":{\"@id\":\"https:\/\/musiqueenchemin.fr\/index.php\/2019\/04\/08\/dimanche-28-juillet\/#primaryimage\"},\"thumbnailUrl\":\"http:\/\/musiqueenchemin.fr\/wp-content\/uploads\/2019\/04\/Rachel-Delaistier.jpg\",\"inLanguage\":\"fr-FR\"},{\"@type\":\"WebPage\",\"@id\":\"https:\/\/musiqueenchemin.fr\/index.php\/2019\/04\/08\/dimanche-28-juillet\/\",\"url\":\"https:\/\/musiqueenchemin.fr\/index.php\/2019\/04\/08\/dimanche-28-juillet\/\",\"name\":\"Dimanche 28 juillet -\",\"isPartOf\":{\"@id\":\"https:\/\/musiqueenchemin.fr\/#website\"},\"primaryImageOfPage\":{\"@id\":\"https:\/\/musiqueenchemin.fr\/index.php\/2019\/04\/08\/dimanche-28-juillet\/#primaryimage\"},\"image\":{\"@id\":\"https:\/\/musiqueenchemin.fr\/index.php\/2019\/04\/08\/dimanche-28-juillet\/#primaryimage\"},\"thumbnailUrl\":\"http:\/\/musiqueenchemin.fr\/wp-content\/uploads\/2019\/04\/Rachel-Delaistier.jpg\",\"datePublished\":\"2019-04-08T12:39:17+00:00\",\"dateModified\":\"2019-04-08T12:39:20+00:00\",\"breadcrumb\":{\"@id\":\"https:\/\/musiqueenchemin.fr\/index.php\/2019\/04\/08\/dimanche-28-juillet\/#breadcrumb\"},\"inLanguage\":\"fr-FR\",\"potentialAction\":[{\"@type\":\"ReadAction\",\"target\":[\"https:\/\/musiqueenchemin.fr\/index.php\/2019\/04\/08\/dimanche-28-juillet\/\"]}]},{\"@type\":\"ImageObject\",\"inLanguage\":\"fr-FR\",\"@id\":\"https:\/\/musiqueenchemin.fr\/index.php\/2019\/04\/08\/dimanche-28-juillet\/#primaryimage\",\"url\":\"http:\/\/musiqueenchemin.fr\/wp-content\/uploads\/2019\/04\/Rachel-Delaistier.jpg\",\"contentUrl\":\"http:\/\/musiqueenchemin.fr\/wp-content\/uploads\/2019\/04\/Rachel-Delaistier.jpg\",\"width\":900,\"height\":506},{\"@type\":\"BreadcrumbList\",\"@id\":\"https:\/\/musiqueenchemin.fr\/index.php\/2019\/04\/08\/dimanche-28-juillet\/#breadcrumb\",\"itemListElement\":[{\"@type\":\"ListItem\",\"position\":1,\"name\":\"Accueil\",\"item\":\"https:\/\/musiqueenchemin.fr\/\"},{\"@type\":\"ListItem\",\"position\":2,\"name\":\"Dimanche 28 juillet\"}]},{\"@type\":\"WebSite\",\"@id\":\"https:\/\/musiqueenchemin.fr\/#website\",\"url\":\"https:\/\/musiqueenchemin.fr\/\",\"name\":\"Musique en Chemin\",\"description\":\"\",\"publisher\":{\"@id\":\"https:\/\/musiqueenchemin.fr\/#organization\"},\"potentialAction\":[{\"@type\":\"SearchAction\",\"target\":{\"@type\":\"EntryPoint\",\"urlTemplate\":\"https:\/\/musiqueenchemin.fr\/?s={search_term_string}\"},\"query-input\":{\"@type\":\"PropertyValueSpecification\",\"valueRequired\":true,\"valueName\":\"search_term_string\"}}],\"inLanguage\":\"fr-FR\"},{\"@type\":\"Organization\",\"@id\":\"https:\/\/musiqueenchemin.fr\/#organization\",\"name\":\"Musique en Chemin\",\"url\":\"https:\/\/musiqueenchemin.fr\/\",\"logo\":{\"@type\":\"ImageObject\",\"inLanguage\":\"fr-FR\",\"@id\":\"https:\/\/musiqueenchemin.fr\/#\/schema\/logo\/image\/\",\"url\":\"http:\/\/musiqueenchemin.fr\/wp-content\/uploads\/2024\/03\/huppe-jaune-2024.png\",\"contentUrl\":\"http:\/\/musiqueenchemin.fr\/wp-content\/uploads\/2024\/03\/huppe-jaune-2024.png\",\"width\":560,\"height\":387,\"caption\":\"Musique en Chemin\"},\"image\":{\"@id\":\"https:\/\/musiqueenchemin.fr\/#\/schema\/logo\/image\/\"}},{\"@type\":\"Person\",\"@id\":\"https:\/\/musiqueenchemin.fr\/#\/schema\/person\/6c4caa9d003e40448be270fea1e3cbff\",\"name\":\"Musique en Chemin\",\"image\":{\"@type\":\"ImageObject\",\"inLanguage\":\"fr-FR\",\"@id\":\"https:\/\/musiqueenchemin.fr\/#\/schema\/person\/image\/\",\"url\":\"https:\/\/secure.gravatar.com\/avatar\/7b1be4a90bcc64c58111b64ffe668b413f96ab86aad982e7fdacac32cefcb4ec?s=96&d=mm&r=g\",\"contentUrl\":\"https:\/\/secure.gravatar.com\/avatar\/7b1be4a90bcc64c58111b64ffe668b413f96ab86aad982e7fdacac32cefcb4ec?s=96&d=mm&r=g\",\"caption\":\"Musique en Chemin\"},\"url\":\"http:\/\/musiqueenchemin.fr\/index.php\/author\/chem\/\"}]}<\/script>\n<!-- \/ Yoast SEO plugin. -->","yoast_head_json":{"title":"Dimanche 28 juillet -","robots":{"index":"index","follow":"follow","max-snippet":"max-snippet:-1","max-image-preview":"max-image-preview:large","max-video-preview":"max-video-preview:-1"},"canonical":"https:\/\/musiqueenchemin.fr\/index.php\/2019\/04\/08\/dimanche-28-juillet\/","og_locale":"fr_FR","og_type":"article","og_title":"Dimanche 28 juillet -","og_description":"10h30&nbsp;| Balade (D\u00e9part place du village La Romieu) Promenade des sens JEUNE PUBLIC Rachel Delaistier nous emm\u00e8ne en promenade. Oh, pas bien loin, l\u00e0, juste l\u00e0 ! Au coin de la rue, sur la place, au lavoir\u2026 ces lieux o\u00f9 [&hellip;]","og_url":"https:\/\/musiqueenchemin.fr\/index.php\/2019\/04\/08\/dimanche-28-juillet\/","article_published_time":"2019-04-08T12:39:17+00:00","article_modified_time":"2019-04-08T12:39:20+00:00","og_image":[{"url":"http:\/\/musiqueenchemin.fr\/wp-content\/uploads\/2019\/04\/Rachel-Delaistier.jpg","type":"","width":"","height":""}],"author":"Musique en Chemin","twitter_card":"summary_large_image","twitter_misc":{"\u00c9crit par":"Musique en Chemin","Dur\u00e9e de lecture estim\u00e9e":"1 minute"},"schema":{"@context":"https:\/\/schema.org","@graph":[{"@type":"Article","@id":"https:\/\/musiqueenchemin.fr\/index.php\/2019\/04\/08\/dimanche-28-juillet\/#article","isPartOf":{"@id":"https:\/\/musiqueenchemin.fr\/index.php\/2019\/04\/08\/dimanche-28-juillet\/"},"author":{"name":"Musique en Chemin","@id":"https:\/\/musiqueenchemin.fr\/#\/schema\/person\/6c4caa9d003e40448be270fea1e3cbff"},"headline":"Dimanche 28 juillet","datePublished":"2019-04-08T12:39:17+00:00","dateModified":"2019-04-08T12:39:20+00:00","mainEntityOfPage":{"@id":"https:\/\/musiqueenchemin.fr\/index.php\/2019\/04\/08\/dimanche-28-juillet\/"},"wordCount":208,"publisher":{"@id":"https:\/\/musiqueenchemin.fr\/#organization"},"image":{"@id":"https:\/\/musiqueenchemin.fr\/index.php\/2019\/04\/08\/dimanche-28-juillet\/#primaryimage"},"thumbnailUrl":"http:\/\/musiqueenchemin.fr\/wp-content\/uploads\/2019\/04\/Rachel-Delaistier.jpg","inLanguage":"fr-FR"},{"@type":"WebPage","@id":"https:\/\/musiqueenchemin.fr\/index.php\/2019\/04\/08\/dimanche-28-juillet\/","url":"https:\/\/musiqueenchemin.fr\/index.php\/2019\/04\/08\/dimanche-28-juillet\/","name":"Dimanche 28 juillet -","isPartOf":{"@id":"https:\/\/musiqueenchemin.fr\/#website"},"primaryImageOfPage":{"@id":"https:\/\/musiqueenchemin.fr\/index.php\/2019\/04\/08\/dimanche-28-juillet\/#primaryimage"},"image":{"@id":"https:\/\/musiqueenchemin.fr\/index.php\/2019\/04\/08\/dimanche-28-juillet\/#primaryimage"},"thumbnailUrl":"http:\/\/musiqueenchemin.fr\/wp-content\/uploads\/2019\/04\/Rachel-Delaistier.jpg","datePublished":"2019-04-08T12:39:17+00:00","dateModified":"2019-04-08T12:39:20+00:00","breadcrumb":{"@id":"https:\/\/musiqueenchemin.fr\/index.php\/2019\/04\/08\/dimanche-28-juillet\/#breadcrumb"},"inLanguage":"fr-FR","potentialAction":[{"@type":"ReadAction","target":["https:\/\/musiqueenchemin.fr\/index.php\/2019\/04\/08\/dimanche-28-juillet\/"]}]},{"@type":"ImageObject","inLanguage":"fr-FR","@id":"https:\/\/musiqueenchemin.fr\/index.php\/2019\/04\/08\/dimanche-28-juillet\/#primaryimage","url":"http:\/\/musiqueenchemin.fr\/wp-content\/uploads\/2019\/04\/Rachel-Delaistier.jpg","contentUrl":"http:\/\/musiqueenchemin.fr\/wp-content\/uploads\/2019\/04\/Rachel-Delaistier.jpg","width":900,"height":506},{"@type":"BreadcrumbList","@id":"https:\/\/musiqueenchemin.fr\/index.php\/2019\/04\/08\/dimanche-28-juillet\/#breadcrumb","itemListElement":[{"@type":"ListItem","position":1,"name":"Accueil","item":"https:\/\/musiqueenchemin.fr\/"},{"@type":"ListItem","position":2,"name":"Dimanche 28 juillet"}]},{"@type":"WebSite","@id":"https:\/\/musiqueenchemin.fr\/#website","url":"https:\/\/musiqueenchemin.fr\/","name":"Musique en Chemin","description":"","publisher":{"@id":"https:\/\/musiqueenchemin.fr\/#organization"},"potentialAction":[{"@type":"SearchAction","target":{"@type":"EntryPoint","urlTemplate":"https:\/\/musiqueenchemin.fr\/?s={search_term_string}"},"query-input":{"@type":"PropertyValueSpecification","valueRequired":true,"valueName":"search_term_string"}}],"inLanguage":"fr-FR"},{"@type":"Organization","@id":"https:\/\/musiqueenchemin.fr\/#organization","name":"Musique en Chemin","url":"https:\/\/musiqueenchemin.fr\/","logo":{"@type":"ImageObject","inLanguage":"fr-FR","@id":"https:\/\/musiqueenchemin.fr\/#\/schema\/logo\/image\/","url":"http:\/\/musiqueenchemin.fr\/wp-content\/uploads\/2024\/03\/huppe-jaune-2024.png","contentUrl":"http:\/\/musiqueenchemin.fr\/wp-content\/uploads\/2024\/03\/huppe-jaune-2024.png","width":560,"height":387,"caption":"Musique en Chemin"},"image":{"@id":"https:\/\/musiqueenchemin.fr\/#\/schema\/logo\/image\/"}},{"@type":"Person","@id":"https:\/\/musiqueenchemin.fr\/#\/schema\/person\/6c4caa9d003e40448be270fea1e3cbff","name":"Musique en Chemin","image":{"@type":"ImageObject","inLanguage":"fr-FR","@id":"https:\/\/musiqueenchemin.fr\/#\/schema\/person\/image\/","url":"https:\/\/secure.gravatar.com\/avatar\/7b1be4a90bcc64c58111b64ffe668b413f96ab86aad982e7fdacac32cefcb4ec?s=96&d=mm&r=g","contentUrl":"https:\/\/secure.gravatar.com\/avatar\/7b1be4a90bcc64c58111b64ffe668b413f96ab86aad982e7fdacac32cefcb4ec?s=96&d=mm&r=g","caption":"Musique en Chemin"},"url":"http:\/\/musiqueenchemin.fr\/index.php\/author\/chem\/"}]}},"_links":{"self":[{"href":"http:\/\/musiqueenchemin.fr\/index.php\/wp-json\/wp\/v2\/posts\/2459","targetHints":{"allow":["GET"]}}],"collection":[{"href":"http:\/\/musiqueenchemin.fr\/index.php\/wp-json\/wp\/v2\/posts"}],"about":[{"href":"http:\/\/musiqueenchemin.fr\/index.php\/wp-json\/wp\/v2\/types\/post"}],"author":[{"embeddable":true,"href":"http:\/\/musiqueenchemin.fr\/index.php\/wp-json\/wp\/v2\/users\/1"}],"replies":[{"embeddable":true,"href":"http:\/\/musiqueenchemin.fr\/index.php\/wp-json\/wp\/v2\/comments?post=2459"}],"version-history":[{"count":1,"href":"http:\/\/musiqueenchemin.fr\/index.php\/wp-json\/wp\/v2\/posts\/2459\/revisions"}],"predecessor-version":[{"id":2460,"href":"http:\/\/musiqueenchemin.fr\/index.php\/wp-json\/wp\/v2\/posts\/2459\/revisions\/2460"}],"wp:attachment":[{"href":"http:\/\/musiqueenchemin.fr\/index.php\/wp-json\/wp\/v2\/media?parent=2459"}],"wp:term":[{"taxonomy":"category","embeddable":true,"href":"http:\/\/musiqueenchemin.fr\/index.php\/wp-json\/wp\/v2\/categories?post=2459"},{"taxonomy":"post_tag","embeddable":true,"href":"http:\/\/musiqueenchemin.fr\/index.php\/wp-json\/wp\/v2\/tags?post=2459"}],"curies":[{"name":"wp","href":"https:\/\/api.w.org\/{rel}","templated":true}]}}