{"id":2766,"date":"2020-06-06T11:57:03","date_gmt":"2020-06-06T10:57:03","guid":{"rendered":"http:\/\/musiqueenchemin.fr\/?p=2766"},"modified":"2020-06-23T12:49:02","modified_gmt":"2020-06-23T11:49:02","slug":"festival-2020","status":"publish","type":"post","link":"http:\/\/musiqueenchemin.fr\/index.php\/2020\/06\/06\/festival-2020\/","title":{"rendered":"Festival 2020"},"content":{"rendered":"\n<hr class=\"wp-block-separator\"\/>\n\n\n\n<h2 class=\"wp-block-heading\"><a href=\"http:\/\/musiqueenchemin.fr\/index.php\/2020\/06\/06\/vendredi-24-juillet\/\">Vendredi 24 juillet<\/a><\/h2>\n\n\n\n<h4 class=\"wp-block-heading\">21h | Concert \u00e0 la Coll\u00e9giale<\/h4>\n\n\n\n<h2 class=\"wp-block-heading\"><span class=\"has-inline-color has-vivid-green-cyan-color\">Concert de La Main Harmonique<\/span><\/h2>\n\n\n\n<h3 class=\"wp-block-heading\">Utopia<\/h3>\n\n\n\n<figure class=\"wp-block-image alignnone size-large wp-image-2322\"><img loading=\"lazy\" decoding=\"async\" width=\"1024\" height=\"600\" src=\"http:\/\/musiqueenchemin.fr\/wp-content\/uploads\/2020\/05\/AVCYwXbg-1024x600.jpeg\" alt=\"\" class=\"wp-image-2741\" srcset=\"http:\/\/musiqueenchemin.fr\/wp-content\/uploads\/2020\/05\/AVCYwXbg-1024x600.jpeg 1024w, http:\/\/musiqueenchemin.fr\/wp-content\/uploads\/2020\/05\/AVCYwXbg-300x176.jpeg 300w, http:\/\/musiqueenchemin.fr\/wp-content\/uploads\/2020\/05\/AVCYwXbg-768x450.jpeg 768w, http:\/\/musiqueenchemin.fr\/wp-content\/uploads\/2020\/05\/AVCYwXbg-600x352.jpeg 600w, http:\/\/musiqueenchemin.fr\/wp-content\/uploads\/2020\/05\/AVCYwXbg-1536x900.jpeg 1536w, http:\/\/musiqueenchemin.fr\/wp-content\/uploads\/2020\/05\/AVCYwXbg-820x480.jpeg 820w, http:\/\/musiqueenchemin.fr\/wp-content\/uploads\/2020\/05\/AVCYwXbg-1320x773.jpeg 1320w, http:\/\/musiqueenchemin.fr\/wp-content\/uploads\/2020\/05\/AVCYwXbg.jpeg 2048w\" sizes=\"auto, (max-width: 1024px) 100vw, 1024px\" \/><figcaption>Utopia &#8211; vendredi 24 juillet \u00e0 21h<br>\u00a9 La Main Harmonique<\/figcaption><\/figure>\n\n\n\n<h4 class=\"wp-block-heading\"><em>La fantaisie expressive des derniers madrigaux de la Renaissance<\/em><\/h4>\n\n\n\n<h5 class=\"wp-block-heading\">Ensemble La Main Harmonique <br>Direction : Fr\u00e9d\u00e9ric B\u00e9tous <br>Nadia Lavoyer et Amandine Trenc, soprano <br>Fr\u00e9d\u00e9ric B\u00e9tous, alto <br>Guillaume Gutierrez, Lo\u00efc Paulin et Jesus Rod\u00ecl, t\u00e9nors <br>Marc Busnel et Pierre De Bucy, basses <br>Ulrik Gaston Larsen, th\u00e9orbe <\/h5>\n\n\n\n<p><span class=\"has-inline-color has-very-dark-gray-color\">Utopia poursuit ce cap de l\u2019ensemble La Main Harmonique de pr\u00e9senter la polyphonie vocale de fa\u00e7on directe et accessible, et ce m\u00eame lorsqu\u2019il s\u2019agit, comme ici, de pi\u00e8ces r\u00e9put\u00e9es \u00ab acrobatiques \u00bb, v\u00e9ritables d\u00e9fis techniques et expressifs. Avec des compositeurs comme Luca Marenzio, Carlo Gesualdo, Luzzasco Luzzaschi, Claudio Monteverdi notamment, et d\u2019autres moins connus et tout aussi \u00e9tonnants, il s\u2019agit d\u2019une anthologie visant \u00e0 mettre en avant la grande diversit\u00e9 des audaces expressives de cette \u00e9poque, et qui r\u00e9sonnent encore aujourd\u2019hui de mani\u00e8re si contemporaine.<\/span><\/p>\n\n\n\n<h5 class=\"wp-block-heading\">Dur\u00e9e 1h15 \n<br>Tarif : 20\u202f\u20ac &#8211; r\u00e9duit*: 15\u202f\u20ac &#8211; gratuit moins de 12 ans<\/h5>\n\n\n\n<hr class=\"wp-block-separator\"\/>\n\n\n\n<h2 class=\"wp-block-heading\"><a href=\"http:\/\/musiqueenchemin.fr\/index.php\/2020\/06\/06\/samedi-25-juillet\/\">Samedi 25 juillet<\/a><\/h2>\n\n\n\n<hr class=\"wp-block-separator\"\/>\n\n\n\n<h3 class=\"wp-block-heading\">3 pianistes \/ 3 concerts exceptionnels<\/h3>\n\n\n\n<h2 class=\"wp-block-heading\"><span class=\"has-inline-color has-vivid-green-cyan-color\">Le piano dans tous ses \u00e9tats<\/span><\/h2>\n\n\n\n<h4 class=\"wp-block-heading\">18h | Clo\u00eetre de la Coll\u00e9giale<\/h4>\n\n\n\n<h4 class=\"wp-block-heading\"><span class=\"has-inline-color has-vivid-cyan-blue-color\">Alice Ader<\/span><\/h4>\n\n\n\n<h4><em>Sous le ciel de la p\u00e9ninsule Ib\u00e9rique<\/em><\/h4>\n\n\n\n<figure class=\"wp-block-image size-large\"><img loading=\"lazy\" decoding=\"async\" width=\"1024\" height=\"681\" src=\"http:\/\/musiqueenchemin.fr\/wp-content\/uploads\/2020\/05\/Ader-1024x681.jpeg\" alt=\"\" class=\"wp-image-2738\" srcset=\"http:\/\/musiqueenchemin.fr\/wp-content\/uploads\/2020\/05\/Ader-1024x681.jpeg 1024w, http:\/\/musiqueenchemin.fr\/wp-content\/uploads\/2020\/05\/Ader-300x200.jpeg 300w, http:\/\/musiqueenchemin.fr\/wp-content\/uploads\/2020\/05\/Ader-768x511.jpeg 768w, http:\/\/musiqueenchemin.fr\/wp-content\/uploads\/2020\/05\/Ader-600x400.jpeg 600w, http:\/\/musiqueenchemin.fr\/wp-content\/uploads\/2020\/05\/Ader-1536x1022.jpeg 1536w, http:\/\/musiqueenchemin.fr\/wp-content\/uploads\/2020\/05\/Ader-2048x1363.jpeg 2048w, http:\/\/musiqueenchemin.fr\/wp-content\/uploads\/2020\/05\/Ader-820x546.jpeg 820w, http:\/\/musiqueenchemin.fr\/wp-content\/uploads\/2020\/05\/Ader-1320x878.jpeg 1320w\" sizes=\"auto, (max-width: 1024px) 100vw, 1024px\" \/><figcaption>Alice Ader, concert de piano<br>\u00a9 Jean-Baptiste Millot<\/figcaption><\/figure>\n\n\n\n<h4>Mompou, Albeniz et Scarlatti<\/h4>\n\n\n\n<p><span class=\"has-inline-color has-very-dark-gray-color\">Alice Ader a jou\u00e9 en r\u00e9cital et avec orchestre dans les salles les plus prestigieuses d\u2019Europe, \u00e9tablissant des contacts privil\u00e9gi\u00e9s avec les plus grands compositeurs contemporains tels Olivier Messiaen ou encore Philippe Hersant. Elle propose au public du festival un moment de musique autour de Frederic Mompou (1893-1987), Isaac Albeniz (1860-1909), Domenico Scarlatti (1685-1757), trois compositeurs ayant v\u00e9cu sous le ciel de la p\u00e9ninsule Ib\u00e9rique ; trois compositeurs, grands amoureux du clavier, \u00e0 l\u2019\u00e9criture musicale pleine de vitalit\u00e9, de sensualit\u00e9 et de joie dans\u00e9e, et ayant \u00e9crit presque exclusivement pour l\u2019instrument en noir et blanc.<\/span><\/p>\n\n\n\n<h5 class=\"wp-block-heading\">Dur\u00e9e 1h \n<br>Tarif cat. A : 15 \u20ac &#8211; r\u00e9duit*: 12\u202f\u20ac  \n<br>Tarif cat. B (visibilit\u00e9 tr\u00e8s r\u00e9duite) : 7\u202f\u20ac\nGratuit moins de 12 ans. \n<\/h5>\n\n\n\n<hr class=\"wp-block-separator\"\/>\n\n\n\n<h4 class=\"wp-block-heading\">19h45 | Clo\u00eetre de la Coll\u00e9giale<\/h4>\n\n\n\n<h3 class=\"wp-block-heading\"><span class=\"has-inline-color has-vivid-cyan-blue-color\">Alexandros Markeas<\/span><\/h3>\n\n\n\n<h4><em>L\u2019inspiration de Duke Ellington, Billy Holliday et John Coltrane<\/em><\/h4>\n\n\n\n<figure class=\"wp-block-image size-large\"><img loading=\"lazy\" decoding=\"async\" width=\"1024\" height=\"574\" src=\"http:\/\/musiqueenchemin.fr\/wp-content\/uploads\/2020\/05\/Markeas-1024x574.jpeg\" alt=\"\" class=\"wp-image-2740\" srcset=\"http:\/\/musiqueenchemin.fr\/wp-content\/uploads\/2020\/05\/Markeas-1024x574.jpeg 1024w, http:\/\/musiqueenchemin.fr\/wp-content\/uploads\/2020\/05\/Markeas-300x168.jpeg 300w, http:\/\/musiqueenchemin.fr\/wp-content\/uploads\/2020\/05\/Markeas-768x430.jpeg 768w, http:\/\/musiqueenchemin.fr\/wp-content\/uploads\/2020\/05\/Markeas-600x336.jpeg 600w, http:\/\/musiqueenchemin.fr\/wp-content\/uploads\/2020\/05\/Markeas-820x459.jpeg 820w, http:\/\/musiqueenchemin.fr\/wp-content\/uploads\/2020\/05\/Markeas.jpeg 1280w\" sizes=\"auto, (max-width: 1024px) 100vw, 1024px\" \/><figcaption>Alexandros Markeas, concert de piano<br>\u00a9 Polli Kaminsky<\/figcaption><\/figure>\n\n\n\n<h4>Fuzzle Jazz Puzzle<\/h4>\n\n\n\n<p><span class=\"has-inline-color has-very-dark-gray-color\">Alexandros Markeas est reconnu comme un des grands virtuoses contemporains de l\u2019improvisation libre. Dans <em>Fuzzle Jazz Puzzle<\/em>, il s\u2019appuie sur des th\u00e8mes mythiques de Duke Ellington, Billy Holliday et John Coltrane notamment. Tour \u00e0 tour il expose, d\u00e9construit et magnifie les motifs musicaux, ou bien change leur contexte et redonne leur essence, dans un style unique de concert o\u00f9 il prend la parole et s\u2019adresse parfois directement au public. Un moment jubilatoire et \u00e9tonnant en vue.<\/span><\/p>\n\n\n\n<h5 class=\"wp-block-heading\">Dur\u00e9e 1h \n<br>Tarif cat. A : 15 \u20ac &#8211; r\u00e9duit*: 12\u202f\u20ac  \n<br>Tarif cat. B (visibilit\u00e9 tr\u00e8s r\u00e9duite) : 7\u202f\u20ac\nGratuit moins de 12 ans. \n<\/h5>\n\n\n\n<hr class=\"wp-block-separator\"\/>\n\n\n\n<h4 class=\"wp-block-heading\">21h30 | Clo\u00eetre de la Coll\u00e9giale<\/h4>\n\n\n\n<h3 class=\"wp-block-heading\"><span class=\"has-inline-color has-vivid-cyan-blue-color\">Fran\u00e7ois Dumont<\/span><\/h3>\n\n\n\n<h4><em>Aux sources du romantisme<\/em><\/h4>\n\n\n\n<figure class=\"wp-block-image size-large\"><img loading=\"lazy\" decoding=\"async\" width=\"1024\" height=\"684\" src=\"http:\/\/musiqueenchemin.fr\/wp-content\/uploads\/2020\/05\/Dumont-1024x684.jpeg\" alt=\"\" class=\"wp-image-2739\" srcset=\"http:\/\/musiqueenchemin.fr\/wp-content\/uploads\/2020\/05\/Dumont-1024x684.jpeg 1024w, http:\/\/musiqueenchemin.fr\/wp-content\/uploads\/2020\/05\/Dumont-300x200.jpeg 300w, http:\/\/musiqueenchemin.fr\/wp-content\/uploads\/2020\/05\/Dumont-768x513.jpeg 768w, http:\/\/musiqueenchemin.fr\/wp-content\/uploads\/2020\/05\/Dumont-600x400.jpeg 600w, http:\/\/musiqueenchemin.fr\/wp-content\/uploads\/2020\/05\/Dumont-1536x1025.jpeg 1536w, http:\/\/musiqueenchemin.fr\/wp-content\/uploads\/2020\/05\/Dumont-2048x1367.jpeg 2048w, http:\/\/musiqueenchemin.fr\/wp-content\/uploads\/2020\/05\/Dumont-820x547.jpeg 820w, http:\/\/musiqueenchemin.fr\/wp-content\/uploads\/2020\/05\/Dumont-1320x881.jpeg 1320w\" sizes=\"auto, (max-width: 1024px) 100vw, 1024px\" \/><figcaption>Fran\u00e7ois Dumont, concert de piano<br>\u00a9 Fabrizio Sansoni<\/figcaption><\/figure>\n\n\n\n<h4>Beethoven et Chopin<\/h4>\n\n\n\n<p><span class=\"has-inline-color has-very-dark-gray-color\">Fran\u00e7ois Dumont est laur\u00e9at des plus grands concours internationaux. Pour l\u2019anniversaire de Beethoven, il a choisi la c\u00e9l\u00e8bre sonate \u00ab quasi una fantasia \u00bb, dite \u00ab Clair de lune \u00bb, qui est un extraordinaire t\u00e9moignage de ce qu\u2019ont pu \u00eatre les dons d\u2019improvisation du compositeur.<br>Puis la sonate \u00ab La Temp\u00eate \u00bb qui est un premier pas vers le romantisme avec son inspiration shakespearienne. Au programme pour terminer cette soir\u00e9e, les quatre ballades de Chopin, qui figurent parmi les sommets d\u2019inspiration du compositeur, de par leur lyrisme, leur originalit\u00e9<br>et leur intensit\u00e9 dramatique.<\/span><\/p>\n\n\n\n<h5 class=\"wp-block-heading\">Dur\u00e9e 1h \n<br>Tarif cat. A : 15 \u20ac &#8211; r\u00e9duit*: 12\u202f\u20ac  \n<br>Tarif cat. B (visibilit\u00e9 tr\u00e8s r\u00e9duite) : 7\u202f\u20ac\nGratuit moins de 12 ans. \n<\/h5>\n\n\n\n<hr class=\"wp-block-separator\"\/>\n\n\n\n<div class=\"wp-block-image\"><figure class=\"alignright size-large is-resized\"><img loading=\"lazy\" decoding=\"async\" src=\"http:\/\/musiqueenchemin.fr\/wp-content\/uploads\/2020\/06\/huppe-seule.png\" alt=\"\" class=\"wp-image-2780\" width=\"140\" height=\"126\" srcset=\"http:\/\/musiqueenchemin.fr\/wp-content\/uploads\/2020\/06\/huppe-seule.png 339w, http:\/\/musiqueenchemin.fr\/wp-content\/uploads\/2020\/06\/huppe-seule-300x270.png 300w\" sizes=\"auto, (max-width: 140px) 100vw, 140px\" \/><\/figure><\/div>\n\n\n\n<p><em>* Scolaires, \u00e9tudiants de moins de 26 ans, demandeurs d\u2019emploi, b\u00e9n\u00e9ficiaires du RSA, pass culturel, p\u00e8lerins sur le chemin de Saint-Jacques de Compostelle, Rom\u00e9viens. Pr\u00e9sentation des justificatifs originaux demand\u00e9e pour la d\u00e9livrance des billets achet\u00e9s sur internet.<\/em><\/p>\n","protected":false},"excerpt":{"rendered":"<p>Vendredi 24 juillet 21h | Concert \u00e0 la Coll\u00e9giale Concert de La Main Harmonique Utopia La fantaisie expressive des derniers madrigaux de la Renaissance Ensemble La Main Harmonique Direction : Fr\u00e9d\u00e9ric B\u00e9tous Nadia Lavoyer et Amandine Trenc, soprano Fr\u00e9d\u00e9ric B\u00e9tous, [&hellip;]<\/p>\n","protected":false},"author":1,"featured_media":0,"comment_status":"closed","ping_status":"closed","sticky":false,"template":"","format":"standard","meta":{"cwp_meta_box_check":"","cwp_rev_product_name":"","cwp_rev_product_image":"","wppr_links":[],"cwp_rev_price":"","wppr_options":[],"wppr_pros":[],"wppr_cons":[],"footnotes":""},"categories":[3,9],"tags":[],"class_list":["post-2766","post","type-post","status-publish","format-standard","hentry","category-festival","category-spectacle"],"wppr_data":[],"yoast_head":"<!-- This site is optimized with the Yoast SEO plugin v25.0 - https:\/\/yoast.com\/wordpress\/plugins\/seo\/ -->\n<title>Festival 2020 -<\/title>\n<meta name=\"robots\" content=\"index, follow, max-snippet:-1, max-image-preview:large, max-video-preview:-1\" \/>\n<link rel=\"canonical\" href=\"https:\/\/musiqueenchemin.fr\/index.php\/2020\/06\/06\/festival-2020\/\" \/>\n<meta property=\"og:locale\" content=\"fr_FR\" \/>\n<meta property=\"og:type\" content=\"article\" \/>\n<meta property=\"og:title\" content=\"Festival 2020 -\" \/>\n<meta property=\"og:description\" content=\"Vendredi 24 juillet 21h | Concert \u00e0 la Coll\u00e9giale Concert de La Main Harmonique Utopia La fantaisie expressive des derniers madrigaux de la Renaissance Ensemble La Main Harmonique Direction : Fr\u00e9d\u00e9ric B\u00e9tous Nadia Lavoyer et Amandine Trenc, soprano Fr\u00e9d\u00e9ric B\u00e9tous, [&hellip;]\" \/>\n<meta property=\"og:url\" content=\"https:\/\/musiqueenchemin.fr\/index.php\/2020\/06\/06\/festival-2020\/\" \/>\n<meta property=\"article:published_time\" content=\"2020-06-06T10:57:03+00:00\" \/>\n<meta property=\"article:modified_time\" content=\"2020-06-23T11:49:02+00:00\" \/>\n<meta property=\"og:image\" content=\"http:\/\/musiqueenchemin.fr\/wp-content\/uploads\/2020\/05\/AVCYwXbg-1024x600.jpeg\" \/>\n<meta name=\"author\" content=\"Musique en Chemin\" \/>\n<meta name=\"twitter:card\" content=\"summary_large_image\" \/>\n<meta name=\"twitter:label1\" content=\"\u00c9crit par\" \/>\n\t<meta name=\"twitter:data1\" content=\"Musique en Chemin\" \/>\n\t<meta name=\"twitter:label2\" content=\"Dur\u00e9e de lecture estim\u00e9e\" \/>\n\t<meta name=\"twitter:data2\" content=\"3 minutes\" \/>\n<script type=\"application\/ld+json\" class=\"yoast-schema-graph\">{\"@context\":\"https:\/\/schema.org\",\"@graph\":[{\"@type\":\"Article\",\"@id\":\"https:\/\/musiqueenchemin.fr\/index.php\/2020\/06\/06\/festival-2020\/#article\",\"isPartOf\":{\"@id\":\"https:\/\/musiqueenchemin.fr\/index.php\/2020\/06\/06\/festival-2020\/\"},\"author\":{\"name\":\"Musique en Chemin\",\"@id\":\"https:\/\/musiqueenchemin.fr\/#\/schema\/person\/6c4caa9d003e40448be270fea1e3cbff\"},\"headline\":\"Festival 2020\",\"datePublished\":\"2020-06-06T10:57:03+00:00\",\"dateModified\":\"2020-06-23T11:49:02+00:00\",\"mainEntityOfPage\":{\"@id\":\"https:\/\/musiqueenchemin.fr\/index.php\/2020\/06\/06\/festival-2020\/\"},\"wordCount\":669,\"publisher\":{\"@id\":\"https:\/\/musiqueenchemin.fr\/#organization\"},\"image\":{\"@id\":\"https:\/\/musiqueenchemin.fr\/index.php\/2020\/06\/06\/festival-2020\/#primaryimage\"},\"thumbnailUrl\":\"http:\/\/musiqueenchemin.fr\/wp-content\/uploads\/2020\/05\/AVCYwXbg-1024x600.jpeg\",\"articleSection\":[\"Festival\",\"Spectacle\"],\"inLanguage\":\"fr-FR\"},{\"@type\":\"WebPage\",\"@id\":\"https:\/\/musiqueenchemin.fr\/index.php\/2020\/06\/06\/festival-2020\/\",\"url\":\"https:\/\/musiqueenchemin.fr\/index.php\/2020\/06\/06\/festival-2020\/\",\"name\":\"Festival 2020 -\",\"isPartOf\":{\"@id\":\"https:\/\/musiqueenchemin.fr\/#website\"},\"primaryImageOfPage\":{\"@id\":\"https:\/\/musiqueenchemin.fr\/index.php\/2020\/06\/06\/festival-2020\/#primaryimage\"},\"image\":{\"@id\":\"https:\/\/musiqueenchemin.fr\/index.php\/2020\/06\/06\/festival-2020\/#primaryimage\"},\"thumbnailUrl\":\"http:\/\/musiqueenchemin.fr\/wp-content\/uploads\/2020\/05\/AVCYwXbg-1024x600.jpeg\",\"datePublished\":\"2020-06-06T10:57:03+00:00\",\"dateModified\":\"2020-06-23T11:49:02+00:00\",\"breadcrumb\":{\"@id\":\"https:\/\/musiqueenchemin.fr\/index.php\/2020\/06\/06\/festival-2020\/#breadcrumb\"},\"inLanguage\":\"fr-FR\",\"potentialAction\":[{\"@type\":\"ReadAction\",\"target\":[\"https:\/\/musiqueenchemin.fr\/index.php\/2020\/06\/06\/festival-2020\/\"]}]},{\"@type\":\"ImageObject\",\"inLanguage\":\"fr-FR\",\"@id\":\"https:\/\/musiqueenchemin.fr\/index.php\/2020\/06\/06\/festival-2020\/#primaryimage\",\"url\":\"http:\/\/musiqueenchemin.fr\/wp-content\/uploads\/2020\/05\/AVCYwXbg.jpeg\",\"contentUrl\":\"http:\/\/musiqueenchemin.fr\/wp-content\/uploads\/2020\/05\/AVCYwXbg.jpeg\",\"width\":2048,\"height\":1200},{\"@type\":\"BreadcrumbList\",\"@id\":\"https:\/\/musiqueenchemin.fr\/index.php\/2020\/06\/06\/festival-2020\/#breadcrumb\",\"itemListElement\":[{\"@type\":\"ListItem\",\"position\":1,\"name\":\"Accueil\",\"item\":\"https:\/\/musiqueenchemin.fr\/\"},{\"@type\":\"ListItem\",\"position\":2,\"name\":\"Festival 2020\"}]},{\"@type\":\"WebSite\",\"@id\":\"https:\/\/musiqueenchemin.fr\/#website\",\"url\":\"https:\/\/musiqueenchemin.fr\/\",\"name\":\"Musique en Chemin\",\"description\":\"\",\"publisher\":{\"@id\":\"https:\/\/musiqueenchemin.fr\/#organization\"},\"potentialAction\":[{\"@type\":\"SearchAction\",\"target\":{\"@type\":\"EntryPoint\",\"urlTemplate\":\"https:\/\/musiqueenchemin.fr\/?s={search_term_string}\"},\"query-input\":{\"@type\":\"PropertyValueSpecification\",\"valueRequired\":true,\"valueName\":\"search_term_string\"}}],\"inLanguage\":\"fr-FR\"},{\"@type\":\"Organization\",\"@id\":\"https:\/\/musiqueenchemin.fr\/#organization\",\"name\":\"Musique en Chemin\",\"url\":\"https:\/\/musiqueenchemin.fr\/\",\"logo\":{\"@type\":\"ImageObject\",\"inLanguage\":\"fr-FR\",\"@id\":\"https:\/\/musiqueenchemin.fr\/#\/schema\/logo\/image\/\",\"url\":\"http:\/\/musiqueenchemin.fr\/wp-content\/uploads\/2024\/03\/huppe-jaune-2024.png\",\"contentUrl\":\"http:\/\/musiqueenchemin.fr\/wp-content\/uploads\/2024\/03\/huppe-jaune-2024.png\",\"width\":560,\"height\":387,\"caption\":\"Musique en Chemin\"},\"image\":{\"@id\":\"https:\/\/musiqueenchemin.fr\/#\/schema\/logo\/image\/\"}},{\"@type\":\"Person\",\"@id\":\"https:\/\/musiqueenchemin.fr\/#\/schema\/person\/6c4caa9d003e40448be270fea1e3cbff\",\"name\":\"Musique en Chemin\",\"image\":{\"@type\":\"ImageObject\",\"inLanguage\":\"fr-FR\",\"@id\":\"https:\/\/musiqueenchemin.fr\/#\/schema\/person\/image\/\",\"url\":\"https:\/\/secure.gravatar.com\/avatar\/7b1be4a90bcc64c58111b64ffe668b413f96ab86aad982e7fdacac32cefcb4ec?s=96&d=mm&r=g\",\"contentUrl\":\"https:\/\/secure.gravatar.com\/avatar\/7b1be4a90bcc64c58111b64ffe668b413f96ab86aad982e7fdacac32cefcb4ec?s=96&d=mm&r=g\",\"caption\":\"Musique en Chemin\"},\"url\":\"http:\/\/musiqueenchemin.fr\/index.php\/author\/chem\/\"}]}<\/script>\n<!-- \/ Yoast SEO plugin. -->","yoast_head_json":{"title":"Festival 2020 -","robots":{"index":"index","follow":"follow","max-snippet":"max-snippet:-1","max-image-preview":"max-image-preview:large","max-video-preview":"max-video-preview:-1"},"canonical":"https:\/\/musiqueenchemin.fr\/index.php\/2020\/06\/06\/festival-2020\/","og_locale":"fr_FR","og_type":"article","og_title":"Festival 2020 -","og_description":"Vendredi 24 juillet 21h | Concert \u00e0 la Coll\u00e9giale Concert de La Main Harmonique Utopia La fantaisie expressive des derniers madrigaux de la Renaissance Ensemble La Main Harmonique Direction : Fr\u00e9d\u00e9ric B\u00e9tous Nadia Lavoyer et Amandine Trenc, soprano Fr\u00e9d\u00e9ric B\u00e9tous, [&hellip;]","og_url":"https:\/\/musiqueenchemin.fr\/index.php\/2020\/06\/06\/festival-2020\/","article_published_time":"2020-06-06T10:57:03+00:00","article_modified_time":"2020-06-23T11:49:02+00:00","og_image":[{"url":"http:\/\/musiqueenchemin.fr\/wp-content\/uploads\/2020\/05\/AVCYwXbg-1024x600.jpeg","type":"","width":"","height":""}],"author":"Musique en Chemin","twitter_card":"summary_large_image","twitter_misc":{"\u00c9crit par":"Musique en Chemin","Dur\u00e9e de lecture estim\u00e9e":"3 minutes"},"schema":{"@context":"https:\/\/schema.org","@graph":[{"@type":"Article","@id":"https:\/\/musiqueenchemin.fr\/index.php\/2020\/06\/06\/festival-2020\/#article","isPartOf":{"@id":"https:\/\/musiqueenchemin.fr\/index.php\/2020\/06\/06\/festival-2020\/"},"author":{"name":"Musique en Chemin","@id":"https:\/\/musiqueenchemin.fr\/#\/schema\/person\/6c4caa9d003e40448be270fea1e3cbff"},"headline":"Festival 2020","datePublished":"2020-06-06T10:57:03+00:00","dateModified":"2020-06-23T11:49:02+00:00","mainEntityOfPage":{"@id":"https:\/\/musiqueenchemin.fr\/index.php\/2020\/06\/06\/festival-2020\/"},"wordCount":669,"publisher":{"@id":"https:\/\/musiqueenchemin.fr\/#organization"},"image":{"@id":"https:\/\/musiqueenchemin.fr\/index.php\/2020\/06\/06\/festival-2020\/#primaryimage"},"thumbnailUrl":"http:\/\/musiqueenchemin.fr\/wp-content\/uploads\/2020\/05\/AVCYwXbg-1024x600.jpeg","articleSection":["Festival","Spectacle"],"inLanguage":"fr-FR"},{"@type":"WebPage","@id":"https:\/\/musiqueenchemin.fr\/index.php\/2020\/06\/06\/festival-2020\/","url":"https:\/\/musiqueenchemin.fr\/index.php\/2020\/06\/06\/festival-2020\/","name":"Festival 2020 -","isPartOf":{"@id":"https:\/\/musiqueenchemin.fr\/#website"},"primaryImageOfPage":{"@id":"https:\/\/musiqueenchemin.fr\/index.php\/2020\/06\/06\/festival-2020\/#primaryimage"},"image":{"@id":"https:\/\/musiqueenchemin.fr\/index.php\/2020\/06\/06\/festival-2020\/#primaryimage"},"thumbnailUrl":"http:\/\/musiqueenchemin.fr\/wp-content\/uploads\/2020\/05\/AVCYwXbg-1024x600.jpeg","datePublished":"2020-06-06T10:57:03+00:00","dateModified":"2020-06-23T11:49:02+00:00","breadcrumb":{"@id":"https:\/\/musiqueenchemin.fr\/index.php\/2020\/06\/06\/festival-2020\/#breadcrumb"},"inLanguage":"fr-FR","potentialAction":[{"@type":"ReadAction","target":["https:\/\/musiqueenchemin.fr\/index.php\/2020\/06\/06\/festival-2020\/"]}]},{"@type":"ImageObject","inLanguage":"fr-FR","@id":"https:\/\/musiqueenchemin.fr\/index.php\/2020\/06\/06\/festival-2020\/#primaryimage","url":"http:\/\/musiqueenchemin.fr\/wp-content\/uploads\/2020\/05\/AVCYwXbg.jpeg","contentUrl":"http:\/\/musiqueenchemin.fr\/wp-content\/uploads\/2020\/05\/AVCYwXbg.jpeg","width":2048,"height":1200},{"@type":"BreadcrumbList","@id":"https:\/\/musiqueenchemin.fr\/index.php\/2020\/06\/06\/festival-2020\/#breadcrumb","itemListElement":[{"@type":"ListItem","position":1,"name":"Accueil","item":"https:\/\/musiqueenchemin.fr\/"},{"@type":"ListItem","position":2,"name":"Festival 2020"}]},{"@type":"WebSite","@id":"https:\/\/musiqueenchemin.fr\/#website","url":"https:\/\/musiqueenchemin.fr\/","name":"Musique en Chemin","description":"","publisher":{"@id":"https:\/\/musiqueenchemin.fr\/#organization"},"potentialAction":[{"@type":"SearchAction","target":{"@type":"EntryPoint","urlTemplate":"https:\/\/musiqueenchemin.fr\/?s={search_term_string}"},"query-input":{"@type":"PropertyValueSpecification","valueRequired":true,"valueName":"search_term_string"}}],"inLanguage":"fr-FR"},{"@type":"Organization","@id":"https:\/\/musiqueenchemin.fr\/#organization","name":"Musique en Chemin","url":"https:\/\/musiqueenchemin.fr\/","logo":{"@type":"ImageObject","inLanguage":"fr-FR","@id":"https:\/\/musiqueenchemin.fr\/#\/schema\/logo\/image\/","url":"http:\/\/musiqueenchemin.fr\/wp-content\/uploads\/2024\/03\/huppe-jaune-2024.png","contentUrl":"http:\/\/musiqueenchemin.fr\/wp-content\/uploads\/2024\/03\/huppe-jaune-2024.png","width":560,"height":387,"caption":"Musique en Chemin"},"image":{"@id":"https:\/\/musiqueenchemin.fr\/#\/schema\/logo\/image\/"}},{"@type":"Person","@id":"https:\/\/musiqueenchemin.fr\/#\/schema\/person\/6c4caa9d003e40448be270fea1e3cbff","name":"Musique en Chemin","image":{"@type":"ImageObject","inLanguage":"fr-FR","@id":"https:\/\/musiqueenchemin.fr\/#\/schema\/person\/image\/","url":"https:\/\/secure.gravatar.com\/avatar\/7b1be4a90bcc64c58111b64ffe668b413f96ab86aad982e7fdacac32cefcb4ec?s=96&d=mm&r=g","contentUrl":"https:\/\/secure.gravatar.com\/avatar\/7b1be4a90bcc64c58111b64ffe668b413f96ab86aad982e7fdacac32cefcb4ec?s=96&d=mm&r=g","caption":"Musique en Chemin"},"url":"http:\/\/musiqueenchemin.fr\/index.php\/author\/chem\/"}]}},"_links":{"self":[{"href":"http:\/\/musiqueenchemin.fr\/index.php\/wp-json\/wp\/v2\/posts\/2766","targetHints":{"allow":["GET"]}}],"collection":[{"href":"http:\/\/musiqueenchemin.fr\/index.php\/wp-json\/wp\/v2\/posts"}],"about":[{"href":"http:\/\/musiqueenchemin.fr\/index.php\/wp-json\/wp\/v2\/types\/post"}],"author":[{"embeddable":true,"href":"http:\/\/musiqueenchemin.fr\/index.php\/wp-json\/wp\/v2\/users\/1"}],"replies":[{"embeddable":true,"href":"http:\/\/musiqueenchemin.fr\/index.php\/wp-json\/wp\/v2\/comments?post=2766"}],"version-history":[{"count":3,"href":"http:\/\/musiqueenchemin.fr\/index.php\/wp-json\/wp\/v2\/posts\/2766\/revisions"}],"predecessor-version":[{"id":2799,"href":"http:\/\/musiqueenchemin.fr\/index.php\/wp-json\/wp\/v2\/posts\/2766\/revisions\/2799"}],"wp:attachment":[{"href":"http:\/\/musiqueenchemin.fr\/index.php\/wp-json\/wp\/v2\/media?parent=2766"}],"wp:term":[{"taxonomy":"category","embeddable":true,"href":"http:\/\/musiqueenchemin.fr\/index.php\/wp-json\/wp\/v2\/categories?post=2766"},{"taxonomy":"post_tag","embeddable":true,"href":"http:\/\/musiqueenchemin.fr\/index.php\/wp-json\/wp\/v2\/tags?post=2766"}],"curies":[{"name":"wp","href":"https:\/\/api.w.org\/{rel}","templated":true}]}}