{"id":3162,"date":"2022-05-11T14:45:21","date_gmt":"2022-05-11T13:45:21","guid":{"rendered":"http:\/\/musiqueenchemin.fr\/?p=3162"},"modified":"2022-06-02T13:18:31","modified_gmt":"2022-06-02T12:18:31","slug":"kaleidoscope","status":"publish","type":"post","link":"http:\/\/musiqueenchemin.fr\/index.php\/2022\/05\/11\/kaleidoscope\/","title":{"rendered":"Kal\u00e9idoscope"},"content":{"rendered":"\n<h2 class=\"wp-block-heading\">Ensemble La Main Harmonique &amp; le Ch\u0153ur Ambr\u00f2sia<\/h2>\n\n\n\n<h2 class=\"has-text-color wp-block-heading\" style=\"color:#3c62ac\"><strong><mark style=\"background-color:rgba(0, 0, 0, 0);color:#3c62ac\" class=\"has-inline-color\">Vendredi 22 juillet<\/mark><\/strong><\/h2>\n\n\n\n<h4 class=\"has-text-color wp-block-heading\" style=\"color:#202041\"><mark style=\"background-color:rgba(0, 0, 0, 0)\" class=\"has-inline-color has-black-color\">20h30 | <\/mark>Coll\u00e9giale de La Romieu<\/h4>\n\n\n\n<p class=\"has-small-font-size\"><strong>Direction Fr\u00e9d\u00e9ric B\u00e9tous<\/strong><\/p>\n\n\n\n<figure class=\"wp-block-image size-large\"><img loading=\"lazy\" decoding=\"async\" width=\"1024\" height=\"533\" src=\"http:\/\/musiqueenchemin.fr\/wp-content\/uploads\/2022\/05\/LaMainHarmonique\u00a9ThomasMillet-1024x533.jpg\" alt=\"\" class=\"wp-image-3137\" srcset=\"http:\/\/musiqueenchemin.fr\/wp-content\/uploads\/2022\/05\/LaMainHarmonique\u00a9ThomasMillet-1024x533.jpg 1024w, http:\/\/musiqueenchemin.fr\/wp-content\/uploads\/2022\/05\/LaMainHarmonique\u00a9ThomasMillet-300x156.jpg 300w, http:\/\/musiqueenchemin.fr\/wp-content\/uploads\/2022\/05\/LaMainHarmonique\u00a9ThomasMillet-768x399.jpg 768w, http:\/\/musiqueenchemin.fr\/wp-content\/uploads\/2022\/05\/LaMainHarmonique\u00a9ThomasMillet-50x26.jpg 50w, http:\/\/musiqueenchemin.fr\/wp-content\/uploads\/2022\/05\/LaMainHarmonique\u00a9ThomasMillet-820x427.jpg 820w, http:\/\/musiqueenchemin.fr\/wp-content\/uploads\/2022\/05\/LaMainHarmonique\u00a9ThomasMillet.jpg 1192w\" sizes=\"auto, (max-width: 1024px) 100vw, 1024px\" \/><figcaption>\u00a9 Thomas Millet<\/figcaption><\/figure>\n\n\n\n<p>Dans ce programme, le spectateur exp\u00e9rimente en un bref instant une diversit\u00e9 foisonnante de musiques polyphoniques caract\u00e9ristiques de la Renaissance et du baroque en France, en Italie et en Angleterre. Des textes permettant de contextualiser ces musiques sont lus par les chanteurs, ce qui apporte un \u00e9clairage suppl\u00e9mentaire pour donner toute sa dimension \u00e0 l\u2019\u00e9coute des \u0153uvres. Que les paroles soient po\u00e9tiques, spirituelles ou humoristiques, ces miniatures polyphoniques rev\u00eatent un caract\u00e8re intemporel en r\u00e9v\u00e9lant une myriade de facettes faisant \u00e9cho aux hommes et aux femmes d\u2019aujourd\u2019hui. Musiques de Monteverdi, Dowland, Lejeune\u2026<\/p>\n\n\n\n<h5 class=\"wp-block-heading\"><mark style=\"background-color:rgba(0, 0, 0, 0);color:#bb9663\" class=\"has-inline-color\">Dur\u00e9e 1h15 &#8211; Tarif A<\/mark><\/h5>\n\n\n\n<p><strong><mark style=\"background-color:rgba(0, 0, 0, 0);color:#bb9663\" class=\"has-inline-color\">R\u00e9servez vos places<\/mark><\/strong><\/p>\n\n\n\n<p><\/p>\n\n\n\n<p><\/p>\n\n\n\n<figure class=\"wp-block-embed is-type-rich is-provider-prise-en-charge-des-contenus-embarques wp-block-embed-prise-en-charge-des-contenus-embarques wp-embed-aspect-16-9 wp-has-aspect-ratio\"><div class=\"wp-block-embed__wrapper\">\n<iframe loading=\"lazy\" title=\"CIECHI DESIR - Michelangelo ROSSI (1602-1656) - UTOPIA - LA MAIN HARMONIQUE, Fr\u00e9d\u00e9ric B\u00e9tous\" width=\"1160\" height=\"653\" src=\"https:\/\/www.youtube.com\/embed\/lZXfwYyp_GE?feature=oembed\" frameborder=\"0\" allow=\"accelerometer; autoplay; clipboard-write; encrypted-media; gyroscope; picture-in-picture\" allowfullscreen><\/iframe>\n<\/div><\/figure>\n","protected":false},"excerpt":{"rendered":"<p>Ensemble La Main Harmonique &amp; le Ch\u0153ur Ambr\u00f2sia Vendredi 22 juillet 20h30 | Coll\u00e9giale de La Romieu Direction Fr\u00e9d\u00e9ric B\u00e9tous Dans ce programme, le spectateur exp\u00e9rimente en un bref instant une diversit\u00e9 foisonnante de musiques polyphoniques caract\u00e9ristiques de la Renaissance et du baroque en France, en Italie et en Angleterre. Des textes permettant de contextualiser [&hellip;]<\/p>\n","protected":false},"author":1,"featured_media":0,"comment_status":"closed","ping_status":"closed","sticky":false,"template":"","format":"standard","meta":{"cwp_meta_box_check":"No","cwp_rev_product_name":"","cwp_rev_product_image":"","wppr_links":[],"cwp_rev_price":"","wppr_options":[],"wppr_pros":[],"wppr_cons":[],"footnotes":""},"categories":[1],"tags":[],"class_list":["post-3162","post","type-post","status-publish","format-standard","hentry","category-non-classe"],"wppr_data":{"cwp_meta_box_check":"No"},"yoast_head":"<!-- This site is optimized with the Yoast SEO plugin v25.0 - https:\/\/yoast.com\/wordpress\/plugins\/seo\/ -->\n<title>Kal\u00e9idoscope - Musique en Chemin<\/title>\n<meta name=\"robots\" content=\"index, follow, max-snippet:-1, max-image-preview:large, max-video-preview:-1\" \/>\n<link rel=\"canonical\" href=\"https:\/\/musiqueenchemin.fr\/index.php\/2022\/05\/11\/kaleidoscope\/\" \/>\n<meta property=\"og:locale\" content=\"fr_FR\" \/>\n<meta property=\"og:type\" content=\"article\" \/>\n<meta property=\"og:title\" content=\"Kal\u00e9idoscope - Musique en Chemin\" \/>\n<meta property=\"og:description\" content=\"Ensemble La Main Harmonique &amp; le Ch\u0153ur Ambr\u00f2sia Vendredi 22 juillet 20h30 | Coll\u00e9giale de La Romieu Direction Fr\u00e9d\u00e9ric B\u00e9tous Dans ce programme, le spectateur exp\u00e9rimente en un bref instant une diversit\u00e9 foisonnante de musiques polyphoniques caract\u00e9ristiques de la Renaissance et du baroque en France, en Italie et en Angleterre. Des textes permettant de contextualiser [&hellip;]\" \/>\n<meta property=\"og:url\" content=\"https:\/\/musiqueenchemin.fr\/index.php\/2022\/05\/11\/kaleidoscope\/\" \/>\n<meta property=\"og:site_name\" content=\"Musique en Chemin\" \/>\n<meta property=\"article:published_time\" content=\"2022-05-11T13:45:21+00:00\" \/>\n<meta property=\"article:modified_time\" content=\"2022-06-02T12:18:31+00:00\" \/>\n<meta name=\"author\" content=\"Musique en Chemin\" \/>\n<meta name=\"twitter:card\" content=\"summary_large_image\" \/>\n<meta name=\"twitter:label1\" content=\"\u00c9crit par\" \/>\n\t<meta name=\"twitter:data1\" content=\"Musique en Chemin\" \/>\n\t<meta name=\"twitter:label2\" content=\"Dur\u00e9e de lecture estim\u00e9e\" \/>\n\t<meta name=\"twitter:data2\" content=\"1 minute\" \/>\n<script type=\"application\/ld+json\" class=\"yoast-schema-graph\">{\"@context\":\"https:\/\/schema.org\",\"@graph\":[{\"@type\":\"Article\",\"@id\":\"https:\/\/musiqueenchemin.fr\/index.php\/2022\/05\/11\/kaleidoscope\/#article\",\"isPartOf\":{\"@id\":\"https:\/\/musiqueenchemin.fr\/index.php\/2022\/05\/11\/kaleidoscope\/\"},\"author\":{\"name\":\"Musique en Chemin\",\"@id\":\"https:\/\/musiqueenchemin.fr\/#\/schema\/person\/6c4caa9d003e40448be270fea1e3cbff\"},\"headline\":\"Kal\u00e9idoscope\",\"datePublished\":\"2022-05-11T13:45:21+00:00\",\"dateModified\":\"2022-06-02T12:18:31+00:00\",\"mainEntityOfPage\":{\"@id\":\"https:\/\/musiqueenchemin.fr\/index.php\/2022\/05\/11\/kaleidoscope\/\"},\"wordCount\":146,\"publisher\":{\"@id\":\"https:\/\/musiqueenchemin.fr\/#organization\"},\"inLanguage\":\"fr-FR\"},{\"@type\":\"WebPage\",\"@id\":\"https:\/\/musiqueenchemin.fr\/index.php\/2022\/05\/11\/kaleidoscope\/\",\"url\":\"https:\/\/musiqueenchemin.fr\/index.php\/2022\/05\/11\/kaleidoscope\/\",\"name\":\"Kal\u00e9idoscope - Musique en Chemin\",\"isPartOf\":{\"@id\":\"https:\/\/musiqueenchemin.fr\/#website\"},\"datePublished\":\"2022-05-11T13:45:21+00:00\",\"dateModified\":\"2022-06-02T12:18:31+00:00\",\"breadcrumb\":{\"@id\":\"https:\/\/musiqueenchemin.fr\/index.php\/2022\/05\/11\/kaleidoscope\/#breadcrumb\"},\"inLanguage\":\"fr-FR\",\"potentialAction\":[{\"@type\":\"ReadAction\",\"target\":[\"https:\/\/musiqueenchemin.fr\/index.php\/2022\/05\/11\/kaleidoscope\/\"]}]},{\"@type\":\"BreadcrumbList\",\"@id\":\"https:\/\/musiqueenchemin.fr\/index.php\/2022\/05\/11\/kaleidoscope\/#breadcrumb\",\"itemListElement\":[{\"@type\":\"ListItem\",\"position\":1,\"name\":\"Accueil\",\"item\":\"https:\/\/musiqueenchemin.fr\/\"},{\"@type\":\"ListItem\",\"position\":2,\"name\":\"Kal\u00e9idoscope\"}]},{\"@type\":\"WebSite\",\"@id\":\"https:\/\/musiqueenchemin.fr\/#website\",\"url\":\"https:\/\/musiqueenchemin.fr\/\",\"name\":\"Musique en Chemin\",\"description\":\"Saison &amp; Festival\",\"publisher\":{\"@id\":\"https:\/\/musiqueenchemin.fr\/#organization\"},\"potentialAction\":[{\"@type\":\"SearchAction\",\"target\":{\"@type\":\"EntryPoint\",\"urlTemplate\":\"https:\/\/musiqueenchemin.fr\/?s={search_term_string}\"},\"query-input\":{\"@type\":\"PropertyValueSpecification\",\"valueRequired\":true,\"valueName\":\"search_term_string\"}}],\"inLanguage\":\"fr-FR\"},{\"@type\":\"Organization\",\"@id\":\"https:\/\/musiqueenchemin.fr\/#organization\",\"name\":\"Musique en Chemin\",\"url\":\"https:\/\/musiqueenchemin.fr\/\",\"logo\":{\"@type\":\"ImageObject\",\"inLanguage\":\"fr-FR\",\"@id\":\"https:\/\/musiqueenchemin.fr\/#\/schema\/logo\/image\/\",\"url\":\"http:\/\/musiqueenchemin.fr\/wp-content\/uploads\/2024\/03\/huppe-jaune-2024.png\",\"contentUrl\":\"http:\/\/musiqueenchemin.fr\/wp-content\/uploads\/2024\/03\/huppe-jaune-2024.png\",\"width\":560,\"height\":387,\"caption\":\"Musique en Chemin\"},\"image\":{\"@id\":\"https:\/\/musiqueenchemin.fr\/#\/schema\/logo\/image\/\"}},{\"@type\":\"Person\",\"@id\":\"https:\/\/musiqueenchemin.fr\/#\/schema\/person\/6c4caa9d003e40448be270fea1e3cbff\",\"name\":\"Musique en Chemin\",\"image\":{\"@type\":\"ImageObject\",\"inLanguage\":\"fr-FR\",\"@id\":\"https:\/\/musiqueenchemin.fr\/#\/schema\/person\/image\/\",\"url\":\"https:\/\/secure.gravatar.com\/avatar\/7b1be4a90bcc64c58111b64ffe668b413f96ab86aad982e7fdacac32cefcb4ec?s=96&d=mm&r=g\",\"contentUrl\":\"https:\/\/secure.gravatar.com\/avatar\/7b1be4a90bcc64c58111b64ffe668b413f96ab86aad982e7fdacac32cefcb4ec?s=96&d=mm&r=g\",\"caption\":\"Musique en Chemin\"},\"url\":\"http:\/\/musiqueenchemin.fr\/index.php\/author\/chem\/\"}]}<\/script>\n<!-- \/ Yoast SEO plugin. -->","yoast_head_json":{"title":"Kal\u00e9idoscope - Musique en Chemin","robots":{"index":"index","follow":"follow","max-snippet":"max-snippet:-1","max-image-preview":"max-image-preview:large","max-video-preview":"max-video-preview:-1"},"canonical":"https:\/\/musiqueenchemin.fr\/index.php\/2022\/05\/11\/kaleidoscope\/","og_locale":"fr_FR","og_type":"article","og_title":"Kal\u00e9idoscope - Musique en Chemin","og_description":"Ensemble La Main Harmonique &amp; le Ch\u0153ur Ambr\u00f2sia Vendredi 22 juillet 20h30 | Coll\u00e9giale de La Romieu Direction Fr\u00e9d\u00e9ric B\u00e9tous Dans ce programme, le spectateur exp\u00e9rimente en un bref instant une diversit\u00e9 foisonnante de musiques polyphoniques caract\u00e9ristiques de la Renaissance et du baroque en France, en Italie et en Angleterre. Des textes permettant de contextualiser [&hellip;]","og_url":"https:\/\/musiqueenchemin.fr\/index.php\/2022\/05\/11\/kaleidoscope\/","og_site_name":"Musique en Chemin","article_published_time":"2022-05-11T13:45:21+00:00","article_modified_time":"2022-06-02T12:18:31+00:00","author":"Musique en Chemin","twitter_card":"summary_large_image","twitter_misc":{"\u00c9crit par":"Musique en Chemin","Dur\u00e9e de lecture estim\u00e9e":"1 minute"},"schema":{"@context":"https:\/\/schema.org","@graph":[{"@type":"Article","@id":"https:\/\/musiqueenchemin.fr\/index.php\/2022\/05\/11\/kaleidoscope\/#article","isPartOf":{"@id":"https:\/\/musiqueenchemin.fr\/index.php\/2022\/05\/11\/kaleidoscope\/"},"author":{"name":"Musique en Chemin","@id":"https:\/\/musiqueenchemin.fr\/#\/schema\/person\/6c4caa9d003e40448be270fea1e3cbff"},"headline":"Kal\u00e9idoscope","datePublished":"2022-05-11T13:45:21+00:00","dateModified":"2022-06-02T12:18:31+00:00","mainEntityOfPage":{"@id":"https:\/\/musiqueenchemin.fr\/index.php\/2022\/05\/11\/kaleidoscope\/"},"wordCount":146,"publisher":{"@id":"https:\/\/musiqueenchemin.fr\/#organization"},"inLanguage":"fr-FR"},{"@type":"WebPage","@id":"https:\/\/musiqueenchemin.fr\/index.php\/2022\/05\/11\/kaleidoscope\/","url":"https:\/\/musiqueenchemin.fr\/index.php\/2022\/05\/11\/kaleidoscope\/","name":"Kal\u00e9idoscope - Musique en Chemin","isPartOf":{"@id":"https:\/\/musiqueenchemin.fr\/#website"},"datePublished":"2022-05-11T13:45:21+00:00","dateModified":"2022-06-02T12:18:31+00:00","breadcrumb":{"@id":"https:\/\/musiqueenchemin.fr\/index.php\/2022\/05\/11\/kaleidoscope\/#breadcrumb"},"inLanguage":"fr-FR","potentialAction":[{"@type":"ReadAction","target":["https:\/\/musiqueenchemin.fr\/index.php\/2022\/05\/11\/kaleidoscope\/"]}]},{"@type":"BreadcrumbList","@id":"https:\/\/musiqueenchemin.fr\/index.php\/2022\/05\/11\/kaleidoscope\/#breadcrumb","itemListElement":[{"@type":"ListItem","position":1,"name":"Accueil","item":"https:\/\/musiqueenchemin.fr\/"},{"@type":"ListItem","position":2,"name":"Kal\u00e9idoscope"}]},{"@type":"WebSite","@id":"https:\/\/musiqueenchemin.fr\/#website","url":"https:\/\/musiqueenchemin.fr\/","name":"Musique en Chemin","description":"Saison &amp; Festival","publisher":{"@id":"https:\/\/musiqueenchemin.fr\/#organization"},"potentialAction":[{"@type":"SearchAction","target":{"@type":"EntryPoint","urlTemplate":"https:\/\/musiqueenchemin.fr\/?s={search_term_string}"},"query-input":{"@type":"PropertyValueSpecification","valueRequired":true,"valueName":"search_term_string"}}],"inLanguage":"fr-FR"},{"@type":"Organization","@id":"https:\/\/musiqueenchemin.fr\/#organization","name":"Musique en Chemin","url":"https:\/\/musiqueenchemin.fr\/","logo":{"@type":"ImageObject","inLanguage":"fr-FR","@id":"https:\/\/musiqueenchemin.fr\/#\/schema\/logo\/image\/","url":"http:\/\/musiqueenchemin.fr\/wp-content\/uploads\/2024\/03\/huppe-jaune-2024.png","contentUrl":"http:\/\/musiqueenchemin.fr\/wp-content\/uploads\/2024\/03\/huppe-jaune-2024.png","width":560,"height":387,"caption":"Musique en Chemin"},"image":{"@id":"https:\/\/musiqueenchemin.fr\/#\/schema\/logo\/image\/"}},{"@type":"Person","@id":"https:\/\/musiqueenchemin.fr\/#\/schema\/person\/6c4caa9d003e40448be270fea1e3cbff","name":"Musique en Chemin","image":{"@type":"ImageObject","inLanguage":"fr-FR","@id":"https:\/\/musiqueenchemin.fr\/#\/schema\/person\/image\/","url":"https:\/\/secure.gravatar.com\/avatar\/7b1be4a90bcc64c58111b64ffe668b413f96ab86aad982e7fdacac32cefcb4ec?s=96&d=mm&r=g","contentUrl":"https:\/\/secure.gravatar.com\/avatar\/7b1be4a90bcc64c58111b64ffe668b413f96ab86aad982e7fdacac32cefcb4ec?s=96&d=mm&r=g","caption":"Musique en Chemin"},"url":"http:\/\/musiqueenchemin.fr\/index.php\/author\/chem\/"}]}},"_links":{"self":[{"href":"http:\/\/musiqueenchemin.fr\/index.php\/wp-json\/wp\/v2\/posts\/3162","targetHints":{"allow":["GET"]}}],"collection":[{"href":"http:\/\/musiqueenchemin.fr\/index.php\/wp-json\/wp\/v2\/posts"}],"about":[{"href":"http:\/\/musiqueenchemin.fr\/index.php\/wp-json\/wp\/v2\/types\/post"}],"author":[{"embeddable":true,"href":"http:\/\/musiqueenchemin.fr\/index.php\/wp-json\/wp\/v2\/users\/1"}],"replies":[{"embeddable":true,"href":"http:\/\/musiqueenchemin.fr\/index.php\/wp-json\/wp\/v2\/comments?post=3162"}],"version-history":[{"count":3,"href":"http:\/\/musiqueenchemin.fr\/index.php\/wp-json\/wp\/v2\/posts\/3162\/revisions"}],"predecessor-version":[{"id":3278,"href":"http:\/\/musiqueenchemin.fr\/index.php\/wp-json\/wp\/v2\/posts\/3162\/revisions\/3278"}],"wp:attachment":[{"href":"http:\/\/musiqueenchemin.fr\/index.php\/wp-json\/wp\/v2\/media?parent=3162"}],"wp:term":[{"taxonomy":"category","embeddable":true,"href":"http:\/\/musiqueenchemin.fr\/index.php\/wp-json\/wp\/v2\/categories?post=3162"},{"taxonomy":"post_tag","embeddable":true,"href":"http:\/\/musiqueenchemin.fr\/index.php\/wp-json\/wp\/v2\/tags?post=3162"}],"curies":[{"name":"wp","href":"https:\/\/api.w.org\/{rel}","templated":true}]}}