{"id":3169,"date":"2022-05-11T14:54:37","date_gmt":"2022-05-11T13:54:37","guid":{"rendered":"http:\/\/musiqueenchemin.fr\/?p=3169"},"modified":"2022-06-02T15:58:04","modified_gmt":"2022-06-02T14:58:04","slug":"avant-premiere-dixit-dominus","status":"publish","type":"post","link":"http:\/\/musiqueenchemin.fr\/index.php\/2022\/05\/11\/avant-premiere-dixit-dominus\/","title":{"rendered":"Avant-Premi\u00e8re Dixit Dominus"},"content":{"rendered":"\n<h2 class=\"wp-block-heading\">GF.Haendel<\/h2>\n\n\n\n<h2 class=\"has-text-color wp-block-heading\" style=\"color:#3c62ac\"><strong><mark style=\"background-color:rgba(0, 0, 0, 0);color:#3c62ac\" class=\"has-inline-color\">Mercredi 20 juillet <\/mark><\/strong><\/h2>\n\n\n\n<h4 class=\"has-text-color wp-block-heading\" style=\"color:#3c62ac\"><mark style=\"background-color:rgba(0, 0, 0, 0);color:#202041\" class=\"has-inline-color\">18h | Cath\u00e9drale Saint-Pierre de Condom<\/mark><\/h4>\n\n\n\n<p class=\"has-small-font-size\"><em>Concert propos\u00e9 en partenariat avec <a href=\"https:\/\/lefestival.eu\/\" target=\"_blank\" rel=\"noreferrer noopener\">Le Festival Radio France Occitanie Montpellier<\/a><\/em><\/p>\n\n\n\n<p><strong>Les Ombres<\/strong><br>Ensemble instrumental, direction Margaux Blanchard &amp; Sylvain Sartre<\/p>\n\n\n\n<p><strong>Les \u00c9l\u00e9ments<\/strong><br>Ensemble vocal, direction Jo\u00ebl Suhubiette<\/p>\n\n\n\n<figure class=\"wp-block-image size-full\"><img loading=\"lazy\" decoding=\"async\" width=\"800\" height=\"940\" src=\"http:\/\/musiqueenchemin.fr\/wp-content\/uploads\/2022\/05\/Elements-Ombres@Pascal-Champion.jpg\" alt=\"\" class=\"wp-image-3136\" srcset=\"http:\/\/musiqueenchemin.fr\/wp-content\/uploads\/2022\/05\/Elements-Ombres@Pascal-Champion.jpg 800w, http:\/\/musiqueenchemin.fr\/wp-content\/uploads\/2022\/05\/Elements-Ombres@Pascal-Champion-255x300.jpg 255w, http:\/\/musiqueenchemin.fr\/wp-content\/uploads\/2022\/05\/Elements-Ombres@Pascal-Champion-768x902.jpg 768w, http:\/\/musiqueenchemin.fr\/wp-content\/uploads\/2022\/05\/Elements-Ombres@Pascal-Champion-43x50.jpg 43w\" sizes=\"auto, (max-width: 800px) 100vw, 800px\" \/><figcaption>\u00a9 Pascal Champion<\/figcaption><\/figure>\n\n\n\n<p>Odes joyeuses, basses obstin\u00e9es et ch\u0153urs spectaculaires\u202f: avec comme point d\u2019orgue le Dixit Dominus de Georg Friedrich Haendel, l\u2019ensemble Les Ombres et le ch\u0153ur Les \u00c9l\u00e9ments rendent hommage \u00e0 l\u2019art polyphonique des ma\u00eetres anglais anciens, des p\u00e8res fondateurs Thomas Tallis et William Byrd en passant par Henry Purcell.<\/p>\n\n\n\n<h5 class=\"wp-block-heading\"><mark style=\"background-color:rgba(0, 0, 0, 0);color:#bb9663\" class=\"has-inline-color\">Dur\u00e9e 1h15 &#8211; Tarif A<\/mark><\/h5>\n\n\n\n<p><strong><mark style=\"background-color:rgba(0, 0, 0, 0);color:#bb9663\" class=\"has-inline-color\">R\u00e9servez vos places<\/mark><\/strong><\/p>\n\n\n\n<figure class=\"wp-block-embed is-type-rich is-provider-prise-en-charge-des-contenus-embarques wp-block-embed-prise-en-charge-des-contenus-embarques wp-embed-aspect-16-9 wp-has-aspect-ratio\"><div class=\"wp-block-embed__wrapper\">\n<iframe loading=\"lazy\" title=\"Ch\u0153ur de chambre les \u00e9l\u00e9ments - Carte de visite\" width=\"1160\" height=\"653\" src=\"https:\/\/www.youtube.com\/embed\/n71bcXUavbA?feature=oembed\" frameborder=\"0\" allow=\"accelerometer; autoplay; clipboard-write; encrypted-media; gyroscope; picture-in-picture; web-share\" allowfullscreen><\/iframe>\n<\/div><\/figure>\n","protected":false},"excerpt":{"rendered":"<p>GF.Haendel Mercredi 20 juillet 18h | Cath\u00e9drale Saint-Pierre de Condom Concert propos\u00e9 en partenariat avec Le Festival Radio France Occitanie Montpellier Les OmbresEnsemble instrumental, direction Margaux Blanchard &amp; Sylvain Sartre Les \u00c9l\u00e9mentsEnsemble vocal, direction Jo\u00ebl Suhubiette Odes joyeuses, basses obstin\u00e9es et ch\u0153urs spectaculaires\u202f: avec comme point d\u2019orgue le Dixit Dominus de Georg Friedrich Haendel, l\u2019ensemble [&hellip;]<\/p>\n","protected":false},"author":1,"featured_media":0,"comment_status":"closed","ping_status":"closed","sticky":false,"template":"","format":"standard","meta":{"cwp_meta_box_check":"No","cwp_rev_product_name":"","cwp_rev_product_image":"","wppr_links":[],"cwp_rev_price":"","wppr_options":[],"wppr_pros":[],"wppr_cons":[],"footnotes":""},"categories":[1],"tags":[],"class_list":["post-3169","post","type-post","status-publish","format-standard","hentry","category-non-classe"],"wppr_data":{"cwp_meta_box_check":"No"},"yoast_head":"<!-- This site is optimized with the Yoast SEO plugin v25.0 - https:\/\/yoast.com\/wordpress\/plugins\/seo\/ -->\n<title>Avant-Premi\u00e8re Dixit Dominus - Musique en Chemin<\/title>\n<meta name=\"robots\" content=\"index, follow, max-snippet:-1, max-image-preview:large, max-video-preview:-1\" \/>\n<link rel=\"canonical\" href=\"https:\/\/musiqueenchemin.fr\/index.php\/2022\/05\/11\/avant-premiere-dixit-dominus\/\" \/>\n<meta property=\"og:locale\" content=\"fr_FR\" \/>\n<meta property=\"og:type\" content=\"article\" \/>\n<meta property=\"og:title\" content=\"Avant-Premi\u00e8re Dixit Dominus - Musique en Chemin\" \/>\n<meta property=\"og:description\" content=\"GF.Haendel Mercredi 20 juillet 18h | Cath\u00e9drale Saint-Pierre de Condom Concert propos\u00e9 en partenariat avec Le Festival Radio France Occitanie Montpellier Les OmbresEnsemble instrumental, direction Margaux Blanchard &amp; Sylvain Sartre Les \u00c9l\u00e9mentsEnsemble vocal, direction Jo\u00ebl Suhubiette Odes joyeuses, basses obstin\u00e9es et ch\u0153urs spectaculaires\u202f: avec comme point d\u2019orgue le Dixit Dominus de Georg Friedrich Haendel, l\u2019ensemble [&hellip;]\" \/>\n<meta property=\"og:url\" content=\"https:\/\/musiqueenchemin.fr\/index.php\/2022\/05\/11\/avant-premiere-dixit-dominus\/\" \/>\n<meta property=\"og:site_name\" content=\"Musique en Chemin\" \/>\n<meta property=\"article:published_time\" content=\"2022-05-11T13:54:37+00:00\" \/>\n<meta property=\"article:modified_time\" content=\"2022-06-02T14:58:04+00:00\" \/>\n<meta property=\"og:image\" content=\"http:\/\/musiqueenchemin.fr\/wp-content\/uploads\/2022\/05\/Elements-Ombres@Pascal-Champion.jpg\" \/>\n<meta name=\"author\" content=\"Musique en Chemin\" \/>\n<meta name=\"twitter:card\" content=\"summary_large_image\" \/>\n<meta name=\"twitter:label1\" content=\"\u00c9crit par\" \/>\n\t<meta name=\"twitter:data1\" content=\"Musique en Chemin\" \/>\n\t<meta name=\"twitter:label2\" content=\"Dur\u00e9e de lecture estim\u00e9e\" \/>\n\t<meta name=\"twitter:data2\" content=\"1 minute\" \/>\n<script type=\"application\/ld+json\" class=\"yoast-schema-graph\">{\"@context\":\"https:\/\/schema.org\",\"@graph\":[{\"@type\":\"Article\",\"@id\":\"https:\/\/musiqueenchemin.fr\/index.php\/2022\/05\/11\/avant-premiere-dixit-dominus\/#article\",\"isPartOf\":{\"@id\":\"https:\/\/musiqueenchemin.fr\/index.php\/2022\/05\/11\/avant-premiere-dixit-dominus\/\"},\"author\":{\"name\":\"Musique en Chemin\",\"@id\":\"https:\/\/musiqueenchemin.fr\/#\/schema\/person\/6c4caa9d003e40448be270fea1e3cbff\"},\"headline\":\"Avant-Premi\u00e8re Dixit Dominus\",\"datePublished\":\"2022-05-11T13:54:37+00:00\",\"dateModified\":\"2022-06-02T14:58:04+00:00\",\"mainEntityOfPage\":{\"@id\":\"https:\/\/musiqueenchemin.fr\/index.php\/2022\/05\/11\/avant-premiere-dixit-dominus\/\"},\"wordCount\":119,\"publisher\":{\"@id\":\"https:\/\/musiqueenchemin.fr\/#organization\"},\"image\":{\"@id\":\"https:\/\/musiqueenchemin.fr\/index.php\/2022\/05\/11\/avant-premiere-dixit-dominus\/#primaryimage\"},\"thumbnailUrl\":\"http:\/\/musiqueenchemin.fr\/wp-content\/uploads\/2022\/05\/Elements-Ombres@Pascal-Champion.jpg\",\"inLanguage\":\"fr-FR\"},{\"@type\":\"WebPage\",\"@id\":\"https:\/\/musiqueenchemin.fr\/index.php\/2022\/05\/11\/avant-premiere-dixit-dominus\/\",\"url\":\"https:\/\/musiqueenchemin.fr\/index.php\/2022\/05\/11\/avant-premiere-dixit-dominus\/\",\"name\":\"Avant-Premi\u00e8re Dixit Dominus - Musique en Chemin\",\"isPartOf\":{\"@id\":\"https:\/\/musiqueenchemin.fr\/#website\"},\"primaryImageOfPage\":{\"@id\":\"https:\/\/musiqueenchemin.fr\/index.php\/2022\/05\/11\/avant-premiere-dixit-dominus\/#primaryimage\"},\"image\":{\"@id\":\"https:\/\/musiqueenchemin.fr\/index.php\/2022\/05\/11\/avant-premiere-dixit-dominus\/#primaryimage\"},\"thumbnailUrl\":\"http:\/\/musiqueenchemin.fr\/wp-content\/uploads\/2022\/05\/Elements-Ombres@Pascal-Champion.jpg\",\"datePublished\":\"2022-05-11T13:54:37+00:00\",\"dateModified\":\"2022-06-02T14:58:04+00:00\",\"breadcrumb\":{\"@id\":\"https:\/\/musiqueenchemin.fr\/index.php\/2022\/05\/11\/avant-premiere-dixit-dominus\/#breadcrumb\"},\"inLanguage\":\"fr-FR\",\"potentialAction\":[{\"@type\":\"ReadAction\",\"target\":[\"https:\/\/musiqueenchemin.fr\/index.php\/2022\/05\/11\/avant-premiere-dixit-dominus\/\"]}]},{\"@type\":\"ImageObject\",\"inLanguage\":\"fr-FR\",\"@id\":\"https:\/\/musiqueenchemin.fr\/index.php\/2022\/05\/11\/avant-premiere-dixit-dominus\/#primaryimage\",\"url\":\"http:\/\/musiqueenchemin.fr\/wp-content\/uploads\/2022\/05\/Elements-Ombres@Pascal-Champion.jpg\",\"contentUrl\":\"http:\/\/musiqueenchemin.fr\/wp-content\/uploads\/2022\/05\/Elements-Ombres@Pascal-Champion.jpg\",\"width\":800,\"height\":940},{\"@type\":\"BreadcrumbList\",\"@id\":\"https:\/\/musiqueenchemin.fr\/index.php\/2022\/05\/11\/avant-premiere-dixit-dominus\/#breadcrumb\",\"itemListElement\":[{\"@type\":\"ListItem\",\"position\":1,\"name\":\"Accueil\",\"item\":\"https:\/\/musiqueenchemin.fr\/\"},{\"@type\":\"ListItem\",\"position\":2,\"name\":\"Avant-Premi\u00e8re Dixit Dominus\"}]},{\"@type\":\"WebSite\",\"@id\":\"https:\/\/musiqueenchemin.fr\/#website\",\"url\":\"https:\/\/musiqueenchemin.fr\/\",\"name\":\"Musique en Chemin\",\"description\":\"Saison &amp; Festival\",\"publisher\":{\"@id\":\"https:\/\/musiqueenchemin.fr\/#organization\"},\"potentialAction\":[{\"@type\":\"SearchAction\",\"target\":{\"@type\":\"EntryPoint\",\"urlTemplate\":\"https:\/\/musiqueenchemin.fr\/?s={search_term_string}\"},\"query-input\":{\"@type\":\"PropertyValueSpecification\",\"valueRequired\":true,\"valueName\":\"search_term_string\"}}],\"inLanguage\":\"fr-FR\"},{\"@type\":\"Organization\",\"@id\":\"https:\/\/musiqueenchemin.fr\/#organization\",\"name\":\"Musique en Chemin\",\"url\":\"https:\/\/musiqueenchemin.fr\/\",\"logo\":{\"@type\":\"ImageObject\",\"inLanguage\":\"fr-FR\",\"@id\":\"https:\/\/musiqueenchemin.fr\/#\/schema\/logo\/image\/\",\"url\":\"http:\/\/musiqueenchemin.fr\/wp-content\/uploads\/2024\/03\/huppe-jaune-2024.png\",\"contentUrl\":\"http:\/\/musiqueenchemin.fr\/wp-content\/uploads\/2024\/03\/huppe-jaune-2024.png\",\"width\":560,\"height\":387,\"caption\":\"Musique en Chemin\"},\"image\":{\"@id\":\"https:\/\/musiqueenchemin.fr\/#\/schema\/logo\/image\/\"}},{\"@type\":\"Person\",\"@id\":\"https:\/\/musiqueenchemin.fr\/#\/schema\/person\/6c4caa9d003e40448be270fea1e3cbff\",\"name\":\"Musique en Chemin\",\"image\":{\"@type\":\"ImageObject\",\"inLanguage\":\"fr-FR\",\"@id\":\"https:\/\/musiqueenchemin.fr\/#\/schema\/person\/image\/\",\"url\":\"https:\/\/secure.gravatar.com\/avatar\/7b1be4a90bcc64c58111b64ffe668b413f96ab86aad982e7fdacac32cefcb4ec?s=96&d=mm&r=g\",\"contentUrl\":\"https:\/\/secure.gravatar.com\/avatar\/7b1be4a90bcc64c58111b64ffe668b413f96ab86aad982e7fdacac32cefcb4ec?s=96&d=mm&r=g\",\"caption\":\"Musique en Chemin\"},\"url\":\"http:\/\/musiqueenchemin.fr\/index.php\/author\/chem\/\"}]}<\/script>\n<!-- \/ Yoast SEO plugin. -->","yoast_head_json":{"title":"Avant-Premi\u00e8re Dixit Dominus - Musique en Chemin","robots":{"index":"index","follow":"follow","max-snippet":"max-snippet:-1","max-image-preview":"max-image-preview:large","max-video-preview":"max-video-preview:-1"},"canonical":"https:\/\/musiqueenchemin.fr\/index.php\/2022\/05\/11\/avant-premiere-dixit-dominus\/","og_locale":"fr_FR","og_type":"article","og_title":"Avant-Premi\u00e8re Dixit Dominus - Musique en Chemin","og_description":"GF.Haendel Mercredi 20 juillet 18h | Cath\u00e9drale Saint-Pierre de Condom Concert propos\u00e9 en partenariat avec Le Festival Radio France Occitanie Montpellier Les OmbresEnsemble instrumental, direction Margaux Blanchard &amp; Sylvain Sartre Les \u00c9l\u00e9mentsEnsemble vocal, direction Jo\u00ebl Suhubiette Odes joyeuses, basses obstin\u00e9es et ch\u0153urs spectaculaires\u202f: avec comme point d\u2019orgue le Dixit Dominus de Georg Friedrich Haendel, l\u2019ensemble [&hellip;]","og_url":"https:\/\/musiqueenchemin.fr\/index.php\/2022\/05\/11\/avant-premiere-dixit-dominus\/","og_site_name":"Musique en Chemin","article_published_time":"2022-05-11T13:54:37+00:00","article_modified_time":"2022-06-02T14:58:04+00:00","og_image":[{"url":"http:\/\/musiqueenchemin.fr\/wp-content\/uploads\/2022\/05\/Elements-Ombres@Pascal-Champion.jpg","type":"","width":"","height":""}],"author":"Musique en Chemin","twitter_card":"summary_large_image","twitter_misc":{"\u00c9crit par":"Musique en Chemin","Dur\u00e9e de lecture estim\u00e9e":"1 minute"},"schema":{"@context":"https:\/\/schema.org","@graph":[{"@type":"Article","@id":"https:\/\/musiqueenchemin.fr\/index.php\/2022\/05\/11\/avant-premiere-dixit-dominus\/#article","isPartOf":{"@id":"https:\/\/musiqueenchemin.fr\/index.php\/2022\/05\/11\/avant-premiere-dixit-dominus\/"},"author":{"name":"Musique en Chemin","@id":"https:\/\/musiqueenchemin.fr\/#\/schema\/person\/6c4caa9d003e40448be270fea1e3cbff"},"headline":"Avant-Premi\u00e8re Dixit Dominus","datePublished":"2022-05-11T13:54:37+00:00","dateModified":"2022-06-02T14:58:04+00:00","mainEntityOfPage":{"@id":"https:\/\/musiqueenchemin.fr\/index.php\/2022\/05\/11\/avant-premiere-dixit-dominus\/"},"wordCount":119,"publisher":{"@id":"https:\/\/musiqueenchemin.fr\/#organization"},"image":{"@id":"https:\/\/musiqueenchemin.fr\/index.php\/2022\/05\/11\/avant-premiere-dixit-dominus\/#primaryimage"},"thumbnailUrl":"http:\/\/musiqueenchemin.fr\/wp-content\/uploads\/2022\/05\/Elements-Ombres@Pascal-Champion.jpg","inLanguage":"fr-FR"},{"@type":"WebPage","@id":"https:\/\/musiqueenchemin.fr\/index.php\/2022\/05\/11\/avant-premiere-dixit-dominus\/","url":"https:\/\/musiqueenchemin.fr\/index.php\/2022\/05\/11\/avant-premiere-dixit-dominus\/","name":"Avant-Premi\u00e8re Dixit Dominus - Musique en Chemin","isPartOf":{"@id":"https:\/\/musiqueenchemin.fr\/#website"},"primaryImageOfPage":{"@id":"https:\/\/musiqueenchemin.fr\/index.php\/2022\/05\/11\/avant-premiere-dixit-dominus\/#primaryimage"},"image":{"@id":"https:\/\/musiqueenchemin.fr\/index.php\/2022\/05\/11\/avant-premiere-dixit-dominus\/#primaryimage"},"thumbnailUrl":"http:\/\/musiqueenchemin.fr\/wp-content\/uploads\/2022\/05\/Elements-Ombres@Pascal-Champion.jpg","datePublished":"2022-05-11T13:54:37+00:00","dateModified":"2022-06-02T14:58:04+00:00","breadcrumb":{"@id":"https:\/\/musiqueenchemin.fr\/index.php\/2022\/05\/11\/avant-premiere-dixit-dominus\/#breadcrumb"},"inLanguage":"fr-FR","potentialAction":[{"@type":"ReadAction","target":["https:\/\/musiqueenchemin.fr\/index.php\/2022\/05\/11\/avant-premiere-dixit-dominus\/"]}]},{"@type":"ImageObject","inLanguage":"fr-FR","@id":"https:\/\/musiqueenchemin.fr\/index.php\/2022\/05\/11\/avant-premiere-dixit-dominus\/#primaryimage","url":"http:\/\/musiqueenchemin.fr\/wp-content\/uploads\/2022\/05\/Elements-Ombres@Pascal-Champion.jpg","contentUrl":"http:\/\/musiqueenchemin.fr\/wp-content\/uploads\/2022\/05\/Elements-Ombres@Pascal-Champion.jpg","width":800,"height":940},{"@type":"BreadcrumbList","@id":"https:\/\/musiqueenchemin.fr\/index.php\/2022\/05\/11\/avant-premiere-dixit-dominus\/#breadcrumb","itemListElement":[{"@type":"ListItem","position":1,"name":"Accueil","item":"https:\/\/musiqueenchemin.fr\/"},{"@type":"ListItem","position":2,"name":"Avant-Premi\u00e8re Dixit Dominus"}]},{"@type":"WebSite","@id":"https:\/\/musiqueenchemin.fr\/#website","url":"https:\/\/musiqueenchemin.fr\/","name":"Musique en Chemin","description":"Saison &amp; Festival","publisher":{"@id":"https:\/\/musiqueenchemin.fr\/#organization"},"potentialAction":[{"@type":"SearchAction","target":{"@type":"EntryPoint","urlTemplate":"https:\/\/musiqueenchemin.fr\/?s={search_term_string}"},"query-input":{"@type":"PropertyValueSpecification","valueRequired":true,"valueName":"search_term_string"}}],"inLanguage":"fr-FR"},{"@type":"Organization","@id":"https:\/\/musiqueenchemin.fr\/#organization","name":"Musique en Chemin","url":"https:\/\/musiqueenchemin.fr\/","logo":{"@type":"ImageObject","inLanguage":"fr-FR","@id":"https:\/\/musiqueenchemin.fr\/#\/schema\/logo\/image\/","url":"http:\/\/musiqueenchemin.fr\/wp-content\/uploads\/2024\/03\/huppe-jaune-2024.png","contentUrl":"http:\/\/musiqueenchemin.fr\/wp-content\/uploads\/2024\/03\/huppe-jaune-2024.png","width":560,"height":387,"caption":"Musique en Chemin"},"image":{"@id":"https:\/\/musiqueenchemin.fr\/#\/schema\/logo\/image\/"}},{"@type":"Person","@id":"https:\/\/musiqueenchemin.fr\/#\/schema\/person\/6c4caa9d003e40448be270fea1e3cbff","name":"Musique en Chemin","image":{"@type":"ImageObject","inLanguage":"fr-FR","@id":"https:\/\/musiqueenchemin.fr\/#\/schema\/person\/image\/","url":"https:\/\/secure.gravatar.com\/avatar\/7b1be4a90bcc64c58111b64ffe668b413f96ab86aad982e7fdacac32cefcb4ec?s=96&d=mm&r=g","contentUrl":"https:\/\/secure.gravatar.com\/avatar\/7b1be4a90bcc64c58111b64ffe668b413f96ab86aad982e7fdacac32cefcb4ec?s=96&d=mm&r=g","caption":"Musique en Chemin"},"url":"http:\/\/musiqueenchemin.fr\/index.php\/author\/chem\/"}]}},"_links":{"self":[{"href":"http:\/\/musiqueenchemin.fr\/index.php\/wp-json\/wp\/v2\/posts\/3169","targetHints":{"allow":["GET"]}}],"collection":[{"href":"http:\/\/musiqueenchemin.fr\/index.php\/wp-json\/wp\/v2\/posts"}],"about":[{"href":"http:\/\/musiqueenchemin.fr\/index.php\/wp-json\/wp\/v2\/types\/post"}],"author":[{"embeddable":true,"href":"http:\/\/musiqueenchemin.fr\/index.php\/wp-json\/wp\/v2\/users\/1"}],"replies":[{"embeddable":true,"href":"http:\/\/musiqueenchemin.fr\/index.php\/wp-json\/wp\/v2\/comments?post=3169"}],"version-history":[{"count":3,"href":"http:\/\/musiqueenchemin.fr\/index.php\/wp-json\/wp\/v2\/posts\/3169\/revisions"}],"predecessor-version":[{"id":3417,"href":"http:\/\/musiqueenchemin.fr\/index.php\/wp-json\/wp\/v2\/posts\/3169\/revisions\/3417"}],"wp:attachment":[{"href":"http:\/\/musiqueenchemin.fr\/index.php\/wp-json\/wp\/v2\/media?parent=3169"}],"wp:term":[{"taxonomy":"category","embeddable":true,"href":"http:\/\/musiqueenchemin.fr\/index.php\/wp-json\/wp\/v2\/categories?post=3169"},{"taxonomy":"post_tag","embeddable":true,"href":"http:\/\/musiqueenchemin.fr\/index.php\/wp-json\/wp\/v2\/tags?post=3169"}],"curies":[{"name":"wp","href":"https:\/\/api.w.org\/{rel}","templated":true}]}}