{"id":3402,"date":"2023-04-21T09:23:42","date_gmt":"2023-04-21T08:23:42","guid":{"rendered":"http:\/\/musiqueenchemin.fr\/?p=3402"},"modified":"2024-03-09T15:40:22","modified_gmt":"2024-03-09T14:40:22","slug":"festival-2023","status":"publish","type":"post","link":"http:\/\/musiqueenchemin.fr\/index.php\/2023\/04\/21\/festival-2023\/","title":{"rendered":"Festival 2023"},"content":{"rendered":"\n<h2 class=\"wp-block-heading has-text-color\" style=\"color:#387869\">Jeudi 20 juillet<\/h2>\n\n\n\n<h4 class=\"wp-block-heading has-black-color has-text-color\"><mark style=\"background-color:rgba(0, 0, 0, 0);color:#202041\" class=\"has-inline-color\">18h | Espace festival<\/mark><br><a href=\"http:\/\/musiqueenchemin.fr\/index.php\/2023\/04\/21\/mise-en-oreille-3\/\"><mark style=\"background-color:rgba(0, 0, 0, 0);color:#3c62ac\" class=\"has-inline-color\">Mise en oreille<\/mark> <mark style=\"background-color:rgba(0, 0, 0, 0)\" class=\"has-inline-color has-black-color\">par Constance Luzzati, musicologue &amp; musicienne<\/mark><\/a><\/h4>\n\n\n\n<h6 class=\"wp-block-heading\">Dur\u00e9e 40 minutes &#8211; Acc\u00e8s libre<\/h6>\n\n\n\n<hr class=\"wp-block-separator has-alpha-channel-opacity is-style-dots\"\/>\n\n\n\n<h4 class=\"wp-block-heading\"><mark style=\"background-color:rgba(0, 0, 0, 0)\" class=\"has-inline-color has-black-color\">20h30 | <\/mark>Coll\u00e9giale de La Romieu<\/h4>\n\n\n\n<h1 class=\"wp-block-heading has-text-color\" style=\"color:#387869\"><a href=\"http:\/\/musiqueenchemin.fr\/index.php\/2023\/04\/21\/les-propheties-des-sibylles\/\">Les Proph\u00e9ties des Sibylles<\/a><\/h1>\n\n\n\n<figure class=\"wp-block-image size-large\"><a href=\"http:\/\/musiqueenchemin.fr\/index.php\/2023\/04\/21\/les-propheties-des-sibylles\/\"><img loading=\"lazy\" decoding=\"async\" width=\"1024\" height=\"683\" src=\"http:\/\/musiqueenchemin.fr\/wp-content\/uploads\/2023\/04\/LMH@Thomas-Millet-1-1024x683.jpg\" alt=\"\" class=\"wp-image-3406\" srcset=\"http:\/\/musiqueenchemin.fr\/wp-content\/uploads\/2023\/04\/LMH@Thomas-Millet-1-1024x683.jpg 1024w, http:\/\/musiqueenchemin.fr\/wp-content\/uploads\/2023\/04\/LMH@Thomas-Millet-1-300x200.jpg 300w, http:\/\/musiqueenchemin.fr\/wp-content\/uploads\/2023\/04\/LMH@Thomas-Millet-1-768x512.jpg 768w, http:\/\/musiqueenchemin.fr\/wp-content\/uploads\/2023\/04\/LMH@Thomas-Millet-1-50x33.jpg 50w, http:\/\/musiqueenchemin.fr\/wp-content\/uploads\/2023\/04\/LMH@Thomas-Millet-1-600x400.jpg 600w, http:\/\/musiqueenchemin.fr\/wp-content\/uploads\/2023\/04\/LMH@Thomas-Millet-1-820x547.jpg 820w, http:\/\/musiqueenchemin.fr\/wp-content\/uploads\/2023\/04\/LMH@Thomas-Millet-1.jpg 1366w\" sizes=\"auto, (max-width: 1024px) 100vw, 1024px\" \/><\/a><figcaption class=\"wp-element-caption\">\u00a9 Thomas Millet<\/figcaption><\/figure>\n\n\n\n<h5 class=\"wp-block-heading\"><em>Musiques visionnaires de la Renaissance<\/em><\/h5>\n\n\n\n<h2 class=\"wp-block-heading\">Ensemble La Main Harmonique<br>Ch\u0153ur Ambr\u00f2sia<br>Direction Fr\u00e9d\u00e9ric B\u00e9tous<\/h2>\n\n\n\n<h5 class=\"wp-block-heading has-text-color\" id=\"block-16116843-e873-4391-a2d2-b009ebe6b267\" style=\"color:#387869\">Nadia Lavoyer &amp; C\u00e9cile Banquey, sopranos<br>Yann Rolland &amp; Fr\u00e9d\u00e9ric B\u00e9tous, contre-t\u00e9nors<br>Fabrice Foison &amp; Lo\u00efc Paulin, t\u00e9nors<br>Imanol Iraola, baryton<br>Marc Busnel, basse<br>Ulrik Gaston Larsen, archiluth<br>Lucas Peres, lirone<\/h5>\n\n\n\n<h6 class=\"wp-block-heading\">Dur\u00e9e 1h15 &#8211; Sur r\u00e9servation &#8211; Tarif&nbsp;A (Cat\u00e9gorie 1 : tarif plein : 25 \u20ac &#8211; tarif r\u00e9duit* <strong>: 20 \u20ac &#8211; gratuit &#8211; de 12 ans \u2022 Cat\u00e9gorie 2 : tarif plein : 20 \u20ac &#8211; tarif r\u00e9duit<\/strong>* : 15 \u20ac &#8211; gratuit &#8211; de 12 ans \u2022 Cat\u00e9gorie 3 : tarif plein : 15 \u20ac &#8211; tarif r\u00e9duit*: 10 \u20ac \u2022 gratuit &#8211; de 12 ans)<\/h6>\n\n\n\n<hr class=\"wp-block-separator has-alpha-channel-opacity is-style-dots\"\/>\n\n\n\n<h3 class=\"wp-block-heading has-text-color\" style=\"color:#387869\"><em>Cocktail d\u2019ouverture du festival \u00e0 la sortie du concert<\/em><\/h3>\n\n\n\n<hr class=\"wp-block-separator has-text-color has-black-color has-alpha-channel-opacity has-black-background-color has-background is-style-default\"\/>\n\n\n\n<h2 class=\"wp-block-heading has-text-color\" style=\"color:#656398\">Vendredi 21 juillet<\/h2>\n\n\n\n<h4 class=\"wp-block-heading\">9h<mark style=\"background-color:rgba(0, 0, 0, 0)\" class=\"has-inline-color has-black-color\"> | <\/mark>D\u00e9part place du village<\/h4>\n\n\n\n<h4 class=\"wp-block-heading has-text-color\" style=\"color:#656398\"><a href=\"http:\/\/musiqueenchemin.fr\/index.php\/2023\/04\/21\/domaine-de-liet\/\">Balade vers le domaine de Liet<\/a><\/h4>\n\n\n\n<h6 class=\"wp-block-heading\">Dur\u00e9e 1h &#8211; Acc\u00e8s libre<\/h6>\n\n\n\n<hr class=\"wp-block-separator has-alpha-channel-opacity is-style-dots\"\/>\n\n\n\n<h4 class=\"wp-block-heading\">10h15<mark style=\"background-color:rgba(0, 0, 0, 0)\" class=\"has-inline-color has-black-color\"> | <\/mark>Domaine de Liet<\/h4>\n\n\n\n<h4 class=\"wp-block-heading has-text-color\" style=\"color:#656398\"><a href=\"http:\/\/musiqueenchemin.fr\/index.php\/2023\/04\/21\/domaine-de-liet\/\">Visite et pr\u00e9sentation du site<\/a><\/h4>\n\n\n\n<h6 class=\"wp-block-heading\">Dur\u00e9e 1h &#8211; Acc\u00e8s libre<\/h6>\n\n\n\n<hr class=\"wp-block-separator has-alpha-channel-opacity is-style-dots\"\/>\n\n\n\n<h4 class=\"wp-block-heading\">11h15<mark style=\"background-color:rgba(0, 0, 0, 0)\" class=\"has-inline-color has-black-color\"> | <\/mark>Domaine de Liet<\/h4>\n\n\n\n<h2 class=\"wp-block-heading has-text-color\" style=\"color:#656398\"><a href=\"http:\/\/musiqueenchemin.fr\/index.php\/2023\/04\/21\/enharmonique\/\">Concert de Harpe <br>Enharmonique<\/a><\/h2>\n\n\n\n<figure class=\"wp-block-image size-full\"><a href=\"http:\/\/musiqueenchemin.fr\/index.php\/2023\/04\/21\/enharmonique\/\"><img loading=\"lazy\" decoding=\"async\" width=\"576\" height=\"661\" src=\"http:\/\/musiqueenchemin.fr\/wp-content\/uploads\/2023\/04\/luzzati@Heloise-Luzzati.jpg\" alt=\"\" class=\"wp-image-3407\" srcset=\"http:\/\/musiqueenchemin.fr\/wp-content\/uploads\/2023\/04\/luzzati@Heloise-Luzzati.jpg 576w, http:\/\/musiqueenchemin.fr\/wp-content\/uploads\/2023\/04\/luzzati@Heloise-Luzzati-261x300.jpg 261w, http:\/\/musiqueenchemin.fr\/wp-content\/uploads\/2023\/04\/luzzati@Heloise-Luzzati-44x50.jpg 44w\" sizes=\"auto, (max-width: 576px) 100vw, 576px\" \/><\/a><figcaption class=\"wp-element-caption\">\u00a9 He\u0301loi\u0308se Luzzati<\/figcaption><\/figure>\n\n\n\n<h5 class=\"wp-block-heading\"><em>Musiques de Jean Philippe Rameau<\/em><\/h5>\n\n\n\n<h3 class=\"wp-block-heading\">par Constance Luzzati<\/h3>\n\n\n\n<h6 class=\"wp-block-heading\">Dur\u00e9e 1h &#8211; Sur r\u00e9servation &#8211; Tarif B (plein : 15\u202f\u20ac &#8211; r\u00e9duit*: 10\u202f\u20ac &#8211; gratuit &#8211; de 12 ans)<\/h6>\n\n\n\n<hr class=\"wp-block-separator has-alpha-channel-opacity is-style-dots\"\/>\n\n\n\n<h4 class=\"wp-block-heading\">13h \u2013 Espace festival \/ Bar et restauration<\/h4>\n\n\n\n<hr class=\"wp-block-separator has-alpha-channel-opacity is-style-dots\"\/>\n\n\n\n<h4 class=\"wp-block-heading\">14h30<mark style=\"background-color:rgba(0, 0, 0, 0)\" class=\"has-inline-color has-black-color\"> | <\/mark>Salle des F\u00eates<\/h4>\n\n\n\n<h4 class=\"wp-block-heading has-text-color\" style=\"color:#656398\"><a href=\"http:\/\/musiqueenchemin.fr\/index.php\/2023\/04\/21\/rencontre-conference-avec-damien-brohon\/\">Rencontre &#8211; conf\u00e9rence avec Damien Brohon<\/a><\/h4>\n\n\n\n<h5 class=\"wp-block-heading\">Historien de l\u2019art familier des traditions contemplatives<\/h5>\n\n\n\n<h6 class=\"wp-block-heading\">Dur\u00e9e 1h30 &#8211; Acc\u00e8s libre<\/h6>\n\n\n\n<hr class=\"wp-block-separator has-alpha-channel-opacity is-style-dots\"\/>\n\n\n\n<h4 class=\"wp-block-heading\">16h<mark style=\"background-color:rgba(0, 0, 0, 0)\" class=\"has-inline-color has-black-color\"> | <\/mark>Espace festival<\/h4>\n\n\n\n<h4 class=\"wp-block-heading has-text-color\" style=\"color:#656398\"><a href=\"http:\/\/musiqueenchemin.fr\/index.php\/2023\/04\/21\/rencontre-conference-avec-christian-tarpin\/\">Rencontre &#8211; conf\u00e9rence avec Christian Tarpin<\/a><\/h4>\n\n\n\n<h5 class=\"wp-block-heading\">Paysan en agriculture biologique r\u00e9g\u00e9n\u00e9rative<\/h5>\n\n\n\n<h6 class=\"wp-block-heading\">Dur\u00e9e 40 minutes &#8211; Acc\u00e8s libre<\/h6>\n\n\n\n<hr class=\"wp-block-separator has-alpha-channel-opacity is-style-dots\"\/>\n\n\n\n<h4 class=\"wp-block-heading\"><mark style=\"background-color:rgba(0, 0, 0, 0);color:#202041\" class=\"has-inline-color\">18h | Espace festival<\/mark><br><a href=\"http:\/\/musiqueenchemin.fr\/index.php\/2023\/04\/21\/mise-en-oreille-3\/\"><mark style=\"background-color:rgba(0, 0, 0, 0);color:#3c62ac\" class=\"has-inline-color\">Mise en oreille<\/mark> <mark style=\"background-color:rgba(0, 0, 0, 0)\" class=\"has-inline-color has-black-color\">par Constance Luzzati, musicologue &amp; musicienne<\/mark><\/a><\/h4>\n\n\n\n<h6 class=\"wp-block-heading\">Dur\u00e9e 40 minutes &#8211; Acc\u00e8s libre<\/h6>\n\n\n\n<hr class=\"wp-block-separator has-alpha-channel-opacity is-style-dots\"\/>\n\n\n\n<h4 class=\"wp-block-heading\">19h<mark style=\"background-color:rgba(0, 0, 0, 0);color:#202041\" class=\"has-inline-color\"> | <\/mark>Clo\u00eetre de la coll\u00e9giale<\/h4>\n\n\n\n<h2 class=\"wp-block-heading has-text-color\" style=\"color:#656398\"><a href=\"http:\/\/musiqueenchemin.fr\/index.php\/2023\/04\/21\/harmonia-artificiosa\/\">Concert Baroque<br>Harmonia Artificiosa<\/a><\/h2>\n\n\n\n<figure class=\"wp-block-image size-full\"><a href=\"http:\/\/musiqueenchemin.fr\/index.php\/2023\/04\/21\/harmonia-artificiosa\/\"><img loading=\"lazy\" decoding=\"async\" width=\"564\" height=\"519\" src=\"http:\/\/musiqueenchemin.fr\/wp-content\/uploads\/2023\/04\/LNC\u00a9Cedric-Rouillat.jpg\" alt=\"\" class=\"wp-image-3408\" srcset=\"http:\/\/musiqueenchemin.fr\/wp-content\/uploads\/2023\/04\/LNC\u00a9Cedric-Rouillat.jpg 564w, http:\/\/musiqueenchemin.fr\/wp-content\/uploads\/2023\/04\/LNC\u00a9Cedric-Rouillat-300x276.jpg 300w, http:\/\/musiqueenchemin.fr\/wp-content\/uploads\/2023\/04\/LNC\u00a9Cedric-Rouillat-50x46.jpg 50w\" sizes=\"auto, (max-width: 564px) 100vw, 564px\" \/><\/a><figcaption class=\"wp-element-caption\">\u00a9 Cedric Rouillat<\/figcaption><\/figure>\n\n\n\n<h5 class=\"wp-block-heading\"><em>\u0152uvres de H. Biber, A. Corelli, G. Muffat<\/em><\/h5>\n\n\n\n<h3 class=\"wp-block-heading\">Ensemble Les Nouveaux Caract\u00e8res<br>Direction Caroline Mutel et S\u00e9bastien d\u2019H\u00e9rin<\/h3>\n\n\n\n<h5 class=\"wp-block-heading has-text-color\" style=\"color:#656398\">S\u00e9bastien d\u2019H\u00e9rin, clavecin<br>Birgit Goris, violon<br>Jasmine Eudeline, violon<br>Fr\u00e9d\u00e9ric Baldassare, violoncelle<br>Caroline Mutel, soprano<\/h5>\n\n\n\n<h6 class=\"wp-block-heading\">Dur\u00e9e 1h15 &#8211; Sur r\u00e9servation &#8211; Tarif&nbsp;A (Cat\u00e9gorie 1 : tarif plein : 25 \u20ac &#8211; tarif r\u00e9duit* <strong>: 20 \u20ac &#8211; gratuit &#8211; de 12 ans \u2022 Cat\u00e9gorie 2 : tarif plein : 20 \u20ac &#8211; tarif r\u00e9duit<\/strong>* : 15 \u20ac &#8211; gratuit &#8211; de 12 ans \u2022 Cat\u00e9gorie 3 : tarif plein : 15 \u20ac &#8211; tarif r\u00e9duit*: 10 \u20ac \u2022 gratuit &#8211; de 12 ans)<\/h6>\n\n\n\n<hr class=\"wp-block-separator has-alpha-channel-opacity is-style-dots\"\/>\n\n\n\n<h4 class=\"wp-block-heading\">20h30 \u2013 Espace festival \/ Bar et restauration<\/h4>\n\n\n\n<hr class=\"wp-block-separator has-alpha-channel-opacity is-style-dots\"\/>\n\n\n\n<h4 class=\"wp-block-heading\">21h30<mark style=\"background-color:rgba(0, 0, 0, 0);color:#202041\" class=\"has-inline-color\"> | <\/mark>Espace festival<\/h4>\n\n\n\n<h4 class=\"wp-block-heading has-text-color\" style=\"color:#656398\"><a href=\"http:\/\/musiqueenchemin.fr\/index.php\/2023\/04\/21\/la-crochbal\/\">Bal Trad\u2019<br>La Croch\u2019Bal<\/a><\/h4>\n\n\n\n<h6 class=\"wp-block-heading\">Dur\u00e9e 2h &#8211; Acc\u00e8s libre<\/h6>\n\n\n\n<hr class=\"wp-block-separator has-text-color has-black-color has-alpha-channel-opacity has-black-background-color has-background is-style-default\"\/>\n\n\n\n<h2 class=\"wp-block-heading has-text-color\" style=\"color:#c03022\">Samedi 22 juillet<\/h2>\n\n\n\n<h4 class=\"wp-block-heading\">10h30<mark style=\"background-color:rgba(0, 0, 0, 0);color:#202041\" class=\"has-inline-color\"> |<\/mark> D\u00e9part place du village<\/h4>\n\n\n\n<h5 class=\"wp-block-heading\">Jeune public<\/h5>\n\n\n\n<h4 class=\"wp-block-heading has-text-color\" style=\"color:#c03022\"><a href=\"http:\/\/musiqueenchemin.fr\/index.php\/2023\/04\/21\/balade-contee\/\">Balade cont\u00e9e par Magalie Feuillas<\/a><\/h4>\n\n\n\n<h6 class=\"wp-block-heading\">Dur\u00e9e 1h15 &#8211; Tarif&nbsp;C (5\u202f\u20ac)<\/h6>\n\n\n\n<hr class=\"wp-block-separator has-alpha-channel-opacity is-style-dots\"\/>\n\n\n\n<h4 class=\"wp-block-heading\">12h<mark style=\"background-color:rgba(0, 0, 0, 0);color:#202041\" class=\"has-inline-color\"> |<\/mark> Coll\u00e9giale de La Romieu<\/h4>\n\n\n\n<h4 class=\"wp-block-heading has-text-color\" style=\"color:#c03022\"><a href=\"http:\/\/musiqueenchemin.fr\/index.php\/2023\/04\/21\/concert-dorgue\/\">Concert d\u2019Orgue<\/a><\/h4>\n\n\n\n<h5 class=\"wp-block-heading\"><em>avec le nouvel orgue de la coll\u00e9giale<\/em><\/h5>\n\n\n\n<h4 class=\"wp-block-heading\">par Jean-Christophe Revel<\/h4>\n\n\n\n<h5 class=\"wp-block-heading\">Titulaire de l\u2019orgue Jean de Joyeuse de la cath\u00e9drale Sainte-Marie d\u2019Auch<\/h5>\n\n\n\n<h6 class=\"wp-block-heading\">Dur\u00e9e 30 min (puis 10 min de questions) &#8211; Acc\u00e8s libre<\/h6>\n\n\n\n<hr class=\"wp-block-separator has-alpha-channel-opacity is-style-dots\"\/>\n\n\n\n<h4 class=\"wp-block-heading\">12h30 \u2013 Espace festival \/ Bar et restauration<\/h4>\n\n\n\n<hr class=\"wp-block-separator has-alpha-channel-opacity is-style-dots\"\/>\n\n\n\n<h4 class=\"wp-block-heading\">14h30 \u2013 Salle des f\u00eates<\/h4>\n\n\n\n<h4 class=\"wp-block-heading has-text-color\" style=\"color:#c03022\"><a href=\"http:\/\/musiqueenchemin.fr\/index.php\/2023\/04\/21\/atelier-public\/\">Atelier public <em>\u00c0 la d\u00e9couverte de notre voix<\/em> par Nadia Lavoyer<\/a><\/h4>\n\n\n\n<h6 class=\"wp-block-heading\">Dur\u00e9e 45 min &#8211; Acc\u00e8s libre<\/h6>\n\n\n\n<hr class=\"wp-block-separator has-alpha-channel-opacity is-style-dots\"\/>\n\n\n\n<h4 class=\"wp-block-heading\">15h30 &#8211; Espace festival<\/h4>\n\n\n\n<h4 class=\"wp-block-heading has-text-color\" style=\"color:#c03022\"><a href=\"http:\/\/musiqueenchemin.fr\/index.php\/2023\/04\/21\/rencontre-conference-avec-christian-tarpin-2\/\">Rencontre &#8211; conf\u00e9rence avec Christian Tarpin<\/a><\/h4>\n\n\n\n<h5 class=\"wp-block-heading\">Paysan en agriculture biologique r\u00e9g\u00e9n\u00e9rative<\/h5>\n\n\n\n<h6 class=\"wp-block-heading\">Dur\u00e9e 1h &#8211; Acc\u00e8s libre<\/h6>\n\n\n\n<hr class=\"wp-block-separator has-alpha-channel-opacity is-style-dots\"\/>\n\n\n\n<h4 class=\"wp-block-heading\">16h30 \u2013 Espace festival<\/h4>\n\n\n\n<h4 class=\"wp-block-heading has-text-color\" style=\"color:#c03022\"><a href=\"http:\/\/musiqueenchemin.fr\/index.php\/2023\/04\/21\/rencontre-conference-avec-pascale-fabre\/\">Rencontre &#8211; conf\u00e9rence avec Pascale Fabre<\/a><\/h4>\n\n\n\n<h5 class=\"wp-block-heading\">Physico-chimiste, directrice de recherche au CNRS<\/h5>\n\n\n\n<h6 class=\"wp-block-heading\">Dur\u00e9e 1h &#8211; Acc\u00e8s libre<\/h6>\n\n\n\n<hr class=\"wp-block-separator has-alpha-channel-opacity is-style-dots\"\/>\n\n\n\n<h4 class=\"wp-block-heading\"><mark style=\"background-color:rgba(0, 0, 0, 0);color:#202041\" class=\"has-inline-color\">18h | Espace festival<\/mark><br><a href=\"http:\/\/musiqueenchemin.fr\/index.php\/2023\/04\/21\/mise-en-oreille-3\/\"><mark style=\"background-color:rgba(0, 0, 0, 0);color:#3c62ac\" class=\"has-inline-color\">Mise en oreille<\/mark> <mark style=\"background-color:rgba(0, 0, 0, 0)\" class=\"has-inline-color has-black-color\">par Constance Luzzati, musicologue &amp; musicienne<\/mark><\/a><\/h4>\n\n\n\n<h6 class=\"wp-block-heading\">Dur\u00e9e 40 minutes &#8211; Acc\u00e8s libre<\/h6>\n\n\n\n<hr class=\"wp-block-separator has-alpha-channel-opacity is-style-dots\"\/>\n\n\n\n<h4 class=\"wp-block-heading\">19h \u2013 Clo\u00eetre de la coll\u00e9giale<\/h4>\n\n\n\n<h4 class=\"wp-block-heading\">Concert de piano et de marimba<\/h4>\n\n\n\n<h2 class=\"wp-block-heading has-text-color\" style=\"color:#c03022\"><a href=\"http:\/\/musiqueenchemin.fr\/index.php\/2023\/04\/21\/bach-mirror\/\">Bach Mirror<\/a><\/h2>\n\n\n\n<figure class=\"wp-block-image size-large\"><a href=\"http:\/\/musiqueenchemin.fr\/index.php\/2023\/04\/21\/bach-mirror\/\"><img loading=\"lazy\" decoding=\"async\" width=\"1024\" height=\"736\" src=\"http:\/\/musiqueenchemin.fr\/wp-content\/uploads\/2023\/04\/Thomas-Enhco-Vassilena-Serafimova-19-\u00a9Frank-Loriou-Sony-Music-1024x736.jpg\" alt=\"\" class=\"wp-image-3409\" srcset=\"http:\/\/musiqueenchemin.fr\/wp-content\/uploads\/2023\/04\/Thomas-Enhco-Vassilena-Serafimova-19-\u00a9Frank-Loriou-Sony-Music-1024x736.jpg 1024w, http:\/\/musiqueenchemin.fr\/wp-content\/uploads\/2023\/04\/Thomas-Enhco-Vassilena-Serafimova-19-\u00a9Frank-Loriou-Sony-Music-300x216.jpg 300w, http:\/\/musiqueenchemin.fr\/wp-content\/uploads\/2023\/04\/Thomas-Enhco-Vassilena-Serafimova-19-\u00a9Frank-Loriou-Sony-Music-768x552.jpg 768w, http:\/\/musiqueenchemin.fr\/wp-content\/uploads\/2023\/04\/Thomas-Enhco-Vassilena-Serafimova-19-\u00a9Frank-Loriou-Sony-Music-50x36.jpg 50w, http:\/\/musiqueenchemin.fr\/wp-content\/uploads\/2023\/04\/Thomas-Enhco-Vassilena-Serafimova-19-\u00a9Frank-Loriou-Sony-Music-820x589.jpg 820w, http:\/\/musiqueenchemin.fr\/wp-content\/uploads\/2023\/04\/Thomas-Enhco-Vassilena-Serafimova-19-\u00a9Frank-Loriou-Sony-Music.jpg 1276w\" sizes=\"auto, (max-width: 1024px) 100vw, 1024px\" \/><\/a><figcaption class=\"wp-element-caption\">\u00a9 Frank Loriou &#8211; Sony Music<\/figcaption><\/figure>\n\n\n\n<h3 class=\"wp-block-heading\">Thomas Enhco &amp; Vassilena Serafimova<\/h3>\n\n\n\n<h6 class=\"wp-block-heading\">Dur\u00e9e&nbsp;1h30 &#8211; Sur r\u00e9servation &#8211; Tarif&nbsp;A (Cat\u00e9gorie 1 : tarif plein : 25 \u20ac &#8211; tarif r\u00e9duit* <strong>: 20 \u20ac &#8211; gratuit &#8211; de 12 ans \u2022 Cat\u00e9gorie 2 : tarif plein : 20 \u20ac &#8211; tarif r\u00e9duit<\/strong>* : 15 \u20ac &#8211; gratuit &#8211; de 12 ans \u2022 Cat\u00e9gorie 3 : tarif plein : 15 \u20ac &#8211; tarif r\u00e9duit*: 10 \u20ac \u2022 gratuit &#8211; de 12 ans)<\/h6>\n\n\n\n<hr class=\"wp-block-separator has-alpha-channel-opacity is-style-dots\"\/>\n\n\n\n<h4 class=\"wp-block-heading\">20h30 \u2013 Espace festival \/ Bar et restauration<\/h4>\n\n\n\n<hr class=\"wp-block-separator has-alpha-channel-opacity is-style-dots\"\/>\n\n\n\n<h4 class=\"wp-block-heading\">21h30 &#8211; Espace festival<\/h4>\n\n\n\n<h4 class=\"wp-block-heading has-text-color\" style=\"color:#c03022\"><a href=\"http:\/\/musiqueenchemin.fr\/index.php\/2023\/04\/21\/experiences-orientales\/\">Exp\u00e9riences orientales<\/a><\/h4>\n\n\n\n<h5 class=\"wp-block-heading\">Trio Lakhdar Hanou, oud, Paco Labat, percussions et Auguste Harle, violoncelle<\/h5>\n\n\n\n<h6 class=\"wp-block-heading\">Dur\u00e9e 1h &#8211; Acc\u00e8s libre<\/h6>\n\n\n\n<hr class=\"wp-block-separator has-alpha-channel-opacity is-style-dots\"\/>\n\n\n\n<h4 class=\"wp-block-heading\">23h \u2013 Parc de l\u2019Olivier<\/h4>\n\n\n\n<h4 class=\"wp-block-heading has-text-color\" style=\"color:#c03022\"><a href=\"http:\/\/musiqueenchemin.fr\/index.php\/2023\/04\/21\/dj-set-sous-les-etoiles\/\">DJ Set sous les \u00e9toiles<\/a><\/h4>\n\n\n\n<h5 class=\"wp-block-heading\">Isabelle Stragliati, alias DJ Rescue<\/h5>\n\n\n\n<h6 class=\"wp-block-heading\">Dur\u00e9e 2h &#8211; Acc\u00e8s libre<\/h6>\n\n\n\n<hr class=\"wp-block-separator has-alpha-channel-opacity is-style-default\"\/>\n","protected":false},"excerpt":{"rendered":"<p>Jeudi 20 juillet 18h | Espace festivalMise en oreille par Constance Luzzati, musicologue &amp; musicienne Dur\u00e9e 40 minutes &#8211; Acc\u00e8s libre 20h30 | Coll\u00e9giale de La Romieu Les Proph\u00e9ties des Sibylles Musiques visionnaires de la Renaissance Ensemble La Main HarmoniqueCh\u0153ur [&hellip;]<\/p>\n","protected":false},"author":1,"featured_media":0,"comment_status":"closed","ping_status":"closed","sticky":false,"template":"","format":"standard","meta":{"cwp_meta_box_check":"No","cwp_rev_product_name":"","cwp_rev_product_image":"","wppr_links":[],"cwp_rev_price":"","wppr_options":[],"wppr_pros":[],"wppr_cons":[],"footnotes":""},"categories":[1],"tags":[],"class_list":["post-3402","post","type-post","status-publish","format-standard","hentry","category-non-classe"],"wppr_data":{"cwp_meta_box_check":"No"},"yoast_head":"<!-- This site is optimized with the Yoast SEO plugin v25.0 - https:\/\/yoast.com\/wordpress\/plugins\/seo\/ -->\n<title>Festival 2023 -<\/title>\n<meta name=\"robots\" content=\"index, follow, max-snippet:-1, max-image-preview:large, max-video-preview:-1\" \/>\n<link rel=\"canonical\" href=\"https:\/\/musiqueenchemin.fr\/index.php\/2023\/04\/21\/festival-2023\/\" \/>\n<meta property=\"og:locale\" content=\"fr_FR\" \/>\n<meta property=\"og:type\" content=\"article\" \/>\n<meta property=\"og:title\" content=\"Festival 2023 -\" \/>\n<meta property=\"og:description\" content=\"Jeudi 20 juillet 18h | Espace festivalMise en oreille par Constance Luzzati, musicologue &amp; musicienne Dur\u00e9e 40 minutes &#8211; Acc\u00e8s libre 20h30 | Coll\u00e9giale de La Romieu Les Proph\u00e9ties des Sibylles Musiques visionnaires de la Renaissance Ensemble La Main HarmoniqueCh\u0153ur [&hellip;]\" \/>\n<meta property=\"og:url\" content=\"https:\/\/musiqueenchemin.fr\/index.php\/2023\/04\/21\/festival-2023\/\" \/>\n<meta property=\"article:published_time\" content=\"2023-04-21T08:23:42+00:00\" \/>\n<meta property=\"article:modified_time\" content=\"2024-03-09T14:40:22+00:00\" \/>\n<meta property=\"og:image\" content=\"http:\/\/musiqueenchemin.fr\/wp-content\/uploads\/2023\/04\/LMH@Thomas-Millet-1-1024x683.jpg\" \/>\n<meta name=\"author\" content=\"Musique en Chemin\" \/>\n<meta name=\"twitter:card\" content=\"summary_large_image\" \/>\n<meta name=\"twitter:label1\" content=\"\u00c9crit par\" \/>\n\t<meta name=\"twitter:data1\" content=\"Musique en Chemin\" \/>\n\t<meta name=\"twitter:label2\" content=\"Dur\u00e9e de lecture estim\u00e9e\" \/>\n\t<meta name=\"twitter:data2\" content=\"4 minutes\" \/>\n<script type=\"application\/ld+json\" class=\"yoast-schema-graph\">{\"@context\":\"https:\/\/schema.org\",\"@graph\":[{\"@type\":\"Article\",\"@id\":\"https:\/\/musiqueenchemin.fr\/index.php\/2023\/04\/21\/festival-2023\/#article\",\"isPartOf\":{\"@id\":\"https:\/\/musiqueenchemin.fr\/index.php\/2023\/04\/21\/festival-2023\/\"},\"author\":{\"name\":\"Musique en Chemin\",\"@id\":\"https:\/\/musiqueenchemin.fr\/#\/schema\/person\/6c4caa9d003e40448be270fea1e3cbff\"},\"headline\":\"Festival 2023\",\"datePublished\":\"2023-04-21T08:23:42+00:00\",\"dateModified\":\"2024-03-09T14:40:22+00:00\",\"mainEntityOfPage\":{\"@id\":\"https:\/\/musiqueenchemin.fr\/index.php\/2023\/04\/21\/festival-2023\/\"},\"wordCount\":708,\"publisher\":{\"@id\":\"https:\/\/musiqueenchemin.fr\/#organization\"},\"image\":{\"@id\":\"https:\/\/musiqueenchemin.fr\/index.php\/2023\/04\/21\/festival-2023\/#primaryimage\"},\"thumbnailUrl\":\"http:\/\/musiqueenchemin.fr\/wp-content\/uploads\/2023\/04\/LMH@Thomas-Millet-1-1024x683.jpg\",\"inLanguage\":\"fr-FR\"},{\"@type\":\"WebPage\",\"@id\":\"https:\/\/musiqueenchemin.fr\/index.php\/2023\/04\/21\/festival-2023\/\",\"url\":\"https:\/\/musiqueenchemin.fr\/index.php\/2023\/04\/21\/festival-2023\/\",\"name\":\"Festival 2023 -\",\"isPartOf\":{\"@id\":\"https:\/\/musiqueenchemin.fr\/#website\"},\"primaryImageOfPage\":{\"@id\":\"https:\/\/musiqueenchemin.fr\/index.php\/2023\/04\/21\/festival-2023\/#primaryimage\"},\"image\":{\"@id\":\"https:\/\/musiqueenchemin.fr\/index.php\/2023\/04\/21\/festival-2023\/#primaryimage\"},\"thumbnailUrl\":\"http:\/\/musiqueenchemin.fr\/wp-content\/uploads\/2023\/04\/LMH@Thomas-Millet-1-1024x683.jpg\",\"datePublished\":\"2023-04-21T08:23:42+00:00\",\"dateModified\":\"2024-03-09T14:40:22+00:00\",\"breadcrumb\":{\"@id\":\"https:\/\/musiqueenchemin.fr\/index.php\/2023\/04\/21\/festival-2023\/#breadcrumb\"},\"inLanguage\":\"fr-FR\",\"potentialAction\":[{\"@type\":\"ReadAction\",\"target\":[\"https:\/\/musiqueenchemin.fr\/index.php\/2023\/04\/21\/festival-2023\/\"]}]},{\"@type\":\"ImageObject\",\"inLanguage\":\"fr-FR\",\"@id\":\"https:\/\/musiqueenchemin.fr\/index.php\/2023\/04\/21\/festival-2023\/#primaryimage\",\"url\":\"http:\/\/musiqueenchemin.fr\/wp-content\/uploads\/2023\/04\/LMH@Thomas-Millet-1.jpg\",\"contentUrl\":\"http:\/\/musiqueenchemin.fr\/wp-content\/uploads\/2023\/04\/LMH@Thomas-Millet-1.jpg\",\"width\":1366,\"height\":911},{\"@type\":\"BreadcrumbList\",\"@id\":\"https:\/\/musiqueenchemin.fr\/index.php\/2023\/04\/21\/festival-2023\/#breadcrumb\",\"itemListElement\":[{\"@type\":\"ListItem\",\"position\":1,\"name\":\"Accueil\",\"item\":\"https:\/\/musiqueenchemin.fr\/\"},{\"@type\":\"ListItem\",\"position\":2,\"name\":\"Festival 2023\"}]},{\"@type\":\"WebSite\",\"@id\":\"https:\/\/musiqueenchemin.fr\/#website\",\"url\":\"https:\/\/musiqueenchemin.fr\/\",\"name\":\"Musique en Chemin\",\"description\":\"\",\"publisher\":{\"@id\":\"https:\/\/musiqueenchemin.fr\/#organization\"},\"potentialAction\":[{\"@type\":\"SearchAction\",\"target\":{\"@type\":\"EntryPoint\",\"urlTemplate\":\"https:\/\/musiqueenchemin.fr\/?s={search_term_string}\"},\"query-input\":{\"@type\":\"PropertyValueSpecification\",\"valueRequired\":true,\"valueName\":\"search_term_string\"}}],\"inLanguage\":\"fr-FR\"},{\"@type\":\"Organization\",\"@id\":\"https:\/\/musiqueenchemin.fr\/#organization\",\"name\":\"Musique en Chemin\",\"url\":\"https:\/\/musiqueenchemin.fr\/\",\"logo\":{\"@type\":\"ImageObject\",\"inLanguage\":\"fr-FR\",\"@id\":\"https:\/\/musiqueenchemin.fr\/#\/schema\/logo\/image\/\",\"url\":\"http:\/\/musiqueenchemin.fr\/wp-content\/uploads\/2024\/03\/huppe-jaune-2024.png\",\"contentUrl\":\"http:\/\/musiqueenchemin.fr\/wp-content\/uploads\/2024\/03\/huppe-jaune-2024.png\",\"width\":560,\"height\":387,\"caption\":\"Musique en Chemin\"},\"image\":{\"@id\":\"https:\/\/musiqueenchemin.fr\/#\/schema\/logo\/image\/\"}},{\"@type\":\"Person\",\"@id\":\"https:\/\/musiqueenchemin.fr\/#\/schema\/person\/6c4caa9d003e40448be270fea1e3cbff\",\"name\":\"Musique en Chemin\",\"image\":{\"@type\":\"ImageObject\",\"inLanguage\":\"fr-FR\",\"@id\":\"https:\/\/musiqueenchemin.fr\/#\/schema\/person\/image\/\",\"url\":\"https:\/\/secure.gravatar.com\/avatar\/7b1be4a90bcc64c58111b64ffe668b413f96ab86aad982e7fdacac32cefcb4ec?s=96&d=mm&r=g\",\"contentUrl\":\"https:\/\/secure.gravatar.com\/avatar\/7b1be4a90bcc64c58111b64ffe668b413f96ab86aad982e7fdacac32cefcb4ec?s=96&d=mm&r=g\",\"caption\":\"Musique en Chemin\"},\"url\":\"http:\/\/musiqueenchemin.fr\/index.php\/author\/chem\/\"}]}<\/script>\n<!-- \/ Yoast SEO plugin. -->","yoast_head_json":{"title":"Festival 2023 -","robots":{"index":"index","follow":"follow","max-snippet":"max-snippet:-1","max-image-preview":"max-image-preview:large","max-video-preview":"max-video-preview:-1"},"canonical":"https:\/\/musiqueenchemin.fr\/index.php\/2023\/04\/21\/festival-2023\/","og_locale":"fr_FR","og_type":"article","og_title":"Festival 2023 -","og_description":"Jeudi 20 juillet 18h | Espace festivalMise en oreille par Constance Luzzati, musicologue &amp; musicienne Dur\u00e9e 40 minutes &#8211; Acc\u00e8s libre 20h30 | Coll\u00e9giale de La Romieu Les Proph\u00e9ties des Sibylles Musiques visionnaires de la Renaissance Ensemble La Main HarmoniqueCh\u0153ur [&hellip;]","og_url":"https:\/\/musiqueenchemin.fr\/index.php\/2023\/04\/21\/festival-2023\/","article_published_time":"2023-04-21T08:23:42+00:00","article_modified_time":"2024-03-09T14:40:22+00:00","og_image":[{"url":"http:\/\/musiqueenchemin.fr\/wp-content\/uploads\/2023\/04\/LMH@Thomas-Millet-1-1024x683.jpg","type":"","width":"","height":""}],"author":"Musique en Chemin","twitter_card":"summary_large_image","twitter_misc":{"\u00c9crit par":"Musique en Chemin","Dur\u00e9e de lecture estim\u00e9e":"4 minutes"},"schema":{"@context":"https:\/\/schema.org","@graph":[{"@type":"Article","@id":"https:\/\/musiqueenchemin.fr\/index.php\/2023\/04\/21\/festival-2023\/#article","isPartOf":{"@id":"https:\/\/musiqueenchemin.fr\/index.php\/2023\/04\/21\/festival-2023\/"},"author":{"name":"Musique en Chemin","@id":"https:\/\/musiqueenchemin.fr\/#\/schema\/person\/6c4caa9d003e40448be270fea1e3cbff"},"headline":"Festival 2023","datePublished":"2023-04-21T08:23:42+00:00","dateModified":"2024-03-09T14:40:22+00:00","mainEntityOfPage":{"@id":"https:\/\/musiqueenchemin.fr\/index.php\/2023\/04\/21\/festival-2023\/"},"wordCount":708,"publisher":{"@id":"https:\/\/musiqueenchemin.fr\/#organization"},"image":{"@id":"https:\/\/musiqueenchemin.fr\/index.php\/2023\/04\/21\/festival-2023\/#primaryimage"},"thumbnailUrl":"http:\/\/musiqueenchemin.fr\/wp-content\/uploads\/2023\/04\/LMH@Thomas-Millet-1-1024x683.jpg","inLanguage":"fr-FR"},{"@type":"WebPage","@id":"https:\/\/musiqueenchemin.fr\/index.php\/2023\/04\/21\/festival-2023\/","url":"https:\/\/musiqueenchemin.fr\/index.php\/2023\/04\/21\/festival-2023\/","name":"Festival 2023 -","isPartOf":{"@id":"https:\/\/musiqueenchemin.fr\/#website"},"primaryImageOfPage":{"@id":"https:\/\/musiqueenchemin.fr\/index.php\/2023\/04\/21\/festival-2023\/#primaryimage"},"image":{"@id":"https:\/\/musiqueenchemin.fr\/index.php\/2023\/04\/21\/festival-2023\/#primaryimage"},"thumbnailUrl":"http:\/\/musiqueenchemin.fr\/wp-content\/uploads\/2023\/04\/LMH@Thomas-Millet-1-1024x683.jpg","datePublished":"2023-04-21T08:23:42+00:00","dateModified":"2024-03-09T14:40:22+00:00","breadcrumb":{"@id":"https:\/\/musiqueenchemin.fr\/index.php\/2023\/04\/21\/festival-2023\/#breadcrumb"},"inLanguage":"fr-FR","potentialAction":[{"@type":"ReadAction","target":["https:\/\/musiqueenchemin.fr\/index.php\/2023\/04\/21\/festival-2023\/"]}]},{"@type":"ImageObject","inLanguage":"fr-FR","@id":"https:\/\/musiqueenchemin.fr\/index.php\/2023\/04\/21\/festival-2023\/#primaryimage","url":"http:\/\/musiqueenchemin.fr\/wp-content\/uploads\/2023\/04\/LMH@Thomas-Millet-1.jpg","contentUrl":"http:\/\/musiqueenchemin.fr\/wp-content\/uploads\/2023\/04\/LMH@Thomas-Millet-1.jpg","width":1366,"height":911},{"@type":"BreadcrumbList","@id":"https:\/\/musiqueenchemin.fr\/index.php\/2023\/04\/21\/festival-2023\/#breadcrumb","itemListElement":[{"@type":"ListItem","position":1,"name":"Accueil","item":"https:\/\/musiqueenchemin.fr\/"},{"@type":"ListItem","position":2,"name":"Festival 2023"}]},{"@type":"WebSite","@id":"https:\/\/musiqueenchemin.fr\/#website","url":"https:\/\/musiqueenchemin.fr\/","name":"Musique en Chemin","description":"","publisher":{"@id":"https:\/\/musiqueenchemin.fr\/#organization"},"potentialAction":[{"@type":"SearchAction","target":{"@type":"EntryPoint","urlTemplate":"https:\/\/musiqueenchemin.fr\/?s={search_term_string}"},"query-input":{"@type":"PropertyValueSpecification","valueRequired":true,"valueName":"search_term_string"}}],"inLanguage":"fr-FR"},{"@type":"Organization","@id":"https:\/\/musiqueenchemin.fr\/#organization","name":"Musique en Chemin","url":"https:\/\/musiqueenchemin.fr\/","logo":{"@type":"ImageObject","inLanguage":"fr-FR","@id":"https:\/\/musiqueenchemin.fr\/#\/schema\/logo\/image\/","url":"http:\/\/musiqueenchemin.fr\/wp-content\/uploads\/2024\/03\/huppe-jaune-2024.png","contentUrl":"http:\/\/musiqueenchemin.fr\/wp-content\/uploads\/2024\/03\/huppe-jaune-2024.png","width":560,"height":387,"caption":"Musique en Chemin"},"image":{"@id":"https:\/\/musiqueenchemin.fr\/#\/schema\/logo\/image\/"}},{"@type":"Person","@id":"https:\/\/musiqueenchemin.fr\/#\/schema\/person\/6c4caa9d003e40448be270fea1e3cbff","name":"Musique en Chemin","image":{"@type":"ImageObject","inLanguage":"fr-FR","@id":"https:\/\/musiqueenchemin.fr\/#\/schema\/person\/image\/","url":"https:\/\/secure.gravatar.com\/avatar\/7b1be4a90bcc64c58111b64ffe668b413f96ab86aad982e7fdacac32cefcb4ec?s=96&d=mm&r=g","contentUrl":"https:\/\/secure.gravatar.com\/avatar\/7b1be4a90bcc64c58111b64ffe668b413f96ab86aad982e7fdacac32cefcb4ec?s=96&d=mm&r=g","caption":"Musique en Chemin"},"url":"http:\/\/musiqueenchemin.fr\/index.php\/author\/chem\/"}]}},"_links":{"self":[{"href":"http:\/\/musiqueenchemin.fr\/index.php\/wp-json\/wp\/v2\/posts\/3402","targetHints":{"allow":["GET"]}}],"collection":[{"href":"http:\/\/musiqueenchemin.fr\/index.php\/wp-json\/wp\/v2\/posts"}],"about":[{"href":"http:\/\/musiqueenchemin.fr\/index.php\/wp-json\/wp\/v2\/types\/post"}],"author":[{"embeddable":true,"href":"http:\/\/musiqueenchemin.fr\/index.php\/wp-json\/wp\/v2\/users\/1"}],"replies":[{"embeddable":true,"href":"http:\/\/musiqueenchemin.fr\/index.php\/wp-json\/wp\/v2\/comments?post=3402"}],"version-history":[{"count":10,"href":"http:\/\/musiqueenchemin.fr\/index.php\/wp-json\/wp\/v2\/posts\/3402\/revisions"}],"predecessor-version":[{"id":3590,"href":"http:\/\/musiqueenchemin.fr\/index.php\/wp-json\/wp\/v2\/posts\/3402\/revisions\/3590"}],"wp:attachment":[{"href":"http:\/\/musiqueenchemin.fr\/index.php\/wp-json\/wp\/v2\/media?parent=3402"}],"wp:term":[{"taxonomy":"category","embeddable":true,"href":"http:\/\/musiqueenchemin.fr\/index.php\/wp-json\/wp\/v2\/categories?post=3402"},{"taxonomy":"post_tag","embeddable":true,"href":"http:\/\/musiqueenchemin.fr\/index.php\/wp-json\/wp\/v2\/tags?post=3402"}],"curies":[{"name":"wp","href":"https:\/\/api.w.org\/{rel}","templated":true}]}}