{"id":3439,"date":"2023-04-21T10:13:02","date_gmt":"2023-04-21T09:13:02","guid":{"rendered":"http:\/\/musiqueenchemin.fr\/?p=3439"},"modified":"2023-04-21T11:06:37","modified_gmt":"2023-04-21T10:06:37","slug":"la-crochbal","status":"publish","type":"post","link":"http:\/\/musiqueenchemin.fr\/index.php\/2023\/04\/21\/la-crochbal\/","title":{"rendered":"La Croch\u2019Bal"},"content":{"rendered":"\n<h4 class=\"wp-block-heading\">21h30<mark style=\"background-color:rgba(0, 0, 0, 0);color:#202041\" class=\"has-inline-color\"> | <\/mark>Espace festival<\/h4>\n\n\n\n<h4 class=\"wp-block-heading has-text-color\" style=\"color:#656398\">Bal Trad\u2019<\/h4>\n\n\n\n<figure class=\"wp-block-image size-large\"><img loading=\"lazy\" decoding=\"async\" width=\"1024\" height=\"851\" src=\"http:\/\/musiqueenchemin.fr\/wp-content\/uploads\/2023\/04\/La-CrochBal-1024x851.jpg\" alt=\"\" class=\"wp-image-3441\" srcset=\"http:\/\/musiqueenchemin.fr\/wp-content\/uploads\/2023\/04\/La-CrochBal-1024x851.jpg 1024w, http:\/\/musiqueenchemin.fr\/wp-content\/uploads\/2023\/04\/La-CrochBal-300x249.jpg 300w, http:\/\/musiqueenchemin.fr\/wp-content\/uploads\/2023\/04\/La-CrochBal-768x639.jpg 768w, http:\/\/musiqueenchemin.fr\/wp-content\/uploads\/2023\/04\/La-CrochBal-1536x1277.jpg 1536w, http:\/\/musiqueenchemin.fr\/wp-content\/uploads\/2023\/04\/La-CrochBal-2048x1703.jpg 2048w, http:\/\/musiqueenchemin.fr\/wp-content\/uploads\/2023\/04\/La-CrochBal-50x42.jpg 50w, http:\/\/musiqueenchemin.fr\/wp-content\/uploads\/2023\/04\/La-CrochBal-820x682.jpg 820w\" sizes=\"auto, (max-width: 1024px) 100vw, 1024px\" \/><\/figure>\n\n\n\n<p>Leur objectif ? Faire danser ! Percussions, accord\u00e9ons, vielle \u00e0 roue et violons sont jou\u00e9s par 8 musiciens et danseurs passionn\u00e9s. La recette\u202f? Une bonne louche d\u2019Occitanie dans un grand chaudron de danses d\u2019autres r\u00e9gions de France, une pinc\u00e9e de danses d\u2019Ailleurs\u2026 et beaucoup d\u2019\u00e9nergie. Initiations aux danses propos\u00e9es pendant le bal. Pour petits et grands&nbsp;!<\/p>\n\n\n\n<h6 class=\"wp-block-heading\">Dur\u00e9e 2h &#8211; Acc\u00e8s libre<\/h6>\n","protected":false},"excerpt":{"rendered":"<p>21h30 | Espace festival Bal Trad\u2019 Leur objectif ? Faire danser ! Percussions, accord\u00e9ons, vielle \u00e0 roue et violons sont jou\u00e9s par 8 musiciens et danseurs passionn\u00e9s. La recette\u202f? Une bonne louche d\u2019Occitanie dans un grand chaudron de danses d\u2019autres r\u00e9gions de France, une pinc\u00e9e de danses d\u2019Ailleurs\u2026 et beaucoup d\u2019\u00e9nergie. Initiations aux danses propos\u00e9es [&hellip;]<\/p>\n","protected":false},"author":1,"featured_media":0,"comment_status":"closed","ping_status":"closed","sticky":false,"template":"","format":"standard","meta":{"cwp_meta_box_check":"No","cwp_rev_product_name":"","cwp_rev_product_image":"","wppr_links":[],"cwp_rev_price":"","wppr_options":[],"wppr_pros":[],"wppr_cons":[],"footnotes":""},"categories":[1],"tags":[],"class_list":["post-3439","post","type-post","status-publish","format-standard","hentry","category-non-classe"],"wppr_data":{"cwp_meta_box_check":"No"},"yoast_head":"<!-- This site is optimized with the Yoast SEO plugin v25.0 - https:\/\/yoast.com\/wordpress\/plugins\/seo\/ -->\n<title>La Croch\u2019Bal - Musique en Chemin<\/title>\n<meta name=\"robots\" content=\"index, follow, max-snippet:-1, max-image-preview:large, max-video-preview:-1\" \/>\n<link rel=\"canonical\" href=\"https:\/\/musiqueenchemin.fr\/index.php\/2023\/04\/21\/la-crochbal\/\" \/>\n<meta property=\"og:locale\" content=\"fr_FR\" \/>\n<meta property=\"og:type\" content=\"article\" \/>\n<meta property=\"og:title\" content=\"La Croch\u2019Bal - Musique en Chemin\" \/>\n<meta property=\"og:description\" content=\"21h30 | Espace festival Bal Trad\u2019 Leur objectif ? Faire danser ! Percussions, accord\u00e9ons, vielle \u00e0 roue et violons sont jou\u00e9s par 8 musiciens et danseurs passionn\u00e9s. La recette\u202f? Une bonne louche d\u2019Occitanie dans un grand chaudron de danses d\u2019autres r\u00e9gions de France, une pinc\u00e9e de danses d\u2019Ailleurs\u2026 et beaucoup d\u2019\u00e9nergie. Initiations aux danses propos\u00e9es [&hellip;]\" \/>\n<meta property=\"og:url\" content=\"https:\/\/musiqueenchemin.fr\/index.php\/2023\/04\/21\/la-crochbal\/\" \/>\n<meta property=\"og:site_name\" content=\"Musique en Chemin\" \/>\n<meta property=\"article:published_time\" content=\"2023-04-21T09:13:02+00:00\" \/>\n<meta property=\"article:modified_time\" content=\"2023-04-21T10:06:37+00:00\" \/>\n<meta property=\"og:image\" content=\"http:\/\/musiqueenchemin.fr\/wp-content\/uploads\/2023\/04\/La-CrochBal-1024x851.jpg\" \/>\n<meta name=\"author\" content=\"Musique en Chemin\" \/>\n<meta name=\"twitter:card\" content=\"summary_large_image\" \/>\n<meta name=\"twitter:label1\" content=\"\u00c9crit par\" \/>\n\t<meta name=\"twitter:data1\" content=\"Musique en Chemin\" \/>\n<script type=\"application\/ld+json\" class=\"yoast-schema-graph\">{\"@context\":\"https:\/\/schema.org\",\"@graph\":[{\"@type\":\"Article\",\"@id\":\"https:\/\/musiqueenchemin.fr\/index.php\/2023\/04\/21\/la-crochbal\/#article\",\"isPartOf\":{\"@id\":\"https:\/\/musiqueenchemin.fr\/index.php\/2023\/04\/21\/la-crochbal\/\"},\"author\":{\"name\":\"Musique en Chemin\",\"@id\":\"https:\/\/musiqueenchemin.fr\/#\/schema\/person\/6c4caa9d003e40448be270fea1e3cbff\"},\"headline\":\"La Croch\u2019Bal\",\"datePublished\":\"2023-04-21T09:13:02+00:00\",\"dateModified\":\"2023-04-21T10:06:37+00:00\",\"mainEntityOfPage\":{\"@id\":\"https:\/\/musiqueenchemin.fr\/index.php\/2023\/04\/21\/la-crochbal\/\"},\"wordCount\":78,\"publisher\":{\"@id\":\"https:\/\/musiqueenchemin.fr\/#organization\"},\"image\":{\"@id\":\"https:\/\/musiqueenchemin.fr\/index.php\/2023\/04\/21\/la-crochbal\/#primaryimage\"},\"thumbnailUrl\":\"http:\/\/musiqueenchemin.fr\/wp-content\/uploads\/2023\/04\/La-CrochBal-1024x851.jpg\",\"inLanguage\":\"fr-FR\"},{\"@type\":\"WebPage\",\"@id\":\"https:\/\/musiqueenchemin.fr\/index.php\/2023\/04\/21\/la-crochbal\/\",\"url\":\"https:\/\/musiqueenchemin.fr\/index.php\/2023\/04\/21\/la-crochbal\/\",\"name\":\"La Croch\u2019Bal - Musique en Chemin\",\"isPartOf\":{\"@id\":\"https:\/\/musiqueenchemin.fr\/#website\"},\"primaryImageOfPage\":{\"@id\":\"https:\/\/musiqueenchemin.fr\/index.php\/2023\/04\/21\/la-crochbal\/#primaryimage\"},\"image\":{\"@id\":\"https:\/\/musiqueenchemin.fr\/index.php\/2023\/04\/21\/la-crochbal\/#primaryimage\"},\"thumbnailUrl\":\"http:\/\/musiqueenchemin.fr\/wp-content\/uploads\/2023\/04\/La-CrochBal-1024x851.jpg\",\"datePublished\":\"2023-04-21T09:13:02+00:00\",\"dateModified\":\"2023-04-21T10:06:37+00:00\",\"breadcrumb\":{\"@id\":\"https:\/\/musiqueenchemin.fr\/index.php\/2023\/04\/21\/la-crochbal\/#breadcrumb\"},\"inLanguage\":\"fr-FR\",\"potentialAction\":[{\"@type\":\"ReadAction\",\"target\":[\"https:\/\/musiqueenchemin.fr\/index.php\/2023\/04\/21\/la-crochbal\/\"]}]},{\"@type\":\"ImageObject\",\"inLanguage\":\"fr-FR\",\"@id\":\"https:\/\/musiqueenchemin.fr\/index.php\/2023\/04\/21\/la-crochbal\/#primaryimage\",\"url\":\"http:\/\/musiqueenchemin.fr\/wp-content\/uploads\/2023\/04\/La-CrochBal.jpg\",\"contentUrl\":\"http:\/\/musiqueenchemin.fr\/wp-content\/uploads\/2023\/04\/La-CrochBal.jpg\",\"width\":2100,\"height\":1746},{\"@type\":\"BreadcrumbList\",\"@id\":\"https:\/\/musiqueenchemin.fr\/index.php\/2023\/04\/21\/la-crochbal\/#breadcrumb\",\"itemListElement\":[{\"@type\":\"ListItem\",\"position\":1,\"name\":\"Accueil\",\"item\":\"https:\/\/musiqueenchemin.fr\/\"},{\"@type\":\"ListItem\",\"position\":2,\"name\":\"La Croch\u2019Bal\"}]},{\"@type\":\"WebSite\",\"@id\":\"https:\/\/musiqueenchemin.fr\/#website\",\"url\":\"https:\/\/musiqueenchemin.fr\/\",\"name\":\"Musique en Chemin\",\"description\":\"Saison &amp; Festival\",\"publisher\":{\"@id\":\"https:\/\/musiqueenchemin.fr\/#organization\"},\"potentialAction\":[{\"@type\":\"SearchAction\",\"target\":{\"@type\":\"EntryPoint\",\"urlTemplate\":\"https:\/\/musiqueenchemin.fr\/?s={search_term_string}\"},\"query-input\":{\"@type\":\"PropertyValueSpecification\",\"valueRequired\":true,\"valueName\":\"search_term_string\"}}],\"inLanguage\":\"fr-FR\"},{\"@type\":\"Organization\",\"@id\":\"https:\/\/musiqueenchemin.fr\/#organization\",\"name\":\"Musique en Chemin\",\"url\":\"https:\/\/musiqueenchemin.fr\/\",\"logo\":{\"@type\":\"ImageObject\",\"inLanguage\":\"fr-FR\",\"@id\":\"https:\/\/musiqueenchemin.fr\/#\/schema\/logo\/image\/\",\"url\":\"http:\/\/musiqueenchemin.fr\/wp-content\/uploads\/2024\/03\/huppe-jaune-2024.png\",\"contentUrl\":\"http:\/\/musiqueenchemin.fr\/wp-content\/uploads\/2024\/03\/huppe-jaune-2024.png\",\"width\":560,\"height\":387,\"caption\":\"Musique en Chemin\"},\"image\":{\"@id\":\"https:\/\/musiqueenchemin.fr\/#\/schema\/logo\/image\/\"}},{\"@type\":\"Person\",\"@id\":\"https:\/\/musiqueenchemin.fr\/#\/schema\/person\/6c4caa9d003e40448be270fea1e3cbff\",\"name\":\"Musique en Chemin\",\"image\":{\"@type\":\"ImageObject\",\"inLanguage\":\"fr-FR\",\"@id\":\"https:\/\/musiqueenchemin.fr\/#\/schema\/person\/image\/\",\"url\":\"https:\/\/secure.gravatar.com\/avatar\/7b1be4a90bcc64c58111b64ffe668b413f96ab86aad982e7fdacac32cefcb4ec?s=96&d=mm&r=g\",\"contentUrl\":\"https:\/\/secure.gravatar.com\/avatar\/7b1be4a90bcc64c58111b64ffe668b413f96ab86aad982e7fdacac32cefcb4ec?s=96&d=mm&r=g\",\"caption\":\"Musique en Chemin\"},\"url\":\"http:\/\/musiqueenchemin.fr\/index.php\/author\/chem\/\"}]}<\/script>\n<!-- \/ Yoast SEO plugin. -->","yoast_head_json":{"title":"La Croch\u2019Bal - Musique en Chemin","robots":{"index":"index","follow":"follow","max-snippet":"max-snippet:-1","max-image-preview":"max-image-preview:large","max-video-preview":"max-video-preview:-1"},"canonical":"https:\/\/musiqueenchemin.fr\/index.php\/2023\/04\/21\/la-crochbal\/","og_locale":"fr_FR","og_type":"article","og_title":"La Croch\u2019Bal - Musique en Chemin","og_description":"21h30 | Espace festival Bal Trad\u2019 Leur objectif ? Faire danser ! Percussions, accord\u00e9ons, vielle \u00e0 roue et violons sont jou\u00e9s par 8 musiciens et danseurs passionn\u00e9s. La recette\u202f? Une bonne louche d\u2019Occitanie dans un grand chaudron de danses d\u2019autres r\u00e9gions de France, une pinc\u00e9e de danses d\u2019Ailleurs\u2026 et beaucoup d\u2019\u00e9nergie. Initiations aux danses propos\u00e9es [&hellip;]","og_url":"https:\/\/musiqueenchemin.fr\/index.php\/2023\/04\/21\/la-crochbal\/","og_site_name":"Musique en Chemin","article_published_time":"2023-04-21T09:13:02+00:00","article_modified_time":"2023-04-21T10:06:37+00:00","og_image":[{"url":"http:\/\/musiqueenchemin.fr\/wp-content\/uploads\/2023\/04\/La-CrochBal-1024x851.jpg","type":"","width":"","height":""}],"author":"Musique en Chemin","twitter_card":"summary_large_image","twitter_misc":{"\u00c9crit par":"Musique en Chemin"},"schema":{"@context":"https:\/\/schema.org","@graph":[{"@type":"Article","@id":"https:\/\/musiqueenchemin.fr\/index.php\/2023\/04\/21\/la-crochbal\/#article","isPartOf":{"@id":"https:\/\/musiqueenchemin.fr\/index.php\/2023\/04\/21\/la-crochbal\/"},"author":{"name":"Musique en Chemin","@id":"https:\/\/musiqueenchemin.fr\/#\/schema\/person\/6c4caa9d003e40448be270fea1e3cbff"},"headline":"La Croch\u2019Bal","datePublished":"2023-04-21T09:13:02+00:00","dateModified":"2023-04-21T10:06:37+00:00","mainEntityOfPage":{"@id":"https:\/\/musiqueenchemin.fr\/index.php\/2023\/04\/21\/la-crochbal\/"},"wordCount":78,"publisher":{"@id":"https:\/\/musiqueenchemin.fr\/#organization"},"image":{"@id":"https:\/\/musiqueenchemin.fr\/index.php\/2023\/04\/21\/la-crochbal\/#primaryimage"},"thumbnailUrl":"http:\/\/musiqueenchemin.fr\/wp-content\/uploads\/2023\/04\/La-CrochBal-1024x851.jpg","inLanguage":"fr-FR"},{"@type":"WebPage","@id":"https:\/\/musiqueenchemin.fr\/index.php\/2023\/04\/21\/la-crochbal\/","url":"https:\/\/musiqueenchemin.fr\/index.php\/2023\/04\/21\/la-crochbal\/","name":"La Croch\u2019Bal - Musique en Chemin","isPartOf":{"@id":"https:\/\/musiqueenchemin.fr\/#website"},"primaryImageOfPage":{"@id":"https:\/\/musiqueenchemin.fr\/index.php\/2023\/04\/21\/la-crochbal\/#primaryimage"},"image":{"@id":"https:\/\/musiqueenchemin.fr\/index.php\/2023\/04\/21\/la-crochbal\/#primaryimage"},"thumbnailUrl":"http:\/\/musiqueenchemin.fr\/wp-content\/uploads\/2023\/04\/La-CrochBal-1024x851.jpg","datePublished":"2023-04-21T09:13:02+00:00","dateModified":"2023-04-21T10:06:37+00:00","breadcrumb":{"@id":"https:\/\/musiqueenchemin.fr\/index.php\/2023\/04\/21\/la-crochbal\/#breadcrumb"},"inLanguage":"fr-FR","potentialAction":[{"@type":"ReadAction","target":["https:\/\/musiqueenchemin.fr\/index.php\/2023\/04\/21\/la-crochbal\/"]}]},{"@type":"ImageObject","inLanguage":"fr-FR","@id":"https:\/\/musiqueenchemin.fr\/index.php\/2023\/04\/21\/la-crochbal\/#primaryimage","url":"http:\/\/musiqueenchemin.fr\/wp-content\/uploads\/2023\/04\/La-CrochBal.jpg","contentUrl":"http:\/\/musiqueenchemin.fr\/wp-content\/uploads\/2023\/04\/La-CrochBal.jpg","width":2100,"height":1746},{"@type":"BreadcrumbList","@id":"https:\/\/musiqueenchemin.fr\/index.php\/2023\/04\/21\/la-crochbal\/#breadcrumb","itemListElement":[{"@type":"ListItem","position":1,"name":"Accueil","item":"https:\/\/musiqueenchemin.fr\/"},{"@type":"ListItem","position":2,"name":"La Croch\u2019Bal"}]},{"@type":"WebSite","@id":"https:\/\/musiqueenchemin.fr\/#website","url":"https:\/\/musiqueenchemin.fr\/","name":"Musique en Chemin","description":"Saison &amp; Festival","publisher":{"@id":"https:\/\/musiqueenchemin.fr\/#organization"},"potentialAction":[{"@type":"SearchAction","target":{"@type":"EntryPoint","urlTemplate":"https:\/\/musiqueenchemin.fr\/?s={search_term_string}"},"query-input":{"@type":"PropertyValueSpecification","valueRequired":true,"valueName":"search_term_string"}}],"inLanguage":"fr-FR"},{"@type":"Organization","@id":"https:\/\/musiqueenchemin.fr\/#organization","name":"Musique en Chemin","url":"https:\/\/musiqueenchemin.fr\/","logo":{"@type":"ImageObject","inLanguage":"fr-FR","@id":"https:\/\/musiqueenchemin.fr\/#\/schema\/logo\/image\/","url":"http:\/\/musiqueenchemin.fr\/wp-content\/uploads\/2024\/03\/huppe-jaune-2024.png","contentUrl":"http:\/\/musiqueenchemin.fr\/wp-content\/uploads\/2024\/03\/huppe-jaune-2024.png","width":560,"height":387,"caption":"Musique en Chemin"},"image":{"@id":"https:\/\/musiqueenchemin.fr\/#\/schema\/logo\/image\/"}},{"@type":"Person","@id":"https:\/\/musiqueenchemin.fr\/#\/schema\/person\/6c4caa9d003e40448be270fea1e3cbff","name":"Musique en Chemin","image":{"@type":"ImageObject","inLanguage":"fr-FR","@id":"https:\/\/musiqueenchemin.fr\/#\/schema\/person\/image\/","url":"https:\/\/secure.gravatar.com\/avatar\/7b1be4a90bcc64c58111b64ffe668b413f96ab86aad982e7fdacac32cefcb4ec?s=96&d=mm&r=g","contentUrl":"https:\/\/secure.gravatar.com\/avatar\/7b1be4a90bcc64c58111b64ffe668b413f96ab86aad982e7fdacac32cefcb4ec?s=96&d=mm&r=g","caption":"Musique en Chemin"},"url":"http:\/\/musiqueenchemin.fr\/index.php\/author\/chem\/"}]}},"_links":{"self":[{"href":"http:\/\/musiqueenchemin.fr\/index.php\/wp-json\/wp\/v2\/posts\/3439","targetHints":{"allow":["GET"]}}],"collection":[{"href":"http:\/\/musiqueenchemin.fr\/index.php\/wp-json\/wp\/v2\/posts"}],"about":[{"href":"http:\/\/musiqueenchemin.fr\/index.php\/wp-json\/wp\/v2\/types\/post"}],"author":[{"embeddable":true,"href":"http:\/\/musiqueenchemin.fr\/index.php\/wp-json\/wp\/v2\/users\/1"}],"replies":[{"embeddable":true,"href":"http:\/\/musiqueenchemin.fr\/index.php\/wp-json\/wp\/v2\/comments?post=3439"}],"version-history":[{"count":2,"href":"http:\/\/musiqueenchemin.fr\/index.php\/wp-json\/wp\/v2\/posts\/3439\/revisions"}],"predecessor-version":[{"id":3481,"href":"http:\/\/musiqueenchemin.fr\/index.php\/wp-json\/wp\/v2\/posts\/3439\/revisions\/3481"}],"wp:attachment":[{"href":"http:\/\/musiqueenchemin.fr\/index.php\/wp-json\/wp\/v2\/media?parent=3439"}],"wp:term":[{"taxonomy":"category","embeddable":true,"href":"http:\/\/musiqueenchemin.fr\/index.php\/wp-json\/wp\/v2\/categories?post=3439"},{"taxonomy":"post_tag","embeddable":true,"href":"http:\/\/musiqueenchemin.fr\/index.php\/wp-json\/wp\/v2\/tags?post=3439"}],"curies":[{"name":"wp","href":"https:\/\/api.w.org\/{rel}","templated":true}]}}