{"id":1099,"date":"2017-03-22T08:47:50","date_gmt":"2017-03-22T07:47:50","guid":{"rendered":"http:\/\/musiqueenchemin.fr\/?p=1099"},"modified":"2017-06-20T10:22:59","modified_gmt":"2017-06-20T09:22:59","slug":"capella-nostra","status":"publish","type":"post","link":"https:\/\/musiqueenchemin.fr\/index.php\/2017\/03\/22\/capella-nostra\/","title":{"rendered":"Capella Nostra"},"content":{"rendered":"<figure id=\"attachment_1202\" aria-describedby=\"caption-attachment-1202\" style=\"width: 900px\" class=\"wp-caption alignnone\"><img loading=\"lazy\" decoding=\"async\" class=\"size-full wp-image-1202\" src=\"http:\/\/musiqueenchemin.fr\/wp-content\/uploads\/2017\/03\/Capella-Nostra_les_elements.jpg\" alt=\"\" width=\"900\" height=\"420\" srcset=\"https:\/\/musiqueenchemin.fr\/wp-content\/uploads\/2017\/03\/Capella-Nostra_les_elements.jpg 900w, https:\/\/musiqueenchemin.fr\/wp-content\/uploads\/2017\/03\/Capella-Nostra_les_elements-300x140.jpg 300w, https:\/\/musiqueenchemin.fr\/wp-content\/uploads\/2017\/03\/Capella-Nostra_les_elements-768x358.jpg 768w, https:\/\/musiqueenchemin.fr\/wp-content\/uploads\/2017\/03\/Capella-Nostra_les_elements-600x280.jpg 600w, https:\/\/musiqueenchemin.fr\/wp-content\/uploads\/2017\/03\/Capella-Nostra_les_elements-820x383.jpg 820w\" sizes=\"auto, (max-width: 900px) 100vw, 900px\" \/><figcaption id=\"caption-attachment-1202\" class=\"wp-caption-text\">\u00a9Laurent Pascal<\/figcaption><\/figure>\n<h2><strong>Jeudi 20 juillet \u00e0 20h30<\/strong><\/h2>\n<h3>Concert \u00e0 la Coll\u00e9giale<\/h3>\n<hr \/>\n<h4>Musiciens des grandes cath\u00e9drales du Languedoc<br \/>\n(Andr\u00e9 Campra, Etienne Moulini\u00e9, Guillaume Bouzignac, Guillaume Boni, Patrick Burgan, Benjamin Attahir)<\/h4>\n<h4>Ch\u0153ur de chambre <a href=\"http:\/\/www.les-elements.fr\/\" target=\"_blank\" rel=\"noopener noreferrer\">les \u00e9l\u00e9ments<\/a> &amp; <a href=\"http:\/\/www.concerto-soave.com\/\" target=\"_blank\" rel=\"noopener noreferrer\">Concerto Soave<\/a> (orgue, viole de gambe et th\u00e9orbe)<br \/>\nDirection Jo\u00ebl Suhubiette<\/h4>\n<hr \/>\n<p><em>\u00ab Notre nouvelle grande r\u00e9gion est riche d\u2019une histoire musicale importante, et pour le r\u00e9pertoire qui nous concerne, li\u00e9e notamment aux grandes ma\u00eetrises des cath\u00e9drales et \u00e0 leurs ma\u00eetres de chapelle \u00bb.<\/em><br \/>\nJo\u00ebl Suhubiette, pour les 20 ans de son <a href=\"http:\/\/www.les-elements.fr\/\" target=\"_blank\" rel=\"noopener noreferrer\">ensemble Les \u00c9l\u00e9ments<\/a>, a choisi de nous donner \u00e0 entendre un choix de ces musiques, et de mettre en avant les principaux compositeurs r\u00e9gionaux en parcourant les \u00e9poques musicales, de la Renaissance au Baroque et jusqu\u2019\u00e0 nos jours.<\/p>\n<p>&nbsp;<\/p>\n<p><i>The choral ensemble Les Elements opens the festival with a new programme of pieces written originally for and performed in the great cathedrals of our region. Jo\u00ebl Suhubiette and his ensemble take us on a journey of liturgical music from the Renaissance and Baroque periods through to modern day. A wonderful start to the festival.<\/i><\/p>\n<hr \/>\n<h4>PROGRAMME<\/h4>\n<h5><strong>Guillaume Boni (C.1530-1595) Cath\u00e9drale de Toulouse<\/strong><br \/>\nMotets pour la venue du Roi Charles IX \u00e0 Toulouse<br \/>\nQuatrains du Sieur de Pibrac<\/h5>\n<h5><strong>Guillaume Bouzignac (1587-1643) Cath\u00e9drales de Narbonne et Rodez<\/strong><br \/>\nJubilate Deo<br \/>\nFlos in Floris tempore<br \/>\nHa ! Plange Filia jerusalem<br \/>\nIn pace in idipsum<br \/>\nAssumpta est Maria<\/h5>\n<h5><strong>Benjamin Attahir (1989)<\/strong><br \/>\nZookibayashi<br \/>\nCommande du Ch\u0153ur de chambre les \u00e9l\u00e9ments pour ch\u0153ur et viole de gambe<\/h5>\n<h5><strong>Entracte<\/strong><\/h5>\n<h5><strong>Patrick Burgan (1960)<\/strong><br \/>\nVia Lucis<br \/>\nCommande du Ch\u0153ur de chambre les \u00e9l\u00e9ments pour ch\u0153ur et viole de gambe<\/h5>\n<h5><strong>Andr\u00e9 Campra (1660-1744) Cath\u00e9drale de Toulouse<\/strong><br \/>\nMissa Ad Majorem Dei Gloriam : Kyrie Gloria<br \/>\nMotet pour solistes<\/h5>\n<h5><strong>Etienne Moulini\u00e9 (1599-1676) Cath\u00e9drale de Narbonne<\/strong><br \/>\nCantate Domino<br \/>\nO Dulce Nomem<br \/>\nLitanies \u00e0 la Vierge<\/h5>\n<hr \/>\n<p><iframe loading=\"lazy\" width=\"1160\" height=\"870\" src=\"https:\/\/www.youtube.com\/embed\/ATxG8c7lh-k?feature=oembed\" frameborder=\"0\" allowfullscreen><\/iframe><\/p>\n<hr \/>\n<p><img loading=\"lazy\" decoding=\"async\" class=\"alignnone size-medium wp-image-1400\" src=\"http:\/\/musiqueenchemin.fr\/wp-content\/uploads\/2017\/03\/logo_MNL-300x63.jpg\" alt=\"\" width=\"300\" height=\"63\" \/>\u00a0 <\/p>\n<h4>Ce concert est soutenu par Musique Nouvelle en Libert\u00e9 &#8211; <a href=\"https:\/\/www.musiquenouvelleenliberte.org\">www.musiquenouvelleenliberte.org<\/a><\/h4>\n<hr \/>\n<h4>&gt; Dur\u00e9e : 1h15 &#8211; Tarif A<\/h4>\n<hr \/>\n<h3>R\u00e9servez vos places !<\/h3>\n<p><a href=\"https:\/\/musiqueenchemin.festik.net\/choeur-de-chambre-les-elements-direction-joel-suhubiette\" target=\"_blank\" rel=\"noopener noreferrer\"><img loading=\"lazy\" decoding=\"async\" class=\"alignnone size-medium wp-image-33\" src=\"http:\/\/musiqueenchemin.fr\/wp-content\/uploads\/2016\/04\/logo_festik_orange_fd_blanc_png-300x122.png\" alt=\"logo_festik_orange_fd_blanc_png\" width=\"300\" height=\"122\" \/><br \/>\n<strong>www.musiqueenchemin.festik.net<\/strong><\/a><\/p>\n","protected":false},"excerpt":{"rendered":"<p>Jeudi 20 juillet \u00e0 20h30 Concert \u00e0 la Coll\u00e9giale Musiciens des grandes cath\u00e9drales du Languedoc (Andr\u00e9 Campra, Etienne Moulini\u00e9, Guillaume Bouzignac, Guillaume Boni, Patrick Burgan, Benjamin Attahir) Ch\u0153ur de chambre les \u00e9l\u00e9ments &amp; Concerto Soave (orgue, viole de gambe et [&hellip;]<\/p>\n","protected":false},"author":1,"featured_media":0,"comment_status":"closed","ping_status":"closed","sticky":false,"template":"","format":"standard","meta":{"cwp_meta_box_check":"","cwp_rev_product_name":"","cwp_rev_product_image":"","wppr_links":[],"cwp_rev_price":"","wppr_options":[],"wppr_pros":[],"wppr_cons":[],"footnotes":""},"categories":[1],"tags":[],"class_list":["post-1099","post","type-post","status-publish","format-standard","hentry","category-non-classe"],"wppr_data":[],"yoast_head":"<!-- This site is optimized with the Yoast SEO plugin v25.0 - https:\/\/yoast.com\/wordpress\/plugins\/seo\/ -->\n<title>Capella Nostra -<\/title>\n<meta name=\"robots\" content=\"index, follow, max-snippet:-1, max-image-preview:large, max-video-preview:-1\" \/>\n<link rel=\"canonical\" href=\"https:\/\/musiqueenchemin.fr\/index.php\/2017\/03\/22\/capella-nostra\/\" \/>\n<meta property=\"og:locale\" content=\"fr_FR\" \/>\n<meta property=\"og:type\" content=\"article\" \/>\n<meta property=\"og:title\" content=\"Capella Nostra -\" \/>\n<meta property=\"og:description\" content=\"Jeudi 20 juillet \u00e0 20h30 Concert \u00e0 la Coll\u00e9giale Musiciens des grandes cath\u00e9drales du Languedoc (Andr\u00e9 Campra, Etienne Moulini\u00e9, Guillaume Bouzignac, Guillaume Boni, Patrick Burgan, Benjamin Attahir) Ch\u0153ur de chambre les \u00e9l\u00e9ments &amp; Concerto Soave (orgue, viole de gambe et [&hellip;]\" \/>\n<meta property=\"og:url\" content=\"https:\/\/musiqueenchemin.fr\/index.php\/2017\/03\/22\/capella-nostra\/\" \/>\n<meta property=\"article:published_time\" content=\"2017-03-22T07:47:50+00:00\" \/>\n<meta property=\"article:modified_time\" content=\"2017-06-20T09:22:59+00:00\" \/>\n<meta property=\"og:image\" content=\"http:\/\/musiqueenchemin.fr\/wp-content\/uploads\/2017\/03\/Capella-Nostra_les_elements.jpg\" \/>\n<meta name=\"author\" content=\"Musique en Chemin\" \/>\n<meta name=\"twitter:card\" content=\"summary_large_image\" \/>\n<meta name=\"twitter:label1\" content=\"\u00c9crit par\" \/>\n\t<meta name=\"twitter:data1\" content=\"Musique en Chemin\" \/>\n\t<meta name=\"twitter:label2\" content=\"Dur\u00e9e de lecture estim\u00e9e\" \/>\n\t<meta name=\"twitter:data2\" content=\"2 minutes\" \/>\n<script type=\"application\/ld+json\" class=\"yoast-schema-graph\">{\"@context\":\"https:\/\/schema.org\",\"@graph\":[{\"@type\":\"Article\",\"@id\":\"https:\/\/musiqueenchemin.fr\/index.php\/2017\/03\/22\/capella-nostra\/#article\",\"isPartOf\":{\"@id\":\"https:\/\/musiqueenchemin.fr\/index.php\/2017\/03\/22\/capella-nostra\/\"},\"author\":{\"name\":\"Musique en Chemin\",\"@id\":\"https:\/\/musiqueenchemin.fr\/#\/schema\/person\/6c4caa9d003e40448be270fea1e3cbff\"},\"headline\":\"Capella Nostra\",\"datePublished\":\"2017-03-22T07:47:50+00:00\",\"dateModified\":\"2017-06-20T09:22:59+00:00\",\"mainEntityOfPage\":{\"@id\":\"https:\/\/musiqueenchemin.fr\/index.php\/2017\/03\/22\/capella-nostra\/\"},\"wordCount\":358,\"publisher\":{\"@id\":\"https:\/\/musiqueenchemin.fr\/#organization\"},\"image\":{\"@id\":\"https:\/\/musiqueenchemin.fr\/index.php\/2017\/03\/22\/capella-nostra\/#primaryimage\"},\"thumbnailUrl\":\"http:\/\/musiqueenchemin.fr\/wp-content\/uploads\/2017\/03\/Capella-Nostra_les_elements.jpg\",\"inLanguage\":\"fr-FR\"},{\"@type\":\"WebPage\",\"@id\":\"https:\/\/musiqueenchemin.fr\/index.php\/2017\/03\/22\/capella-nostra\/\",\"url\":\"https:\/\/musiqueenchemin.fr\/index.php\/2017\/03\/22\/capella-nostra\/\",\"name\":\"Capella Nostra -\",\"isPartOf\":{\"@id\":\"https:\/\/musiqueenchemin.fr\/#website\"},\"primaryImageOfPage\":{\"@id\":\"https:\/\/musiqueenchemin.fr\/index.php\/2017\/03\/22\/capella-nostra\/#primaryimage\"},\"image\":{\"@id\":\"https:\/\/musiqueenchemin.fr\/index.php\/2017\/03\/22\/capella-nostra\/#primaryimage\"},\"thumbnailUrl\":\"http:\/\/musiqueenchemin.fr\/wp-content\/uploads\/2017\/03\/Capella-Nostra_les_elements.jpg\",\"datePublished\":\"2017-03-22T07:47:50+00:00\",\"dateModified\":\"2017-06-20T09:22:59+00:00\",\"breadcrumb\":{\"@id\":\"https:\/\/musiqueenchemin.fr\/index.php\/2017\/03\/22\/capella-nostra\/#breadcrumb\"},\"inLanguage\":\"fr-FR\",\"potentialAction\":[{\"@type\":\"ReadAction\",\"target\":[\"https:\/\/musiqueenchemin.fr\/index.php\/2017\/03\/22\/capella-nostra\/\"]}]},{\"@type\":\"ImageObject\",\"inLanguage\":\"fr-FR\",\"@id\":\"https:\/\/musiqueenchemin.fr\/index.php\/2017\/03\/22\/capella-nostra\/#primaryimage\",\"url\":\"https:\/\/musiqueenchemin.fr\/wp-content\/uploads\/2017\/03\/Capella-Nostra_les_elements.jpg\",\"contentUrl\":\"https:\/\/musiqueenchemin.fr\/wp-content\/uploads\/2017\/03\/Capella-Nostra_les_elements.jpg\",\"width\":900,\"height\":420,\"caption\":\"\u00a9Laurent Pascal\"},{\"@type\":\"BreadcrumbList\",\"@id\":\"https:\/\/musiqueenchemin.fr\/index.php\/2017\/03\/22\/capella-nostra\/#breadcrumb\",\"itemListElement\":[{\"@type\":\"ListItem\",\"position\":1,\"name\":\"Accueil\",\"item\":\"https:\/\/musiqueenchemin.fr\/\"},{\"@type\":\"ListItem\",\"position\":2,\"name\":\"Capella Nostra\"}]},{\"@type\":\"WebSite\",\"@id\":\"https:\/\/musiqueenchemin.fr\/#website\",\"url\":\"https:\/\/musiqueenchemin.fr\/\",\"name\":\"Musique en Chemin\",\"description\":\"\",\"publisher\":{\"@id\":\"https:\/\/musiqueenchemin.fr\/#organization\"},\"potentialAction\":[{\"@type\":\"SearchAction\",\"target\":{\"@type\":\"EntryPoint\",\"urlTemplate\":\"https:\/\/musiqueenchemin.fr\/?s={search_term_string}\"},\"query-input\":{\"@type\":\"PropertyValueSpecification\",\"valueRequired\":true,\"valueName\":\"search_term_string\"}}],\"inLanguage\":\"fr-FR\"},{\"@type\":\"Organization\",\"@id\":\"https:\/\/musiqueenchemin.fr\/#organization\",\"name\":\"Musique en Chemin\",\"url\":\"https:\/\/musiqueenchemin.fr\/\",\"logo\":{\"@type\":\"ImageObject\",\"inLanguage\":\"fr-FR\",\"@id\":\"https:\/\/musiqueenchemin.fr\/#\/schema\/logo\/image\/\",\"url\":\"http:\/\/musiqueenchemin.fr\/wp-content\/uploads\/2024\/03\/huppe-jaune-2024.png\",\"contentUrl\":\"http:\/\/musiqueenchemin.fr\/wp-content\/uploads\/2024\/03\/huppe-jaune-2024.png\",\"width\":560,\"height\":387,\"caption\":\"Musique en Chemin\"},\"image\":{\"@id\":\"https:\/\/musiqueenchemin.fr\/#\/schema\/logo\/image\/\"}},{\"@type\":\"Person\",\"@id\":\"https:\/\/musiqueenchemin.fr\/#\/schema\/person\/6c4caa9d003e40448be270fea1e3cbff\",\"name\":\"Musique en Chemin\",\"image\":{\"@type\":\"ImageObject\",\"inLanguage\":\"fr-FR\",\"@id\":\"https:\/\/musiqueenchemin.fr\/#\/schema\/person\/image\/\",\"url\":\"https:\/\/secure.gravatar.com\/avatar\/7b1be4a90bcc64c58111b64ffe668b413f96ab86aad982e7fdacac32cefcb4ec?s=96&d=mm&r=g\",\"contentUrl\":\"https:\/\/secure.gravatar.com\/avatar\/7b1be4a90bcc64c58111b64ffe668b413f96ab86aad982e7fdacac32cefcb4ec?s=96&d=mm&r=g\",\"caption\":\"Musique en Chemin\"},\"url\":\"https:\/\/musiqueenchemin.fr\/index.php\/author\/chem\/\"}]}<\/script>\n<!-- \/ Yoast SEO plugin. -->","yoast_head_json":{"title":"Capella Nostra -","robots":{"index":"index","follow":"follow","max-snippet":"max-snippet:-1","max-image-preview":"max-image-preview:large","max-video-preview":"max-video-preview:-1"},"canonical":"https:\/\/musiqueenchemin.fr\/index.php\/2017\/03\/22\/capella-nostra\/","og_locale":"fr_FR","og_type":"article","og_title":"Capella Nostra -","og_description":"Jeudi 20 juillet \u00e0 20h30 Concert \u00e0 la Coll\u00e9giale Musiciens des grandes cath\u00e9drales du Languedoc (Andr\u00e9 Campra, Etienne Moulini\u00e9, Guillaume Bouzignac, Guillaume Boni, Patrick Burgan, Benjamin Attahir) Ch\u0153ur de chambre les \u00e9l\u00e9ments &amp; Concerto Soave (orgue, viole de gambe et [&hellip;]","og_url":"https:\/\/musiqueenchemin.fr\/index.php\/2017\/03\/22\/capella-nostra\/","article_published_time":"2017-03-22T07:47:50+00:00","article_modified_time":"2017-06-20T09:22:59+00:00","og_image":[{"url":"http:\/\/musiqueenchemin.fr\/wp-content\/uploads\/2017\/03\/Capella-Nostra_les_elements.jpg","type":"","width":"","height":""}],"author":"Musique en Chemin","twitter_card":"summary_large_image","twitter_misc":{"\u00c9crit par":"Musique en Chemin","Dur\u00e9e de lecture estim\u00e9e":"2 minutes"},"schema":{"@context":"https:\/\/schema.org","@graph":[{"@type":"Article","@id":"https:\/\/musiqueenchemin.fr\/index.php\/2017\/03\/22\/capella-nostra\/#article","isPartOf":{"@id":"https:\/\/musiqueenchemin.fr\/index.php\/2017\/03\/22\/capella-nostra\/"},"author":{"name":"Musique en Chemin","@id":"https:\/\/musiqueenchemin.fr\/#\/schema\/person\/6c4caa9d003e40448be270fea1e3cbff"},"headline":"Capella Nostra","datePublished":"2017-03-22T07:47:50+00:00","dateModified":"2017-06-20T09:22:59+00:00","mainEntityOfPage":{"@id":"https:\/\/musiqueenchemin.fr\/index.php\/2017\/03\/22\/capella-nostra\/"},"wordCount":358,"publisher":{"@id":"https:\/\/musiqueenchemin.fr\/#organization"},"image":{"@id":"https:\/\/musiqueenchemin.fr\/index.php\/2017\/03\/22\/capella-nostra\/#primaryimage"},"thumbnailUrl":"http:\/\/musiqueenchemin.fr\/wp-content\/uploads\/2017\/03\/Capella-Nostra_les_elements.jpg","inLanguage":"fr-FR"},{"@type":"WebPage","@id":"https:\/\/musiqueenchemin.fr\/index.php\/2017\/03\/22\/capella-nostra\/","url":"https:\/\/musiqueenchemin.fr\/index.php\/2017\/03\/22\/capella-nostra\/","name":"Capella Nostra -","isPartOf":{"@id":"https:\/\/musiqueenchemin.fr\/#website"},"primaryImageOfPage":{"@id":"https:\/\/musiqueenchemin.fr\/index.php\/2017\/03\/22\/capella-nostra\/#primaryimage"},"image":{"@id":"https:\/\/musiqueenchemin.fr\/index.php\/2017\/03\/22\/capella-nostra\/#primaryimage"},"thumbnailUrl":"http:\/\/musiqueenchemin.fr\/wp-content\/uploads\/2017\/03\/Capella-Nostra_les_elements.jpg","datePublished":"2017-03-22T07:47:50+00:00","dateModified":"2017-06-20T09:22:59+00:00","breadcrumb":{"@id":"https:\/\/musiqueenchemin.fr\/index.php\/2017\/03\/22\/capella-nostra\/#breadcrumb"},"inLanguage":"fr-FR","potentialAction":[{"@type":"ReadAction","target":["https:\/\/musiqueenchemin.fr\/index.php\/2017\/03\/22\/capella-nostra\/"]}]},{"@type":"ImageObject","inLanguage":"fr-FR","@id":"https:\/\/musiqueenchemin.fr\/index.php\/2017\/03\/22\/capella-nostra\/#primaryimage","url":"https:\/\/musiqueenchemin.fr\/wp-content\/uploads\/2017\/03\/Capella-Nostra_les_elements.jpg","contentUrl":"https:\/\/musiqueenchemin.fr\/wp-content\/uploads\/2017\/03\/Capella-Nostra_les_elements.jpg","width":900,"height":420,"caption":"\u00a9Laurent Pascal"},{"@type":"BreadcrumbList","@id":"https:\/\/musiqueenchemin.fr\/index.php\/2017\/03\/22\/capella-nostra\/#breadcrumb","itemListElement":[{"@type":"ListItem","position":1,"name":"Accueil","item":"https:\/\/musiqueenchemin.fr\/"},{"@type":"ListItem","position":2,"name":"Capella Nostra"}]},{"@type":"WebSite","@id":"https:\/\/musiqueenchemin.fr\/#website","url":"https:\/\/musiqueenchemin.fr\/","name":"Musique en Chemin","description":"","publisher":{"@id":"https:\/\/musiqueenchemin.fr\/#organization"},"potentialAction":[{"@type":"SearchAction","target":{"@type":"EntryPoint","urlTemplate":"https:\/\/musiqueenchemin.fr\/?s={search_term_string}"},"query-input":{"@type":"PropertyValueSpecification","valueRequired":true,"valueName":"search_term_string"}}],"inLanguage":"fr-FR"},{"@type":"Organization","@id":"https:\/\/musiqueenchemin.fr\/#organization","name":"Musique en Chemin","url":"https:\/\/musiqueenchemin.fr\/","logo":{"@type":"ImageObject","inLanguage":"fr-FR","@id":"https:\/\/musiqueenchemin.fr\/#\/schema\/logo\/image\/","url":"http:\/\/musiqueenchemin.fr\/wp-content\/uploads\/2024\/03\/huppe-jaune-2024.png","contentUrl":"http:\/\/musiqueenchemin.fr\/wp-content\/uploads\/2024\/03\/huppe-jaune-2024.png","width":560,"height":387,"caption":"Musique en Chemin"},"image":{"@id":"https:\/\/musiqueenchemin.fr\/#\/schema\/logo\/image\/"}},{"@type":"Person","@id":"https:\/\/musiqueenchemin.fr\/#\/schema\/person\/6c4caa9d003e40448be270fea1e3cbff","name":"Musique en Chemin","image":{"@type":"ImageObject","inLanguage":"fr-FR","@id":"https:\/\/musiqueenchemin.fr\/#\/schema\/person\/image\/","url":"https:\/\/secure.gravatar.com\/avatar\/7b1be4a90bcc64c58111b64ffe668b413f96ab86aad982e7fdacac32cefcb4ec?s=96&d=mm&r=g","contentUrl":"https:\/\/secure.gravatar.com\/avatar\/7b1be4a90bcc64c58111b64ffe668b413f96ab86aad982e7fdacac32cefcb4ec?s=96&d=mm&r=g","caption":"Musique en Chemin"},"url":"https:\/\/musiqueenchemin.fr\/index.php\/author\/chem\/"}]}},"_links":{"self":[{"href":"https:\/\/musiqueenchemin.fr\/index.php\/wp-json\/wp\/v2\/posts\/1099","targetHints":{"allow":["GET"]}}],"collection":[{"href":"https:\/\/musiqueenchemin.fr\/index.php\/wp-json\/wp\/v2\/posts"}],"about":[{"href":"https:\/\/musiqueenchemin.fr\/index.php\/wp-json\/wp\/v2\/types\/post"}],"author":[{"embeddable":true,"href":"https:\/\/musiqueenchemin.fr\/index.php\/wp-json\/wp\/v2\/users\/1"}],"replies":[{"embeddable":true,"href":"https:\/\/musiqueenchemin.fr\/index.php\/wp-json\/wp\/v2\/comments?post=1099"}],"version-history":[{"count":28,"href":"https:\/\/musiqueenchemin.fr\/index.php\/wp-json\/wp\/v2\/posts\/1099\/revisions"}],"predecessor-version":[{"id":1566,"href":"https:\/\/musiqueenchemin.fr\/index.php\/wp-json\/wp\/v2\/posts\/1099\/revisions\/1566"}],"wp:attachment":[{"href":"https:\/\/musiqueenchemin.fr\/index.php\/wp-json\/wp\/v2\/media?parent=1099"}],"wp:term":[{"taxonomy":"category","embeddable":true,"href":"https:\/\/musiqueenchemin.fr\/index.php\/wp-json\/wp\/v2\/categories?post=1099"},{"taxonomy":"post_tag","embeddable":true,"href":"https:\/\/musiqueenchemin.fr\/index.php\/wp-json\/wp\/v2\/tags?post=1099"}],"curies":[{"name":"wp","href":"https:\/\/api.w.org\/{rel}","templated":true}]}}