{"id":1117,"date":"2017-03-22T08:59:51","date_gmt":"2017-03-22T07:59:51","guid":{"rendered":"http:\/\/musiqueenchemin.fr\/?p=1117"},"modified":"2017-06-07T09:56:41","modified_gmt":"2017-06-07T08:56:41","slug":"ida-y-vuelta","status":"publish","type":"post","link":"https:\/\/musiqueenchemin.fr\/index.php\/2017\/03\/22\/ida-y-vuelta\/","title":{"rendered":"Ida y Vuelta"},"content":{"rendered":"<p><img loading=\"lazy\" decoding=\"async\" class=\"alignnone size-full wp-image-1248\" src=\"http:\/\/musiqueenchemin.fr\/wp-content\/uploads\/2017\/03\/Ida_y_Vuelta.jpg\" alt=\"\" width=\"900\" height=\"781\" srcset=\"https:\/\/musiqueenchemin.fr\/wp-content\/uploads\/2017\/03\/Ida_y_Vuelta.jpg 900w, https:\/\/musiqueenchemin.fr\/wp-content\/uploads\/2017\/03\/Ida_y_Vuelta-300x260.jpg 300w, https:\/\/musiqueenchemin.fr\/wp-content\/uploads\/2017\/03\/Ida_y_Vuelta-768x666.jpg 768w, https:\/\/musiqueenchemin.fr\/wp-content\/uploads\/2017\/03\/Ida_y_Vuelta-600x521.jpg 600w, https:\/\/musiqueenchemin.fr\/wp-content\/uploads\/2017\/03\/Ida_y_Vuelta-820x712.jpg 820w\" sizes=\"auto, (max-width: 900px) 100vw, 900px\" \/><\/p>\n<h2><strong>Samedi 22 juillet \u00e0 21h30<\/strong><\/h2>\n<h3>Bal \u00e0 l\u2019espace festival<\/h3>\n<hr \/>\n<h4>Orchestre Salsa Roots<\/h4>\n<hr \/>\n<p><a href=\"http:\/\/www.idayvuelta-salsaroots.org\/\" target=\"_blank\" rel=\"noopener noreferrer\">IDA Y VUELTA<\/a> joue la salsa n\u00e9e dans les barrios du Spanish Harlem de New York, une salsa qui transpire l\u2019Afrique par ses contrepoints rythmiques d\u00e9hancheurs, une salsa qui procure la transe par son harmonie jazz new-yorkaise, une salsa qui ravive l\u2019esprit mythique de la salsa dura des ann\u00e9es 70, comme celle de la FANIA, d\u2019Ismael Rivera ou en encore du fameux Gran Combo de Puerto Rico\u00a0!<\/p>\n<p>IDA Y VUELTA Salsa Roots : entre musiques urbaines et musiques rurales, dans l\u2019espace comme dans le temps, dans les styles comme dans les origines\u2026<\/p>\n<p><\/br><\/p>\n<p><i>To accompany and follow your \u2018d\u00eener toqu\u00e9\u2019 how about some fabulous salsa music from the barrios of Spanish Harlem in New York?  A great chance to let your hair down in the wonderful convivial ambiance of this magical festival.<\/i><\/p>\n<hr \/>\n<h2>\u00c9COUTER<\/h2>\n<div class=\"row\">\n<div class=\"col-md-6\">\n<audio class=\"wp-audio-shortcode\" id=\"audio-1117-1\" preload=\"none\" style=\"width: 100%;\" controls=\"controls\"><source type=\"audio\/mpeg\" src=\"http:\/\/musiqueenchemin.fr\/wp-content\/uploads\/2017\/03\/A-Villa-Palmera.mp3?_=1\" \/><a href=\"http:\/\/musiqueenchemin.fr\/wp-content\/uploads\/2017\/03\/A-Villa-Palmera.mp3\">http:\/\/musiqueenchemin.fr\/wp-content\/uploads\/2017\/03\/A-Villa-Palmera.mp3<\/a><\/audio>\n<h5>Ida y Vuelta &#8211; <em>A Villa Palmera<\/em><\/h5>\n<hr \/>\n<\/div>\n<div class=\"col-md-6\">\n<audio class=\"wp-audio-shortcode\" id=\"audio-1117-2\" preload=\"none\" style=\"width: 100%;\" controls=\"controls\"><source type=\"audio\/mpeg\" src=\"http:\/\/musiqueenchemin.fr\/wp-content\/uploads\/2017\/03\/Quimbara.mp3?_=2\" \/><a href=\"http:\/\/musiqueenchemin.fr\/wp-content\/uploads\/2017\/03\/Quimbara.mp3\">http:\/\/musiqueenchemin.fr\/wp-content\/uploads\/2017\/03\/Quimbara.mp3<\/a><\/audio>\n<h5>Ida y Vuelta &#8211; <em>Quimbara<\/em><\/h5>\n<hr \/>\n<\/div>\n<\/div>\n<p><iframe loading=\"lazy\" src=\"https:\/\/player.vimeo.com\/video\/197493499\" width=\"1160\" height=\"653\" frameborder=\"0\" title=\"N&#039;attendez pas et profitez, profitez... de l&#039;orchestre IDA Y VUELTA &mdash; Salsa Roots !!\" webkitallowfullscreen mozallowfullscreen allowfullscreen><\/iframe><\/p>\n<hr \/>\n<h4>> Gratuit<\/h4>\n<hr \/>\n","protected":false},"excerpt":{"rendered":"<p>Samedi 22 juillet \u00e0 21h30 Bal \u00e0 l\u2019espace festival Orchestre Salsa Roots IDA Y VUELTA joue la salsa n\u00e9e dans les barrios du Spanish Harlem de New York, une salsa qui transpire l\u2019Afrique par ses contrepoints rythmiques d\u00e9hancheurs, une salsa qui procure la transe par son harmonie jazz new-yorkaise, une salsa qui ravive l\u2019esprit mythique [&hellip;]<\/p>\n","protected":false},"author":1,"featured_media":0,"comment_status":"closed","ping_status":"closed","sticky":false,"template":"","format":"standard","meta":{"cwp_meta_box_check":"","cwp_rev_product_name":"","cwp_rev_product_image":"","wppr_links":[],"cwp_rev_price":"","wppr_options":[],"wppr_pros":[],"wppr_cons":[],"footnotes":""},"categories":[1],"tags":[],"class_list":["post-1117","post","type-post","status-publish","format-standard","hentry","category-non-classe"],"wppr_data":[],"yoast_head":"<!-- This site is optimized with the Yoast SEO plugin v25.0 - https:\/\/yoast.com\/wordpress\/plugins\/seo\/ -->\n<title>Ida y Vuelta - Musique en Chemin<\/title>\n<meta name=\"robots\" content=\"index, follow, max-snippet:-1, max-image-preview:large, max-video-preview:-1\" \/>\n<link rel=\"canonical\" href=\"https:\/\/musiqueenchemin.fr\/index.php\/2017\/03\/22\/ida-y-vuelta\/\" \/>\n<meta property=\"og:locale\" content=\"fr_FR\" \/>\n<meta property=\"og:type\" content=\"article\" \/>\n<meta property=\"og:title\" content=\"Ida y Vuelta - Musique en Chemin\" \/>\n<meta property=\"og:description\" content=\"Samedi 22 juillet \u00e0 21h30 Bal \u00e0 l\u2019espace festival Orchestre Salsa Roots IDA Y VUELTA joue la salsa n\u00e9e dans les barrios du Spanish Harlem de New York, une salsa qui transpire l\u2019Afrique par ses contrepoints rythmiques d\u00e9hancheurs, une salsa qui procure la transe par son harmonie jazz new-yorkaise, une salsa qui ravive l\u2019esprit mythique [&hellip;]\" \/>\n<meta property=\"og:url\" content=\"https:\/\/musiqueenchemin.fr\/index.php\/2017\/03\/22\/ida-y-vuelta\/\" \/>\n<meta property=\"og:site_name\" content=\"Musique en Chemin\" \/>\n<meta property=\"article:published_time\" content=\"2017-03-22T07:59:51+00:00\" \/>\n<meta property=\"article:modified_time\" content=\"2017-06-07T08:56:41+00:00\" \/>\n<meta property=\"og:image\" content=\"http:\/\/musiqueenchemin.fr\/wp-content\/uploads\/2017\/03\/Ida_y_Vuelta.jpg\" \/>\n<meta name=\"author\" content=\"Musique en Chemin\" \/>\n<meta name=\"twitter:card\" content=\"summary_large_image\" \/>\n<meta name=\"twitter:label1\" content=\"\u00c9crit par\" \/>\n\t<meta name=\"twitter:data1\" content=\"Musique en Chemin\" \/>\n\t<meta name=\"twitter:label2\" content=\"Dur\u00e9e de lecture estim\u00e9e\" \/>\n\t<meta name=\"twitter:data2\" content=\"1 minute\" \/>\n<script type=\"application\/ld+json\" class=\"yoast-schema-graph\">{\"@context\":\"https:\/\/schema.org\",\"@graph\":[{\"@type\":\"Article\",\"@id\":\"https:\/\/musiqueenchemin.fr\/index.php\/2017\/03\/22\/ida-y-vuelta\/#article\",\"isPartOf\":{\"@id\":\"https:\/\/musiqueenchemin.fr\/index.php\/2017\/03\/22\/ida-y-vuelta\/\"},\"author\":{\"name\":\"Musique en Chemin\",\"@id\":\"https:\/\/musiqueenchemin.fr\/#\/schema\/person\/6c4caa9d003e40448be270fea1e3cbff\"},\"headline\":\"Ida y Vuelta\",\"datePublished\":\"2017-03-22T07:59:51+00:00\",\"dateModified\":\"2017-06-07T08:56:41+00:00\",\"mainEntityOfPage\":{\"@id\":\"https:\/\/musiqueenchemin.fr\/index.php\/2017\/03\/22\/ida-y-vuelta\/\"},\"wordCount\":189,\"publisher\":{\"@id\":\"https:\/\/musiqueenchemin.fr\/#organization\"},\"image\":{\"@id\":\"https:\/\/musiqueenchemin.fr\/index.php\/2017\/03\/22\/ida-y-vuelta\/#primaryimage\"},\"thumbnailUrl\":\"http:\/\/musiqueenchemin.fr\/wp-content\/uploads\/2017\/03\/Ida_y_Vuelta.jpg\",\"inLanguage\":\"fr-FR\"},{\"@type\":\"WebPage\",\"@id\":\"https:\/\/musiqueenchemin.fr\/index.php\/2017\/03\/22\/ida-y-vuelta\/\",\"url\":\"https:\/\/musiqueenchemin.fr\/index.php\/2017\/03\/22\/ida-y-vuelta\/\",\"name\":\"Ida y Vuelta - Musique en Chemin\",\"isPartOf\":{\"@id\":\"https:\/\/musiqueenchemin.fr\/#website\"},\"primaryImageOfPage\":{\"@id\":\"https:\/\/musiqueenchemin.fr\/index.php\/2017\/03\/22\/ida-y-vuelta\/#primaryimage\"},\"image\":{\"@id\":\"https:\/\/musiqueenchemin.fr\/index.php\/2017\/03\/22\/ida-y-vuelta\/#primaryimage\"},\"thumbnailUrl\":\"http:\/\/musiqueenchemin.fr\/wp-content\/uploads\/2017\/03\/Ida_y_Vuelta.jpg\",\"datePublished\":\"2017-03-22T07:59:51+00:00\",\"dateModified\":\"2017-06-07T08:56:41+00:00\",\"breadcrumb\":{\"@id\":\"https:\/\/musiqueenchemin.fr\/index.php\/2017\/03\/22\/ida-y-vuelta\/#breadcrumb\"},\"inLanguage\":\"fr-FR\",\"potentialAction\":[{\"@type\":\"ReadAction\",\"target\":[\"https:\/\/musiqueenchemin.fr\/index.php\/2017\/03\/22\/ida-y-vuelta\/\"]}]},{\"@type\":\"ImageObject\",\"inLanguage\":\"fr-FR\",\"@id\":\"https:\/\/musiqueenchemin.fr\/index.php\/2017\/03\/22\/ida-y-vuelta\/#primaryimage\",\"url\":\"https:\/\/musiqueenchemin.fr\/wp-content\/uploads\/2017\/03\/Ida_y_Vuelta.jpg\",\"contentUrl\":\"https:\/\/musiqueenchemin.fr\/wp-content\/uploads\/2017\/03\/Ida_y_Vuelta.jpg\",\"width\":900,\"height\":781},{\"@type\":\"BreadcrumbList\",\"@id\":\"https:\/\/musiqueenchemin.fr\/index.php\/2017\/03\/22\/ida-y-vuelta\/#breadcrumb\",\"itemListElement\":[{\"@type\":\"ListItem\",\"position\":1,\"name\":\"Accueil\",\"item\":\"https:\/\/musiqueenchemin.fr\/\"},{\"@type\":\"ListItem\",\"position\":2,\"name\":\"Ida y Vuelta\"}]},{\"@type\":\"WebSite\",\"@id\":\"https:\/\/musiqueenchemin.fr\/#website\",\"url\":\"https:\/\/musiqueenchemin.fr\/\",\"name\":\"Musique en Chemin\",\"description\":\"Saison &amp; Festival\",\"publisher\":{\"@id\":\"https:\/\/musiqueenchemin.fr\/#organization\"},\"potentialAction\":[{\"@type\":\"SearchAction\",\"target\":{\"@type\":\"EntryPoint\",\"urlTemplate\":\"https:\/\/musiqueenchemin.fr\/?s={search_term_string}\"},\"query-input\":{\"@type\":\"PropertyValueSpecification\",\"valueRequired\":true,\"valueName\":\"search_term_string\"}}],\"inLanguage\":\"fr-FR\"},{\"@type\":\"Organization\",\"@id\":\"https:\/\/musiqueenchemin.fr\/#organization\",\"name\":\"Musique en Chemin\",\"url\":\"https:\/\/musiqueenchemin.fr\/\",\"logo\":{\"@type\":\"ImageObject\",\"inLanguage\":\"fr-FR\",\"@id\":\"https:\/\/musiqueenchemin.fr\/#\/schema\/logo\/image\/\",\"url\":\"http:\/\/musiqueenchemin.fr\/wp-content\/uploads\/2024\/03\/huppe-jaune-2024.png\",\"contentUrl\":\"http:\/\/musiqueenchemin.fr\/wp-content\/uploads\/2024\/03\/huppe-jaune-2024.png\",\"width\":560,\"height\":387,\"caption\":\"Musique en Chemin\"},\"image\":{\"@id\":\"https:\/\/musiqueenchemin.fr\/#\/schema\/logo\/image\/\"}},{\"@type\":\"Person\",\"@id\":\"https:\/\/musiqueenchemin.fr\/#\/schema\/person\/6c4caa9d003e40448be270fea1e3cbff\",\"name\":\"Musique en Chemin\",\"image\":{\"@type\":\"ImageObject\",\"inLanguage\":\"fr-FR\",\"@id\":\"https:\/\/musiqueenchemin.fr\/#\/schema\/person\/image\/\",\"url\":\"https:\/\/secure.gravatar.com\/avatar\/7b1be4a90bcc64c58111b64ffe668b413f96ab86aad982e7fdacac32cefcb4ec?s=96&d=mm&r=g\",\"contentUrl\":\"https:\/\/secure.gravatar.com\/avatar\/7b1be4a90bcc64c58111b64ffe668b413f96ab86aad982e7fdacac32cefcb4ec?s=96&d=mm&r=g\",\"caption\":\"Musique en Chemin\"},\"url\":\"https:\/\/musiqueenchemin.fr\/index.php\/author\/chem\/\"}]}<\/script>\n<!-- \/ Yoast SEO plugin. -->","yoast_head_json":{"title":"Ida y Vuelta - Musique en Chemin","robots":{"index":"index","follow":"follow","max-snippet":"max-snippet:-1","max-image-preview":"max-image-preview:large","max-video-preview":"max-video-preview:-1"},"canonical":"https:\/\/musiqueenchemin.fr\/index.php\/2017\/03\/22\/ida-y-vuelta\/","og_locale":"fr_FR","og_type":"article","og_title":"Ida y Vuelta - Musique en Chemin","og_description":"Samedi 22 juillet \u00e0 21h30 Bal \u00e0 l\u2019espace festival Orchestre Salsa Roots IDA Y VUELTA joue la salsa n\u00e9e dans les barrios du Spanish Harlem de New York, une salsa qui transpire l\u2019Afrique par ses contrepoints rythmiques d\u00e9hancheurs, une salsa qui procure la transe par son harmonie jazz new-yorkaise, une salsa qui ravive l\u2019esprit mythique [&hellip;]","og_url":"https:\/\/musiqueenchemin.fr\/index.php\/2017\/03\/22\/ida-y-vuelta\/","og_site_name":"Musique en Chemin","article_published_time":"2017-03-22T07:59:51+00:00","article_modified_time":"2017-06-07T08:56:41+00:00","og_image":[{"url":"http:\/\/musiqueenchemin.fr\/wp-content\/uploads\/2017\/03\/Ida_y_Vuelta.jpg","type":"","width":"","height":""}],"author":"Musique en Chemin","twitter_card":"summary_large_image","twitter_misc":{"\u00c9crit par":"Musique en Chemin","Dur\u00e9e de lecture estim\u00e9e":"1 minute"},"schema":{"@context":"https:\/\/schema.org","@graph":[{"@type":"Article","@id":"https:\/\/musiqueenchemin.fr\/index.php\/2017\/03\/22\/ida-y-vuelta\/#article","isPartOf":{"@id":"https:\/\/musiqueenchemin.fr\/index.php\/2017\/03\/22\/ida-y-vuelta\/"},"author":{"name":"Musique en Chemin","@id":"https:\/\/musiqueenchemin.fr\/#\/schema\/person\/6c4caa9d003e40448be270fea1e3cbff"},"headline":"Ida y Vuelta","datePublished":"2017-03-22T07:59:51+00:00","dateModified":"2017-06-07T08:56:41+00:00","mainEntityOfPage":{"@id":"https:\/\/musiqueenchemin.fr\/index.php\/2017\/03\/22\/ida-y-vuelta\/"},"wordCount":189,"publisher":{"@id":"https:\/\/musiqueenchemin.fr\/#organization"},"image":{"@id":"https:\/\/musiqueenchemin.fr\/index.php\/2017\/03\/22\/ida-y-vuelta\/#primaryimage"},"thumbnailUrl":"http:\/\/musiqueenchemin.fr\/wp-content\/uploads\/2017\/03\/Ida_y_Vuelta.jpg","inLanguage":"fr-FR"},{"@type":"WebPage","@id":"https:\/\/musiqueenchemin.fr\/index.php\/2017\/03\/22\/ida-y-vuelta\/","url":"https:\/\/musiqueenchemin.fr\/index.php\/2017\/03\/22\/ida-y-vuelta\/","name":"Ida y Vuelta - Musique en Chemin","isPartOf":{"@id":"https:\/\/musiqueenchemin.fr\/#website"},"primaryImageOfPage":{"@id":"https:\/\/musiqueenchemin.fr\/index.php\/2017\/03\/22\/ida-y-vuelta\/#primaryimage"},"image":{"@id":"https:\/\/musiqueenchemin.fr\/index.php\/2017\/03\/22\/ida-y-vuelta\/#primaryimage"},"thumbnailUrl":"http:\/\/musiqueenchemin.fr\/wp-content\/uploads\/2017\/03\/Ida_y_Vuelta.jpg","datePublished":"2017-03-22T07:59:51+00:00","dateModified":"2017-06-07T08:56:41+00:00","breadcrumb":{"@id":"https:\/\/musiqueenchemin.fr\/index.php\/2017\/03\/22\/ida-y-vuelta\/#breadcrumb"},"inLanguage":"fr-FR","potentialAction":[{"@type":"ReadAction","target":["https:\/\/musiqueenchemin.fr\/index.php\/2017\/03\/22\/ida-y-vuelta\/"]}]},{"@type":"ImageObject","inLanguage":"fr-FR","@id":"https:\/\/musiqueenchemin.fr\/index.php\/2017\/03\/22\/ida-y-vuelta\/#primaryimage","url":"https:\/\/musiqueenchemin.fr\/wp-content\/uploads\/2017\/03\/Ida_y_Vuelta.jpg","contentUrl":"https:\/\/musiqueenchemin.fr\/wp-content\/uploads\/2017\/03\/Ida_y_Vuelta.jpg","width":900,"height":781},{"@type":"BreadcrumbList","@id":"https:\/\/musiqueenchemin.fr\/index.php\/2017\/03\/22\/ida-y-vuelta\/#breadcrumb","itemListElement":[{"@type":"ListItem","position":1,"name":"Accueil","item":"https:\/\/musiqueenchemin.fr\/"},{"@type":"ListItem","position":2,"name":"Ida y Vuelta"}]},{"@type":"WebSite","@id":"https:\/\/musiqueenchemin.fr\/#website","url":"https:\/\/musiqueenchemin.fr\/","name":"Musique en Chemin","description":"Saison &amp; Festival","publisher":{"@id":"https:\/\/musiqueenchemin.fr\/#organization"},"potentialAction":[{"@type":"SearchAction","target":{"@type":"EntryPoint","urlTemplate":"https:\/\/musiqueenchemin.fr\/?s={search_term_string}"},"query-input":{"@type":"PropertyValueSpecification","valueRequired":true,"valueName":"search_term_string"}}],"inLanguage":"fr-FR"},{"@type":"Organization","@id":"https:\/\/musiqueenchemin.fr\/#organization","name":"Musique en Chemin","url":"https:\/\/musiqueenchemin.fr\/","logo":{"@type":"ImageObject","inLanguage":"fr-FR","@id":"https:\/\/musiqueenchemin.fr\/#\/schema\/logo\/image\/","url":"http:\/\/musiqueenchemin.fr\/wp-content\/uploads\/2024\/03\/huppe-jaune-2024.png","contentUrl":"http:\/\/musiqueenchemin.fr\/wp-content\/uploads\/2024\/03\/huppe-jaune-2024.png","width":560,"height":387,"caption":"Musique en Chemin"},"image":{"@id":"https:\/\/musiqueenchemin.fr\/#\/schema\/logo\/image\/"}},{"@type":"Person","@id":"https:\/\/musiqueenchemin.fr\/#\/schema\/person\/6c4caa9d003e40448be270fea1e3cbff","name":"Musique en Chemin","image":{"@type":"ImageObject","inLanguage":"fr-FR","@id":"https:\/\/musiqueenchemin.fr\/#\/schema\/person\/image\/","url":"https:\/\/secure.gravatar.com\/avatar\/7b1be4a90bcc64c58111b64ffe668b413f96ab86aad982e7fdacac32cefcb4ec?s=96&d=mm&r=g","contentUrl":"https:\/\/secure.gravatar.com\/avatar\/7b1be4a90bcc64c58111b64ffe668b413f96ab86aad982e7fdacac32cefcb4ec?s=96&d=mm&r=g","caption":"Musique en Chemin"},"url":"https:\/\/musiqueenchemin.fr\/index.php\/author\/chem\/"}]}},"_links":{"self":[{"href":"https:\/\/musiqueenchemin.fr\/index.php\/wp-json\/wp\/v2\/posts\/1117","targetHints":{"allow":["GET"]}}],"collection":[{"href":"https:\/\/musiqueenchemin.fr\/index.php\/wp-json\/wp\/v2\/posts"}],"about":[{"href":"https:\/\/musiqueenchemin.fr\/index.php\/wp-json\/wp\/v2\/types\/post"}],"author":[{"embeddable":true,"href":"https:\/\/musiqueenchemin.fr\/index.php\/wp-json\/wp\/v2\/users\/1"}],"replies":[{"embeddable":true,"href":"https:\/\/musiqueenchemin.fr\/index.php\/wp-json\/wp\/v2\/comments?post=1117"}],"version-history":[{"count":12,"href":"https:\/\/musiqueenchemin.fr\/index.php\/wp-json\/wp\/v2\/posts\/1117\/revisions"}],"predecessor-version":[{"id":1538,"href":"https:\/\/musiqueenchemin.fr\/index.php\/wp-json\/wp\/v2\/posts\/1117\/revisions\/1538"}],"wp:attachment":[{"href":"https:\/\/musiqueenchemin.fr\/index.php\/wp-json\/wp\/v2\/media?parent=1117"}],"wp:term":[{"taxonomy":"category","embeddable":true,"href":"https:\/\/musiqueenchemin.fr\/index.php\/wp-json\/wp\/v2\/categories?post=1117"},{"taxonomy":"post_tag","embeddable":true,"href":"https:\/\/musiqueenchemin.fr\/index.php\/wp-json\/wp\/v2\/tags?post=1117"}],"curies":[{"name":"wp","href":"https:\/\/api.w.org\/{rel}","templated":true}]}}