{"id":1120,"date":"2017-03-22T09:08:10","date_gmt":"2017-03-22T08:08:10","guid":{"rendered":"http:\/\/musiqueenchemin.fr\/?p=1120"},"modified":"2017-07-11T19:14:00","modified_gmt":"2017-07-11T18:14:00","slug":"quatuor-osmose","status":"publish","type":"post","link":"https:\/\/musiqueenchemin.fr\/index.php\/2017\/03\/22\/quatuor-osmose\/","title":{"rendered":"Quatuor Osmose"},"content":{"rendered":"<p><img loading=\"lazy\" decoding=\"async\" class=\"alignnone size-full wp-image-1253\" src=\"http:\/\/musiqueenchemin.fr\/wp-content\/uploads\/2017\/03\/quatuor_osmose.jpg\" alt=\"\" width=\"900\" height=\"603\" srcset=\"https:\/\/musiqueenchemin.fr\/wp-content\/uploads\/2017\/03\/quatuor_osmose.jpg 900w, https:\/\/musiqueenchemin.fr\/wp-content\/uploads\/2017\/03\/quatuor_osmose-300x201.jpg 300w, https:\/\/musiqueenchemin.fr\/wp-content\/uploads\/2017\/03\/quatuor_osmose-768x515.jpg 768w, https:\/\/musiqueenchemin.fr\/wp-content\/uploads\/2017\/03\/quatuor_osmose-600x402.jpg 600w, https:\/\/musiqueenchemin.fr\/wp-content\/uploads\/2017\/03\/quatuor_osmose-820x549.jpg 820w\" sizes=\"auto, (max-width: 900px) 100vw, 900px\" \/><\/p>\n<h2><strong>Dimanche 23 juillet \u00e0 15h<\/strong><\/h2>\n<h3>Concert \u00e0 la Coll\u00e9giale<\/h3>\n<hr \/>\n<h4><a href=\"https:\/\/www.facebook.com\/osmosequartet\/\" target=\"_blank\" rel=\"noopener noreferrer\">Quatuor Osmose<\/a>, saxophones<\/h4>\n<h4>Jean-S\u00e9bastien Bach, Steve Reich, R\u00e9gis Campo, Astor Piazzolla<\/h4>\n<h4>Concert en trois temps (Coll\u00e9giale, clo\u00eetre et place du village)<\/h4>\n<hr \/>\n<p>Les musiciens du Quatuor Osmose se sont rencontr\u00e9s au Conservatoire de Paris (CNSMDP) et sont issus de la classe de saxophone de Claude Delangle. Anim\u00e9s par un attachement \u00e0 la musique d&#8217;aujourd&#8217;hui et par une passion pour la musique de chambre, le quatuor accorde \u00e9galement une attention particuli\u00e8re au r\u00e9pertoire classique de sa formation et explore le domaine de la transcription dans des r\u00e9pertoires r\u00e9v\u00e9lant les possibilit\u00e9s du quatuor de saxophones.<\/p>\n<p>Le quatuor Osmose a \u00e9t\u00e9 \u00e9lu &#8220;Coup de c\u0153ur des auditeurs de France Musique&#8221; apr\u00e8s son passage dans l&#8217;\u00e9mission de Ga\u00eblle Le Gallic &#8220;Dans la cour des grands&#8221; en 2008, et se produit aujourd\u2019hui dans le monde entier. Il est laur\u00e9at d\u2019un nombre impressionnant de concours internationaux, dont celui de la fondation Cziffra en 2013.<\/p>\n<p>&nbsp;<\/p>\n<p><i> A magnificent finale for the festival with this eclectic selection of music from Bach, to Piazzola to Reich played by the Osmose Quartet of Saxophones. Music will be performed at different locations depending on the mood of the music: in the church, in the cloisters and on the village square. This promises to be a totally thrilling and uplifting experience.<\/i><\/p>\n<hr \/>\n<h4>PROGRAMME<\/h4>\n<p><strong>Johann-Sebastian Bach\u00a0<\/strong><br \/>\nConcerto italien BWV 971, arr. Katsuki Tochio<br \/>\n<strong>Gy\u00f6rgy Ligeti\u00a0<\/strong><br \/>\nSix bagatelles, arr. Fabio Oehrli (2007)<\/p>\n<p><strong>Steve Reich\u00a0<\/strong><br \/>\nNew York Conterpoint (1987)<br \/>\n<strong>Astor Piazzolla\u00a0<\/strong><br \/>\nMichelangelo 70\u2019s<\/p>\n<p><strong>Samuel Castriota\u00a0<\/strong><br \/>\nMi noche triste<\/p>\n<p><strong>Angel Villoldo\u00a0<\/strong><br \/>\nEl Choclo<\/p>\n<p><strong>Pedro Laurenz\u00a0<\/strong><br \/>\nMilonga de mis amores<\/p>\n<p><strong>Luis Rubistein<\/strong><br \/>\nCarnaval de mi barrio<\/p>\n<p><strong>Astor Piazzolla\u00a0<\/strong><br \/>\nAdios Nonino<\/p>\n<p><strong>Pedro Datta<\/strong><br \/>\nEl Aeroplano<\/p>\n<hr \/>\n<h2>\u00c9COUTER<\/h2>\n<p><a href=\"http:\/\/osmosequartet.com\/wa_files\/BACH_2C_20Concerto_20Italien_203.mp3\" target=\"blank\"><img loading=\"lazy\" decoding=\"async\" class=\"alignnone size-thumbnail wp-image-1391\" src=\"http:\/\/musiqueenchemin.fr\/wp-content\/uploads\/2017\/03\/musical-notes-symbols-150x150.png\" alt=\"\" width=\"150\" height=\"150\" srcset=\"https:\/\/musiqueenchemin.fr\/wp-content\/uploads\/2017\/03\/musical-notes-symbols-150x150.png 150w, https:\/\/musiqueenchemin.fr\/wp-content\/uploads\/2017\/03\/musical-notes-symbols-300x300.png 300w, https:\/\/musiqueenchemin.fr\/wp-content\/uploads\/2017\/03\/musical-notes-symbols.png 512w\" sizes=\"auto, (max-width: 150px) 100vw, 150px\" \/><\/a><\/p>\n<hr \/>\n<p><img loading=\"lazy\" decoding=\"async\" class=\"alignnone size-medium wp-image-1400\" src=\"http:\/\/musiqueenchemin.fr\/wp-content\/uploads\/2017\/03\/logo_MNL-300x63.jpg\" alt=\"\" width=\"300\" height=\"63\" \/><\/p>\n<h4>Ce concert est soutenu par Musique Nouvelle en Libert\u00e9 &#8211; <a href=\"https:\/\/www.musiquenouvelleenliberte.org\">www.musiquenouvelleenliberte.org<\/a><\/h4>\n<hr \/>\n<h4>&gt; Dur\u00e9e : 1h15 &#8211; Tarif A<\/h4>\n<hr \/>\n<h3>R\u00e9servez vos places !<\/h3>\n<p><a href=\"https:\/\/musiqueenchemin.festik.net\/quatuor-osmose\" target=\"_blank\" rel=\"noopener noreferrer\"><img loading=\"lazy\" decoding=\"async\" class=\"alignnone size-medium wp-image-33\" src=\"http:\/\/musiqueenchemin.fr\/wp-content\/uploads\/2016\/04\/logo_festik_orange_fd_blanc_png-300x122.png\" alt=\"logo_festik_orange_fd_blanc_png\" width=\"300\" height=\"122\" \/><br \/>\n<strong>www.musiqueenchemin.festik.net<\/strong><\/a><\/p>\n","protected":false},"excerpt":{"rendered":"<p>Dimanche 23 juillet \u00e0 15h Concert \u00e0 la Coll\u00e9giale Quatuor Osmose, saxophones Jean-S\u00e9bastien Bach, Steve Reich, R\u00e9gis Campo, Astor Piazzolla Concert en trois temps (Coll\u00e9giale, clo\u00eetre et place du village) Les musiciens du Quatuor Osmose se sont rencontr\u00e9s au Conservatoire [&hellip;]<\/p>\n","protected":false},"author":1,"featured_media":0,"comment_status":"closed","ping_status":"closed","sticky":false,"template":"","format":"standard","meta":{"cwp_meta_box_check":"","cwp_rev_product_name":"","cwp_rev_product_image":"","wppr_links":[],"cwp_rev_price":"","wppr_options":[],"wppr_pros":[],"wppr_cons":[],"footnotes":""},"categories":[1],"tags":[],"class_list":["post-1120","post","type-post","status-publish","format-standard","hentry","category-non-classe"],"wppr_data":[],"yoast_head":"<!-- This site is optimized with the Yoast SEO plugin v25.0 - https:\/\/yoast.com\/wordpress\/plugins\/seo\/ -->\n<title>Quatuor Osmose -<\/title>\n<meta name=\"robots\" content=\"index, follow, max-snippet:-1, max-image-preview:large, max-video-preview:-1\" \/>\n<link rel=\"canonical\" href=\"https:\/\/musiqueenchemin.fr\/index.php\/2017\/03\/22\/quatuor-osmose\/\" \/>\n<meta property=\"og:locale\" content=\"fr_FR\" \/>\n<meta property=\"og:type\" content=\"article\" \/>\n<meta property=\"og:title\" content=\"Quatuor Osmose -\" \/>\n<meta property=\"og:description\" content=\"Dimanche 23 juillet \u00e0 15h Concert \u00e0 la Coll\u00e9giale Quatuor Osmose, saxophones Jean-S\u00e9bastien Bach, Steve Reich, R\u00e9gis Campo, Astor Piazzolla Concert en trois temps (Coll\u00e9giale, clo\u00eetre et place du village) Les musiciens du Quatuor Osmose se sont rencontr\u00e9s au Conservatoire [&hellip;]\" \/>\n<meta property=\"og:url\" content=\"https:\/\/musiqueenchemin.fr\/index.php\/2017\/03\/22\/quatuor-osmose\/\" \/>\n<meta property=\"article:published_time\" content=\"2017-03-22T08:08:10+00:00\" \/>\n<meta property=\"article:modified_time\" content=\"2017-07-11T18:14:00+00:00\" \/>\n<meta property=\"og:image\" content=\"http:\/\/musiqueenchemin.fr\/wp-content\/uploads\/2017\/03\/quatuor_osmose.jpg\" \/>\n<meta name=\"author\" content=\"Musique en Chemin\" \/>\n<meta name=\"twitter:card\" content=\"summary_large_image\" \/>\n<meta name=\"twitter:label1\" content=\"\u00c9crit par\" \/>\n\t<meta name=\"twitter:data1\" content=\"Musique en Chemin\" \/>\n\t<meta name=\"twitter:label2\" content=\"Dur\u00e9e de lecture estim\u00e9e\" \/>\n\t<meta name=\"twitter:data2\" content=\"2 minutes\" \/>\n<script type=\"application\/ld+json\" class=\"yoast-schema-graph\">{\"@context\":\"https:\/\/schema.org\",\"@graph\":[{\"@type\":\"Article\",\"@id\":\"https:\/\/musiqueenchemin.fr\/index.php\/2017\/03\/22\/quatuor-osmose\/#article\",\"isPartOf\":{\"@id\":\"https:\/\/musiqueenchemin.fr\/index.php\/2017\/03\/22\/quatuor-osmose\/\"},\"author\":{\"name\":\"Musique en Chemin\",\"@id\":\"https:\/\/musiqueenchemin.fr\/#\/schema\/person\/6c4caa9d003e40448be270fea1e3cbff\"},\"headline\":\"Quatuor Osmose\",\"datePublished\":\"2017-03-22T08:08:10+00:00\",\"dateModified\":\"2017-07-11T18:14:00+00:00\",\"mainEntityOfPage\":{\"@id\":\"https:\/\/musiqueenchemin.fr\/index.php\/2017\/03\/22\/quatuor-osmose\/\"},\"wordCount\":317,\"publisher\":{\"@id\":\"https:\/\/musiqueenchemin.fr\/#organization\"},\"image\":{\"@id\":\"https:\/\/musiqueenchemin.fr\/index.php\/2017\/03\/22\/quatuor-osmose\/#primaryimage\"},\"thumbnailUrl\":\"http:\/\/musiqueenchemin.fr\/wp-content\/uploads\/2017\/03\/quatuor_osmose.jpg\",\"inLanguage\":\"fr-FR\"},{\"@type\":\"WebPage\",\"@id\":\"https:\/\/musiqueenchemin.fr\/index.php\/2017\/03\/22\/quatuor-osmose\/\",\"url\":\"https:\/\/musiqueenchemin.fr\/index.php\/2017\/03\/22\/quatuor-osmose\/\",\"name\":\"Quatuor Osmose -\",\"isPartOf\":{\"@id\":\"https:\/\/musiqueenchemin.fr\/#website\"},\"primaryImageOfPage\":{\"@id\":\"https:\/\/musiqueenchemin.fr\/index.php\/2017\/03\/22\/quatuor-osmose\/#primaryimage\"},\"image\":{\"@id\":\"https:\/\/musiqueenchemin.fr\/index.php\/2017\/03\/22\/quatuor-osmose\/#primaryimage\"},\"thumbnailUrl\":\"http:\/\/musiqueenchemin.fr\/wp-content\/uploads\/2017\/03\/quatuor_osmose.jpg\",\"datePublished\":\"2017-03-22T08:08:10+00:00\",\"dateModified\":\"2017-07-11T18:14:00+00:00\",\"breadcrumb\":{\"@id\":\"https:\/\/musiqueenchemin.fr\/index.php\/2017\/03\/22\/quatuor-osmose\/#breadcrumb\"},\"inLanguage\":\"fr-FR\",\"potentialAction\":[{\"@type\":\"ReadAction\",\"target\":[\"https:\/\/musiqueenchemin.fr\/index.php\/2017\/03\/22\/quatuor-osmose\/\"]}]},{\"@type\":\"ImageObject\",\"inLanguage\":\"fr-FR\",\"@id\":\"https:\/\/musiqueenchemin.fr\/index.php\/2017\/03\/22\/quatuor-osmose\/#primaryimage\",\"url\":\"https:\/\/musiqueenchemin.fr\/wp-content\/uploads\/2017\/03\/quatuor_osmose.jpg\",\"contentUrl\":\"https:\/\/musiqueenchemin.fr\/wp-content\/uploads\/2017\/03\/quatuor_osmose.jpg\",\"width\":900,\"height\":603},{\"@type\":\"BreadcrumbList\",\"@id\":\"https:\/\/musiqueenchemin.fr\/index.php\/2017\/03\/22\/quatuor-osmose\/#breadcrumb\",\"itemListElement\":[{\"@type\":\"ListItem\",\"position\":1,\"name\":\"Accueil\",\"item\":\"https:\/\/musiqueenchemin.fr\/\"},{\"@type\":\"ListItem\",\"position\":2,\"name\":\"Quatuor Osmose\"}]},{\"@type\":\"WebSite\",\"@id\":\"https:\/\/musiqueenchemin.fr\/#website\",\"url\":\"https:\/\/musiqueenchemin.fr\/\",\"name\":\"Musique en Chemin\",\"description\":\"\",\"publisher\":{\"@id\":\"https:\/\/musiqueenchemin.fr\/#organization\"},\"potentialAction\":[{\"@type\":\"SearchAction\",\"target\":{\"@type\":\"EntryPoint\",\"urlTemplate\":\"https:\/\/musiqueenchemin.fr\/?s={search_term_string}\"},\"query-input\":{\"@type\":\"PropertyValueSpecification\",\"valueRequired\":true,\"valueName\":\"search_term_string\"}}],\"inLanguage\":\"fr-FR\"},{\"@type\":\"Organization\",\"@id\":\"https:\/\/musiqueenchemin.fr\/#organization\",\"name\":\"Musique en Chemin\",\"url\":\"https:\/\/musiqueenchemin.fr\/\",\"logo\":{\"@type\":\"ImageObject\",\"inLanguage\":\"fr-FR\",\"@id\":\"https:\/\/musiqueenchemin.fr\/#\/schema\/logo\/image\/\",\"url\":\"http:\/\/musiqueenchemin.fr\/wp-content\/uploads\/2024\/03\/huppe-jaune-2024.png\",\"contentUrl\":\"http:\/\/musiqueenchemin.fr\/wp-content\/uploads\/2024\/03\/huppe-jaune-2024.png\",\"width\":560,\"height\":387,\"caption\":\"Musique en Chemin\"},\"image\":{\"@id\":\"https:\/\/musiqueenchemin.fr\/#\/schema\/logo\/image\/\"}},{\"@type\":\"Person\",\"@id\":\"https:\/\/musiqueenchemin.fr\/#\/schema\/person\/6c4caa9d003e40448be270fea1e3cbff\",\"name\":\"Musique en Chemin\",\"image\":{\"@type\":\"ImageObject\",\"inLanguage\":\"fr-FR\",\"@id\":\"https:\/\/musiqueenchemin.fr\/#\/schema\/person\/image\/\",\"url\":\"https:\/\/secure.gravatar.com\/avatar\/7b1be4a90bcc64c58111b64ffe668b413f96ab86aad982e7fdacac32cefcb4ec?s=96&d=mm&r=g\",\"contentUrl\":\"https:\/\/secure.gravatar.com\/avatar\/7b1be4a90bcc64c58111b64ffe668b413f96ab86aad982e7fdacac32cefcb4ec?s=96&d=mm&r=g\",\"caption\":\"Musique en Chemin\"},\"url\":\"https:\/\/musiqueenchemin.fr\/index.php\/author\/chem\/\"}]}<\/script>\n<!-- \/ Yoast SEO plugin. -->","yoast_head_json":{"title":"Quatuor Osmose -","robots":{"index":"index","follow":"follow","max-snippet":"max-snippet:-1","max-image-preview":"max-image-preview:large","max-video-preview":"max-video-preview:-1"},"canonical":"https:\/\/musiqueenchemin.fr\/index.php\/2017\/03\/22\/quatuor-osmose\/","og_locale":"fr_FR","og_type":"article","og_title":"Quatuor Osmose -","og_description":"Dimanche 23 juillet \u00e0 15h Concert \u00e0 la Coll\u00e9giale Quatuor Osmose, saxophones Jean-S\u00e9bastien Bach, Steve Reich, R\u00e9gis Campo, Astor Piazzolla Concert en trois temps (Coll\u00e9giale, clo\u00eetre et place du village) Les musiciens du Quatuor Osmose se sont rencontr\u00e9s au Conservatoire [&hellip;]","og_url":"https:\/\/musiqueenchemin.fr\/index.php\/2017\/03\/22\/quatuor-osmose\/","article_published_time":"2017-03-22T08:08:10+00:00","article_modified_time":"2017-07-11T18:14:00+00:00","og_image":[{"url":"http:\/\/musiqueenchemin.fr\/wp-content\/uploads\/2017\/03\/quatuor_osmose.jpg","type":"","width":"","height":""}],"author":"Musique en Chemin","twitter_card":"summary_large_image","twitter_misc":{"\u00c9crit par":"Musique en Chemin","Dur\u00e9e de lecture estim\u00e9e":"2 minutes"},"schema":{"@context":"https:\/\/schema.org","@graph":[{"@type":"Article","@id":"https:\/\/musiqueenchemin.fr\/index.php\/2017\/03\/22\/quatuor-osmose\/#article","isPartOf":{"@id":"https:\/\/musiqueenchemin.fr\/index.php\/2017\/03\/22\/quatuor-osmose\/"},"author":{"name":"Musique en Chemin","@id":"https:\/\/musiqueenchemin.fr\/#\/schema\/person\/6c4caa9d003e40448be270fea1e3cbff"},"headline":"Quatuor Osmose","datePublished":"2017-03-22T08:08:10+00:00","dateModified":"2017-07-11T18:14:00+00:00","mainEntityOfPage":{"@id":"https:\/\/musiqueenchemin.fr\/index.php\/2017\/03\/22\/quatuor-osmose\/"},"wordCount":317,"publisher":{"@id":"https:\/\/musiqueenchemin.fr\/#organization"},"image":{"@id":"https:\/\/musiqueenchemin.fr\/index.php\/2017\/03\/22\/quatuor-osmose\/#primaryimage"},"thumbnailUrl":"http:\/\/musiqueenchemin.fr\/wp-content\/uploads\/2017\/03\/quatuor_osmose.jpg","inLanguage":"fr-FR"},{"@type":"WebPage","@id":"https:\/\/musiqueenchemin.fr\/index.php\/2017\/03\/22\/quatuor-osmose\/","url":"https:\/\/musiqueenchemin.fr\/index.php\/2017\/03\/22\/quatuor-osmose\/","name":"Quatuor Osmose -","isPartOf":{"@id":"https:\/\/musiqueenchemin.fr\/#website"},"primaryImageOfPage":{"@id":"https:\/\/musiqueenchemin.fr\/index.php\/2017\/03\/22\/quatuor-osmose\/#primaryimage"},"image":{"@id":"https:\/\/musiqueenchemin.fr\/index.php\/2017\/03\/22\/quatuor-osmose\/#primaryimage"},"thumbnailUrl":"http:\/\/musiqueenchemin.fr\/wp-content\/uploads\/2017\/03\/quatuor_osmose.jpg","datePublished":"2017-03-22T08:08:10+00:00","dateModified":"2017-07-11T18:14:00+00:00","breadcrumb":{"@id":"https:\/\/musiqueenchemin.fr\/index.php\/2017\/03\/22\/quatuor-osmose\/#breadcrumb"},"inLanguage":"fr-FR","potentialAction":[{"@type":"ReadAction","target":["https:\/\/musiqueenchemin.fr\/index.php\/2017\/03\/22\/quatuor-osmose\/"]}]},{"@type":"ImageObject","inLanguage":"fr-FR","@id":"https:\/\/musiqueenchemin.fr\/index.php\/2017\/03\/22\/quatuor-osmose\/#primaryimage","url":"https:\/\/musiqueenchemin.fr\/wp-content\/uploads\/2017\/03\/quatuor_osmose.jpg","contentUrl":"https:\/\/musiqueenchemin.fr\/wp-content\/uploads\/2017\/03\/quatuor_osmose.jpg","width":900,"height":603},{"@type":"BreadcrumbList","@id":"https:\/\/musiqueenchemin.fr\/index.php\/2017\/03\/22\/quatuor-osmose\/#breadcrumb","itemListElement":[{"@type":"ListItem","position":1,"name":"Accueil","item":"https:\/\/musiqueenchemin.fr\/"},{"@type":"ListItem","position":2,"name":"Quatuor Osmose"}]},{"@type":"WebSite","@id":"https:\/\/musiqueenchemin.fr\/#website","url":"https:\/\/musiqueenchemin.fr\/","name":"Musique en Chemin","description":"","publisher":{"@id":"https:\/\/musiqueenchemin.fr\/#organization"},"potentialAction":[{"@type":"SearchAction","target":{"@type":"EntryPoint","urlTemplate":"https:\/\/musiqueenchemin.fr\/?s={search_term_string}"},"query-input":{"@type":"PropertyValueSpecification","valueRequired":true,"valueName":"search_term_string"}}],"inLanguage":"fr-FR"},{"@type":"Organization","@id":"https:\/\/musiqueenchemin.fr\/#organization","name":"Musique en Chemin","url":"https:\/\/musiqueenchemin.fr\/","logo":{"@type":"ImageObject","inLanguage":"fr-FR","@id":"https:\/\/musiqueenchemin.fr\/#\/schema\/logo\/image\/","url":"http:\/\/musiqueenchemin.fr\/wp-content\/uploads\/2024\/03\/huppe-jaune-2024.png","contentUrl":"http:\/\/musiqueenchemin.fr\/wp-content\/uploads\/2024\/03\/huppe-jaune-2024.png","width":560,"height":387,"caption":"Musique en Chemin"},"image":{"@id":"https:\/\/musiqueenchemin.fr\/#\/schema\/logo\/image\/"}},{"@type":"Person","@id":"https:\/\/musiqueenchemin.fr\/#\/schema\/person\/6c4caa9d003e40448be270fea1e3cbff","name":"Musique en Chemin","image":{"@type":"ImageObject","inLanguage":"fr-FR","@id":"https:\/\/musiqueenchemin.fr\/#\/schema\/person\/image\/","url":"https:\/\/secure.gravatar.com\/avatar\/7b1be4a90bcc64c58111b64ffe668b413f96ab86aad982e7fdacac32cefcb4ec?s=96&d=mm&r=g","contentUrl":"https:\/\/secure.gravatar.com\/avatar\/7b1be4a90bcc64c58111b64ffe668b413f96ab86aad982e7fdacac32cefcb4ec?s=96&d=mm&r=g","caption":"Musique en Chemin"},"url":"https:\/\/musiqueenchemin.fr\/index.php\/author\/chem\/"}]}},"_links":{"self":[{"href":"https:\/\/musiqueenchemin.fr\/index.php\/wp-json\/wp\/v2\/posts\/1120","targetHints":{"allow":["GET"]}}],"collection":[{"href":"https:\/\/musiqueenchemin.fr\/index.php\/wp-json\/wp\/v2\/posts"}],"about":[{"href":"https:\/\/musiqueenchemin.fr\/index.php\/wp-json\/wp\/v2\/types\/post"}],"author":[{"embeddable":true,"href":"https:\/\/musiqueenchemin.fr\/index.php\/wp-json\/wp\/v2\/users\/1"}],"replies":[{"embeddable":true,"href":"https:\/\/musiqueenchemin.fr\/index.php\/wp-json\/wp\/v2\/comments?post=1120"}],"version-history":[{"count":15,"href":"https:\/\/musiqueenchemin.fr\/index.php\/wp-json\/wp\/v2\/posts\/1120\/revisions"}],"predecessor-version":[{"id":1627,"href":"https:\/\/musiqueenchemin.fr\/index.php\/wp-json\/wp\/v2\/posts\/1120\/revisions\/1627"}],"wp:attachment":[{"href":"https:\/\/musiqueenchemin.fr\/index.php\/wp-json\/wp\/v2\/media?parent=1120"}],"wp:term":[{"taxonomy":"category","embeddable":true,"href":"https:\/\/musiqueenchemin.fr\/index.php\/wp-json\/wp\/v2\/categories?post=1120"},{"taxonomy":"post_tag","embeddable":true,"href":"https:\/\/musiqueenchemin.fr\/index.php\/wp-json\/wp\/v2\/tags?post=1120"}],"curies":[{"name":"wp","href":"https:\/\/api.w.org\/{rel}","templated":true}]}}