{"id":1842,"date":"2018-03-20T13:40:23","date_gmt":"2018-03-20T12:40:23","guid":{"rendered":"http:\/\/musiqueenchemin.fr\/?p=1842"},"modified":"2019-04-08T11:26:08","modified_gmt":"2019-04-08T10:26:08","slug":"le-petit-bal-de-poche","status":"publish","type":"post","link":"https:\/\/musiqueenchemin.fr\/index.php\/2018\/03\/20\/le-petit-bal-de-poche\/","title":{"rendered":"Le Petit bal de poche"},"content":{"rendered":"<h3><span style=\"color: #e8593a;\">Samedi 28 juillet<\/span><\/h3>\n<h4>21h30 | Bal \u00e0 l\u2019espace festival<\/h4>\n<h4>\u00ab Chansons, valses, tangos\u2026 la guinguette qui bat en chacun de nous \u00bb<\/h4>\n<hr \/>\n<p>Quand l\u2019accord\u00e9on fut remplac\u00e9 par les musiques amplifi\u00e9es dans les dancings de la rue de Lappe et les bo\u00eetes de nuit parisiennes, les musiciens du Petit Bal de Poche n\u2019\u00e9taient pas encore n\u00e9s.<\/p>\n<p>Lorsqu\u2019ils arriv\u00e8rent au monde, la vague \u201cboum boum\u201d n\u2019avait pas encore atteint leur petit patelin provincial. Ils grandirent alors dans des familles o\u00f9 l\u2019on cultivait encore l\u2019esprit du bal populaire et o\u00f9 la valse musette faisait virevolter les c\u0153urs des ouvriers.<br \/>\nVictimes de la centralisation \u00ab\u00e0 la fran\u00e7aise\u00bb, nos saltimbanques \u00abmont\u00e8rent \u00e0 la capitale\u00bb pour exp\u00e9rimenter des musiques nouvelles et actuelles.<br \/>\nDes Balkans au hip-hop, de la musique \u00e9lectronique au free-jazz, de l\u2019afrobeat \u00e0 la musique contemporaine ils prennent tant de plaisir \u00e0 jouer, mais ils ont compris que rien ne remplacera jamais les trois temps qui ont fait valser leur plus jeune \u00e2ge.<\/p>\n<p>Un violoniste, un accord\u00e9oniste, un contrebassiste, un guitariste et un batteur, bien d\u00e9cid\u00e9s \u00e0 r\u00e9-instaurer dans les rues, les pharmacies, les aires d\u2019autoroute et autres night-clubs la guinguette qui somnole en chacun de nous. Le Petit Bal de Poche fait ressurgir les chansons, les valses et les tangos que le temps nous a fait oublier. Et quand \u00e7a guinche, les peines et les douleurs sont aussit\u00f4t estomp\u00e9es\u2026<\/p>\n<p>&nbsp;<\/p>\n<p><em>The party spirit hits La Romieu with the Petit Bal de Poche. Come with your friends and enjoy a convivial dinner under the plane trees (made by our own team of volunteers) in the Festival Space and then enjoy a great mixed bag of music ranging from Balkan tones, hip-hop, electronic and contemporary music and dance some waltzes and tangos. In short a great time in store for young and old alike.<\/em><\/p>\n<hr \/>\n<h2>Image, mouvement et musique<\/h2>\n<p><iframe loading=\"lazy\" width=\"1160\" height=\"653\" src=\"https:\/\/www.youtube.com\/embed\/P_kAlhCMtKg?feature=oembed\" frameborder=\"0\" allow=\"accelerometer; autoplay; encrypted-media; gyroscope; picture-in-picture\" allowfullscreen><\/iframe><\/p>\n<p><iframe loading=\"lazy\" width=\"1160\" height=\"450\" scrolling=\"no\" frameborder=\"no\" src=\"https:\/\/w.soundcloud.com\/player\/?visual=true&#038;url=https%3A%2F%2Fapi.soundcloud.com%2Fusers%2F21159365&#038;show_artwork=true&#038;maxwidth=1160&#038;maxheight=1000&#038;dnt=1\"><\/iframe><\/p>\n<hr \/>\n","protected":false},"excerpt":{"rendered":"<p>Samedi 28 juillet 21h30 | Bal \u00e0 l\u2019espace festival \u00ab Chansons, valses, tangos\u2026 la guinguette qui bat en chacun de nous \u00bb Quand l\u2019accord\u00e9on fut remplac\u00e9 par les musiques amplifi\u00e9es dans les dancings de la rue de Lappe et les [&hellip;]<\/p>\n","protected":false},"author":1,"featured_media":0,"comment_status":"closed","ping_status":"closed","sticky":false,"template":"","format":"standard","meta":{"cwp_meta_box_check":"No","cwp_rev_product_name":"","cwp_rev_product_image":"","wppr_links":[],"cwp_rev_price":"","wppr_options":[],"wppr_pros":[],"wppr_cons":[],"footnotes":""},"categories":[3],"tags":[],"class_list":["post-1842","post","type-post","status-publish","format-standard","hentry","category-festival"],"wppr_data":{"cwp_meta_box_check":"No"},"yoast_head":"<!-- This site is optimized with the Yoast SEO plugin v25.0 - https:\/\/yoast.com\/wordpress\/plugins\/seo\/ -->\n<title>Le Petit bal de poche -<\/title>\n<meta name=\"robots\" content=\"index, follow, max-snippet:-1, max-image-preview:large, max-video-preview:-1\" \/>\n<link rel=\"canonical\" href=\"https:\/\/musiqueenchemin.fr\/index.php\/2018\/03\/20\/le-petit-bal-de-poche\/\" \/>\n<meta property=\"og:locale\" content=\"fr_FR\" \/>\n<meta property=\"og:type\" content=\"article\" \/>\n<meta property=\"og:title\" content=\"Le Petit bal de poche -\" \/>\n<meta property=\"og:description\" content=\"Samedi 28 juillet 21h30 | Bal \u00e0 l\u2019espace festival \u00ab Chansons, valses, tangos\u2026 la guinguette qui bat en chacun de nous \u00bb Quand l\u2019accord\u00e9on fut remplac\u00e9 par les musiques amplifi\u00e9es dans les dancings de la rue de Lappe et les [&hellip;]\" \/>\n<meta property=\"og:url\" content=\"https:\/\/musiqueenchemin.fr\/index.php\/2018\/03\/20\/le-petit-bal-de-poche\/\" \/>\n<meta property=\"article:published_time\" content=\"2018-03-20T12:40:23+00:00\" \/>\n<meta property=\"article:modified_time\" content=\"2019-04-08T10:26:08+00:00\" \/>\n<meta name=\"author\" content=\"Musique en Chemin\" \/>\n<meta name=\"twitter:card\" content=\"summary_large_image\" \/>\n<meta name=\"twitter:label1\" content=\"\u00c9crit par\" \/>\n\t<meta name=\"twitter:data1\" content=\"Musique en Chemin\" \/>\n\t<meta name=\"twitter:label2\" content=\"Dur\u00e9e de lecture estim\u00e9e\" \/>\n\t<meta name=\"twitter:data2\" content=\"2 minutes\" \/>\n<script type=\"application\/ld+json\" class=\"yoast-schema-graph\">{\"@context\":\"https:\/\/schema.org\",\"@graph\":[{\"@type\":\"Article\",\"@id\":\"https:\/\/musiqueenchemin.fr\/index.php\/2018\/03\/20\/le-petit-bal-de-poche\/#article\",\"isPartOf\":{\"@id\":\"https:\/\/musiqueenchemin.fr\/index.php\/2018\/03\/20\/le-petit-bal-de-poche\/\"},\"author\":{\"name\":\"Musique en Chemin\",\"@id\":\"https:\/\/musiqueenchemin.fr\/#\/schema\/person\/6c4caa9d003e40448be270fea1e3cbff\"},\"headline\":\"Le Petit bal de poche\",\"datePublished\":\"2018-03-20T12:40:23+00:00\",\"dateModified\":\"2019-04-08T10:26:08+00:00\",\"mainEntityOfPage\":{\"@id\":\"https:\/\/musiqueenchemin.fr\/index.php\/2018\/03\/20\/le-petit-bal-de-poche\/\"},\"wordCount\":338,\"publisher\":{\"@id\":\"https:\/\/musiqueenchemin.fr\/#organization\"},\"articleSection\":[\"Festival\"],\"inLanguage\":\"fr-FR\"},{\"@type\":\"WebPage\",\"@id\":\"https:\/\/musiqueenchemin.fr\/index.php\/2018\/03\/20\/le-petit-bal-de-poche\/\",\"url\":\"https:\/\/musiqueenchemin.fr\/index.php\/2018\/03\/20\/le-petit-bal-de-poche\/\",\"name\":\"Le Petit bal de poche -\",\"isPartOf\":{\"@id\":\"https:\/\/musiqueenchemin.fr\/#website\"},\"datePublished\":\"2018-03-20T12:40:23+00:00\",\"dateModified\":\"2019-04-08T10:26:08+00:00\",\"breadcrumb\":{\"@id\":\"https:\/\/musiqueenchemin.fr\/index.php\/2018\/03\/20\/le-petit-bal-de-poche\/#breadcrumb\"},\"inLanguage\":\"fr-FR\",\"potentialAction\":[{\"@type\":\"ReadAction\",\"target\":[\"https:\/\/musiqueenchemin.fr\/index.php\/2018\/03\/20\/le-petit-bal-de-poche\/\"]}]},{\"@type\":\"BreadcrumbList\",\"@id\":\"https:\/\/musiqueenchemin.fr\/index.php\/2018\/03\/20\/le-petit-bal-de-poche\/#breadcrumb\",\"itemListElement\":[{\"@type\":\"ListItem\",\"position\":1,\"name\":\"Accueil\",\"item\":\"https:\/\/musiqueenchemin.fr\/\"},{\"@type\":\"ListItem\",\"position\":2,\"name\":\"Le Petit bal de poche\"}]},{\"@type\":\"WebSite\",\"@id\":\"https:\/\/musiqueenchemin.fr\/#website\",\"url\":\"https:\/\/musiqueenchemin.fr\/\",\"name\":\"Musique en Chemin\",\"description\":\"\",\"publisher\":{\"@id\":\"https:\/\/musiqueenchemin.fr\/#organization\"},\"potentialAction\":[{\"@type\":\"SearchAction\",\"target\":{\"@type\":\"EntryPoint\",\"urlTemplate\":\"https:\/\/musiqueenchemin.fr\/?s={search_term_string}\"},\"query-input\":{\"@type\":\"PropertyValueSpecification\",\"valueRequired\":true,\"valueName\":\"search_term_string\"}}],\"inLanguage\":\"fr-FR\"},{\"@type\":\"Organization\",\"@id\":\"https:\/\/musiqueenchemin.fr\/#organization\",\"name\":\"Musique en Chemin\",\"url\":\"https:\/\/musiqueenchemin.fr\/\",\"logo\":{\"@type\":\"ImageObject\",\"inLanguage\":\"fr-FR\",\"@id\":\"https:\/\/musiqueenchemin.fr\/#\/schema\/logo\/image\/\",\"url\":\"http:\/\/musiqueenchemin.fr\/wp-content\/uploads\/2024\/03\/huppe-jaune-2024.png\",\"contentUrl\":\"http:\/\/musiqueenchemin.fr\/wp-content\/uploads\/2024\/03\/huppe-jaune-2024.png\",\"width\":560,\"height\":387,\"caption\":\"Musique en Chemin\"},\"image\":{\"@id\":\"https:\/\/musiqueenchemin.fr\/#\/schema\/logo\/image\/\"}},{\"@type\":\"Person\",\"@id\":\"https:\/\/musiqueenchemin.fr\/#\/schema\/person\/6c4caa9d003e40448be270fea1e3cbff\",\"name\":\"Musique en Chemin\",\"image\":{\"@type\":\"ImageObject\",\"inLanguage\":\"fr-FR\",\"@id\":\"https:\/\/musiqueenchemin.fr\/#\/schema\/person\/image\/\",\"url\":\"https:\/\/secure.gravatar.com\/avatar\/7b1be4a90bcc64c58111b64ffe668b413f96ab86aad982e7fdacac32cefcb4ec?s=96&d=mm&r=g\",\"contentUrl\":\"https:\/\/secure.gravatar.com\/avatar\/7b1be4a90bcc64c58111b64ffe668b413f96ab86aad982e7fdacac32cefcb4ec?s=96&d=mm&r=g\",\"caption\":\"Musique en Chemin\"},\"url\":\"https:\/\/musiqueenchemin.fr\/index.php\/author\/chem\/\"}]}<\/script>\n<!-- \/ Yoast SEO plugin. -->","yoast_head_json":{"title":"Le Petit bal de poche -","robots":{"index":"index","follow":"follow","max-snippet":"max-snippet:-1","max-image-preview":"max-image-preview:large","max-video-preview":"max-video-preview:-1"},"canonical":"https:\/\/musiqueenchemin.fr\/index.php\/2018\/03\/20\/le-petit-bal-de-poche\/","og_locale":"fr_FR","og_type":"article","og_title":"Le Petit bal de poche -","og_description":"Samedi 28 juillet 21h30 | Bal \u00e0 l\u2019espace festival \u00ab Chansons, valses, tangos\u2026 la guinguette qui bat en chacun de nous \u00bb Quand l\u2019accord\u00e9on fut remplac\u00e9 par les musiques amplifi\u00e9es dans les dancings de la rue de Lappe et les [&hellip;]","og_url":"https:\/\/musiqueenchemin.fr\/index.php\/2018\/03\/20\/le-petit-bal-de-poche\/","article_published_time":"2018-03-20T12:40:23+00:00","article_modified_time":"2019-04-08T10:26:08+00:00","author":"Musique en Chemin","twitter_card":"summary_large_image","twitter_misc":{"\u00c9crit par":"Musique en Chemin","Dur\u00e9e de lecture estim\u00e9e":"2 minutes"},"schema":{"@context":"https:\/\/schema.org","@graph":[{"@type":"Article","@id":"https:\/\/musiqueenchemin.fr\/index.php\/2018\/03\/20\/le-petit-bal-de-poche\/#article","isPartOf":{"@id":"https:\/\/musiqueenchemin.fr\/index.php\/2018\/03\/20\/le-petit-bal-de-poche\/"},"author":{"name":"Musique en Chemin","@id":"https:\/\/musiqueenchemin.fr\/#\/schema\/person\/6c4caa9d003e40448be270fea1e3cbff"},"headline":"Le Petit bal de poche","datePublished":"2018-03-20T12:40:23+00:00","dateModified":"2019-04-08T10:26:08+00:00","mainEntityOfPage":{"@id":"https:\/\/musiqueenchemin.fr\/index.php\/2018\/03\/20\/le-petit-bal-de-poche\/"},"wordCount":338,"publisher":{"@id":"https:\/\/musiqueenchemin.fr\/#organization"},"articleSection":["Festival"],"inLanguage":"fr-FR"},{"@type":"WebPage","@id":"https:\/\/musiqueenchemin.fr\/index.php\/2018\/03\/20\/le-petit-bal-de-poche\/","url":"https:\/\/musiqueenchemin.fr\/index.php\/2018\/03\/20\/le-petit-bal-de-poche\/","name":"Le Petit bal de poche -","isPartOf":{"@id":"https:\/\/musiqueenchemin.fr\/#website"},"datePublished":"2018-03-20T12:40:23+00:00","dateModified":"2019-04-08T10:26:08+00:00","breadcrumb":{"@id":"https:\/\/musiqueenchemin.fr\/index.php\/2018\/03\/20\/le-petit-bal-de-poche\/#breadcrumb"},"inLanguage":"fr-FR","potentialAction":[{"@type":"ReadAction","target":["https:\/\/musiqueenchemin.fr\/index.php\/2018\/03\/20\/le-petit-bal-de-poche\/"]}]},{"@type":"BreadcrumbList","@id":"https:\/\/musiqueenchemin.fr\/index.php\/2018\/03\/20\/le-petit-bal-de-poche\/#breadcrumb","itemListElement":[{"@type":"ListItem","position":1,"name":"Accueil","item":"https:\/\/musiqueenchemin.fr\/"},{"@type":"ListItem","position":2,"name":"Le Petit bal de poche"}]},{"@type":"WebSite","@id":"https:\/\/musiqueenchemin.fr\/#website","url":"https:\/\/musiqueenchemin.fr\/","name":"Musique en Chemin","description":"","publisher":{"@id":"https:\/\/musiqueenchemin.fr\/#organization"},"potentialAction":[{"@type":"SearchAction","target":{"@type":"EntryPoint","urlTemplate":"https:\/\/musiqueenchemin.fr\/?s={search_term_string}"},"query-input":{"@type":"PropertyValueSpecification","valueRequired":true,"valueName":"search_term_string"}}],"inLanguage":"fr-FR"},{"@type":"Organization","@id":"https:\/\/musiqueenchemin.fr\/#organization","name":"Musique en Chemin","url":"https:\/\/musiqueenchemin.fr\/","logo":{"@type":"ImageObject","inLanguage":"fr-FR","@id":"https:\/\/musiqueenchemin.fr\/#\/schema\/logo\/image\/","url":"http:\/\/musiqueenchemin.fr\/wp-content\/uploads\/2024\/03\/huppe-jaune-2024.png","contentUrl":"http:\/\/musiqueenchemin.fr\/wp-content\/uploads\/2024\/03\/huppe-jaune-2024.png","width":560,"height":387,"caption":"Musique en Chemin"},"image":{"@id":"https:\/\/musiqueenchemin.fr\/#\/schema\/logo\/image\/"}},{"@type":"Person","@id":"https:\/\/musiqueenchemin.fr\/#\/schema\/person\/6c4caa9d003e40448be270fea1e3cbff","name":"Musique en Chemin","image":{"@type":"ImageObject","inLanguage":"fr-FR","@id":"https:\/\/musiqueenchemin.fr\/#\/schema\/person\/image\/","url":"https:\/\/secure.gravatar.com\/avatar\/7b1be4a90bcc64c58111b64ffe668b413f96ab86aad982e7fdacac32cefcb4ec?s=96&d=mm&r=g","contentUrl":"https:\/\/secure.gravatar.com\/avatar\/7b1be4a90bcc64c58111b64ffe668b413f96ab86aad982e7fdacac32cefcb4ec?s=96&d=mm&r=g","caption":"Musique en Chemin"},"url":"https:\/\/musiqueenchemin.fr\/index.php\/author\/chem\/"}]}},"_links":{"self":[{"href":"https:\/\/musiqueenchemin.fr\/index.php\/wp-json\/wp\/v2\/posts\/1842","targetHints":{"allow":["GET"]}}],"collection":[{"href":"https:\/\/musiqueenchemin.fr\/index.php\/wp-json\/wp\/v2\/posts"}],"about":[{"href":"https:\/\/musiqueenchemin.fr\/index.php\/wp-json\/wp\/v2\/types\/post"}],"author":[{"embeddable":true,"href":"https:\/\/musiqueenchemin.fr\/index.php\/wp-json\/wp\/v2\/users\/1"}],"replies":[{"embeddable":true,"href":"https:\/\/musiqueenchemin.fr\/index.php\/wp-json\/wp\/v2\/comments?post=1842"}],"version-history":[{"count":9,"href":"https:\/\/musiqueenchemin.fr\/index.php\/wp-json\/wp\/v2\/posts\/1842\/revisions"}],"predecessor-version":[{"id":2378,"href":"https:\/\/musiqueenchemin.fr\/index.php\/wp-json\/wp\/v2\/posts\/1842\/revisions\/2378"}],"wp:attachment":[{"href":"https:\/\/musiqueenchemin.fr\/index.php\/wp-json\/wp\/v2\/media?parent=1842"}],"wp:term":[{"taxonomy":"category","embeddable":true,"href":"https:\/\/musiqueenchemin.fr\/index.php\/wp-json\/wp\/v2\/categories?post=1842"},{"taxonomy":"post_tag","embeddable":true,"href":"https:\/\/musiqueenchemin.fr\/index.php\/wp-json\/wp\/v2\/tags?post=1842"}],"curies":[{"name":"wp","href":"https:\/\/api.w.org\/{rel}","templated":true}]}}