{"id":1966,"date":"2018-03-23T16:22:55","date_gmt":"2018-03-23T15:22:55","guid":{"rendered":"http:\/\/musiqueenchemin.fr\/?p=1966"},"modified":"2018-04-12T09:43:51","modified_gmt":"2018-04-12T08:43:51","slug":"les-chants-de-saint-jacques","status":"publish","type":"post","link":"https:\/\/musiqueenchemin.fr\/index.php\/2018\/03\/23\/les-chants-de-saint-jacques\/","title":{"rendered":"Les chants de Saint-Jacques"},"content":{"rendered":"<h3><span style=\"color: #e8593a;\">30 juin<\/span> | 18h30 \u00e0 la cath\u00e9drale de Lectoure<br \/>\n<span style=\"color: #e8593a;\">1<sup>er<\/sup> juillet <\/span>| 16h \u00e0 l&#8217;\u00e9glise du Pradau de Condom<\/h3>\n<h4>Ch\u0153ur Ambr\u00f2sia, Ma\u00eetrise Saint-Joseph de Lectoure, Saori Sato, orgue positif<\/h4>\n<h5>Direction Fr\u00e9d\u00e9ric B\u00e9tous &amp; Fran\u00e7ois Bonnet.<\/h5>\n<hr \/>\n<h2>Programme<\/h2>\n<p><b>Polyphonies Sacr\u00e9es d\u2019Europe<\/b><\/p>\n<p>Le ch\u0153ur Ambr\u00f2sia, en r\u00e9sidence \u00e0 La Romieu tout le long de l\u2019ann\u00e9e, et la ma\u00eetrise de Saint Joseph \u00e0 Lectoure c\u00e9l\u00e8brent ensemble leur h\u00e9ritage patrimonial. Dans un concert polyphonique, les deux ensembles unis ou en alternance parcourront un programme europ\u00e9en \u00e9clectique, compos\u00e9 de musiques somptueuses, depuis le chant gr\u00e9gorien jusqu\u2019aux grandes polyphonies du bas Moyen Age et de la Renaissance. Cet h\u00e9ritage patrimonial immat\u00e9riel a \u00e9t\u00e9 compos\u00e9 pour la plupart dans des villes et des chapelles de musique situ\u00e9es sur ou aux abords du p\u00e8lerinage de Compostelle (Rome, Venise, Burgos, Saint Jacques de Compostelle, S\u00e9ville, Tours, Paris, Munich\u2026). Lieux mythiques et embl\u00e9matiques, pivots des \u00e9changes interculturels, ils transmettent encore aujourd\u2019hui un h\u00e9ritage culturel apte \u00e0 trouver en nous sa r\u00e9sonance actuelle. Ils inspirent notre cr\u00e9ativit\u00e9 et suscitent les rencontres d\u2019aujourd\u2019hui.<\/p>\n<p><b>Dum pater familias (Codex Calixtinus)<br \/>\nO lux \u2013 T L Victoria (in festo Sancti Jacobi)<br \/>\nO sacrum convivium \u2013 A Gabrieli<br \/>\nJe prens congi\u00e9 &#8211; Nicolas Gombert<br \/>\nMagi viderunt stellam \u2013 T L Victoria<br \/>\nHear my prayer \u2013 H Purcell<br \/>\nTristis est anima mea \u2013 Carlo Gesualdo<br \/>\nOsanna in excelsis &#8211; Malcolm Bothwell<br \/>\nDuo Seraphim \u2013 T L Victoria<br \/>\nO vos omnes \u2013 T L Victoria<br \/>\nFaulte d&#8217;argent \u2013 P Manchicourt<br \/>\nTous les regretz &#8211; Nicolas Gombert<br \/>\nO socii durate \u2013 A Willaert<br \/>\nAlleluia (missa sancti Jacobi) \u2013 G Dufay<br \/>\nHymnus canoris personet (in festo Sancti Jacobi) \u2013 P L Palestrina<br \/>\nAgnus Dei \u2013 Josquin<br \/>\nTota pulchra es \u2013 Anon.<\/b><\/p>\n<hr \/>\n<h2>Les musiciens<\/h2>\n<h4>Ch\u0153ur Ambr\u00f2sia, direction Fr\u00e9d\u00e9ric B\u00e9tous<\/h4>\n<p>Le ch\u0153ur Ambr\u00f2sia, sous la direction de Fr\u00e9d\u00e9ric B\u00e9tous, est d\u00e9di\u00e9 \u00e0 la musique polyphonique de la Renaissance, mise en r\u00e9sonance avec les compositeurs d\u2019aujourd\u2019hui.<br \/>\nSi Fr\u00e9d\u00e9ric B\u00e9tous conduit son ensemble professionnel La Main Harmonique \u00e0 se produire dans des lieux de renomm\u00e9e internationale \u2013 Festival de Saintes, Festival de La Chaise-Dieu, Muziekcentrum de Bijloke de Gand, Festival de Musique des Lumi\u00e8res de Sor\u00e8ze \u2013 il a souhait\u00e9 aussi partager sa passion et son savoir sous une forme plus p\u00e9dagogique et permettre ainsi \u00e0 des chanteurs amateurs de d\u00e9couvrir et partager ce r\u00e9pertoire.<br \/>\nAutour de Fr\u00e9d\u00e9ric B\u00e9tous sont ainsi regroup\u00e9s des passionn\u00e9s de musique, amateurs confirm\u00e9s engag\u00e9s dans un m\u00eame d\u00e9sir de d\u00e9couvrir ou perfectionner une pratique du chant polyphonique par un travail exigeant d&#8217;interpr\u00e9tation des r\u00e9pertoires abord\u00e9s, et plus sp\u00e9cifiquement celui li\u00e9 \u00e0 l&#8217;Europe de la Renaissance.<br \/>\nLe Ch\u0153ur Ambr\u00f2sia se produit r\u00e9guli\u00e8rement au sein de la saison de Musique en Chemin, \u00e0 la Cath\u00e9drale de Lectoure, \u00e0 Escalquens, \u00e0 l\u2019occasion de rencontres chorales, etc\u2026 Soucieux de partager ce r\u00e9pertoire au plus grand nombre, le ch\u0153ur Ambr\u00f2sia aime aussi accompagner des visites musicales du patrimoine ou des balades \u00e0 la d\u00e9couverte des paysages de la r\u00e9gion o\u00f9 ils se retrouvent pour chanter : La Romieu et ses environs. (<a href=\"http:\/\/www.lamainharmonique.fr\/choeur-ambrosia\/\" target=\"_blank\" rel=\"noopener\">www.lamainharmonique.fr<\/a>)<\/p>\n<p>&nbsp;<\/p>\n<h4>La Ma\u00eetrise Saint-Joseph de Lectoure, direction Fran\u00e7ois Bonnet<\/h4>\n<p>N\u00e9e il y a cinq ans, la ma\u00eetrise Saint-Joseph s&#8217;est lanc\u00e9e dans un projet ambitieux : monter des \u0153uvres importantes de concert chaque ann\u00e9e et assurer en m\u00eame temps un service liturgique r\u00e9gulier.<br \/>\nNous avons commenc\u00e9 avec un op\u00e9ra d&#8217;Isabelle Aboulker, \u00ab Douce et Barbe-Bleue \u00bb, en version concert, en mai 2011, puis mis en sc\u00e8ne par Emmanuel Gardeil en janvier 2012, avec une s\u00e9rie de concerts \u00e0 Lectoure et \u00e0 Saumur. Nous avons ensuite mont\u00e9 un autre op\u00e9ra du m\u00eame compositeur : \u00ab Marco Polo et la princesse de Chine \u00bb, mis en sc\u00e8ne par Emmanuel Gardeil et donn\u00e9 \u00e0 Lectoure en mai 2013 et \u00e0 Saumur en f\u00e9vrier 2014. Enfin, nous avons boucl\u00e9 une \u00ab trilogie Aboulker \u00bb avec \u00ab Martin Squelette \u00bb en mars 2015 \u00e0 Lectoure et \u00e0 Brive le 29 janvier 2016.<br \/>\nEntre-temps, nous avons mont\u00e9 le \u00ab Gloria de Vivaldi \u00bb dans une version pour 3 voix d&#8217;enfants que nous avons donn\u00e9 \u00e0 Lectoure en d\u00e9cembre 2012, puis \u00e0 Villefranche de Rouergue et Conques en novembre 2013 et Eauze le 13 d\u00e9cembre 2014. Nous avons donn\u00e9e depuis la Messe de Minuit de MA Charpentier et un oratorio profane, \u00ab le No\u00ebl de Mr Scooge \u00bb de Steve Pogson \u00e0 Lectoure en d\u00e9cembre 2014 et \u00e0 Peyrecave en janvier 2015, \u00e0 Eauze le 4 d\u00e9cembre 2015, \u00e0 Monfort le 10 janvier 2016 et l\u2019abbaye St Michel de Frigolet (pr\u00e8s de Tarascon) le 14 juillet 2016.<br \/>\nLa ma\u00eetrise a aussi assur\u00e9 un service liturgique r\u00e9gulier sur la paroisse de Lectoure (une messe par mois et la Semaine-Sainte), ainsi que sur l&#8217;\u00e9cole (messes et offices pour les temps forts liturgiques).<\/p>\n<p>&nbsp;<\/p>\n<h4>Saori Sato, orgue<\/h4>\n<p>\u00c0 l\u2019universit\u00e9 de sa ville natale, elle a men\u00e9 \u00e0 son terme un cycle d\u2019\u00e9tudes en piano et en composition, compl\u00e9t\u00e9 par une ma\u00eetrise en p\u00e9dagogie musicale. Durant l\u2019ann\u00e9e 2000 elle entreprend des \u00e9tudes d\u2019orgue et en 2003 elle \u00e9tudie au CESMD de Toulouse ou elle obtient, en 2005 un premier prix. Elle a obtenu les prix de solf\u00e8ge, \u00e9criture, basse continue et pianoforte au conservatoire de Toulouse. Elle collabore dans le cadre de festivals (Toulouse les Orgues, Sylvan\u00e8s, La Chaise Dieu, Sor\u00e8ze, St-Guilleme-le-D\u00e9sert, St-Maximin, St-C\u00e9r\u00e9, Eclats de Voix Auch, Toulouse d\u2019\u00e9t\u00e9&#8230;) avec les ensembles : l\u2019Orchestre et le ch\u0153ur du capitole de Toulouse, l\u2019Orchestre de Chambre de Toulouse, Le Jardin de musiques, Les Sacqueboutiers, Scandicus, Les El\u00e9ments, Il Canto d\u2019Arione, Ensemble Baroque de Toulouse, Ensemble Antiphona et Tokyo Bach Cantate Ensemble.<\/p>\n<hr \/>\n<h2>Les partenaires<\/h2>\n<p><a href=\"http:\/\/www.chemins-compostelle.com\/\" target=\"_blank\" rel=\"noopener\"><img loading=\"lazy\" decoding=\"async\" class=\"alignnone size-medium wp-image-1978\" src=\"http:\/\/musiqueenchemin.fr\/wp-content\/uploads\/2018\/03\/chemins_de_saint_jacques_de_compostelle-300x200.jpg\" alt=\"\" width=\"150\" height=\"200\" \/><\/a> <a href=\"http:\/\/www.culture.gouv.fr\/Regions\/Drac-Occitanie\" target=\"_blank\" rel=\"noopener\"><img loading=\"lazy\" decoding=\"async\" class=\"alignnone size-full wp-image-1584\" src=\"http:\/\/musiqueenchemin.fr\/wp-content\/uploads\/2017\/03\/Configuration-footer.jpg\" alt=\"\" width=\"88\" height=\"113\" \/><\/a><\/p>\n<hr \/>\n<h2>Pratique<\/h2>\n<h5>&gt; Entr\u00e9e libre<\/h5>\n<hr \/>\n","protected":false},"excerpt":{"rendered":"<p>30 juin | 18h30 \u00e0 la cath\u00e9drale de Lectoure 1er juillet | 16h \u00e0 l&#8217;\u00e9glise du Pradau de Condom Ch\u0153ur Ambr\u00f2sia, Ma\u00eetrise Saint-Joseph de Lectoure, Saori Sato, orgue positif Direction Fr\u00e9d\u00e9ric B\u00e9tous &amp; Fran\u00e7ois Bonnet. Programme Polyphonies Sacr\u00e9es d\u2019Europe Le [&hellip;]<\/p>\n","protected":false},"author":1,"featured_media":0,"comment_status":"closed","ping_status":"closed","sticky":false,"template":"","format":"standard","meta":{"cwp_meta_box_check":"No","cwp_rev_product_name":"","cwp_rev_product_image":"","wppr_links":[],"cwp_rev_price":"","wppr_options":[],"wppr_pros":[],"wppr_cons":[],"footnotes":""},"categories":[10],"tags":[],"class_list":["post-1966","post","type-post","status-publish","format-standard","hentry","category-saison"],"wppr_data":{"cwp_meta_box_check":"No"},"yoast_head":"<!-- This site is optimized with the Yoast SEO plugin v25.0 - https:\/\/yoast.com\/wordpress\/plugins\/seo\/ -->\n<title>Les chants de Saint-Jacques -<\/title>\n<meta name=\"robots\" content=\"index, follow, max-snippet:-1, max-image-preview:large, max-video-preview:-1\" \/>\n<link rel=\"canonical\" href=\"https:\/\/musiqueenchemin.fr\/index.php\/2018\/03\/23\/les-chants-de-saint-jacques\/\" \/>\n<meta property=\"og:locale\" content=\"fr_FR\" \/>\n<meta property=\"og:type\" content=\"article\" \/>\n<meta property=\"og:title\" content=\"Les chants de Saint-Jacques -\" \/>\n<meta property=\"og:description\" content=\"30 juin | 18h30 \u00e0 la cath\u00e9drale de Lectoure 1er juillet | 16h \u00e0 l&#8217;\u00e9glise du Pradau de Condom Ch\u0153ur Ambr\u00f2sia, Ma\u00eetrise Saint-Joseph de Lectoure, Saori Sato, orgue positif Direction Fr\u00e9d\u00e9ric B\u00e9tous &amp; Fran\u00e7ois Bonnet. Programme Polyphonies Sacr\u00e9es d\u2019Europe Le [&hellip;]\" \/>\n<meta property=\"og:url\" content=\"https:\/\/musiqueenchemin.fr\/index.php\/2018\/03\/23\/les-chants-de-saint-jacques\/\" \/>\n<meta property=\"article:published_time\" content=\"2018-03-23T15:22:55+00:00\" \/>\n<meta property=\"article:modified_time\" content=\"2018-04-12T08:43:51+00:00\" \/>\n<meta property=\"og:image\" content=\"http:\/\/musiqueenchemin.fr\/wp-content\/uploads\/2018\/03\/chemins_de_saint_jacques_de_compostelle-300x200.jpg\" \/>\n<meta name=\"author\" content=\"Musique en Chemin\" \/>\n<meta name=\"twitter:card\" content=\"summary_large_image\" \/>\n<meta name=\"twitter:label1\" content=\"\u00c9crit par\" \/>\n\t<meta name=\"twitter:data1\" content=\"Musique en Chemin\" \/>\n\t<meta name=\"twitter:label2\" content=\"Dur\u00e9e de lecture estim\u00e9e\" \/>\n\t<meta name=\"twitter:data2\" content=\"5 minutes\" \/>\n<script type=\"application\/ld+json\" class=\"yoast-schema-graph\">{\"@context\":\"https:\/\/schema.org\",\"@graph\":[{\"@type\":\"Article\",\"@id\":\"https:\/\/musiqueenchemin.fr\/index.php\/2018\/03\/23\/les-chants-de-saint-jacques\/#article\",\"isPartOf\":{\"@id\":\"https:\/\/musiqueenchemin.fr\/index.php\/2018\/03\/23\/les-chants-de-saint-jacques\/\"},\"author\":{\"name\":\"Musique en Chemin\",\"@id\":\"https:\/\/musiqueenchemin.fr\/#\/schema\/person\/6c4caa9d003e40448be270fea1e3cbff\"},\"headline\":\"Les chants de Saint-Jacques\",\"datePublished\":\"2018-03-23T15:22:55+00:00\",\"dateModified\":\"2018-04-12T08:43:51+00:00\",\"mainEntityOfPage\":{\"@id\":\"https:\/\/musiqueenchemin.fr\/index.php\/2018\/03\/23\/les-chants-de-saint-jacques\/\"},\"wordCount\":972,\"publisher\":{\"@id\":\"https:\/\/musiqueenchemin.fr\/#organization\"},\"image\":{\"@id\":\"https:\/\/musiqueenchemin.fr\/index.php\/2018\/03\/23\/les-chants-de-saint-jacques\/#primaryimage\"},\"thumbnailUrl\":\"http:\/\/musiqueenchemin.fr\/wp-content\/uploads\/2018\/03\/chemins_de_saint_jacques_de_compostelle-300x200.jpg\",\"articleSection\":[\"Saison\"],\"inLanguage\":\"fr-FR\"},{\"@type\":\"WebPage\",\"@id\":\"https:\/\/musiqueenchemin.fr\/index.php\/2018\/03\/23\/les-chants-de-saint-jacques\/\",\"url\":\"https:\/\/musiqueenchemin.fr\/index.php\/2018\/03\/23\/les-chants-de-saint-jacques\/\",\"name\":\"Les chants de Saint-Jacques -\",\"isPartOf\":{\"@id\":\"https:\/\/musiqueenchemin.fr\/#website\"},\"primaryImageOfPage\":{\"@id\":\"https:\/\/musiqueenchemin.fr\/index.php\/2018\/03\/23\/les-chants-de-saint-jacques\/#primaryimage\"},\"image\":{\"@id\":\"https:\/\/musiqueenchemin.fr\/index.php\/2018\/03\/23\/les-chants-de-saint-jacques\/#primaryimage\"},\"thumbnailUrl\":\"http:\/\/musiqueenchemin.fr\/wp-content\/uploads\/2018\/03\/chemins_de_saint_jacques_de_compostelle-300x200.jpg\",\"datePublished\":\"2018-03-23T15:22:55+00:00\",\"dateModified\":\"2018-04-12T08:43:51+00:00\",\"breadcrumb\":{\"@id\":\"https:\/\/musiqueenchemin.fr\/index.php\/2018\/03\/23\/les-chants-de-saint-jacques\/#breadcrumb\"},\"inLanguage\":\"fr-FR\",\"potentialAction\":[{\"@type\":\"ReadAction\",\"target\":[\"https:\/\/musiqueenchemin.fr\/index.php\/2018\/03\/23\/les-chants-de-saint-jacques\/\"]}]},{\"@type\":\"ImageObject\",\"inLanguage\":\"fr-FR\",\"@id\":\"https:\/\/musiqueenchemin.fr\/index.php\/2018\/03\/23\/les-chants-de-saint-jacques\/#primaryimage\",\"url\":\"https:\/\/musiqueenchemin.fr\/wp-content\/uploads\/2018\/03\/chemins_de_saint_jacques_de_compostelle.jpg\",\"contentUrl\":\"https:\/\/musiqueenchemin.fr\/wp-content\/uploads\/2018\/03\/chemins_de_saint_jacques_de_compostelle.jpg\",\"width\":500,\"height\":333},{\"@type\":\"BreadcrumbList\",\"@id\":\"https:\/\/musiqueenchemin.fr\/index.php\/2018\/03\/23\/les-chants-de-saint-jacques\/#breadcrumb\",\"itemListElement\":[{\"@type\":\"ListItem\",\"position\":1,\"name\":\"Accueil\",\"item\":\"https:\/\/musiqueenchemin.fr\/\"},{\"@type\":\"ListItem\",\"position\":2,\"name\":\"Les chants de Saint-Jacques\"}]},{\"@type\":\"WebSite\",\"@id\":\"https:\/\/musiqueenchemin.fr\/#website\",\"url\":\"https:\/\/musiqueenchemin.fr\/\",\"name\":\"Musique en Chemin\",\"description\":\"\",\"publisher\":{\"@id\":\"https:\/\/musiqueenchemin.fr\/#organization\"},\"potentialAction\":[{\"@type\":\"SearchAction\",\"target\":{\"@type\":\"EntryPoint\",\"urlTemplate\":\"https:\/\/musiqueenchemin.fr\/?s={search_term_string}\"},\"query-input\":{\"@type\":\"PropertyValueSpecification\",\"valueRequired\":true,\"valueName\":\"search_term_string\"}}],\"inLanguage\":\"fr-FR\"},{\"@type\":\"Organization\",\"@id\":\"https:\/\/musiqueenchemin.fr\/#organization\",\"name\":\"Musique en Chemin\",\"url\":\"https:\/\/musiqueenchemin.fr\/\",\"logo\":{\"@type\":\"ImageObject\",\"inLanguage\":\"fr-FR\",\"@id\":\"https:\/\/musiqueenchemin.fr\/#\/schema\/logo\/image\/\",\"url\":\"http:\/\/musiqueenchemin.fr\/wp-content\/uploads\/2024\/03\/huppe-jaune-2024.png\",\"contentUrl\":\"http:\/\/musiqueenchemin.fr\/wp-content\/uploads\/2024\/03\/huppe-jaune-2024.png\",\"width\":560,\"height\":387,\"caption\":\"Musique en Chemin\"},\"image\":{\"@id\":\"https:\/\/musiqueenchemin.fr\/#\/schema\/logo\/image\/\"}},{\"@type\":\"Person\",\"@id\":\"https:\/\/musiqueenchemin.fr\/#\/schema\/person\/6c4caa9d003e40448be270fea1e3cbff\",\"name\":\"Musique en Chemin\",\"image\":{\"@type\":\"ImageObject\",\"inLanguage\":\"fr-FR\",\"@id\":\"https:\/\/musiqueenchemin.fr\/#\/schema\/person\/image\/\",\"url\":\"https:\/\/secure.gravatar.com\/avatar\/7b1be4a90bcc64c58111b64ffe668b413f96ab86aad982e7fdacac32cefcb4ec?s=96&d=mm&r=g\",\"contentUrl\":\"https:\/\/secure.gravatar.com\/avatar\/7b1be4a90bcc64c58111b64ffe668b413f96ab86aad982e7fdacac32cefcb4ec?s=96&d=mm&r=g\",\"caption\":\"Musique en Chemin\"},\"url\":\"https:\/\/musiqueenchemin.fr\/index.php\/author\/chem\/\"}]}<\/script>\n<!-- \/ Yoast SEO plugin. -->","yoast_head_json":{"title":"Les chants de Saint-Jacques -","robots":{"index":"index","follow":"follow","max-snippet":"max-snippet:-1","max-image-preview":"max-image-preview:large","max-video-preview":"max-video-preview:-1"},"canonical":"https:\/\/musiqueenchemin.fr\/index.php\/2018\/03\/23\/les-chants-de-saint-jacques\/","og_locale":"fr_FR","og_type":"article","og_title":"Les chants de Saint-Jacques -","og_description":"30 juin | 18h30 \u00e0 la cath\u00e9drale de Lectoure 1er juillet | 16h \u00e0 l&#8217;\u00e9glise du Pradau de Condom Ch\u0153ur Ambr\u00f2sia, Ma\u00eetrise Saint-Joseph de Lectoure, Saori Sato, orgue positif Direction Fr\u00e9d\u00e9ric B\u00e9tous &amp; Fran\u00e7ois Bonnet. Programme Polyphonies Sacr\u00e9es d\u2019Europe Le [&hellip;]","og_url":"https:\/\/musiqueenchemin.fr\/index.php\/2018\/03\/23\/les-chants-de-saint-jacques\/","article_published_time":"2018-03-23T15:22:55+00:00","article_modified_time":"2018-04-12T08:43:51+00:00","og_image":[{"url":"http:\/\/musiqueenchemin.fr\/wp-content\/uploads\/2018\/03\/chemins_de_saint_jacques_de_compostelle-300x200.jpg","type":"","width":"","height":""}],"author":"Musique en Chemin","twitter_card":"summary_large_image","twitter_misc":{"\u00c9crit par":"Musique en Chemin","Dur\u00e9e de lecture estim\u00e9e":"5 minutes"},"schema":{"@context":"https:\/\/schema.org","@graph":[{"@type":"Article","@id":"https:\/\/musiqueenchemin.fr\/index.php\/2018\/03\/23\/les-chants-de-saint-jacques\/#article","isPartOf":{"@id":"https:\/\/musiqueenchemin.fr\/index.php\/2018\/03\/23\/les-chants-de-saint-jacques\/"},"author":{"name":"Musique en Chemin","@id":"https:\/\/musiqueenchemin.fr\/#\/schema\/person\/6c4caa9d003e40448be270fea1e3cbff"},"headline":"Les chants de Saint-Jacques","datePublished":"2018-03-23T15:22:55+00:00","dateModified":"2018-04-12T08:43:51+00:00","mainEntityOfPage":{"@id":"https:\/\/musiqueenchemin.fr\/index.php\/2018\/03\/23\/les-chants-de-saint-jacques\/"},"wordCount":972,"publisher":{"@id":"https:\/\/musiqueenchemin.fr\/#organization"},"image":{"@id":"https:\/\/musiqueenchemin.fr\/index.php\/2018\/03\/23\/les-chants-de-saint-jacques\/#primaryimage"},"thumbnailUrl":"http:\/\/musiqueenchemin.fr\/wp-content\/uploads\/2018\/03\/chemins_de_saint_jacques_de_compostelle-300x200.jpg","articleSection":["Saison"],"inLanguage":"fr-FR"},{"@type":"WebPage","@id":"https:\/\/musiqueenchemin.fr\/index.php\/2018\/03\/23\/les-chants-de-saint-jacques\/","url":"https:\/\/musiqueenchemin.fr\/index.php\/2018\/03\/23\/les-chants-de-saint-jacques\/","name":"Les chants de Saint-Jacques -","isPartOf":{"@id":"https:\/\/musiqueenchemin.fr\/#website"},"primaryImageOfPage":{"@id":"https:\/\/musiqueenchemin.fr\/index.php\/2018\/03\/23\/les-chants-de-saint-jacques\/#primaryimage"},"image":{"@id":"https:\/\/musiqueenchemin.fr\/index.php\/2018\/03\/23\/les-chants-de-saint-jacques\/#primaryimage"},"thumbnailUrl":"http:\/\/musiqueenchemin.fr\/wp-content\/uploads\/2018\/03\/chemins_de_saint_jacques_de_compostelle-300x200.jpg","datePublished":"2018-03-23T15:22:55+00:00","dateModified":"2018-04-12T08:43:51+00:00","breadcrumb":{"@id":"https:\/\/musiqueenchemin.fr\/index.php\/2018\/03\/23\/les-chants-de-saint-jacques\/#breadcrumb"},"inLanguage":"fr-FR","potentialAction":[{"@type":"ReadAction","target":["https:\/\/musiqueenchemin.fr\/index.php\/2018\/03\/23\/les-chants-de-saint-jacques\/"]}]},{"@type":"ImageObject","inLanguage":"fr-FR","@id":"https:\/\/musiqueenchemin.fr\/index.php\/2018\/03\/23\/les-chants-de-saint-jacques\/#primaryimage","url":"https:\/\/musiqueenchemin.fr\/wp-content\/uploads\/2018\/03\/chemins_de_saint_jacques_de_compostelle.jpg","contentUrl":"https:\/\/musiqueenchemin.fr\/wp-content\/uploads\/2018\/03\/chemins_de_saint_jacques_de_compostelle.jpg","width":500,"height":333},{"@type":"BreadcrumbList","@id":"https:\/\/musiqueenchemin.fr\/index.php\/2018\/03\/23\/les-chants-de-saint-jacques\/#breadcrumb","itemListElement":[{"@type":"ListItem","position":1,"name":"Accueil","item":"https:\/\/musiqueenchemin.fr\/"},{"@type":"ListItem","position":2,"name":"Les chants de Saint-Jacques"}]},{"@type":"WebSite","@id":"https:\/\/musiqueenchemin.fr\/#website","url":"https:\/\/musiqueenchemin.fr\/","name":"Musique en Chemin","description":"","publisher":{"@id":"https:\/\/musiqueenchemin.fr\/#organization"},"potentialAction":[{"@type":"SearchAction","target":{"@type":"EntryPoint","urlTemplate":"https:\/\/musiqueenchemin.fr\/?s={search_term_string}"},"query-input":{"@type":"PropertyValueSpecification","valueRequired":true,"valueName":"search_term_string"}}],"inLanguage":"fr-FR"},{"@type":"Organization","@id":"https:\/\/musiqueenchemin.fr\/#organization","name":"Musique en Chemin","url":"https:\/\/musiqueenchemin.fr\/","logo":{"@type":"ImageObject","inLanguage":"fr-FR","@id":"https:\/\/musiqueenchemin.fr\/#\/schema\/logo\/image\/","url":"http:\/\/musiqueenchemin.fr\/wp-content\/uploads\/2024\/03\/huppe-jaune-2024.png","contentUrl":"http:\/\/musiqueenchemin.fr\/wp-content\/uploads\/2024\/03\/huppe-jaune-2024.png","width":560,"height":387,"caption":"Musique en Chemin"},"image":{"@id":"https:\/\/musiqueenchemin.fr\/#\/schema\/logo\/image\/"}},{"@type":"Person","@id":"https:\/\/musiqueenchemin.fr\/#\/schema\/person\/6c4caa9d003e40448be270fea1e3cbff","name":"Musique en Chemin","image":{"@type":"ImageObject","inLanguage":"fr-FR","@id":"https:\/\/musiqueenchemin.fr\/#\/schema\/person\/image\/","url":"https:\/\/secure.gravatar.com\/avatar\/7b1be4a90bcc64c58111b64ffe668b413f96ab86aad982e7fdacac32cefcb4ec?s=96&d=mm&r=g","contentUrl":"https:\/\/secure.gravatar.com\/avatar\/7b1be4a90bcc64c58111b64ffe668b413f96ab86aad982e7fdacac32cefcb4ec?s=96&d=mm&r=g","caption":"Musique en Chemin"},"url":"https:\/\/musiqueenchemin.fr\/index.php\/author\/chem\/"}]}},"_links":{"self":[{"href":"https:\/\/musiqueenchemin.fr\/index.php\/wp-json\/wp\/v2\/posts\/1966","targetHints":{"allow":["GET"]}}],"collection":[{"href":"https:\/\/musiqueenchemin.fr\/index.php\/wp-json\/wp\/v2\/posts"}],"about":[{"href":"https:\/\/musiqueenchemin.fr\/index.php\/wp-json\/wp\/v2\/types\/post"}],"author":[{"embeddable":true,"href":"https:\/\/musiqueenchemin.fr\/index.php\/wp-json\/wp\/v2\/users\/1"}],"replies":[{"embeddable":true,"href":"https:\/\/musiqueenchemin.fr\/index.php\/wp-json\/wp\/v2\/comments?post=1966"}],"version-history":[{"count":7,"href":"https:\/\/musiqueenchemin.fr\/index.php\/wp-json\/wp\/v2\/posts\/1966\/revisions"}],"predecessor-version":[{"id":2084,"href":"https:\/\/musiqueenchemin.fr\/index.php\/wp-json\/wp\/v2\/posts\/1966\/revisions\/2084"}],"wp:attachment":[{"href":"https:\/\/musiqueenchemin.fr\/index.php\/wp-json\/wp\/v2\/media?parent=1966"}],"wp:term":[{"taxonomy":"category","embeddable":true,"href":"https:\/\/musiqueenchemin.fr\/index.php\/wp-json\/wp\/v2\/categories?post=1966"},{"taxonomy":"post_tag","embeddable":true,"href":"https:\/\/musiqueenchemin.fr\/index.php\/wp-json\/wp\/v2\/tags?post=1966"}],"curies":[{"name":"wp","href":"https:\/\/api.w.org\/{rel}","templated":true}]}}