{"id":2339,"date":"2019-04-08T10:23:40","date_gmt":"2019-04-08T09:23:40","guid":{"rendered":"http:\/\/musiqueenchemin.fr\/?p=2339"},"modified":"2019-05-28T11:59:51","modified_gmt":"2019-05-28T10:59:51","slug":"saison-2019","status":"publish","type":"post","link":"https:\/\/musiqueenchemin.fr\/index.php\/2019\/04\/08\/saison-2019\/","title":{"rendered":"Saison 2019"},"content":{"rendered":"<h2>La saison de Musique en Chemin\u202fdu 25 mai au 22 septembre 2019<\/h2>\n<hr \/>\n<h4><span style=\"color: #e53622;\">25 mai <\/span>| Moment musical<\/h4>\n<h4>18h au clo\u00eetre de Condom<\/h4>\n<h3>Fabien Vall\u00e9 (accord\u00e9on)<\/h3>\n<h5>Inauguration de la 10<sup>e<\/sup> \u00e9dition des Chemins d\u2019Art en Armagnac.<br \/>\nEn partenariat avec Musique en Chemin.<\/h5>\n<h5>Gratuit<\/h5>\n<hr \/>\n<h4><span style=\"color: #e53622;\">15 juin<\/span>\u00a0| R\u00e9p\u00e9tition publique<\/h4>\n<h4>De 15h \u00e0 17h \u00e0 la coll\u00e9giale de La Romieu<\/h4>\n<h5>Ch\u0153ur Ambr\u00f2sia, direction Fr\u00e9d\u00e9ric B\u00e9tous<\/h5>\n<h5>Dans le cadre du week-end \u201cl\u2019art au mieux\u201d.<\/h5>\n<hr \/>\n<h4><span style=\"color: #e53622;\">29 juin<\/span>\u00a0| Concert Ambr\u00f2sia &#038; orgue<\/h4>\n<h4>18h \u00e0 la Cath\u00e9drale d\u2019\u00c9auze<\/h4>\n<h5>Ch\u0153ur Ambr\u00f2sia, direction Fr\u00e9d\u00e9ric B\u00e9tous<br \/>\nSylvie P\u00e9rez, orgue<\/h5>\n<h3>Voyage polyphonique <\/h3>\n<h4>Musiques de la Renaissance altern\u00e9es avec des pi\u00e8ces sur le grand orgue de la cath\u00e9drale.<\/h4>\n<h5>En partenariat avec la commune d\u2019\u00c9auze<br \/>\nDur\u00e9e : 1h &#8211; Tarifs : 15\u20ac &#8211; 10\u20ac, gratuit &#8211; de 14 ans.<br \/>\nBilletterie sur place 1h avant le concert.<br \/>\n> Infos et r\u00e9servations : 05 62 08 46 20 (m\u00e9diath\u00e8que).<\/h5>\n<hr \/>\n<h4><span style=\"color: #e53622;\">30 juin<\/span> | Concert Ambr\u00f2sia<\/h4>\n<h4>16h30 \u00e0 l\u2019\u00e9glise du Pradau, Condom<\/h4>\n<h5>Ch\u0153ur Ambr\u00f2sia, direction Fr\u00e9d\u00e9ric B\u00e9tous<\/h5>\n<h3>Du fond de ma pens\u00e9e<\/h3>\n<h4>Musiques de la Renaissance<\/h4>\n<h5>En partenariat avec la commune de Condom<br \/>\nDur\u00e9e : 1h &#8211; Tarif : 7\u20ac<br \/>\n> Infos et r\u00e9servations : Musique en Chemin <\/h5>\n<hr \/>\n<h4><span style=\"color: #e53622;\">3 juillet<\/span> | Ap\u00e9ritif Concert La Main Harmonique<\/h4>\n<h4>19h &#8211; Clo\u00eetre de Memento <\/h4>\n<h3>Panorama baroque<\/h3>\n<h5>Dans le cadre des mercredis de Memento.<br \/>\nGratuit<br \/>\n> Infos : 05 62\u00a006 42 53 \/ www.memento-gers.com<\/h5>\n<hr \/>\n<h4><span style=\"color: #e53622;\">3 juillet<\/span>\u00a0| Concert Duo presque classique<\/h4>\n<h4>19h30, pr\u00e9sentation de saison du th\u00e9\u00e2tre des Carmes de Condom.<\/h4>\n<h4>20h, concert gratuit.<\/h4>\n<h5>En partenariat avec la commune de Condom.<br \/>\n> Infos et r\u00e9servations : 05 62 28 47 21 (service culturel de Condom). <\/h5>\n<hr \/>\n<h4><span style=\"color: #e53622;\">10 juillet<\/span>\u00a0| Concert La Main Harmonique<\/h4>\n<h4>20h \u00e0 l\u2019\u00e9glise de Simorre<\/h4>\n<h3>Chants d\u2019orient et d\u2019occident<\/h3>\n<h4>Polyphonies de l\u2019Europe de la Renaissance &#038; chant syriaque<\/h4>\n<h5>Ensemble La Main Harmonique, direction Fr\u00e9d\u00e9ric B\u00e9tous<br \/>\nSoumaya Hallak, chant syriaque<br \/>\nCh\u0153ur Ambr\u00f2sia &#038; Saori Sato, orgue positif<\/h5>\n<h5>Tarifs : 20\u20ac &#8211; 16\u20ac<br \/>\n> Infos et r\u00e9servations : www.musicalesdescoteaux.fr ou www.musiqueenchemin.fr<br \/>\nT\u00e9l. : 06 72 16 20 91<\/h5>\n<hr \/>\n<h4><span style=\"color: #e53622;\">22 septembre<\/span>\u00a0| Concert Ambr\u00f2sia<\/h4>\n<h4>18h \u00e0 l\u2019\u00e9glise de Barran<\/h4>\n<h5>Ch\u0153ur Ambr\u00f2sia, dir. Fr\u00e9d\u00e9ric B\u00e9tous <\/h5>\n<h3>Du fond de ma pens\u00e9e<\/h3>\n<h4>Musiques de la Renaissance<\/h4>\n<h5>En partenariat avec l\u2019association Arts et Musique en Barranais<br \/>\nDur\u00e9e : 1h &#8211; Tarif : 10\u20ac<br \/>\n> Infos et r\u00e9servations : 06 84 49 92 35<\/h5>\n","protected":false},"excerpt":{"rendered":"<p>La saison de Musique en Chemin\u202fdu 25 mai au 22 septembre 2019 25 mai | Moment musical 18h au clo\u00eetre de Condom Fabien Vall\u00e9 (accord\u00e9on) Inauguration de la 10e \u00e9dition des Chemins d\u2019Art en Armagnac. En partenariat avec Musique en [&hellip;]<\/p>\n","protected":false},"author":1,"featured_media":0,"comment_status":"closed","ping_status":"closed","sticky":true,"template":"","format":"standard","meta":{"cwp_meta_box_check":"No","cwp_rev_product_name":"","cwp_rev_product_image":"","wppr_links":[],"cwp_rev_price":"","wppr_options":[],"wppr_pros":[],"wppr_cons":[],"footnotes":""},"categories":[1,10],"tags":[],"class_list":["post-2339","post","type-post","status-publish","format-standard","hentry","category-non-classe","category-saison"],"wppr_data":{"cwp_meta_box_check":"No"},"yoast_head":"<!-- This site is optimized with the Yoast SEO plugin v25.0 - https:\/\/yoast.com\/wordpress\/plugins\/seo\/ -->\n<title>Saison 2019 -<\/title>\n<meta name=\"robots\" content=\"index, follow, max-snippet:-1, max-image-preview:large, max-video-preview:-1\" \/>\n<link rel=\"canonical\" href=\"https:\/\/musiqueenchemin.fr\/index.php\/2019\/04\/08\/saison-2019\/\" \/>\n<meta property=\"og:locale\" content=\"fr_FR\" \/>\n<meta property=\"og:type\" content=\"article\" \/>\n<meta property=\"og:title\" content=\"Saison 2019 -\" \/>\n<meta property=\"og:description\" content=\"La saison de Musique en Chemin\u202fdu 25 mai au 22 septembre 2019 25 mai | Moment musical 18h au clo\u00eetre de Condom Fabien Vall\u00e9 (accord\u00e9on) Inauguration de la 10e \u00e9dition des Chemins d\u2019Art en Armagnac. En partenariat avec Musique en [&hellip;]\" \/>\n<meta property=\"og:url\" content=\"https:\/\/musiqueenchemin.fr\/index.php\/2019\/04\/08\/saison-2019\/\" \/>\n<meta property=\"article:published_time\" content=\"2019-04-08T09:23:40+00:00\" \/>\n<meta property=\"article:modified_time\" content=\"2019-05-28T10:59:51+00:00\" \/>\n<meta name=\"author\" content=\"Musique en Chemin\" \/>\n<meta name=\"twitter:card\" content=\"summary_large_image\" \/>\n<meta name=\"twitter:label1\" content=\"\u00c9crit par\" \/>\n\t<meta name=\"twitter:data1\" content=\"Musique en Chemin\" \/>\n\t<meta name=\"twitter:label2\" content=\"Dur\u00e9e de lecture estim\u00e9e\" \/>\n\t<meta name=\"twitter:data2\" content=\"2 minutes\" \/>\n<script type=\"application\/ld+json\" class=\"yoast-schema-graph\">{\"@context\":\"https:\/\/schema.org\",\"@graph\":[{\"@type\":\"Article\",\"@id\":\"https:\/\/musiqueenchemin.fr\/index.php\/2019\/04\/08\/saison-2019\/#article\",\"isPartOf\":{\"@id\":\"https:\/\/musiqueenchemin.fr\/index.php\/2019\/04\/08\/saison-2019\/\"},\"author\":{\"name\":\"Musique en Chemin\",\"@id\":\"https:\/\/musiqueenchemin.fr\/#\/schema\/person\/6c4caa9d003e40448be270fea1e3cbff\"},\"headline\":\"Saison 2019\",\"datePublished\":\"2019-04-08T09:23:40+00:00\",\"dateModified\":\"2019-05-28T10:59:51+00:00\",\"mainEntityOfPage\":{\"@id\":\"https:\/\/musiqueenchemin.fr\/index.php\/2019\/04\/08\/saison-2019\/\"},\"wordCount\":372,\"publisher\":{\"@id\":\"https:\/\/musiqueenchemin.fr\/#organization\"},\"articleSection\":{\"1\":\"Saison\"},\"inLanguage\":\"fr-FR\"},{\"@type\":\"WebPage\",\"@id\":\"https:\/\/musiqueenchemin.fr\/index.php\/2019\/04\/08\/saison-2019\/\",\"url\":\"https:\/\/musiqueenchemin.fr\/index.php\/2019\/04\/08\/saison-2019\/\",\"name\":\"Saison 2019 -\",\"isPartOf\":{\"@id\":\"https:\/\/musiqueenchemin.fr\/#website\"},\"datePublished\":\"2019-04-08T09:23:40+00:00\",\"dateModified\":\"2019-05-28T10:59:51+00:00\",\"breadcrumb\":{\"@id\":\"https:\/\/musiqueenchemin.fr\/index.php\/2019\/04\/08\/saison-2019\/#breadcrumb\"},\"inLanguage\":\"fr-FR\",\"potentialAction\":[{\"@type\":\"ReadAction\",\"target\":[\"https:\/\/musiqueenchemin.fr\/index.php\/2019\/04\/08\/saison-2019\/\"]}]},{\"@type\":\"BreadcrumbList\",\"@id\":\"https:\/\/musiqueenchemin.fr\/index.php\/2019\/04\/08\/saison-2019\/#breadcrumb\",\"itemListElement\":[{\"@type\":\"ListItem\",\"position\":1,\"name\":\"Accueil\",\"item\":\"https:\/\/musiqueenchemin.fr\/\"},{\"@type\":\"ListItem\",\"position\":2,\"name\":\"Saison 2019\"}]},{\"@type\":\"WebSite\",\"@id\":\"https:\/\/musiqueenchemin.fr\/#website\",\"url\":\"https:\/\/musiqueenchemin.fr\/\",\"name\":\"Musique en Chemin\",\"description\":\"\",\"publisher\":{\"@id\":\"https:\/\/musiqueenchemin.fr\/#organization\"},\"potentialAction\":[{\"@type\":\"SearchAction\",\"target\":{\"@type\":\"EntryPoint\",\"urlTemplate\":\"https:\/\/musiqueenchemin.fr\/?s={search_term_string}\"},\"query-input\":{\"@type\":\"PropertyValueSpecification\",\"valueRequired\":true,\"valueName\":\"search_term_string\"}}],\"inLanguage\":\"fr-FR\"},{\"@type\":\"Organization\",\"@id\":\"https:\/\/musiqueenchemin.fr\/#organization\",\"name\":\"Musique en Chemin\",\"url\":\"https:\/\/musiqueenchemin.fr\/\",\"logo\":{\"@type\":\"ImageObject\",\"inLanguage\":\"fr-FR\",\"@id\":\"https:\/\/musiqueenchemin.fr\/#\/schema\/logo\/image\/\",\"url\":\"http:\/\/musiqueenchemin.fr\/wp-content\/uploads\/2024\/03\/huppe-jaune-2024.png\",\"contentUrl\":\"http:\/\/musiqueenchemin.fr\/wp-content\/uploads\/2024\/03\/huppe-jaune-2024.png\",\"width\":560,\"height\":387,\"caption\":\"Musique en Chemin\"},\"image\":{\"@id\":\"https:\/\/musiqueenchemin.fr\/#\/schema\/logo\/image\/\"}},{\"@type\":\"Person\",\"@id\":\"https:\/\/musiqueenchemin.fr\/#\/schema\/person\/6c4caa9d003e40448be270fea1e3cbff\",\"name\":\"Musique en Chemin\",\"image\":{\"@type\":\"ImageObject\",\"inLanguage\":\"fr-FR\",\"@id\":\"https:\/\/musiqueenchemin.fr\/#\/schema\/person\/image\/\",\"url\":\"https:\/\/secure.gravatar.com\/avatar\/7b1be4a90bcc64c58111b64ffe668b413f96ab86aad982e7fdacac32cefcb4ec?s=96&d=mm&r=g\",\"contentUrl\":\"https:\/\/secure.gravatar.com\/avatar\/7b1be4a90bcc64c58111b64ffe668b413f96ab86aad982e7fdacac32cefcb4ec?s=96&d=mm&r=g\",\"caption\":\"Musique en Chemin\"},\"url\":\"https:\/\/musiqueenchemin.fr\/index.php\/author\/chem\/\"}]}<\/script>\n<!-- \/ Yoast SEO plugin. -->","yoast_head_json":{"title":"Saison 2019 -","robots":{"index":"index","follow":"follow","max-snippet":"max-snippet:-1","max-image-preview":"max-image-preview:large","max-video-preview":"max-video-preview:-1"},"canonical":"https:\/\/musiqueenchemin.fr\/index.php\/2019\/04\/08\/saison-2019\/","og_locale":"fr_FR","og_type":"article","og_title":"Saison 2019 -","og_description":"La saison de Musique en Chemin\u202fdu 25 mai au 22 septembre 2019 25 mai | Moment musical 18h au clo\u00eetre de Condom Fabien Vall\u00e9 (accord\u00e9on) Inauguration de la 10e \u00e9dition des Chemins d\u2019Art en Armagnac. En partenariat avec Musique en [&hellip;]","og_url":"https:\/\/musiqueenchemin.fr\/index.php\/2019\/04\/08\/saison-2019\/","article_published_time":"2019-04-08T09:23:40+00:00","article_modified_time":"2019-05-28T10:59:51+00:00","author":"Musique en Chemin","twitter_card":"summary_large_image","twitter_misc":{"\u00c9crit par":"Musique en Chemin","Dur\u00e9e de lecture estim\u00e9e":"2 minutes"},"schema":{"@context":"https:\/\/schema.org","@graph":[{"@type":"Article","@id":"https:\/\/musiqueenchemin.fr\/index.php\/2019\/04\/08\/saison-2019\/#article","isPartOf":{"@id":"https:\/\/musiqueenchemin.fr\/index.php\/2019\/04\/08\/saison-2019\/"},"author":{"name":"Musique en Chemin","@id":"https:\/\/musiqueenchemin.fr\/#\/schema\/person\/6c4caa9d003e40448be270fea1e3cbff"},"headline":"Saison 2019","datePublished":"2019-04-08T09:23:40+00:00","dateModified":"2019-05-28T10:59:51+00:00","mainEntityOfPage":{"@id":"https:\/\/musiqueenchemin.fr\/index.php\/2019\/04\/08\/saison-2019\/"},"wordCount":372,"publisher":{"@id":"https:\/\/musiqueenchemin.fr\/#organization"},"articleSection":{"1":"Saison"},"inLanguage":"fr-FR"},{"@type":"WebPage","@id":"https:\/\/musiqueenchemin.fr\/index.php\/2019\/04\/08\/saison-2019\/","url":"https:\/\/musiqueenchemin.fr\/index.php\/2019\/04\/08\/saison-2019\/","name":"Saison 2019 -","isPartOf":{"@id":"https:\/\/musiqueenchemin.fr\/#website"},"datePublished":"2019-04-08T09:23:40+00:00","dateModified":"2019-05-28T10:59:51+00:00","breadcrumb":{"@id":"https:\/\/musiqueenchemin.fr\/index.php\/2019\/04\/08\/saison-2019\/#breadcrumb"},"inLanguage":"fr-FR","potentialAction":[{"@type":"ReadAction","target":["https:\/\/musiqueenchemin.fr\/index.php\/2019\/04\/08\/saison-2019\/"]}]},{"@type":"BreadcrumbList","@id":"https:\/\/musiqueenchemin.fr\/index.php\/2019\/04\/08\/saison-2019\/#breadcrumb","itemListElement":[{"@type":"ListItem","position":1,"name":"Accueil","item":"https:\/\/musiqueenchemin.fr\/"},{"@type":"ListItem","position":2,"name":"Saison 2019"}]},{"@type":"WebSite","@id":"https:\/\/musiqueenchemin.fr\/#website","url":"https:\/\/musiqueenchemin.fr\/","name":"Musique en Chemin","description":"","publisher":{"@id":"https:\/\/musiqueenchemin.fr\/#organization"},"potentialAction":[{"@type":"SearchAction","target":{"@type":"EntryPoint","urlTemplate":"https:\/\/musiqueenchemin.fr\/?s={search_term_string}"},"query-input":{"@type":"PropertyValueSpecification","valueRequired":true,"valueName":"search_term_string"}}],"inLanguage":"fr-FR"},{"@type":"Organization","@id":"https:\/\/musiqueenchemin.fr\/#organization","name":"Musique en Chemin","url":"https:\/\/musiqueenchemin.fr\/","logo":{"@type":"ImageObject","inLanguage":"fr-FR","@id":"https:\/\/musiqueenchemin.fr\/#\/schema\/logo\/image\/","url":"http:\/\/musiqueenchemin.fr\/wp-content\/uploads\/2024\/03\/huppe-jaune-2024.png","contentUrl":"http:\/\/musiqueenchemin.fr\/wp-content\/uploads\/2024\/03\/huppe-jaune-2024.png","width":560,"height":387,"caption":"Musique en Chemin"},"image":{"@id":"https:\/\/musiqueenchemin.fr\/#\/schema\/logo\/image\/"}},{"@type":"Person","@id":"https:\/\/musiqueenchemin.fr\/#\/schema\/person\/6c4caa9d003e40448be270fea1e3cbff","name":"Musique en Chemin","image":{"@type":"ImageObject","inLanguage":"fr-FR","@id":"https:\/\/musiqueenchemin.fr\/#\/schema\/person\/image\/","url":"https:\/\/secure.gravatar.com\/avatar\/7b1be4a90bcc64c58111b64ffe668b413f96ab86aad982e7fdacac32cefcb4ec?s=96&d=mm&r=g","contentUrl":"https:\/\/secure.gravatar.com\/avatar\/7b1be4a90bcc64c58111b64ffe668b413f96ab86aad982e7fdacac32cefcb4ec?s=96&d=mm&r=g","caption":"Musique en Chemin"},"url":"https:\/\/musiqueenchemin.fr\/index.php\/author\/chem\/"}]}},"_links":{"self":[{"href":"https:\/\/musiqueenchemin.fr\/index.php\/wp-json\/wp\/v2\/posts\/2339","targetHints":{"allow":["GET"]}}],"collection":[{"href":"https:\/\/musiqueenchemin.fr\/index.php\/wp-json\/wp\/v2\/posts"}],"about":[{"href":"https:\/\/musiqueenchemin.fr\/index.php\/wp-json\/wp\/v2\/types\/post"}],"author":[{"embeddable":true,"href":"https:\/\/musiqueenchemin.fr\/index.php\/wp-json\/wp\/v2\/users\/1"}],"replies":[{"embeddable":true,"href":"https:\/\/musiqueenchemin.fr\/index.php\/wp-json\/wp\/v2\/comments?post=2339"}],"version-history":[{"count":2,"href":"https:\/\/musiqueenchemin.fr\/index.php\/wp-json\/wp\/v2\/posts\/2339\/revisions"}],"predecessor-version":[{"id":2341,"href":"https:\/\/musiqueenchemin.fr\/index.php\/wp-json\/wp\/v2\/posts\/2339\/revisions\/2341"}],"wp:attachment":[{"href":"https:\/\/musiqueenchemin.fr\/index.php\/wp-json\/wp\/v2\/media?parent=2339"}],"wp:term":[{"taxonomy":"category","embeddable":true,"href":"https:\/\/musiqueenchemin.fr\/index.php\/wp-json\/wp\/v2\/categories?post=2339"},{"taxonomy":"post_tag","embeddable":true,"href":"https:\/\/musiqueenchemin.fr\/index.php\/wp-json\/wp\/v2\/tags?post=2339"}],"curies":[{"name":"wp","href":"https:\/\/api.w.org\/{rel}","templated":true}]}}