{"id":259,"date":"2016-04-29T08:43:50","date_gmt":"2016-04-29T07:43:50","guid":{"rendered":"http:\/\/musiqueenchemin.fr\/blog\/?p=259"},"modified":"2016-05-01T11:06:11","modified_gmt":"2016-05-01T10:06:11","slug":"vendredi-22-juillet","status":"publish","type":"post","link":"https:\/\/musiqueenchemin.fr\/index.php\/2016\/04\/29\/vendredi-22-juillet\/","title":{"rendered":"Vendredi 22 juillet"},"content":{"rendered":"<ul>\n<h3>17h \u2022 Clo\u00eetre <\/p>\n<ol><a href=\"http:\/\/musiqueenchemin.fr\/index.php\/2016\/04\/28\/concert-interactif\/\">Concert interactif<\/h3>\n<ol><img loading=\"lazy\" decoding=\"async\" src=\"http:\/\/musiqueenchemin.fr\/wp-content\/uploads\/2016\/05\/D_Chevallier@Annabelle-Tiaffay-300x200.jpg\" alt=\"D_Chevallier@Annabelle Tiaffay\" width=\"300\" height=\"200\" class=\"alignnone size-medium wp-image-543\" srcset=\"https:\/\/musiqueenchemin.fr\/wp-content\/uploads\/2016\/05\/D_Chevallier@Annabelle-Tiaffay-300x200.jpg 300w, https:\/\/musiqueenchemin.fr\/wp-content\/uploads\/2016\/05\/D_Chevallier@Annabelle-Tiaffay-768x512.jpg 768w, https:\/\/musiqueenchemin.fr\/wp-content\/uploads\/2016\/05\/D_Chevallier@Annabelle-Tiaffay-1024x683.jpg 1024w, https:\/\/musiqueenchemin.fr\/wp-content\/uploads\/2016\/05\/D_Chevallier@Annabelle-Tiaffay-600x400.jpg 600w, https:\/\/musiqueenchemin.fr\/wp-content\/uploads\/2016\/05\/D_Chevallier@Annabelle-Tiaffay-820x547.jpg 820w\" sizes=\"auto, (max-width: 300px) 100vw, 300px\" \/><\/a><\/p>\n<h4>David Chevallier, guitare &#038; S\u00e9bastien Boisseau, contrebasse<br \/>\nMusique improvis\u00e9e et \u00e9coute active<\/h4>\n<h5>Dur\u00e9e : 1 heure &#8211; Tarif B \u2022 <a href=\"https:\/\/musiqueenchemin.festik.net\/un-salon-de-musique-au-cloitre\" target=\"_blank\">R\u00e9servez !<\/a><\/h5>\n<\/ul>\n<hr>\n<ul>\n<h3>19h \u2022 Espace festival<\/p>\n<ol><a href=\"http:\/\/musiqueenchemin.fr\/index.php\/2016\/04\/28\/les-mises-en-oreille\/\">Mise en oreille<\/a><\/h3>\n<ol>\n<h4>Avec la pianiste C\u00e9lim\u00e8ne Daudet<\/h4>\n<h5>Dur\u00e9e : 40 minutes &#8211; Entr\u00e9e libre<\/h5>\n<\/ul>\n<hr>\n<ul>\n<h3>\u00c0 partir de 19h \u2022 Espace festival<\/p>\n<ol>Ap\u00e9ritif et restauration<\/h3>\n<ol>\n<h4>\u00c0 l\u2019espace festival ainsi que dans les restaurants du village<\/h4>\n<\/ul>\n<hr>\n<ul>\n<h3>21h \u2022 Place du village (repli pr\u00e9vu en cas de pluie)<\/p>\n<ol><a href=\"http:\/\/musiqueenchemin.fr\/index.php\/2016\/04\/28\/recital-de-piano\/\">R\u00e9cital de piano<\/h3>\n<ol><img loading=\"lazy\" decoding=\"async\" src=\"http:\/\/musiqueenchemin.fr\/wp-content\/uploads\/2016\/04\/photo_Celimene_web.jpg\" alt=\"photo_Celimene_web\" width=\"188\" height=\"200\" class=\"alignnone size-full wp-image-117\" \/><\/a><\/p>\n<h4>C\u00e9lim\u00e8ne Daudet, piano<br \/>\nChopin, Liszt, Debussy, Messiaen, Murail<\/h4>\n<h5>Dur\u00e9e : 1h15 &#8211; Tarif A \u2022 <a href=\"https:\/\/musiqueenchemin.festik.net\/recital-de-piano\" target=\"_blank\">R\u00e9servez !<\/a><\/h5>\n<\/ul>\n<hr>\n","protected":false},"excerpt":{"rendered":"<p>17h \u2022 Clo\u00eetre Concert interactif David Chevallier, guitare &#038; S\u00e9bastien Boisseau, contrebasse Musique improvis\u00e9e et \u00e9coute active Dur\u00e9e : 1 heure &#8211; Tarif B \u2022 R\u00e9servez ! 19h \u2022 Espace festival Mise en oreille Avec la pianiste C\u00e9lim\u00e8ne Daudet Dur\u00e9e : 40 minutes &#8211; Entr\u00e9e libre \u00c0 partir de 19h \u2022 Espace festival Ap\u00e9ritif et [&hellip;]<\/p>\n","protected":false},"author":1,"featured_media":0,"comment_status":"closed","ping_status":"closed","sticky":false,"template":"","format":"standard","meta":{"cwp_meta_box_check":"","cwp_rev_product_name":"","cwp_rev_product_image":"","wppr_links":[],"cwp_rev_price":"","wppr_options":[],"wppr_pros":[],"wppr_cons":[],"footnotes":""},"categories":[3],"tags":[],"class_list":["post-259","post","type-post","status-publish","format-standard","hentry","category-festival"],"wppr_data":[],"yoast_head":"<!-- This site is optimized with the Yoast SEO plugin v25.0 - https:\/\/yoast.com\/wordpress\/plugins\/seo\/ -->\n<title>Vendredi 22 juillet - Musique en Chemin<\/title>\n<meta name=\"robots\" content=\"index, follow, max-snippet:-1, max-image-preview:large, max-video-preview:-1\" \/>\n<link rel=\"canonical\" href=\"http:\/\/musiqueenchemin.fr\/index.php\/2016\/04\/29\/vendredi-22-juillet\/\" \/>\n<meta property=\"og:locale\" content=\"fr_FR\" \/>\n<meta property=\"og:type\" content=\"article\" \/>\n<meta property=\"og:title\" content=\"Vendredi 22 juillet - Musique en Chemin\" \/>\n<meta property=\"og:description\" content=\"17h \u2022 Clo\u00eetre Concert interactif David Chevallier, guitare &#038; S\u00e9bastien Boisseau, contrebasse Musique improvis\u00e9e et \u00e9coute active Dur\u00e9e : 1 heure &#8211; Tarif B \u2022 R\u00e9servez ! 19h \u2022 Espace festival Mise en oreille Avec la pianiste C\u00e9lim\u00e8ne Daudet Dur\u00e9e : 40 minutes &#8211; Entr\u00e9e libre \u00c0 partir de 19h \u2022 Espace festival Ap\u00e9ritif et [&hellip;]\" \/>\n<meta property=\"og:url\" content=\"http:\/\/musiqueenchemin.fr\/index.php\/2016\/04\/29\/vendredi-22-juillet\/\" \/>\n<meta property=\"og:site_name\" content=\"Musique en Chemin\" \/>\n<meta property=\"article:published_time\" content=\"2016-04-29T07:43:50+00:00\" \/>\n<meta property=\"article:modified_time\" content=\"2016-05-01T10:06:11+00:00\" \/>\n<meta property=\"og:image\" content=\"http:\/\/musiqueenchemin.fr\/wp-content\/uploads\/2016\/05\/D_Chevallier@Annabelle-Tiaffay-300x200.jpg\" \/>\n<meta name=\"author\" content=\"Musique en Chemin\" \/>\n<meta name=\"twitter:card\" content=\"summary_large_image\" \/>\n<meta name=\"twitter:label1\" content=\"\u00c9crit par\" \/>\n\t<meta name=\"twitter:data1\" content=\"Musique en Chemin\" \/>\n<script type=\"application\/ld+json\" class=\"yoast-schema-graph\">{\"@context\":\"https:\/\/schema.org\",\"@graph\":[{\"@type\":\"Article\",\"@id\":\"http:\/\/musiqueenchemin.fr\/index.php\/2016\/04\/29\/vendredi-22-juillet\/#article\",\"isPartOf\":{\"@id\":\"http:\/\/musiqueenchemin.fr\/index.php\/2016\/04\/29\/vendredi-22-juillet\/\"},\"author\":{\"name\":\"Musique en Chemin\",\"@id\":\"https:\/\/musiqueenchemin.fr\/#\/schema\/person\/6c4caa9d003e40448be270fea1e3cbff\"},\"headline\":\"Vendredi 22 juillet\",\"datePublished\":\"2016-04-29T07:43:50+00:00\",\"dateModified\":\"2016-05-01T10:06:11+00:00\",\"mainEntityOfPage\":{\"@id\":\"http:\/\/musiqueenchemin.fr\/index.php\/2016\/04\/29\/vendredi-22-juillet\/\"},\"wordCount\":100,\"publisher\":{\"@id\":\"https:\/\/musiqueenchemin.fr\/#organization\"},\"image\":{\"@id\":\"http:\/\/musiqueenchemin.fr\/index.php\/2016\/04\/29\/vendredi-22-juillet\/#primaryimage\"},\"thumbnailUrl\":\"http:\/\/musiqueenchemin.fr\/wp-content\/uploads\/2016\/05\/D_Chevallier@Annabelle-Tiaffay-300x200.jpg\",\"articleSection\":[\"Festival\"],\"inLanguage\":\"fr-FR\"},{\"@type\":\"WebPage\",\"@id\":\"http:\/\/musiqueenchemin.fr\/index.php\/2016\/04\/29\/vendredi-22-juillet\/\",\"url\":\"http:\/\/musiqueenchemin.fr\/index.php\/2016\/04\/29\/vendredi-22-juillet\/\",\"name\":\"Vendredi 22 juillet - Musique en Chemin\",\"isPartOf\":{\"@id\":\"https:\/\/musiqueenchemin.fr\/#website\"},\"primaryImageOfPage\":{\"@id\":\"http:\/\/musiqueenchemin.fr\/index.php\/2016\/04\/29\/vendredi-22-juillet\/#primaryimage\"},\"image\":{\"@id\":\"http:\/\/musiqueenchemin.fr\/index.php\/2016\/04\/29\/vendredi-22-juillet\/#primaryimage\"},\"thumbnailUrl\":\"http:\/\/musiqueenchemin.fr\/wp-content\/uploads\/2016\/05\/D_Chevallier@Annabelle-Tiaffay-300x200.jpg\",\"datePublished\":\"2016-04-29T07:43:50+00:00\",\"dateModified\":\"2016-05-01T10:06:11+00:00\",\"breadcrumb\":{\"@id\":\"http:\/\/musiqueenchemin.fr\/index.php\/2016\/04\/29\/vendredi-22-juillet\/#breadcrumb\"},\"inLanguage\":\"fr-FR\",\"potentialAction\":[{\"@type\":\"ReadAction\",\"target\":[\"http:\/\/musiqueenchemin.fr\/index.php\/2016\/04\/29\/vendredi-22-juillet\/\"]}]},{\"@type\":\"ImageObject\",\"inLanguage\":\"fr-FR\",\"@id\":\"http:\/\/musiqueenchemin.fr\/index.php\/2016\/04\/29\/vendredi-22-juillet\/#primaryimage\",\"url\":\"https:\/\/musiqueenchemin.fr\/wp-content\/uploads\/2016\/05\/D_Chevallier@Annabelle-Tiaffay.jpg\",\"contentUrl\":\"https:\/\/musiqueenchemin.fr\/wp-content\/uploads\/2016\/05\/D_Chevallier@Annabelle-Tiaffay.jpg\",\"width\":5760,\"height\":3840},{\"@type\":\"BreadcrumbList\",\"@id\":\"http:\/\/musiqueenchemin.fr\/index.php\/2016\/04\/29\/vendredi-22-juillet\/#breadcrumb\",\"itemListElement\":[{\"@type\":\"ListItem\",\"position\":1,\"name\":\"Accueil\",\"item\":\"https:\/\/musiqueenchemin.fr\/\"},{\"@type\":\"ListItem\",\"position\":2,\"name\":\"Vendredi 22 juillet\"}]},{\"@type\":\"WebSite\",\"@id\":\"https:\/\/musiqueenchemin.fr\/#website\",\"url\":\"https:\/\/musiqueenchemin.fr\/\",\"name\":\"Musique en Chemin\",\"description\":\"Saison &amp; Festival\",\"publisher\":{\"@id\":\"https:\/\/musiqueenchemin.fr\/#organization\"},\"potentialAction\":[{\"@type\":\"SearchAction\",\"target\":{\"@type\":\"EntryPoint\",\"urlTemplate\":\"https:\/\/musiqueenchemin.fr\/?s={search_term_string}\"},\"query-input\":{\"@type\":\"PropertyValueSpecification\",\"valueRequired\":true,\"valueName\":\"search_term_string\"}}],\"inLanguage\":\"fr-FR\"},{\"@type\":\"Organization\",\"@id\":\"https:\/\/musiqueenchemin.fr\/#organization\",\"name\":\"Musique en Chemin\",\"url\":\"https:\/\/musiqueenchemin.fr\/\",\"logo\":{\"@type\":\"ImageObject\",\"inLanguage\":\"fr-FR\",\"@id\":\"https:\/\/musiqueenchemin.fr\/#\/schema\/logo\/image\/\",\"url\":\"http:\/\/musiqueenchemin.fr\/wp-content\/uploads\/2024\/03\/huppe-jaune-2024.png\",\"contentUrl\":\"http:\/\/musiqueenchemin.fr\/wp-content\/uploads\/2024\/03\/huppe-jaune-2024.png\",\"width\":560,\"height\":387,\"caption\":\"Musique en Chemin\"},\"image\":{\"@id\":\"https:\/\/musiqueenchemin.fr\/#\/schema\/logo\/image\/\"}},{\"@type\":\"Person\",\"@id\":\"https:\/\/musiqueenchemin.fr\/#\/schema\/person\/6c4caa9d003e40448be270fea1e3cbff\",\"name\":\"Musique en Chemin\",\"image\":{\"@type\":\"ImageObject\",\"inLanguage\":\"fr-FR\",\"@id\":\"https:\/\/musiqueenchemin.fr\/#\/schema\/person\/image\/\",\"url\":\"https:\/\/secure.gravatar.com\/avatar\/7b1be4a90bcc64c58111b64ffe668b413f96ab86aad982e7fdacac32cefcb4ec?s=96&d=mm&r=g\",\"contentUrl\":\"https:\/\/secure.gravatar.com\/avatar\/7b1be4a90bcc64c58111b64ffe668b413f96ab86aad982e7fdacac32cefcb4ec?s=96&d=mm&r=g\",\"caption\":\"Musique en Chemin\"},\"url\":\"https:\/\/musiqueenchemin.fr\/index.php\/author\/chem\/\"}]}<\/script>\n<!-- \/ Yoast SEO plugin. -->","yoast_head_json":{"title":"Vendredi 22 juillet - Musique en Chemin","robots":{"index":"index","follow":"follow","max-snippet":"max-snippet:-1","max-image-preview":"max-image-preview:large","max-video-preview":"max-video-preview:-1"},"canonical":"http:\/\/musiqueenchemin.fr\/index.php\/2016\/04\/29\/vendredi-22-juillet\/","og_locale":"fr_FR","og_type":"article","og_title":"Vendredi 22 juillet - Musique en Chemin","og_description":"17h \u2022 Clo\u00eetre Concert interactif David Chevallier, guitare &#038; S\u00e9bastien Boisseau, contrebasse Musique improvis\u00e9e et \u00e9coute active Dur\u00e9e : 1 heure &#8211; Tarif B \u2022 R\u00e9servez ! 19h \u2022 Espace festival Mise en oreille Avec la pianiste C\u00e9lim\u00e8ne Daudet Dur\u00e9e : 40 minutes &#8211; Entr\u00e9e libre \u00c0 partir de 19h \u2022 Espace festival Ap\u00e9ritif et [&hellip;]","og_url":"http:\/\/musiqueenchemin.fr\/index.php\/2016\/04\/29\/vendredi-22-juillet\/","og_site_name":"Musique en Chemin","article_published_time":"2016-04-29T07:43:50+00:00","article_modified_time":"2016-05-01T10:06:11+00:00","og_image":[{"url":"http:\/\/musiqueenchemin.fr\/wp-content\/uploads\/2016\/05\/D_Chevallier@Annabelle-Tiaffay-300x200.jpg","type":"","width":"","height":""}],"author":"Musique en Chemin","twitter_card":"summary_large_image","twitter_misc":{"\u00c9crit par":"Musique en Chemin"},"schema":{"@context":"https:\/\/schema.org","@graph":[{"@type":"Article","@id":"http:\/\/musiqueenchemin.fr\/index.php\/2016\/04\/29\/vendredi-22-juillet\/#article","isPartOf":{"@id":"http:\/\/musiqueenchemin.fr\/index.php\/2016\/04\/29\/vendredi-22-juillet\/"},"author":{"name":"Musique en Chemin","@id":"https:\/\/musiqueenchemin.fr\/#\/schema\/person\/6c4caa9d003e40448be270fea1e3cbff"},"headline":"Vendredi 22 juillet","datePublished":"2016-04-29T07:43:50+00:00","dateModified":"2016-05-01T10:06:11+00:00","mainEntityOfPage":{"@id":"http:\/\/musiqueenchemin.fr\/index.php\/2016\/04\/29\/vendredi-22-juillet\/"},"wordCount":100,"publisher":{"@id":"https:\/\/musiqueenchemin.fr\/#organization"},"image":{"@id":"http:\/\/musiqueenchemin.fr\/index.php\/2016\/04\/29\/vendredi-22-juillet\/#primaryimage"},"thumbnailUrl":"http:\/\/musiqueenchemin.fr\/wp-content\/uploads\/2016\/05\/D_Chevallier@Annabelle-Tiaffay-300x200.jpg","articleSection":["Festival"],"inLanguage":"fr-FR"},{"@type":"WebPage","@id":"http:\/\/musiqueenchemin.fr\/index.php\/2016\/04\/29\/vendredi-22-juillet\/","url":"http:\/\/musiqueenchemin.fr\/index.php\/2016\/04\/29\/vendredi-22-juillet\/","name":"Vendredi 22 juillet - Musique en Chemin","isPartOf":{"@id":"https:\/\/musiqueenchemin.fr\/#website"},"primaryImageOfPage":{"@id":"http:\/\/musiqueenchemin.fr\/index.php\/2016\/04\/29\/vendredi-22-juillet\/#primaryimage"},"image":{"@id":"http:\/\/musiqueenchemin.fr\/index.php\/2016\/04\/29\/vendredi-22-juillet\/#primaryimage"},"thumbnailUrl":"http:\/\/musiqueenchemin.fr\/wp-content\/uploads\/2016\/05\/D_Chevallier@Annabelle-Tiaffay-300x200.jpg","datePublished":"2016-04-29T07:43:50+00:00","dateModified":"2016-05-01T10:06:11+00:00","breadcrumb":{"@id":"http:\/\/musiqueenchemin.fr\/index.php\/2016\/04\/29\/vendredi-22-juillet\/#breadcrumb"},"inLanguage":"fr-FR","potentialAction":[{"@type":"ReadAction","target":["http:\/\/musiqueenchemin.fr\/index.php\/2016\/04\/29\/vendredi-22-juillet\/"]}]},{"@type":"ImageObject","inLanguage":"fr-FR","@id":"http:\/\/musiqueenchemin.fr\/index.php\/2016\/04\/29\/vendredi-22-juillet\/#primaryimage","url":"https:\/\/musiqueenchemin.fr\/wp-content\/uploads\/2016\/05\/D_Chevallier@Annabelle-Tiaffay.jpg","contentUrl":"https:\/\/musiqueenchemin.fr\/wp-content\/uploads\/2016\/05\/D_Chevallier@Annabelle-Tiaffay.jpg","width":5760,"height":3840},{"@type":"BreadcrumbList","@id":"http:\/\/musiqueenchemin.fr\/index.php\/2016\/04\/29\/vendredi-22-juillet\/#breadcrumb","itemListElement":[{"@type":"ListItem","position":1,"name":"Accueil","item":"https:\/\/musiqueenchemin.fr\/"},{"@type":"ListItem","position":2,"name":"Vendredi 22 juillet"}]},{"@type":"WebSite","@id":"https:\/\/musiqueenchemin.fr\/#website","url":"https:\/\/musiqueenchemin.fr\/","name":"Musique en Chemin","description":"Saison &amp; Festival","publisher":{"@id":"https:\/\/musiqueenchemin.fr\/#organization"},"potentialAction":[{"@type":"SearchAction","target":{"@type":"EntryPoint","urlTemplate":"https:\/\/musiqueenchemin.fr\/?s={search_term_string}"},"query-input":{"@type":"PropertyValueSpecification","valueRequired":true,"valueName":"search_term_string"}}],"inLanguage":"fr-FR"},{"@type":"Organization","@id":"https:\/\/musiqueenchemin.fr\/#organization","name":"Musique en Chemin","url":"https:\/\/musiqueenchemin.fr\/","logo":{"@type":"ImageObject","inLanguage":"fr-FR","@id":"https:\/\/musiqueenchemin.fr\/#\/schema\/logo\/image\/","url":"http:\/\/musiqueenchemin.fr\/wp-content\/uploads\/2024\/03\/huppe-jaune-2024.png","contentUrl":"http:\/\/musiqueenchemin.fr\/wp-content\/uploads\/2024\/03\/huppe-jaune-2024.png","width":560,"height":387,"caption":"Musique en Chemin"},"image":{"@id":"https:\/\/musiqueenchemin.fr\/#\/schema\/logo\/image\/"}},{"@type":"Person","@id":"https:\/\/musiqueenchemin.fr\/#\/schema\/person\/6c4caa9d003e40448be270fea1e3cbff","name":"Musique en Chemin","image":{"@type":"ImageObject","inLanguage":"fr-FR","@id":"https:\/\/musiqueenchemin.fr\/#\/schema\/person\/image\/","url":"https:\/\/secure.gravatar.com\/avatar\/7b1be4a90bcc64c58111b64ffe668b413f96ab86aad982e7fdacac32cefcb4ec?s=96&d=mm&r=g","contentUrl":"https:\/\/secure.gravatar.com\/avatar\/7b1be4a90bcc64c58111b64ffe668b413f96ab86aad982e7fdacac32cefcb4ec?s=96&d=mm&r=g","caption":"Musique en Chemin"},"url":"https:\/\/musiqueenchemin.fr\/index.php\/author\/chem\/"}]}},"_links":{"self":[{"href":"https:\/\/musiqueenchemin.fr\/index.php\/wp-json\/wp\/v2\/posts\/259","targetHints":{"allow":["GET"]}}],"collection":[{"href":"https:\/\/musiqueenchemin.fr\/index.php\/wp-json\/wp\/v2\/posts"}],"about":[{"href":"https:\/\/musiqueenchemin.fr\/index.php\/wp-json\/wp\/v2\/types\/post"}],"author":[{"embeddable":true,"href":"https:\/\/musiqueenchemin.fr\/index.php\/wp-json\/wp\/v2\/users\/1"}],"replies":[{"embeddable":true,"href":"https:\/\/musiqueenchemin.fr\/index.php\/wp-json\/wp\/v2\/comments?post=259"}],"version-history":[{"count":4,"href":"https:\/\/musiqueenchemin.fr\/index.php\/wp-json\/wp\/v2\/posts\/259\/revisions"}],"predecessor-version":[{"id":544,"href":"https:\/\/musiqueenchemin.fr\/index.php\/wp-json\/wp\/v2\/posts\/259\/revisions\/544"}],"wp:attachment":[{"href":"https:\/\/musiqueenchemin.fr\/index.php\/wp-json\/wp\/v2\/media?parent=259"}],"wp:term":[{"taxonomy":"category","embeddable":true,"href":"https:\/\/musiqueenchemin.fr\/index.php\/wp-json\/wp\/v2\/categories?post=259"},{"taxonomy":"post_tag","embeddable":true,"href":"https:\/\/musiqueenchemin.fr\/index.php\/wp-json\/wp\/v2\/tags?post=259"}],"curies":[{"name":"wp","href":"https:\/\/api.w.org\/{rel}","templated":true}]}}