{"id":287,"date":"2016-04-29T09:23:05","date_gmt":"2016-04-29T08:23:05","guid":{"rendered":"http:\/\/musiqueenchemin.fr\/blog\/?p=287"},"modified":"2016-08-01T09:32:22","modified_gmt":"2016-08-01T08:32:22","slug":"les-dates-de-la-saison","status":"publish","type":"post","link":"https:\/\/musiqueenchemin.fr\/index.php\/2016\/04\/29\/les-dates-de-la-saison\/","title":{"rendered":"Les dates de la saison"},"content":{"rendered":"<ul>\n<li>Jeudi 5 mai<\/li>\n<\/ul>\n<h4>D\u00e9part \u00e0 9h \/ Ch\u00e2teau de Flamarens<\/h4>\n<h3><a href=\"http:\/\/musiqueenchemin.fr\/index.php\/2016\/04\/29\/balade-gourmande-et-musicale\/\">Balade gourmande et musicale<\/a><\/h3>\n<p><img loading=\"lazy\" decoding=\"async\" class=\"alignnone size-medium wp-image-382\" src=\"http:\/\/musiqueenchemin.fr\/wp-content\/uploads\/2016\/04\/chateau-de-Flamarens-2015-300x225.jpeg\" alt=\"chateau de Flamarens 2015\" width=\"300\" height=\"225\" srcset=\"https:\/\/musiqueenchemin.fr\/wp-content\/uploads\/2016\/04\/chateau-de-Flamarens-2015-300x225.jpeg 300w, https:\/\/musiqueenchemin.fr\/wp-content\/uploads\/2016\/04\/chateau-de-Flamarens-2015.jpeg 320w\" sizes=\"auto, (max-width: 300px) 100vw, 300px\" \/><\/p>\n<hr \/>\n<ul>\n<li>Du 10 au 21 mai &#8211; exposition prolong\u00e9e jusqu&#8217;au 28 mai<\/li>\n<\/ul>\n<h4>M\u00e9diath\u00e8que de Samatan<\/h4>\n<h3><a href=\"http:\/\/musiqueenchemin.fr\/index.php\/2016\/04\/29\/exposition-femininmasculin\/\">Exposition F\u00e9minin\/Masculin<\/a><\/h3>\n<p><img loading=\"lazy\" decoding=\"async\" class=\"alignnone size-medium wp-image-410\" src=\"http:\/\/musiqueenchemin.fr\/wp-content\/uploads\/2016\/04\/IMG_0388-300x200.jpg\" alt=\"IMG_0388\" width=\"300\" height=\"200\" srcset=\"https:\/\/musiqueenchemin.fr\/wp-content\/uploads\/2016\/04\/IMG_0388-300x200.jpg 300w, https:\/\/musiqueenchemin.fr\/wp-content\/uploads\/2016\/04\/IMG_0388-768x512.jpg 768w, https:\/\/musiqueenchemin.fr\/wp-content\/uploads\/2016\/04\/IMG_0388-1024x683.jpg 1024w, https:\/\/musiqueenchemin.fr\/wp-content\/uploads\/2016\/04\/IMG_0388-600x400.jpg 600w, https:\/\/musiqueenchemin.fr\/wp-content\/uploads\/2016\/04\/IMG_0388-820x547.jpg 820w\" sizes=\"auto, (max-width: 300px) 100vw, 300px\" \/><\/p>\n<hr \/>\n<ul>\n<li>Samedi 21 mai<\/li>\n<\/ul>\n<h4>21h \/ Halle aux Grains de Samatan<\/h4>\n<h3><a href=\"http:\/\/musiqueenchemin.fr\/index.php\/2016\/04\/29\/concert-ces-liens-dor\/\">Concert Ces Liens d\u2019Or<\/a><\/h3>\n<p><img loading=\"lazy\" decoding=\"async\" class=\"alignnone size-medium wp-image-420\" src=\"http:\/\/musiqueenchemin.fr\/wp-content\/uploads\/2016\/04\/LaMainHarmonique-9984-300x200.jpg\" alt=\"LaMainHarmonique-9984\" width=\"300\" height=\"200\" srcset=\"https:\/\/musiqueenchemin.fr\/wp-content\/uploads\/2016\/04\/LaMainHarmonique-9984-300x200.jpg 300w, https:\/\/musiqueenchemin.fr\/wp-content\/uploads\/2016\/04\/LaMainHarmonique-9984-768x512.jpg 768w, https:\/\/musiqueenchemin.fr\/wp-content\/uploads\/2016\/04\/LaMainHarmonique-9984-1024x683.jpg 1024w, https:\/\/musiqueenchemin.fr\/wp-content\/uploads\/2016\/04\/LaMainHarmonique-9984-600x400.jpg 600w, https:\/\/musiqueenchemin.fr\/wp-content\/uploads\/2016\/04\/LaMainHarmonique-9984-820x547.jpg 820w\" sizes=\"auto, (max-width: 300px) 100vw, 300px\" \/><\/p>\n<hr \/>\n<ul>\n<li>Samedi 28 mai<\/li>\n<\/ul>\n<h4>18h30 \/ Coll\u00e9giale de La Romieu<\/h4>\n<h3><a href=\"http:\/\/musiqueenchemin.fr\/index.php\/2016\/04\/30\/des-voix-a-la-collegiale-de-la-romieu\/\">Des Voix \u00e0 la Coll\u00e9giale de La Romieu<\/a><\/h3>\n<p><img loading=\"lazy\" decoding=\"async\" class=\"alignnone size-medium wp-image-462\" src=\"http:\/\/musiqueenchemin.fr\/wp-content\/uploads\/2016\/04\/130922-Photo-Ambrosia-300x221.jpg\" alt=\"130922-Photo Ambrosia\" width=\"300\" height=\"221\" srcset=\"https:\/\/musiqueenchemin.fr\/wp-content\/uploads\/2016\/04\/130922-Photo-Ambrosia-300x221.jpg 300w, https:\/\/musiqueenchemin.fr\/wp-content\/uploads\/2016\/04\/130922-Photo-Ambrosia-768x565.jpg 768w, https:\/\/musiqueenchemin.fr\/wp-content\/uploads\/2016\/04\/130922-Photo-Ambrosia-1024x753.jpg 1024w, https:\/\/musiqueenchemin.fr\/wp-content\/uploads\/2016\/04\/130922-Photo-Ambrosia-600x441.jpg 600w, https:\/\/musiqueenchemin.fr\/wp-content\/uploads\/2016\/04\/130922-Photo-Ambrosia-820x603.jpg 820w\" sizes=\"auto, (max-width: 300px) 100vw, 300px\" \/><\/p>\n<hr \/>\n<ul>\n<li>Samedi 18 juin<\/li>\n<\/ul>\n<h4>17h \/ Centre Salvandy de Condom<\/h4>\n<h3><a href=\"http:\/\/musiqueenchemin.fr\/index.php\/2016\/04\/30\/choeur-ambrosia\/\">Ch\u0153ur Ambr\u00f2sia<\/a><\/h3>\n<p><img loading=\"lazy\" decoding=\"async\" class=\"alignnone size-medium wp-image-462\" src=\"http:\/\/musiqueenchemin.fr\/wp-content\/uploads\/2016\/04\/130922-Photo-Ambrosia-300x221.jpg\" alt=\"130922-Photo Ambrosia\" width=\"300\" height=\"221\" srcset=\"https:\/\/musiqueenchemin.fr\/wp-content\/uploads\/2016\/04\/130922-Photo-Ambrosia-300x221.jpg 300w, https:\/\/musiqueenchemin.fr\/wp-content\/uploads\/2016\/04\/130922-Photo-Ambrosia-768x565.jpg 768w, https:\/\/musiqueenchemin.fr\/wp-content\/uploads\/2016\/04\/130922-Photo-Ambrosia-1024x753.jpg 1024w, https:\/\/musiqueenchemin.fr\/wp-content\/uploads\/2016\/04\/130922-Photo-Ambrosia-600x441.jpg 600w, https:\/\/musiqueenchemin.fr\/wp-content\/uploads\/2016\/04\/130922-Photo-Ambrosia-820x603.jpg 820w\" sizes=\"auto, (max-width: 300px) 100vw, 300px\" \/><\/p>\n<hr \/>\n<ul>\n<li>Dimanche 26 juin<\/li>\n<\/ul>\n<h4>matin \/ Eauze<\/h4>\n<h3><a href=\"http:\/\/musiqueenchemin.fr\/index.php\/2016\/05\/01\/trio-madamicella\/\">Trio Madamicella<\/a><\/h3>\n<hr \/>\n<ul>\n<li>Dimanche 3 juillet<\/li>\n<\/ul>\n<h4>11h \/ Condom<\/h4>\n<h3><a href=\"http:\/\/musiqueenchemin.fr\/index.php\/2016\/05\/01\/le-souffle-du-bandoneon\/\">Le souffle du bandon\u00e9on<\/a><\/h3>\n<p><img loading=\"lazy\" decoding=\"async\" class=\"alignnone size-medium wp-image-590\" src=\"http:\/\/musiqueenchemin.fr\/wp-content\/uploads\/2016\/05\/MARCELO-MERCADANTE-by-Fernando-Prats-300x199.jpg\" alt=\"MARCELO MERCADANTE by Fernando Prats\" width=\"300\" height=\"199\" srcset=\"https:\/\/musiqueenchemin.fr\/wp-content\/uploads\/2016\/05\/MARCELO-MERCADANTE-by-Fernando-Prats-300x199.jpg 300w, https:\/\/musiqueenchemin.fr\/wp-content\/uploads\/2016\/05\/MARCELO-MERCADANTE-by-Fernando-Prats-768x509.jpg 768w, https:\/\/musiqueenchemin.fr\/wp-content\/uploads\/2016\/05\/MARCELO-MERCADANTE-by-Fernando-Prats-1024x678.jpg 1024w, https:\/\/musiqueenchemin.fr\/wp-content\/uploads\/2016\/05\/MARCELO-MERCADANTE-by-Fernando-Prats-600x400.jpg 600w, https:\/\/musiqueenchemin.fr\/wp-content\/uploads\/2016\/05\/MARCELO-MERCADANTE-by-Fernando-Prats-820x543.jpg 820w, https:\/\/musiqueenchemin.fr\/wp-content\/uploads\/2016\/05\/MARCELO-MERCADANTE-by-Fernando-Prats.jpg 2000w\" sizes=\"auto, (max-width: 300px) 100vw, 300px\" \/><\/p>\n<hr \/>\n<ul>\n<li>Samedi 17 septembre<\/li>\n<\/ul>\n<h4>11h \/ La Romieu<\/h4>\n<h3><a href=\"http:\/\/musiqueenchemin.fr\/index.php\/2016\/05\/01\/croisee-des-voix-a-la-romieu\/\">La Crois\u00e9e des Voix<\/a><\/h3>\n<p><img loading=\"lazy\" decoding=\"async\" class=\"alignnone size-medium wp-image-598\" src=\"http:\/\/musiqueenchemin.fr\/wp-content\/uploads\/2016\/05\/Lutrin2-300x200.jpg\" alt=\"Lutrin2\" width=\"300\" height=\"200\" srcset=\"https:\/\/musiqueenchemin.fr\/wp-content\/uploads\/2016\/05\/Lutrin2-300x200.jpg 300w, https:\/\/musiqueenchemin.fr\/wp-content\/uploads\/2016\/05\/Lutrin2-768x512.jpg 768w, https:\/\/musiqueenchemin.fr\/wp-content\/uploads\/2016\/05\/Lutrin2-1024x683.jpg 1024w, https:\/\/musiqueenchemin.fr\/wp-content\/uploads\/2016\/05\/Lutrin2-600x400.jpg 600w, https:\/\/musiqueenchemin.fr\/wp-content\/uploads\/2016\/05\/Lutrin2-820x547.jpg 820w\" sizes=\"auto, (max-width: 300px) 100vw, 300px\" \/><\/p>\n<hr \/>\n<ul>\n<li>Du 25 au 29 octobre<\/li>\n<\/ul>\n<h4>Th\u00e9\u00e2tre des Carmes de Condom<\/h4>\n<h3><a href=\"http:\/\/musiqueenchemin.fr\/index.php\/2016\/05\/01\/musique-sacree-a-venise-stage\/\">Musique sacr\u00e9e \u00e0 Venise &#8211; Stage<\/a><\/h3>\n<p><img loading=\"lazy\" decoding=\"async\" class=\"size-medium wp-image-609\" src=\"http:\/\/musiqueenchemin.fr\/wp-content\/uploads\/2016\/05\/F.Betous_La-Main-Harmonique-300x199.jpg\" alt=\"DDM DEPECHE DU MIDI - 32000 AUCH FRANCE - \u00a9 Photos DDM Pierre VIGNAUX- 32260 Orn\u00e9zan (France) T\u00e9l:06.70.00.73.54 E.mail: pierre.vignaux@libertysurf.fr _______________________________________ MARCIAC GERS \u00e0 l'Astrada le venderedi 02 mars 2012 LA MAIN HARMONIQUE Nadia Lavoyer soprano Anne-Laure Touya mezzo-soprano Yann Rolland contre-t\u00e9nor Edouard Hazebrouck t\u00e9nor Branislav Racik t\u00e9nor Didier Chevalier baryton Philippe Roche basse Pau Marcos Vicens dessus de viole Myriam Rignol t\u00e9nor de viole Mathilde Vialle basse de viole Fr\u00e9d\u00e9ric B\u00e9tous direction musicale\" width=\"300\" height=\"199\" srcset=\"https:\/\/musiqueenchemin.fr\/wp-content\/uploads\/2016\/05\/F.Betous_La-Main-Harmonique-300x199.jpg 300w, https:\/\/musiqueenchemin.fr\/wp-content\/uploads\/2016\/05\/F.Betous_La-Main-Harmonique-768x510.jpg 768w, https:\/\/musiqueenchemin.fr\/wp-content\/uploads\/2016\/05\/F.Betous_La-Main-Harmonique-1024x680.jpg 1024w, https:\/\/musiqueenchemin.fr\/wp-content\/uploads\/2016\/05\/F.Betous_La-Main-Harmonique-600x400.jpg 600w, https:\/\/musiqueenchemin.fr\/wp-content\/uploads\/2016\/05\/F.Betous_La-Main-Harmonique-820x545.jpg 820w\" sizes=\"auto, (max-width: 300px) 100vw, 300px\" \/><\/p>\n<hr \/>\n<ul>\n<li>Du 8 au 30 novembre<\/li>\n<\/ul>\n<h4>M\u00e9diath\u00e8que de Lectoure<\/h4>\n<h3><a href=\"http:\/\/musiqueenchemin.fr\/index.php\/2016\/04\/29\/exposition-femininmasculin\/\">Exposition F\u00e9minin\/Masculin<\/a><\/h3>\n<p><img loading=\"lazy\" decoding=\"async\" class=\"alignnone size-medium wp-image-410\" src=\"http:\/\/musiqueenchemin.fr\/wp-content\/uploads\/2016\/04\/IMG_0388-300x200.jpg\" alt=\"IMG_0388\" width=\"300\" height=\"200\" srcset=\"https:\/\/musiqueenchemin.fr\/wp-content\/uploads\/2016\/04\/IMG_0388-300x200.jpg 300w, https:\/\/musiqueenchemin.fr\/wp-content\/uploads\/2016\/04\/IMG_0388-768x512.jpg 768w, https:\/\/musiqueenchemin.fr\/wp-content\/uploads\/2016\/04\/IMG_0388-1024x683.jpg 1024w, https:\/\/musiqueenchemin.fr\/wp-content\/uploads\/2016\/04\/IMG_0388-600x400.jpg 600w, https:\/\/musiqueenchemin.fr\/wp-content\/uploads\/2016\/04\/IMG_0388-820x547.jpg 820w\" sizes=\"auto, (max-width: 300px) 100vw, 300px\" \/><\/p>\n<hr \/>\n<ul>\n<li>Mardi 27 d\u00e9cembre<\/li>\n<\/ul>\n<h4>17h \/ Ch\u00e2teau de Flamarens<\/h4>\n<h3><a href=\"http:\/\/musiqueenchemin.fr\/index.php\/2016\/05\/02\/a-voce-sola\/\">A Voce Sola<\/a><\/h3>\n<p><img loading=\"lazy\" decoding=\"async\" class=\"alignnone size-medium wp-image-648\" src=\"http:\/\/musiqueenchemin.fr\/wp-content\/uploads\/2016\/05\/IMG_6601-300x200.jpg\" alt=\"IMG_6601\" width=\"300\" height=\"200\" srcset=\"https:\/\/musiqueenchemin.fr\/wp-content\/uploads\/2016\/05\/IMG_6601-300x200.jpg 300w, https:\/\/musiqueenchemin.fr\/wp-content\/uploads\/2016\/05\/IMG_6601-768x512.jpg 768w, https:\/\/musiqueenchemin.fr\/wp-content\/uploads\/2016\/05\/IMG_6601-1024x683.jpg 1024w, https:\/\/musiqueenchemin.fr\/wp-content\/uploads\/2016\/05\/IMG_6601-600x400.jpg 600w, https:\/\/musiqueenchemin.fr\/wp-content\/uploads\/2016\/05\/IMG_6601-820x547.jpg 820w\" sizes=\"auto, (max-width: 300px) 100vw, 300px\" \/><\/p>\n<hr \/>\n","protected":false},"excerpt":{"rendered":"<p>Jeudi 5 mai D\u00e9part \u00e0 9h \/ Ch\u00e2teau de Flamarens Balade gourmande et musicale Du 10 au 21 mai &#8211; exposition prolong\u00e9e jusqu&#8217;au 28 mai M\u00e9diath\u00e8que de Samatan Exposition F\u00e9minin\/Masculin Samedi 21 mai 21h \/ Halle aux Grains de Samatan [&hellip;]<\/p>\n","protected":false},"author":1,"featured_media":0,"comment_status":"closed","ping_status":"closed","sticky":false,"template":"","format":"standard","meta":{"cwp_meta_box_check":"","cwp_rev_product_name":"","cwp_rev_product_image":"","wppr_links":[],"cwp_rev_price":"","wppr_options":[],"wppr_pros":[],"wppr_cons":[],"footnotes":""},"categories":[1],"tags":[],"class_list":["post-287","post","type-post","status-publish","format-standard","hentry","category-non-classe"],"wppr_data":[],"yoast_head":"<!-- This site is optimized with the Yoast SEO plugin v25.0 - https:\/\/yoast.com\/wordpress\/plugins\/seo\/ -->\n<title>Les dates de la saison -<\/title>\n<meta name=\"robots\" content=\"index, follow, max-snippet:-1, max-image-preview:large, max-video-preview:-1\" \/>\n<link rel=\"canonical\" href=\"https:\/\/musiqueenchemin.fr\/index.php\/2016\/04\/29\/les-dates-de-la-saison\/\" \/>\n<meta property=\"og:locale\" content=\"fr_FR\" \/>\n<meta property=\"og:type\" content=\"article\" \/>\n<meta property=\"og:title\" content=\"Les dates de la saison -\" \/>\n<meta property=\"og:description\" content=\"Jeudi 5 mai D\u00e9part \u00e0 9h \/ Ch\u00e2teau de Flamarens Balade gourmande et musicale Du 10 au 21 mai &#8211; exposition prolong\u00e9e jusqu&#8217;au 28 mai M\u00e9diath\u00e8que de Samatan Exposition F\u00e9minin\/Masculin Samedi 21 mai 21h \/ Halle aux Grains de Samatan [&hellip;]\" \/>\n<meta property=\"og:url\" content=\"https:\/\/musiqueenchemin.fr\/index.php\/2016\/04\/29\/les-dates-de-la-saison\/\" \/>\n<meta property=\"article:published_time\" content=\"2016-04-29T08:23:05+00:00\" \/>\n<meta property=\"article:modified_time\" content=\"2016-08-01T08:32:22+00:00\" \/>\n<meta property=\"og:image\" content=\"http:\/\/musiqueenchemin.fr\/wp-content\/uploads\/2016\/04\/chateau-de-Flamarens-2015-300x225.jpeg\" \/>\n<meta name=\"author\" content=\"Musique en Chemin\" \/>\n<meta name=\"twitter:card\" content=\"summary_large_image\" \/>\n<meta name=\"twitter:label1\" content=\"\u00c9crit par\" \/>\n\t<meta name=\"twitter:data1\" content=\"Musique en Chemin\" \/>\n\t<meta name=\"twitter:label2\" content=\"Dur\u00e9e de lecture estim\u00e9e\" \/>\n\t<meta name=\"twitter:data2\" content=\"1 minute\" \/>\n<script type=\"application\/ld+json\" class=\"yoast-schema-graph\">{\"@context\":\"https:\/\/schema.org\",\"@graph\":[{\"@type\":\"Article\",\"@id\":\"https:\/\/musiqueenchemin.fr\/index.php\/2016\/04\/29\/les-dates-de-la-saison\/#article\",\"isPartOf\":{\"@id\":\"https:\/\/musiqueenchemin.fr\/index.php\/2016\/04\/29\/les-dates-de-la-saison\/\"},\"author\":{\"name\":\"Musique en Chemin\",\"@id\":\"https:\/\/musiqueenchemin.fr\/#\/schema\/person\/6c4caa9d003e40448be270fea1e3cbff\"},\"headline\":\"Les dates de la saison\",\"datePublished\":\"2016-04-29T08:23:05+00:00\",\"dateModified\":\"2016-08-01T08:32:22+00:00\",\"mainEntityOfPage\":{\"@id\":\"https:\/\/musiqueenchemin.fr\/index.php\/2016\/04\/29\/les-dates-de-la-saison\/\"},\"wordCount\":139,\"publisher\":{\"@id\":\"https:\/\/musiqueenchemin.fr\/#organization\"},\"image\":{\"@id\":\"https:\/\/musiqueenchemin.fr\/index.php\/2016\/04\/29\/les-dates-de-la-saison\/#primaryimage\"},\"thumbnailUrl\":\"http:\/\/musiqueenchemin.fr\/wp-content\/uploads\/2016\/04\/chateau-de-Flamarens-2015-300x225.jpeg\",\"inLanguage\":\"fr-FR\"},{\"@type\":\"WebPage\",\"@id\":\"https:\/\/musiqueenchemin.fr\/index.php\/2016\/04\/29\/les-dates-de-la-saison\/\",\"url\":\"https:\/\/musiqueenchemin.fr\/index.php\/2016\/04\/29\/les-dates-de-la-saison\/\",\"name\":\"Les dates de la saison -\",\"isPartOf\":{\"@id\":\"https:\/\/musiqueenchemin.fr\/#website\"},\"primaryImageOfPage\":{\"@id\":\"https:\/\/musiqueenchemin.fr\/index.php\/2016\/04\/29\/les-dates-de-la-saison\/#primaryimage\"},\"image\":{\"@id\":\"https:\/\/musiqueenchemin.fr\/index.php\/2016\/04\/29\/les-dates-de-la-saison\/#primaryimage\"},\"thumbnailUrl\":\"http:\/\/musiqueenchemin.fr\/wp-content\/uploads\/2016\/04\/chateau-de-Flamarens-2015-300x225.jpeg\",\"datePublished\":\"2016-04-29T08:23:05+00:00\",\"dateModified\":\"2016-08-01T08:32:22+00:00\",\"breadcrumb\":{\"@id\":\"https:\/\/musiqueenchemin.fr\/index.php\/2016\/04\/29\/les-dates-de-la-saison\/#breadcrumb\"},\"inLanguage\":\"fr-FR\",\"potentialAction\":[{\"@type\":\"ReadAction\",\"target\":[\"https:\/\/musiqueenchemin.fr\/index.php\/2016\/04\/29\/les-dates-de-la-saison\/\"]}]},{\"@type\":\"ImageObject\",\"inLanguage\":\"fr-FR\",\"@id\":\"https:\/\/musiqueenchemin.fr\/index.php\/2016\/04\/29\/les-dates-de-la-saison\/#primaryimage\",\"url\":\"https:\/\/musiqueenchemin.fr\/wp-content\/uploads\/2016\/04\/chateau-de-Flamarens-2015.jpeg\",\"contentUrl\":\"https:\/\/musiqueenchemin.fr\/wp-content\/uploads\/2016\/04\/chateau-de-Flamarens-2015.jpeg\",\"width\":320,\"height\":240},{\"@type\":\"BreadcrumbList\",\"@id\":\"https:\/\/musiqueenchemin.fr\/index.php\/2016\/04\/29\/les-dates-de-la-saison\/#breadcrumb\",\"itemListElement\":[{\"@type\":\"ListItem\",\"position\":1,\"name\":\"Accueil\",\"item\":\"https:\/\/musiqueenchemin.fr\/\"},{\"@type\":\"ListItem\",\"position\":2,\"name\":\"Les dates de la saison\"}]},{\"@type\":\"WebSite\",\"@id\":\"https:\/\/musiqueenchemin.fr\/#website\",\"url\":\"https:\/\/musiqueenchemin.fr\/\",\"name\":\"Musique en Chemin\",\"description\":\"\",\"publisher\":{\"@id\":\"https:\/\/musiqueenchemin.fr\/#organization\"},\"potentialAction\":[{\"@type\":\"SearchAction\",\"target\":{\"@type\":\"EntryPoint\",\"urlTemplate\":\"https:\/\/musiqueenchemin.fr\/?s={search_term_string}\"},\"query-input\":{\"@type\":\"PropertyValueSpecification\",\"valueRequired\":true,\"valueName\":\"search_term_string\"}}],\"inLanguage\":\"fr-FR\"},{\"@type\":\"Organization\",\"@id\":\"https:\/\/musiqueenchemin.fr\/#organization\",\"name\":\"Musique en Chemin\",\"url\":\"https:\/\/musiqueenchemin.fr\/\",\"logo\":{\"@type\":\"ImageObject\",\"inLanguage\":\"fr-FR\",\"@id\":\"https:\/\/musiqueenchemin.fr\/#\/schema\/logo\/image\/\",\"url\":\"http:\/\/musiqueenchemin.fr\/wp-content\/uploads\/2024\/03\/huppe-jaune-2024.png\",\"contentUrl\":\"http:\/\/musiqueenchemin.fr\/wp-content\/uploads\/2024\/03\/huppe-jaune-2024.png\",\"width\":560,\"height\":387,\"caption\":\"Musique en Chemin\"},\"image\":{\"@id\":\"https:\/\/musiqueenchemin.fr\/#\/schema\/logo\/image\/\"}},{\"@type\":\"Person\",\"@id\":\"https:\/\/musiqueenchemin.fr\/#\/schema\/person\/6c4caa9d003e40448be270fea1e3cbff\",\"name\":\"Musique en Chemin\",\"image\":{\"@type\":\"ImageObject\",\"inLanguage\":\"fr-FR\",\"@id\":\"https:\/\/musiqueenchemin.fr\/#\/schema\/person\/image\/\",\"url\":\"https:\/\/secure.gravatar.com\/avatar\/7b1be4a90bcc64c58111b64ffe668b413f96ab86aad982e7fdacac32cefcb4ec?s=96&d=mm&r=g\",\"contentUrl\":\"https:\/\/secure.gravatar.com\/avatar\/7b1be4a90bcc64c58111b64ffe668b413f96ab86aad982e7fdacac32cefcb4ec?s=96&d=mm&r=g\",\"caption\":\"Musique en Chemin\"},\"url\":\"https:\/\/musiqueenchemin.fr\/index.php\/author\/chem\/\"}]}<\/script>\n<!-- \/ Yoast SEO plugin. -->","yoast_head_json":{"title":"Les dates de la saison -","robots":{"index":"index","follow":"follow","max-snippet":"max-snippet:-1","max-image-preview":"max-image-preview:large","max-video-preview":"max-video-preview:-1"},"canonical":"https:\/\/musiqueenchemin.fr\/index.php\/2016\/04\/29\/les-dates-de-la-saison\/","og_locale":"fr_FR","og_type":"article","og_title":"Les dates de la saison -","og_description":"Jeudi 5 mai D\u00e9part \u00e0 9h \/ Ch\u00e2teau de Flamarens Balade gourmande et musicale Du 10 au 21 mai &#8211; exposition prolong\u00e9e jusqu&#8217;au 28 mai M\u00e9diath\u00e8que de Samatan Exposition F\u00e9minin\/Masculin Samedi 21 mai 21h \/ Halle aux Grains de Samatan [&hellip;]","og_url":"https:\/\/musiqueenchemin.fr\/index.php\/2016\/04\/29\/les-dates-de-la-saison\/","article_published_time":"2016-04-29T08:23:05+00:00","article_modified_time":"2016-08-01T08:32:22+00:00","og_image":[{"url":"http:\/\/musiqueenchemin.fr\/wp-content\/uploads\/2016\/04\/chateau-de-Flamarens-2015-300x225.jpeg","type":"","width":"","height":""}],"author":"Musique en Chemin","twitter_card":"summary_large_image","twitter_misc":{"\u00c9crit par":"Musique en Chemin","Dur\u00e9e de lecture estim\u00e9e":"1 minute"},"schema":{"@context":"https:\/\/schema.org","@graph":[{"@type":"Article","@id":"https:\/\/musiqueenchemin.fr\/index.php\/2016\/04\/29\/les-dates-de-la-saison\/#article","isPartOf":{"@id":"https:\/\/musiqueenchemin.fr\/index.php\/2016\/04\/29\/les-dates-de-la-saison\/"},"author":{"name":"Musique en Chemin","@id":"https:\/\/musiqueenchemin.fr\/#\/schema\/person\/6c4caa9d003e40448be270fea1e3cbff"},"headline":"Les dates de la saison","datePublished":"2016-04-29T08:23:05+00:00","dateModified":"2016-08-01T08:32:22+00:00","mainEntityOfPage":{"@id":"https:\/\/musiqueenchemin.fr\/index.php\/2016\/04\/29\/les-dates-de-la-saison\/"},"wordCount":139,"publisher":{"@id":"https:\/\/musiqueenchemin.fr\/#organization"},"image":{"@id":"https:\/\/musiqueenchemin.fr\/index.php\/2016\/04\/29\/les-dates-de-la-saison\/#primaryimage"},"thumbnailUrl":"http:\/\/musiqueenchemin.fr\/wp-content\/uploads\/2016\/04\/chateau-de-Flamarens-2015-300x225.jpeg","inLanguage":"fr-FR"},{"@type":"WebPage","@id":"https:\/\/musiqueenchemin.fr\/index.php\/2016\/04\/29\/les-dates-de-la-saison\/","url":"https:\/\/musiqueenchemin.fr\/index.php\/2016\/04\/29\/les-dates-de-la-saison\/","name":"Les dates de la saison -","isPartOf":{"@id":"https:\/\/musiqueenchemin.fr\/#website"},"primaryImageOfPage":{"@id":"https:\/\/musiqueenchemin.fr\/index.php\/2016\/04\/29\/les-dates-de-la-saison\/#primaryimage"},"image":{"@id":"https:\/\/musiqueenchemin.fr\/index.php\/2016\/04\/29\/les-dates-de-la-saison\/#primaryimage"},"thumbnailUrl":"http:\/\/musiqueenchemin.fr\/wp-content\/uploads\/2016\/04\/chateau-de-Flamarens-2015-300x225.jpeg","datePublished":"2016-04-29T08:23:05+00:00","dateModified":"2016-08-01T08:32:22+00:00","breadcrumb":{"@id":"https:\/\/musiqueenchemin.fr\/index.php\/2016\/04\/29\/les-dates-de-la-saison\/#breadcrumb"},"inLanguage":"fr-FR","potentialAction":[{"@type":"ReadAction","target":["https:\/\/musiqueenchemin.fr\/index.php\/2016\/04\/29\/les-dates-de-la-saison\/"]}]},{"@type":"ImageObject","inLanguage":"fr-FR","@id":"https:\/\/musiqueenchemin.fr\/index.php\/2016\/04\/29\/les-dates-de-la-saison\/#primaryimage","url":"https:\/\/musiqueenchemin.fr\/wp-content\/uploads\/2016\/04\/chateau-de-Flamarens-2015.jpeg","contentUrl":"https:\/\/musiqueenchemin.fr\/wp-content\/uploads\/2016\/04\/chateau-de-Flamarens-2015.jpeg","width":320,"height":240},{"@type":"BreadcrumbList","@id":"https:\/\/musiqueenchemin.fr\/index.php\/2016\/04\/29\/les-dates-de-la-saison\/#breadcrumb","itemListElement":[{"@type":"ListItem","position":1,"name":"Accueil","item":"https:\/\/musiqueenchemin.fr\/"},{"@type":"ListItem","position":2,"name":"Les dates de la saison"}]},{"@type":"WebSite","@id":"https:\/\/musiqueenchemin.fr\/#website","url":"https:\/\/musiqueenchemin.fr\/","name":"Musique en Chemin","description":"","publisher":{"@id":"https:\/\/musiqueenchemin.fr\/#organization"},"potentialAction":[{"@type":"SearchAction","target":{"@type":"EntryPoint","urlTemplate":"https:\/\/musiqueenchemin.fr\/?s={search_term_string}"},"query-input":{"@type":"PropertyValueSpecification","valueRequired":true,"valueName":"search_term_string"}}],"inLanguage":"fr-FR"},{"@type":"Organization","@id":"https:\/\/musiqueenchemin.fr\/#organization","name":"Musique en Chemin","url":"https:\/\/musiqueenchemin.fr\/","logo":{"@type":"ImageObject","inLanguage":"fr-FR","@id":"https:\/\/musiqueenchemin.fr\/#\/schema\/logo\/image\/","url":"http:\/\/musiqueenchemin.fr\/wp-content\/uploads\/2024\/03\/huppe-jaune-2024.png","contentUrl":"http:\/\/musiqueenchemin.fr\/wp-content\/uploads\/2024\/03\/huppe-jaune-2024.png","width":560,"height":387,"caption":"Musique en Chemin"},"image":{"@id":"https:\/\/musiqueenchemin.fr\/#\/schema\/logo\/image\/"}},{"@type":"Person","@id":"https:\/\/musiqueenchemin.fr\/#\/schema\/person\/6c4caa9d003e40448be270fea1e3cbff","name":"Musique en Chemin","image":{"@type":"ImageObject","inLanguage":"fr-FR","@id":"https:\/\/musiqueenchemin.fr\/#\/schema\/person\/image\/","url":"https:\/\/secure.gravatar.com\/avatar\/7b1be4a90bcc64c58111b64ffe668b413f96ab86aad982e7fdacac32cefcb4ec?s=96&d=mm&r=g","contentUrl":"https:\/\/secure.gravatar.com\/avatar\/7b1be4a90bcc64c58111b64ffe668b413f96ab86aad982e7fdacac32cefcb4ec?s=96&d=mm&r=g","caption":"Musique en Chemin"},"url":"https:\/\/musiqueenchemin.fr\/index.php\/author\/chem\/"}]}},"_links":{"self":[{"href":"https:\/\/musiqueenchemin.fr\/index.php\/wp-json\/wp\/v2\/posts\/287","targetHints":{"allow":["GET"]}}],"collection":[{"href":"https:\/\/musiqueenchemin.fr\/index.php\/wp-json\/wp\/v2\/posts"}],"about":[{"href":"https:\/\/musiqueenchemin.fr\/index.php\/wp-json\/wp\/v2\/types\/post"}],"author":[{"embeddable":true,"href":"https:\/\/musiqueenchemin.fr\/index.php\/wp-json\/wp\/v2\/users\/1"}],"replies":[{"embeddable":true,"href":"https:\/\/musiqueenchemin.fr\/index.php\/wp-json\/wp\/v2\/comments?post=287"}],"version-history":[{"count":25,"href":"https:\/\/musiqueenchemin.fr\/index.php\/wp-json\/wp\/v2\/posts\/287\/revisions"}],"predecessor-version":[{"id":885,"href":"https:\/\/musiqueenchemin.fr\/index.php\/wp-json\/wp\/v2\/posts\/287\/revisions\/885"}],"wp:attachment":[{"href":"https:\/\/musiqueenchemin.fr\/index.php\/wp-json\/wp\/v2\/media?parent=287"}],"wp:term":[{"taxonomy":"category","embeddable":true,"href":"https:\/\/musiqueenchemin.fr\/index.php\/wp-json\/wp\/v2\/categories?post=287"},{"taxonomy":"post_tag","embeddable":true,"href":"https:\/\/musiqueenchemin.fr\/index.php\/wp-json\/wp\/v2\/tags?post=287"}],"curies":[{"name":"wp","href":"https:\/\/api.w.org\/{rel}","templated":true}]}}