{"id":2942,"date":"2021-05-17T12:17:28","date_gmt":"2021-05-17T11:17:28","guid":{"rendered":"http:\/\/musiqueenchemin.fr\/?p=2942"},"modified":"2021-07-19T08:14:04","modified_gmt":"2021-07-19T07:14:04","slug":"vendredi-23-juillet","status":"publish","type":"post","link":"https:\/\/musiqueenchemin.fr\/index.php\/2021\/05\/17\/vendredi-23-juillet\/","title":{"rendered":"Vendredi 23 juillet"},"content":{"rendered":"\n<h4 class=\"wp-block-heading\"><span style=\"color:#a04e58\" class=\"has-inline-color\">14h30-17h \u2013 Gymnase de La Romieu<\/span><\/h4>\n\n\n\n<h3 class=\"wp-block-heading\"><span style=\"color:#da4f46\" class=\"has-inline-color\">O\u00f9 atterrir ?<\/span><br><span style=\"color:#a04e58\" class=\"has-inline-color\">Atelier de Bruno Latour &#8211; Premi\u00e8re partie<\/span><\/h3>\n\n\n\n<figure class=\"wp-block-image size-large\"><img loading=\"lazy\" decoding=\"async\" width=\"1024\" height=\"684\" src=\"http:\/\/musiqueenchemin.fr\/wp-content\/uploads\/2021\/05\/@consortium-ou\u0300-atterrir-1024x684.jpg\" alt=\"\" class=\"wp-image-2943\" srcset=\"https:\/\/musiqueenchemin.fr\/wp-content\/uploads\/2021\/05\/@consortium-ou\u0300-atterrir-1024x684.jpg 1024w, https:\/\/musiqueenchemin.fr\/wp-content\/uploads\/2021\/05\/@consortium-ou\u0300-atterrir-300x200.jpg 300w, https:\/\/musiqueenchemin.fr\/wp-content\/uploads\/2021\/05\/@consortium-ou\u0300-atterrir-768x513.jpg 768w, https:\/\/musiqueenchemin.fr\/wp-content\/uploads\/2021\/05\/@consortium-ou\u0300-atterrir-1536x1025.jpg 1536w, https:\/\/musiqueenchemin.fr\/wp-content\/uploads\/2021\/05\/@consortium-ou\u0300-atterrir-600x400.jpg 600w, https:\/\/musiqueenchemin.fr\/wp-content\/uploads\/2021\/05\/@consortium-ou\u0300-atterrir-820x547.jpg 820w, https:\/\/musiqueenchemin.fr\/wp-content\/uploads\/2021\/05\/@consortium-ou\u0300-atterrir-1320x881.jpg 1320w, https:\/\/musiqueenchemin.fr\/wp-content\/uploads\/2021\/05\/@consortium-ou\u0300-atterrir.jpg 2048w\" sizes=\"auto, (max-width: 1024px) 100vw, 1024px\" \/><figcaption>\u00a9 Consortium \u201cO\u00f9 atterrir ?\u201d<\/figcaption><\/figure>\n\n\n\n<p>Face \u00e0 l\u2019urgence, li\u00e9e au nouveau r\u00e9gime climatique, de nouvelles formes d\u2019actions doivent s\u2019inventer. Mais les \u00e9motions que suscitent les inqui\u00e9tudes sociales et environnementales peinent \u00e0 s\u2019incarner en politique. Et sans connaissance par les citoyens de leurs v\u00e9ritables int\u00e9r\u00eats et de leur territoire de vie r\u00e9el, comment esp\u00e9rer passer \u00e0 l\u2019action et avoir une conduite politique coh\u00e9rente ? Pour \u00eatre \u00e0 nouveau capable d\u2019articulation et d\u2019expression, ce projet propose d\u2019accompagner chacun et chacune, dans un processus d\u2019enqu\u00eate personnelle (notamment sonore) et de description de ses propres conditions d\u2019existence.<\/p>\n\n\n\n<h5 class=\"wp-block-heading\">Dur\u00e9e 2h30 &#8211; Tarif : 10\u202f\u20ac (sur r\u00e9servation, places limit\u00e9es)<\/h5>\n\n\n\n<p><a rel=\"noreferrer noopener\" href=\"https:\/\/musiqueenchemin.festik.net\/ou-atterrir\/1\" target=\"_blank\"><strong>R\u00e9servez vos places :<\/strong>  <img loading=\"lazy\" decoding=\"async\" src=\"http:\/\/musiqueenchemin.fr\/wp-content\/uploads\/2016\/04\/LOGO_FESTIK_MS-1.jpg\" alt=\"\" class=\"wp-image-2149\" width=\"122\" height=\"96\"><\/a><\/p>\n\n\n\n<hr class=\"wp-block-separator\"\/>\n\n\n\n<h4 class=\"wp-block-heading\"><span style=\"color:#a04e58\" class=\"has-inline-color\">18h30 \u2013 Parc de l\u2019Olivier<\/span><\/h4>\n\n\n\n<h3 class=\"wp-block-heading\"><span style=\"color:#da4f46\" class=\"has-inline-color\">Museum of the Moon<\/span><br><span style=\"color:#a04e58\" class=\"has-inline-color\">Installation c\u00e9leste de Luke Jerram<\/span><\/h3>\n\n\n\n<figure class=\"wp-block-image size-large\"><img loading=\"lazy\" decoding=\"async\" width=\"1024\" height=\"758\" src=\"http:\/\/musiqueenchemin.fr\/wp-content\/uploads\/2021\/05\/Museum-of-the-Moon-\u00a9Edsimmons-1024x758.jpg\" alt=\"\" class=\"wp-image-2944\" srcset=\"https:\/\/musiqueenchemin.fr\/wp-content\/uploads\/2021\/05\/Museum-of-the-Moon-\u00a9Edsimmons-1024x758.jpg 1024w, https:\/\/musiqueenchemin.fr\/wp-content\/uploads\/2021\/05\/Museum-of-the-Moon-\u00a9Edsimmons-300x222.jpg 300w, https:\/\/musiqueenchemin.fr\/wp-content\/uploads\/2021\/05\/Museum-of-the-Moon-\u00a9Edsimmons-768x569.jpg 768w, https:\/\/musiqueenchemin.fr\/wp-content\/uploads\/2021\/05\/Museum-of-the-Moon-\u00a9Edsimmons-1536x1137.jpg 1536w, https:\/\/musiqueenchemin.fr\/wp-content\/uploads\/2021\/05\/Museum-of-the-Moon-\u00a9Edsimmons-820x607.jpg 820w, https:\/\/musiqueenchemin.fr\/wp-content\/uploads\/2021\/05\/Museum-of-the-Moon-\u00a9Edsimmons-1320x977.jpg 1320w, https:\/\/musiqueenchemin.fr\/wp-content\/uploads\/2021\/05\/Museum-of-the-Moon-\u00a9Edsimmons.jpg 2048w\" sizes=\"auto, (max-width: 1024px) 100vw, 1024px\" \/><figcaption>\u00a9 Ed Simmons<\/figcaption><\/figure>\n\n\n\n<p><strong>Ouverture du festival et pr\u00e9sentation officielle du projet \u00ab Fen\u00eatre sur le paysage\u202f**\u00bb, suivi d\u2019un verre offert par le Pays Portes de Gascogne.<\/strong><br>Venez d\u00e9couvrir cette \u0153uvre mesurant 7 m\u00e8tres de diam\u00e8tre ! La lune de Luke Jerram offre un luxe de d\u00e9tails issus d\u2019imageries de la Nasa. Elle nous invite \u00e0 une v\u00e9ritable immersion dans les vall\u00e9es et crat\u00e8res lunaires\u2026 L\u2019exp\u00e9rience est unique et saisissante.<\/p>\n\n\n\n<h5 class=\"wp-block-heading\">Acc\u00e8s libre, pendant toute la dur\u00e9e du festival. En cas de vent, Museum of the Moon sera visible dans la Coll\u00e9giale de La Romieu.<\/h5>\n\n\n\n<hr class=\"wp-block-separator\"\/>\n\n\n\n<h4 class=\"wp-block-heading\"><span style=\"color:#a04e58\" class=\"has-inline-color\">19h \u2013 Espace festival<\/span><\/h4>\n\n\n\n<h4 class=\"wp-block-heading\">Mise en oreille avec Constance Luzzati, musicologue &amp; musicienne<\/h4>\n\n\n\n<div class=\"wp-block-image\"><figure class=\"aligncenter size-large\"><img loading=\"lazy\" decoding=\"async\" width=\"640\" height=\"427\" src=\"http:\/\/musiqueenchemin.fr\/wp-content\/uploads\/2021\/05\/Constance-Baroque-13-07-2018-Jardin-des-Cimes-30.jpg\" alt=\"\" class=\"wp-image-2945\" srcset=\"https:\/\/musiqueenchemin.fr\/wp-content\/uploads\/2021\/05\/Constance-Baroque-13-07-2018-Jardin-des-Cimes-30.jpg 640w, https:\/\/musiqueenchemin.fr\/wp-content\/uploads\/2021\/05\/Constance-Baroque-13-07-2018-Jardin-des-Cimes-30-300x200.jpg 300w, https:\/\/musiqueenchemin.fr\/wp-content\/uploads\/2021\/05\/Constance-Baroque-13-07-2018-Jardin-des-Cimes-30-600x400.jpg 600w\" sizes=\"auto, (max-width: 640px) 100vw, 640px\" \/><figcaption>\u00a9 G\u00e9rard Berlioux<\/figcaption><\/figure><\/div>\n\n\n\n<p>Une mise en oreille c\u2019est l\u2019ap\u00e9ritif qui pr\u00e9c\u00e8de le repas. C\u2019est un moment d\u2019\u00e9change et de convivialit\u00e9 en amont du concert pour vous apporter des clefs d\u2019\u00e9coute. Aussi, venez profiter de cette occasion pour pr\u00e9parer vos oreilles au concert et \u00e9changer avec les artistes. Soyez toute ou\u00efe et venez avec vos questions.<\/p>\n\n\n\n<h5 class=\"wp-block-heading\">Dur\u00e9e 40 min &#8211; Acc\u00e8s libre &#8211; Ap\u00e9ritif et restauration possible<\/h5>\n\n\n\n<hr class=\"wp-block-separator\"\/>\n\n\n\n<h4 class=\"wp-block-heading\"><span style=\"color:#a04e58\" class=\"has-inline-color\">20h30 &#8211; Coll\u00e9giale de La Romieu<\/span><\/h4>\n\n\n\n<h2 class=\"wp-block-heading\"><span style=\"color:#da4f46\" class=\"has-inline-color\"><a href=\"http:\/\/musiqueenchemin.fr\/index.php\/2021\/07\/19\/josquin-comme-bach\/\" data-type=\"URL\" data-id=\"http:\/\/musiqueenchemin.fr\/index.php\/2021\/07\/19\/josquin-comme-bach\/\">Josquin com(m)e Bach<\/a><\/span><\/h2>\n\n\n\n<h4 class=\"wp-block-heading\"><span style=\"color:#a04e58\" class=\"has-inline-color\">Ensemble La Main Harmonique<br>Ch\u0153ur Ambr\u00f2sia<br>Direction Fr\u00e9d\u00e9ric B\u00e9tous<br><em>\u0152uvres de Josquin de Pr\u00e9s, H. Sch\u00fctz, J.H. Schein, J.S. Bach<\/em><\/span><\/h4>\n\n\n\n<figure class=\"wp-block-image size-large\"><a href=\"http:\/\/musiqueenchemin.fr\/index.php\/2021\/07\/19\/josquin-comme-bach\/\"><img loading=\"lazy\" decoding=\"async\" width=\"1024\" height=\"727\" src=\"http:\/\/musiqueenchemin.fr\/wp-content\/uploads\/2021\/05\/La-Main-Harmonique-@ThomasMillet-web-1024x727.jpg\" alt=\"\" class=\"wp-image-2946\" srcset=\"https:\/\/musiqueenchemin.fr\/wp-content\/uploads\/2021\/05\/La-Main-Harmonique-@ThomasMillet-web-1024x727.jpg 1024w, https:\/\/musiqueenchemin.fr\/wp-content\/uploads\/2021\/05\/La-Main-Harmonique-@ThomasMillet-web-300x213.jpg 300w, https:\/\/musiqueenchemin.fr\/wp-content\/uploads\/2021\/05\/La-Main-Harmonique-@ThomasMillet-web-768x545.jpg 768w, https:\/\/musiqueenchemin.fr\/wp-content\/uploads\/2021\/05\/La-Main-Harmonique-@ThomasMillet-web-820x582.jpg 820w, https:\/\/musiqueenchemin.fr\/wp-content\/uploads\/2021\/05\/La-Main-Harmonique-@ThomasMillet-web.jpg 1200w\" sizes=\"auto, (max-width: 1024px) 100vw, 1024px\" \/><\/a><figcaption>\u00a9 Thomas Millet<\/figcaption><\/figure>\n\n\n\n<p>Dans ce programme cr\u00e9\u00e9 \u00e0 l\u2019occasion du 500e anniversaire de la mort du compositeur Josquin des Pr\u00e9s, La Main Harmonique proposera un voyage \u00e0 travers plusieurs si\u00e8cles de polyphonie montrant l\u2019importance de Josquin des Pr\u00e9s sur les g\u00e9n\u00e9rations suivantes. L\u2019Ensemble ira du c\u00f4t\u00e9 des compositeurs allemands Johann Hermann Schein et Heinrich Sch\u00fctz un si\u00e8cle plus tard, avec \u00e9galement deux incursions chez le ma\u00eetre de la polyphonie Johann Sebastian Bach en terminant leur programme par le fulgurant motet Lobet den Herrn.<\/p>\n\n\n\n<h5 class=\"wp-block-heading\">Dur\u00e9e 1h15 &#8211; Tarif plein : 20\u202f\u20ac &#8211; r\u00e9duit* : 15\u202f\u20ac &#8211; gratuit moins de 12 ans<\/h5>\n\n\n\n<p><em>* Scolaires, \u00e9tudiants de moins de 26 ans, demandeurs d\u2019emploi, b\u00e9n\u00e9ficiaires du RSA, pass culturel, p\u00e8lerins sur le chemin de Saint-Jacques de Compostelle, Rom\u00e9viens. Pr\u00e9sentation des justificatifs originaux demand\u00e9e pour la d\u00e9livrance des billets achet\u00e9s sur internet.<\/em><\/p>\n\n\n\n<p><a rel=\"noreferrer noopener\" href=\"https:\/\/musiqueenchemin.festik.net\/josquin-comme-bach\/1\" target=\"_blank\"><strong>R\u00e9servez vos places :<\/strong>  <img loading=\"lazy\" decoding=\"async\" src=\"http:\/\/musiqueenchemin.fr\/wp-content\/uploads\/2016\/04\/LOGO_FESTIK_MS-1.jpg\" alt=\"\" class=\"wp-image-2149\" width=\"122\" height=\"96\"><\/a><\/p>\n\n\n\n<hr class=\"wp-block-separator\"\/>\n\n\n\n<h4 class=\"wp-block-heading\"><span style=\"color:#a04e58\" class=\"has-inline-color\">22h \u2013 Espace festival<\/span><\/h4>\n\n\n\n<h3 class=\"wp-block-heading\"><span style=\"color:#da4f46\" class=\"has-inline-color\">Cocktail d\u2019ouverture du festival<\/span><\/h3>\n\n\n\n<hr class=\"wp-block-separator\"\/>\n\n\n\n<h4 class=\"wp-block-heading\"><span style=\"color:#a04e58\" class=\"has-inline-color\">23h \u2013 Parc de l\u2019Olivier<\/span><\/h4>\n\n\n\n<p>Un animateur du festival du Ciel et de l\u2019espace de Fleurance, \u00c0 Ciel Ouvert, viendra nous parler de la lune, sous Museum of the Moon.<\/p>\n","protected":false},"excerpt":{"rendered":"<p>14h30-17h \u2013 Gymnase de La Romieu O\u00f9 atterrir ?Atelier de Bruno Latour &#8211; Premi\u00e8re partie Face \u00e0 l\u2019urgence, li\u00e9e au nouveau r\u00e9gime climatique, de nouvelles formes d\u2019actions doivent s\u2019inventer. Mais les \u00e9motions que suscitent les inqui\u00e9tudes sociales et environnementales peinent [&hellip;]<\/p>\n","protected":false},"author":1,"featured_media":0,"comment_status":"closed","ping_status":"closed","sticky":false,"template":"","format":"standard","meta":{"cwp_meta_box_check":"No","cwp_rev_product_name":"","cwp_rev_product_image":"","wppr_links":[],"cwp_rev_price":"","wppr_options":[],"wppr_pros":[],"wppr_cons":[],"footnotes":""},"categories":[3,1],"tags":[],"class_list":["post-2942","post","type-post","status-publish","format-standard","hentry","category-festival","category-non-classe"],"wppr_data":{"cwp_meta_box_check":"No"},"yoast_head":"<!-- This site is optimized with the Yoast SEO plugin v25.0 - https:\/\/yoast.com\/wordpress\/plugins\/seo\/ -->\n<title>Vendredi 23 juillet -<\/title>\n<meta name=\"robots\" content=\"index, follow, max-snippet:-1, max-image-preview:large, max-video-preview:-1\" \/>\n<link rel=\"canonical\" href=\"https:\/\/musiqueenchemin.fr\/index.php\/2021\/05\/17\/vendredi-23-juillet\/\" \/>\n<meta property=\"og:locale\" content=\"fr_FR\" \/>\n<meta property=\"og:type\" content=\"article\" \/>\n<meta property=\"og:title\" content=\"Vendredi 23 juillet -\" \/>\n<meta property=\"og:description\" content=\"14h30-17h \u2013 Gymnase de La Romieu O\u00f9 atterrir ?Atelier de Bruno Latour &#8211; Premi\u00e8re partie Face \u00e0 l\u2019urgence, li\u00e9e au nouveau r\u00e9gime climatique, de nouvelles formes d\u2019actions doivent s\u2019inventer. Mais les \u00e9motions que suscitent les inqui\u00e9tudes sociales et environnementales peinent [&hellip;]\" \/>\n<meta property=\"og:url\" content=\"https:\/\/musiqueenchemin.fr\/index.php\/2021\/05\/17\/vendredi-23-juillet\/\" \/>\n<meta property=\"article:published_time\" content=\"2021-05-17T11:17:28+00:00\" \/>\n<meta property=\"article:modified_time\" content=\"2021-07-19T07:14:04+00:00\" \/>\n<meta property=\"og:image\" content=\"http:\/\/musiqueenchemin.fr\/wp-content\/uploads\/2016\/04\/LOGO_FESTIK_MS-1.jpg\" \/>\n<meta name=\"author\" content=\"Musique en Chemin\" \/>\n<meta name=\"twitter:card\" content=\"summary_large_image\" \/>\n<meta name=\"twitter:label1\" content=\"\u00c9crit par\" \/>\n\t<meta name=\"twitter:data1\" content=\"Musique en Chemin\" \/>\n\t<meta name=\"twitter:label2\" content=\"Dur\u00e9e de lecture estim\u00e9e\" \/>\n\t<meta name=\"twitter:data2\" content=\"3 minutes\" \/>\n<script type=\"application\/ld+json\" class=\"yoast-schema-graph\">{\"@context\":\"https:\/\/schema.org\",\"@graph\":[{\"@type\":\"Article\",\"@id\":\"https:\/\/musiqueenchemin.fr\/index.php\/2021\/05\/17\/vendredi-23-juillet\/#article\",\"isPartOf\":{\"@id\":\"https:\/\/musiqueenchemin.fr\/index.php\/2021\/05\/17\/vendredi-23-juillet\/\"},\"author\":{\"name\":\"Musique en Chemin\",\"@id\":\"https:\/\/musiqueenchemin.fr\/#\/schema\/person\/6c4caa9d003e40448be270fea1e3cbff\"},\"headline\":\"Vendredi 23 juillet\",\"datePublished\":\"2021-05-17T11:17:28+00:00\",\"dateModified\":\"2021-07-19T07:14:04+00:00\",\"mainEntityOfPage\":{\"@id\":\"https:\/\/musiqueenchemin.fr\/index.php\/2021\/05\/17\/vendredi-23-juillet\/\"},\"wordCount\":580,\"publisher\":{\"@id\":\"https:\/\/musiqueenchemin.fr\/#organization\"},\"image\":{\"@id\":\"https:\/\/musiqueenchemin.fr\/index.php\/2021\/05\/17\/vendredi-23-juillet\/#primaryimage\"},\"thumbnailUrl\":\"http:\/\/musiqueenchemin.fr\/wp-content\/uploads\/2016\/04\/LOGO_FESTIK_MS-1.jpg\",\"articleSection\":[\"Festival\"],\"inLanguage\":\"fr-FR\"},{\"@type\":\"WebPage\",\"@id\":\"https:\/\/musiqueenchemin.fr\/index.php\/2021\/05\/17\/vendredi-23-juillet\/\",\"url\":\"https:\/\/musiqueenchemin.fr\/index.php\/2021\/05\/17\/vendredi-23-juillet\/\",\"name\":\"Vendredi 23 juillet -\",\"isPartOf\":{\"@id\":\"https:\/\/musiqueenchemin.fr\/#website\"},\"primaryImageOfPage\":{\"@id\":\"https:\/\/musiqueenchemin.fr\/index.php\/2021\/05\/17\/vendredi-23-juillet\/#primaryimage\"},\"image\":{\"@id\":\"https:\/\/musiqueenchemin.fr\/index.php\/2021\/05\/17\/vendredi-23-juillet\/#primaryimage\"},\"thumbnailUrl\":\"http:\/\/musiqueenchemin.fr\/wp-content\/uploads\/2016\/04\/LOGO_FESTIK_MS-1.jpg\",\"datePublished\":\"2021-05-17T11:17:28+00:00\",\"dateModified\":\"2021-07-19T07:14:04+00:00\",\"breadcrumb\":{\"@id\":\"https:\/\/musiqueenchemin.fr\/index.php\/2021\/05\/17\/vendredi-23-juillet\/#breadcrumb\"},\"inLanguage\":\"fr-FR\",\"potentialAction\":[{\"@type\":\"ReadAction\",\"target\":[\"https:\/\/musiqueenchemin.fr\/index.php\/2021\/05\/17\/vendredi-23-juillet\/\"]}]},{\"@type\":\"ImageObject\",\"inLanguage\":\"fr-FR\",\"@id\":\"https:\/\/musiqueenchemin.fr\/index.php\/2021\/05\/17\/vendredi-23-juillet\/#primaryimage\",\"url\":\"https:\/\/musiqueenchemin.fr\/wp-content\/uploads\/2016\/04\/LOGO_FESTIK_MS-1.jpg\",\"contentUrl\":\"https:\/\/musiqueenchemin.fr\/wp-content\/uploads\/2016\/04\/LOGO_FESTIK_MS-1.jpg\",\"width\":257,\"height\":201},{\"@type\":\"BreadcrumbList\",\"@id\":\"https:\/\/musiqueenchemin.fr\/index.php\/2021\/05\/17\/vendredi-23-juillet\/#breadcrumb\",\"itemListElement\":[{\"@type\":\"ListItem\",\"position\":1,\"name\":\"Accueil\",\"item\":\"https:\/\/musiqueenchemin.fr\/\"},{\"@type\":\"ListItem\",\"position\":2,\"name\":\"Vendredi 23 juillet\"}]},{\"@type\":\"WebSite\",\"@id\":\"https:\/\/musiqueenchemin.fr\/#website\",\"url\":\"https:\/\/musiqueenchemin.fr\/\",\"name\":\"Musique en Chemin\",\"description\":\"\",\"publisher\":{\"@id\":\"https:\/\/musiqueenchemin.fr\/#organization\"},\"potentialAction\":[{\"@type\":\"SearchAction\",\"target\":{\"@type\":\"EntryPoint\",\"urlTemplate\":\"https:\/\/musiqueenchemin.fr\/?s={search_term_string}\"},\"query-input\":{\"@type\":\"PropertyValueSpecification\",\"valueRequired\":true,\"valueName\":\"search_term_string\"}}],\"inLanguage\":\"fr-FR\"},{\"@type\":\"Organization\",\"@id\":\"https:\/\/musiqueenchemin.fr\/#organization\",\"name\":\"Musique en Chemin\",\"url\":\"https:\/\/musiqueenchemin.fr\/\",\"logo\":{\"@type\":\"ImageObject\",\"inLanguage\":\"fr-FR\",\"@id\":\"https:\/\/musiqueenchemin.fr\/#\/schema\/logo\/image\/\",\"url\":\"http:\/\/musiqueenchemin.fr\/wp-content\/uploads\/2024\/03\/huppe-jaune-2024.png\",\"contentUrl\":\"http:\/\/musiqueenchemin.fr\/wp-content\/uploads\/2024\/03\/huppe-jaune-2024.png\",\"width\":560,\"height\":387,\"caption\":\"Musique en Chemin\"},\"image\":{\"@id\":\"https:\/\/musiqueenchemin.fr\/#\/schema\/logo\/image\/\"}},{\"@type\":\"Person\",\"@id\":\"https:\/\/musiqueenchemin.fr\/#\/schema\/person\/6c4caa9d003e40448be270fea1e3cbff\",\"name\":\"Musique en Chemin\",\"image\":{\"@type\":\"ImageObject\",\"inLanguage\":\"fr-FR\",\"@id\":\"https:\/\/musiqueenchemin.fr\/#\/schema\/person\/image\/\",\"url\":\"https:\/\/secure.gravatar.com\/avatar\/7b1be4a90bcc64c58111b64ffe668b413f96ab86aad982e7fdacac32cefcb4ec?s=96&d=mm&r=g\",\"contentUrl\":\"https:\/\/secure.gravatar.com\/avatar\/7b1be4a90bcc64c58111b64ffe668b413f96ab86aad982e7fdacac32cefcb4ec?s=96&d=mm&r=g\",\"caption\":\"Musique en Chemin\"},\"url\":\"https:\/\/musiqueenchemin.fr\/index.php\/author\/chem\/\"}]}<\/script>\n<!-- \/ Yoast SEO plugin. -->","yoast_head_json":{"title":"Vendredi 23 juillet -","robots":{"index":"index","follow":"follow","max-snippet":"max-snippet:-1","max-image-preview":"max-image-preview:large","max-video-preview":"max-video-preview:-1"},"canonical":"https:\/\/musiqueenchemin.fr\/index.php\/2021\/05\/17\/vendredi-23-juillet\/","og_locale":"fr_FR","og_type":"article","og_title":"Vendredi 23 juillet -","og_description":"14h30-17h \u2013 Gymnase de La Romieu O\u00f9 atterrir ?Atelier de Bruno Latour &#8211; Premi\u00e8re partie Face \u00e0 l\u2019urgence, li\u00e9e au nouveau r\u00e9gime climatique, de nouvelles formes d\u2019actions doivent s\u2019inventer. Mais les \u00e9motions que suscitent les inqui\u00e9tudes sociales et environnementales peinent [&hellip;]","og_url":"https:\/\/musiqueenchemin.fr\/index.php\/2021\/05\/17\/vendredi-23-juillet\/","article_published_time":"2021-05-17T11:17:28+00:00","article_modified_time":"2021-07-19T07:14:04+00:00","og_image":[{"url":"http:\/\/musiqueenchemin.fr\/wp-content\/uploads\/2016\/04\/LOGO_FESTIK_MS-1.jpg","type":"","width":"","height":""}],"author":"Musique en Chemin","twitter_card":"summary_large_image","twitter_misc":{"\u00c9crit par":"Musique en Chemin","Dur\u00e9e de lecture estim\u00e9e":"3 minutes"},"schema":{"@context":"https:\/\/schema.org","@graph":[{"@type":"Article","@id":"https:\/\/musiqueenchemin.fr\/index.php\/2021\/05\/17\/vendredi-23-juillet\/#article","isPartOf":{"@id":"https:\/\/musiqueenchemin.fr\/index.php\/2021\/05\/17\/vendredi-23-juillet\/"},"author":{"name":"Musique en Chemin","@id":"https:\/\/musiqueenchemin.fr\/#\/schema\/person\/6c4caa9d003e40448be270fea1e3cbff"},"headline":"Vendredi 23 juillet","datePublished":"2021-05-17T11:17:28+00:00","dateModified":"2021-07-19T07:14:04+00:00","mainEntityOfPage":{"@id":"https:\/\/musiqueenchemin.fr\/index.php\/2021\/05\/17\/vendredi-23-juillet\/"},"wordCount":580,"publisher":{"@id":"https:\/\/musiqueenchemin.fr\/#organization"},"image":{"@id":"https:\/\/musiqueenchemin.fr\/index.php\/2021\/05\/17\/vendredi-23-juillet\/#primaryimage"},"thumbnailUrl":"http:\/\/musiqueenchemin.fr\/wp-content\/uploads\/2016\/04\/LOGO_FESTIK_MS-1.jpg","articleSection":["Festival"],"inLanguage":"fr-FR"},{"@type":"WebPage","@id":"https:\/\/musiqueenchemin.fr\/index.php\/2021\/05\/17\/vendredi-23-juillet\/","url":"https:\/\/musiqueenchemin.fr\/index.php\/2021\/05\/17\/vendredi-23-juillet\/","name":"Vendredi 23 juillet -","isPartOf":{"@id":"https:\/\/musiqueenchemin.fr\/#website"},"primaryImageOfPage":{"@id":"https:\/\/musiqueenchemin.fr\/index.php\/2021\/05\/17\/vendredi-23-juillet\/#primaryimage"},"image":{"@id":"https:\/\/musiqueenchemin.fr\/index.php\/2021\/05\/17\/vendredi-23-juillet\/#primaryimage"},"thumbnailUrl":"http:\/\/musiqueenchemin.fr\/wp-content\/uploads\/2016\/04\/LOGO_FESTIK_MS-1.jpg","datePublished":"2021-05-17T11:17:28+00:00","dateModified":"2021-07-19T07:14:04+00:00","breadcrumb":{"@id":"https:\/\/musiqueenchemin.fr\/index.php\/2021\/05\/17\/vendredi-23-juillet\/#breadcrumb"},"inLanguage":"fr-FR","potentialAction":[{"@type":"ReadAction","target":["https:\/\/musiqueenchemin.fr\/index.php\/2021\/05\/17\/vendredi-23-juillet\/"]}]},{"@type":"ImageObject","inLanguage":"fr-FR","@id":"https:\/\/musiqueenchemin.fr\/index.php\/2021\/05\/17\/vendredi-23-juillet\/#primaryimage","url":"https:\/\/musiqueenchemin.fr\/wp-content\/uploads\/2016\/04\/LOGO_FESTIK_MS-1.jpg","contentUrl":"https:\/\/musiqueenchemin.fr\/wp-content\/uploads\/2016\/04\/LOGO_FESTIK_MS-1.jpg","width":257,"height":201},{"@type":"BreadcrumbList","@id":"https:\/\/musiqueenchemin.fr\/index.php\/2021\/05\/17\/vendredi-23-juillet\/#breadcrumb","itemListElement":[{"@type":"ListItem","position":1,"name":"Accueil","item":"https:\/\/musiqueenchemin.fr\/"},{"@type":"ListItem","position":2,"name":"Vendredi 23 juillet"}]},{"@type":"WebSite","@id":"https:\/\/musiqueenchemin.fr\/#website","url":"https:\/\/musiqueenchemin.fr\/","name":"Musique en Chemin","description":"","publisher":{"@id":"https:\/\/musiqueenchemin.fr\/#organization"},"potentialAction":[{"@type":"SearchAction","target":{"@type":"EntryPoint","urlTemplate":"https:\/\/musiqueenchemin.fr\/?s={search_term_string}"},"query-input":{"@type":"PropertyValueSpecification","valueRequired":true,"valueName":"search_term_string"}}],"inLanguage":"fr-FR"},{"@type":"Organization","@id":"https:\/\/musiqueenchemin.fr\/#organization","name":"Musique en Chemin","url":"https:\/\/musiqueenchemin.fr\/","logo":{"@type":"ImageObject","inLanguage":"fr-FR","@id":"https:\/\/musiqueenchemin.fr\/#\/schema\/logo\/image\/","url":"http:\/\/musiqueenchemin.fr\/wp-content\/uploads\/2024\/03\/huppe-jaune-2024.png","contentUrl":"http:\/\/musiqueenchemin.fr\/wp-content\/uploads\/2024\/03\/huppe-jaune-2024.png","width":560,"height":387,"caption":"Musique en Chemin"},"image":{"@id":"https:\/\/musiqueenchemin.fr\/#\/schema\/logo\/image\/"}},{"@type":"Person","@id":"https:\/\/musiqueenchemin.fr\/#\/schema\/person\/6c4caa9d003e40448be270fea1e3cbff","name":"Musique en Chemin","image":{"@type":"ImageObject","inLanguage":"fr-FR","@id":"https:\/\/musiqueenchemin.fr\/#\/schema\/person\/image\/","url":"https:\/\/secure.gravatar.com\/avatar\/7b1be4a90bcc64c58111b64ffe668b413f96ab86aad982e7fdacac32cefcb4ec?s=96&d=mm&r=g","contentUrl":"https:\/\/secure.gravatar.com\/avatar\/7b1be4a90bcc64c58111b64ffe668b413f96ab86aad982e7fdacac32cefcb4ec?s=96&d=mm&r=g","caption":"Musique en Chemin"},"url":"https:\/\/musiqueenchemin.fr\/index.php\/author\/chem\/"}]}},"_links":{"self":[{"href":"https:\/\/musiqueenchemin.fr\/index.php\/wp-json\/wp\/v2\/posts\/2942","targetHints":{"allow":["GET"]}}],"collection":[{"href":"https:\/\/musiqueenchemin.fr\/index.php\/wp-json\/wp\/v2\/posts"}],"about":[{"href":"https:\/\/musiqueenchemin.fr\/index.php\/wp-json\/wp\/v2\/types\/post"}],"author":[{"embeddable":true,"href":"https:\/\/musiqueenchemin.fr\/index.php\/wp-json\/wp\/v2\/users\/1"}],"replies":[{"embeddable":true,"href":"https:\/\/musiqueenchemin.fr\/index.php\/wp-json\/wp\/v2\/comments?post=2942"}],"version-history":[{"count":5,"href":"https:\/\/musiqueenchemin.fr\/index.php\/wp-json\/wp\/v2\/posts\/2942\/revisions"}],"predecessor-version":[{"id":3053,"href":"https:\/\/musiqueenchemin.fr\/index.php\/wp-json\/wp\/v2\/posts\/2942\/revisions\/3053"}],"wp:attachment":[{"href":"https:\/\/musiqueenchemin.fr\/index.php\/wp-json\/wp\/v2\/media?parent=2942"}],"wp:term":[{"taxonomy":"category","embeddable":true,"href":"https:\/\/musiqueenchemin.fr\/index.php\/wp-json\/wp\/v2\/categories?post=2942"},{"taxonomy":"post_tag","embeddable":true,"href":"https:\/\/musiqueenchemin.fr\/index.php\/wp-json\/wp\/v2\/tags?post=2942"}],"curies":[{"name":"wp","href":"https:\/\/api.w.org\/{rel}","templated":true}]}}