{"id":2950,"date":"2021-05-17T12:54:54","date_gmt":"2021-05-17T11:54:54","guid":{"rendered":"http:\/\/musiqueenchemin.fr\/?p=2950"},"modified":"2021-07-19T08:24:14","modified_gmt":"2021-07-19T07:24:14","slug":"samedi-24-juillet","status":"publish","type":"post","link":"https:\/\/musiqueenchemin.fr\/index.php\/2021\/05\/17\/samedi-24-juillet\/","title":{"rendered":"Samedi 24 juillet"},"content":{"rendered":"\n<h4 class=\"wp-block-heading\"><span style=\"color:#313657\" class=\"has-inline-color\">10h \u2013 D\u00e9part place du village de La Romieu<\/span><\/h4>\n\n\n\n<h4 class=\"wp-block-heading\"><span style=\"color:#496592\" class=\"has-inline-color\">Balade \u00e0 la d\u00e9couverte de la nature<\/span><br><span style=\"color:#313657\" class=\"has-inline-color\">Jeune Public (et adultes bienvenus !)<\/span><\/h4>\n\n\n\n<figure class=\"wp-block-image size-large\"><img loading=\"lazy\" decoding=\"async\" width=\"1024\" height=\"576\" src=\"http:\/\/musiqueenchemin.fr\/wp-content\/uploads\/2021\/05\/rachel-300-1024x576.jpg\" alt=\"\" class=\"wp-image-2951\" srcset=\"https:\/\/musiqueenchemin.fr\/wp-content\/uploads\/2021\/05\/rachel-300-1024x576.jpg 1024w, https:\/\/musiqueenchemin.fr\/wp-content\/uploads\/2021\/05\/rachel-300-300x169.jpg 300w, https:\/\/musiqueenchemin.fr\/wp-content\/uploads\/2021\/05\/rachel-300-768x432.jpg 768w, https:\/\/musiqueenchemin.fr\/wp-content\/uploads\/2021\/05\/rachel-300-1536x864.jpg 1536w, https:\/\/musiqueenchemin.fr\/wp-content\/uploads\/2021\/05\/rachel-300-820x461.jpg 820w, https:\/\/musiqueenchemin.fr\/wp-content\/uploads\/2021\/05\/rachel-300-1320x743.jpg 1320w, https:\/\/musiqueenchemin.fr\/wp-content\/uploads\/2021\/05\/rachel-300.jpg 2048w\" sizes=\"auto, (max-width: 1024px) 100vw, 1024px\" \/><\/figure>\n\n\n\n<p>Rachel Delaistier et \u00c9velyne Math\u00e9von nous guident dans une promenade botanique \u00e0 l\u2019attention des plus jeunes. Tout le long seront am\u00e9nag\u00e9es des haltes o\u00f9 nous prendrons le temps de regarder et de questionner, ici une fleur ou une feuille, l\u00e0 un type d\u2019arbuste ou de racine\u2026 Prendre le temps d\u2019\u00e9changer ensemble et en plein air ! Et en m\u00eame temps, avec Rachel, \u00e0 chaque d\u00e9tour d\u00e9couvrir une histoire, une chanson, un secret\u2026<\/p>\n\n\n\n<h5 class=\"wp-block-heading\">Dur\u00e9e 1h30 &#8211; Tarif 5\u202f\u20ac &#8211; Pack famille (2 adultes\/2 enfants) : 15\u20ac<\/h5>\n\n\n\n<p><a rel=\"noreferrer noopener\" href=\"https:\/\/musiqueenchemin.festik.net\/concert-lecture-la-princesse-de-montpensier\/1\" target=\"_blank\"><strong>R\u00e9servez vos places :<\/strong>  <img loading=\"lazy\" decoding=\"async\" src=\"http:\/\/musiqueenchemin.fr\/wp-content\/uploads\/2016\/04\/LOGO_FESTIK_MS-1.jpg\" alt=\"\" class=\"wp-image-2149\" width=\"122\" height=\"96\"><\/a><\/p>\n\n\n\n<hr class=\"wp-block-separator\"\/>\n\n\n\n<h4 class=\"wp-block-heading\"><span style=\"color:#313657\" class=\"has-inline-color\">12h \u2013 Clo\u00eetre de la Coll\u00e9giale<\/span><\/h4>\n\n\n\n<h3 class=\"wp-block-heading\"><span style=\"color:#313657\" class=\"has-inline-color\">Concert-lecture<\/span><br><span style=\"color:#496592\" class=\"has-inline-color\"><a href=\"http:\/\/musiqueenchemin.fr\/index.php\/2021\/07\/19\/la-princesse-de-montpensier\/\">La Princesse de Montpensier<\/a><\/span><\/h3>\n\n\n\n<h4 class=\"wp-block-heading\">Constance Luzzati et Marie-Armelle Deguy de la Com\u00e9die Fran\u00e7aise<\/h4>\n\n\n\n<figure class=\"wp-block-image size-large\"><a href=\"http:\/\/musiqueenchemin.fr\/index.php\/2021\/07\/19\/la-princesse-de-montpensier\/\"><img loading=\"lazy\" decoding=\"async\" width=\"1024\" height=\"682\" src=\"http:\/\/musiqueenchemin.fr\/wp-content\/uploads\/2021\/05\/Marie-Armelle-Deguy-1024x682.jpeg\" alt=\"\" class=\"wp-image-2952\" srcset=\"https:\/\/musiqueenchemin.fr\/wp-content\/uploads\/2021\/05\/Marie-Armelle-Deguy-1024x682.jpeg 1024w, https:\/\/musiqueenchemin.fr\/wp-content\/uploads\/2021\/05\/Marie-Armelle-Deguy-300x200.jpeg 300w, https:\/\/musiqueenchemin.fr\/wp-content\/uploads\/2021\/05\/Marie-Armelle-Deguy-768x512.jpeg 768w, https:\/\/musiqueenchemin.fr\/wp-content\/uploads\/2021\/05\/Marie-Armelle-Deguy-600x400.jpeg 600w, https:\/\/musiqueenchemin.fr\/wp-content\/uploads\/2021\/05\/Marie-Armelle-Deguy-820x546.jpeg 820w, https:\/\/musiqueenchemin.fr\/wp-content\/uploads\/2021\/05\/Marie-Armelle-Deguy.jpeg 1280w\" sizes=\"auto, (max-width: 1024px) 100vw, 1024px\" \/><\/a><figcaption>Marie-Armelle Deguy \u00a9 DR<\/figcaption><\/figure>\n\n\n\n<p><strong>En partenariat avec Le Festival Lectoure \u00e0 Voix Haute.<\/strong><br>\u00c9cheveau d\u2019intrigues amoureuses, entre les lignes d\u2019une histoire bien r\u00e9elle, la nouvelle de Madame de Lafayette est \u00e0 la fois concise et fulgurante, repr\u00e9sentative de la morale du grand si\u00e8cle et d\u2019une nouveaut\u00e9 saisissante pour ce qui concerne l\u2019\u00e9vocation des passions humaines. Sur des \u0153uvres de Fran\u00e7ois Couperin, Jacques Duphly ou Jean-Philippe Rameau, Marie-Armelle Deguy et Constance Luzzati \u00e0 la harpe marient parfaitement mots et musique et donnent \u00e0 ce joyau de la litt\u00e9rature toute sa mesure.<\/p>\n\n\n\n<h5 class=\"wp-block-heading\">Dur\u00e9e 1h &#8211; Tarif plein: 15\u202f\u20ac &#8211; r\u00e9duit*: 12\u202f\u20ac &#8211; gratuit moins de 12 ans ou Pass samedi (le pass Lectoure \u00e0 Voix Haute donne droit au tarif r\u00e9duit pour ce concert).<\/h5>\n\n\n\n<p><em>* Scolaires, \u00e9tudiants de moins de 26 ans, demandeurs d\u2019emploi, b\u00e9n\u00e9ficiaires du RSA, pass culturel, p\u00e8lerins sur le chemin de Saint-Jacques de Compostelle, Rom\u00e9viens. Pr\u00e9sentation des justificatifs originaux demand\u00e9e pour la d\u00e9livrance des billets achet\u00e9s sur internet.<\/em><\/p>\n\n\n\n<p><a rel=\"noreferrer noopener\" href=\"https:\/\/musiqueenchemin.festik.net\/concert-lecture-la-princesse-de-montpensier\/1\" target=\"_blank\"><strong>R\u00e9servez vos places :<\/strong>  <img loading=\"lazy\" decoding=\"async\" src=\"http:\/\/musiqueenchemin.fr\/wp-content\/uploads\/2016\/04\/LOGO_FESTIK_MS-1.jpg\" alt=\"\" class=\"wp-image-2149\" width=\"122\" height=\"96\"><\/a><\/p>\n\n\n\n<hr class=\"wp-block-separator\"\/>\n\n\n\n<h4 class=\"wp-block-heading\"><span style=\"color:#313657\" class=\"has-inline-color\">13h \u2013 Espace festival<\/span><\/h4>\n\n\n\n<h2 class=\"wp-block-heading\"><span style=\"color:#496592\" class=\"has-inline-color\">Ap\u00e9ritif et restauration<\/span><\/h2>\n\n\n\n<hr class=\"wp-block-separator\"\/>\n\n\n\n<h4 class=\"wp-block-heading\"><span style=\"color:#313657\" class=\"has-inline-color\">14h30-17h \u2013 Gymnase de La Romieu<\/span><\/h4>\n\n\n\n<h3 class=\"wp-block-heading\"><span style=\"color:#496592\" class=\"has-inline-color\">O\u00f9 atterrir ?<\/span><br><span style=\"color:#313657\" class=\"has-inline-color\">Atelier de Bruno Latour &#8211; Deuxi\u00e8me partie<\/span><\/h3>\n\n\n\n<h5 class=\"wp-block-heading\">Dur\u00e9e 2h30 &#8211; Tarif 5\u202f\u20ac (sur r\u00e9servation, places limit\u00e9es)<\/h5>\n\n\n\n<p><a rel=\"noreferrer noopener\" href=\"https:\/\/musiqueenchemin.festik.net\/ou-atterrir\/1\" target=\"_blank\"><strong>R\u00e9servez vos places :<\/strong>  <img loading=\"lazy\" decoding=\"async\" src=\"http:\/\/musiqueenchemin.fr\/wp-content\/uploads\/2016\/04\/LOGO_FESTIK_MS-1.jpg\" alt=\"\" class=\"wp-image-2149\" width=\"122\" height=\"96\"><\/a><\/p>\n\n\n\n<hr class=\"wp-block-separator\"\/>\n\n\n\n<h4 class=\"wp-block-heading\"><span style=\"color:#313657\" class=\"has-inline-color\">18h \u2013 Espace Festival<\/span><\/h4>\n\n\n\n<h4 class=\"wp-block-heading\">Mise en oreille avec Constance Luzzati, musicologue &amp; musicienne<\/h4>\n\n\n\n<div class=\"wp-block-columns is-layout-flex wp-container-core-columns-is-layout-9d6595d7 wp-block-columns-is-layout-flex\">\n<div class=\"wp-block-column is-layout-flow wp-block-column-is-layout-flow\" style=\"flex-basis:100%\">\n<h5 class=\"wp-block-heading\">Dur\u00e9e : 40 min &#8211; Acc\u00e8s libre<\/h5>\n\n\n\n<hr class=\"wp-block-separator\"\/>\n<\/div>\n<\/div>\n\n\n\n<h4 class=\"wp-block-heading\"><span style=\"color:#313657\" class=\"has-inline-color\">19h &#8211; Clo\u00eetre de la Coll\u00e9giale<\/span><\/h4>\n\n\n\n<h2 class=\"wp-block-heading\"><span style=\"color:#313657\" class=\"has-inline-color\">Concert de piano<\/span><br><span style=\"color:#496592\" class=\"has-inline-color\"><a href=\"http:\/\/musiqueenchemin.fr\/index.php\/2021\/07\/19\/vanessa-wagner\/\">Vanessa Wagner<\/a><\/span><\/h2>\n\n\n\n<h4 class=\"wp-block-heading\">\u0152uvres de Philip Glass, Caroline Shaw, Moondog\u2026<\/h4>\n\n\n\n<figure class=\"wp-block-image size-large\"><a href=\"http:\/\/musiqueenchemin.fr\/index.php\/2021\/07\/19\/vanessa-wagner\/\"><img loading=\"lazy\" decoding=\"async\" width=\"1024\" height=\"1024\" src=\"http:\/\/musiqueenchemin.fr\/wp-content\/uploads\/2021\/05\/Vanessa\u00a9William-Beaucardet-2021-1024x1024.png\" alt=\"\" class=\"wp-image-2953\" srcset=\"https:\/\/musiqueenchemin.fr\/wp-content\/uploads\/2021\/05\/Vanessa\u00a9William-Beaucardet-2021-1024x1024.png 1024w, https:\/\/musiqueenchemin.fr\/wp-content\/uploads\/2021\/05\/Vanessa\u00a9William-Beaucardet-2021-300x300.png 300w, https:\/\/musiqueenchemin.fr\/wp-content\/uploads\/2021\/05\/Vanessa\u00a9William-Beaucardet-2021-150x150.png 150w, https:\/\/musiqueenchemin.fr\/wp-content\/uploads\/2021\/05\/Vanessa\u00a9William-Beaucardet-2021-768x768.png 768w, https:\/\/musiqueenchemin.fr\/wp-content\/uploads\/2021\/05\/Vanessa\u00a9William-Beaucardet-2021-820x820.png 820w, https:\/\/musiqueenchemin.fr\/wp-content\/uploads\/2021\/05\/Vanessa\u00a9William-Beaucardet-2021.png 1300w\" sizes=\"auto, (max-width: 1024px) 100vw, 1024px\" \/><\/a><figcaption>\u00a9 William Beaucardet<\/figcaption><\/figure>\n\n\n\n<p>D\u00e9crite par Le Monde comme \u201cla pianiste la plus d\u00e9licieusement singuli\u00e8re de sa g\u00e9n\u00e9ration\u201d, Vanessa Wagner m\u00e8ne une carri\u00e8re internationale exigeante, originale et engag\u00e9e. M\u00ealant les r\u00e9citals classiques, la cr\u00e9ation contemporaine, les instruments anciens, la musique de chambre et les rencontres avec la vid\u00e9o, la musique \u00e9lectronique ou la danse, elle a aujourd\u2019hui une place incontournable dans le paysage musical fran\u00e7ais.<\/p>\n\n\n\n<h5 class=\"wp-block-heading\">Dur\u00e9e 1h15 &#8211; Tarif plein : 20\u202f\u20ac &#8211; r\u00e9duit* : 15\u202f\u20ac &#8211; gratuit moins de 12 ans ou Pass samedi 2 concerts (tarif plein : 30\u20ac &#8211; r\u00e9duit* : 25\u20ac &#8211; gratuit moins de 12 ans).<\/h5>\n\n\n\n<p><em>* Scolaires, \u00e9tudiants de moins de 26 ans, demandeurs d\u2019emploi, b\u00e9n\u00e9ficiaires du RSA, pass culturel, p\u00e8lerins sur le chemin de Saint-Jacques de Compostelle, Rom\u00e9viens. Pr\u00e9sentation des justificatifs originaux demand\u00e9e pour la d\u00e9livrance des billets achet\u00e9s sur internet.<\/em><\/p>\n\n\n\n<p><a rel=\"noreferrer noopener\" href=\"https:\/\/musiqueenchemin.festik.net\/inland\/1\" target=\"_blank\"><strong>R\u00e9servez vos places :<\/strong>  <img loading=\"lazy\" decoding=\"async\" src=\"http:\/\/musiqueenchemin.fr\/wp-content\/uploads\/2016\/04\/LOGO_FESTIK_MS-1.jpg\" alt=\"\" class=\"wp-image-2149\" width=\"122\" height=\"96\"><\/a><\/p>\n\n\n\n<hr class=\"wp-block-separator\"\/>\n\n\n\n<h4 class=\"wp-block-heading\"><span style=\"color:#313657\" class=\"has-inline-color\">20h30 &#8211; Espace festival<\/span><br><br><span style=\"color:#496592\" class=\"has-inline-color\">D\u00eener<\/span><\/h4>\n\n\n\n<hr class=\"wp-block-separator\"\/>\n\n\n\n<p><\/p>\n\n\n\n<h4 class=\"wp-block-heading\"><span style=\"color:#313657\" class=\"has-inline-color\">21h30 &#8211; Espace Festival<\/span><\/h4>\n\n\n\n<h4 class=\"wp-block-heading\"><span style=\"color:#496592\" class=\"has-inline-color\">Patrick Brugali\u00e8res<\/span><br>Compositeur &#8211; arrangeur<\/h4>\n\n\n\n<h5 class=\"wp-block-heading\">Dur\u00e9e 1h10 &#8211; Acc\u00e8s libre<\/h5>\n\n\n\n<hr class=\"wp-block-separator\"\/>\n\n\n\n<h4 class=\"wp-block-heading\"><span style=\"color:#313657\" class=\"has-inline-color\">23h &#8211; Parc de l\u2019Olivier<\/span><\/h4>\n\n\n\n<h4 class=\"wp-block-heading\"><span style=\"color:#496592\" class=\"has-inline-color\">Isabelle Stragliati, alias DJ Rescue<\/span><br><span style=\"color:#313657\" class=\"has-inline-color\">Artiste du son, autrice radio, compositrice et DJ<\/span><\/h4>\n\n\n\n<figure class=\"wp-block-image size-large\"><img loading=\"lazy\" decoding=\"async\" width=\"1024\" height=\"1024\" src=\"http:\/\/musiqueenchemin.fr\/wp-content\/uploads\/2021\/05\/isaccatherine-ravanat-300-1024x1024.jpg\" alt=\"\" class=\"wp-image-2955\" srcset=\"https:\/\/musiqueenchemin.fr\/wp-content\/uploads\/2021\/05\/isaccatherine-ravanat-300-1024x1024.jpg 1024w, https:\/\/musiqueenchemin.fr\/wp-content\/uploads\/2021\/05\/isaccatherine-ravanat-300-300x300.jpg 300w, https:\/\/musiqueenchemin.fr\/wp-content\/uploads\/2021\/05\/isaccatherine-ravanat-300-150x150.jpg 150w, https:\/\/musiqueenchemin.fr\/wp-content\/uploads\/2021\/05\/isaccatherine-ravanat-300-768x768.jpg 768w, https:\/\/musiqueenchemin.fr\/wp-content\/uploads\/2021\/05\/isaccatherine-ravanat-300-820x820.jpg 820w, https:\/\/musiqueenchemin.fr\/wp-content\/uploads\/2021\/05\/isaccatherine-ravanat-300.jpg 1200w\" sizes=\"auto, (max-width: 1024px) 100vw, 1024px\" \/><figcaption>\u00a9 Catherine Ravanat<\/figcaption><\/figure>\n\n\n\n<p>DJ aux id\u00e9es larges, Rescue g\u00e9n\u00e8re des rencontres entre dancefloor et musiques aventureuses depuis 2002. Elle a jou\u00e9 en premi\u00e8re partie de concerts d\u2019artistes internationaux ou totalement underground, sur des sc\u00e8nes nationales, dans des centres d\u2019art contemporain, des clubs mythiques ou des bars interlopes. Ses sets, engag\u00e9s, puissants, convoquent techno hypnotique, house moite, synth wave d\u00e9cal\u00e9e, disco mutante et exp\u00e9rimentations sonores.<\/p>\n\n\n\n<h5 class=\"wp-block-heading\">Dur\u00e9e 1h &#8211; Acc\u00e8s libre<\/h5>\n","protected":false},"excerpt":{"rendered":"<p>10h \u2013 D\u00e9part place du village de La Romieu Balade \u00e0 la d\u00e9couverte de la natureJeune Public (et adultes bienvenus !) Rachel Delaistier et \u00c9velyne Math\u00e9von nous guident dans une promenade botanique \u00e0 l\u2019attention des plus jeunes. Tout le long [&hellip;]<\/p>\n","protected":false},"author":1,"featured_media":0,"comment_status":"closed","ping_status":"closed","sticky":false,"template":"","format":"standard","meta":{"cwp_meta_box_check":"No","cwp_rev_product_name":"","cwp_rev_product_image":"","wppr_links":[],"cwp_rev_price":"","wppr_options":[],"wppr_pros":[],"wppr_cons":[],"footnotes":""},"categories":[3],"tags":[],"class_list":["post-2950","post","type-post","status-publish","format-standard","hentry","category-festival"],"wppr_data":{"cwp_meta_box_check":"No"},"yoast_head":"<!-- This site is optimized with the Yoast SEO plugin v25.0 - https:\/\/yoast.com\/wordpress\/plugins\/seo\/ -->\n<title>Samedi 24 juillet -<\/title>\n<meta name=\"robots\" content=\"index, follow, max-snippet:-1, max-image-preview:large, max-video-preview:-1\" \/>\n<link rel=\"canonical\" href=\"https:\/\/musiqueenchemin.fr\/index.php\/2021\/05\/17\/samedi-24-juillet\/\" \/>\n<meta property=\"og:locale\" content=\"fr_FR\" \/>\n<meta property=\"og:type\" content=\"article\" \/>\n<meta property=\"og:title\" content=\"Samedi 24 juillet -\" \/>\n<meta property=\"og:description\" content=\"10h \u2013 D\u00e9part place du village de La Romieu Balade \u00e0 la d\u00e9couverte de la natureJeune Public (et adultes bienvenus !) Rachel Delaistier et \u00c9velyne Math\u00e9von nous guident dans une promenade botanique \u00e0 l\u2019attention des plus jeunes. Tout le long [&hellip;]\" \/>\n<meta property=\"og:url\" content=\"https:\/\/musiqueenchemin.fr\/index.php\/2021\/05\/17\/samedi-24-juillet\/\" \/>\n<meta property=\"article:published_time\" content=\"2021-05-17T11:54:54+00:00\" \/>\n<meta property=\"article:modified_time\" content=\"2021-07-19T07:24:14+00:00\" \/>\n<meta property=\"og:image\" content=\"http:\/\/musiqueenchemin.fr\/wp-content\/uploads\/2021\/05\/rachel-300-1024x576.jpg\" \/>\n<meta name=\"author\" content=\"Musique en Chemin\" \/>\n<meta name=\"twitter:card\" content=\"summary_large_image\" \/>\n<meta name=\"twitter:label1\" content=\"\u00c9crit par\" \/>\n\t<meta name=\"twitter:data1\" content=\"Musique en Chemin\" \/>\n\t<meta name=\"twitter:label2\" content=\"Dur\u00e9e de lecture estim\u00e9e\" \/>\n\t<meta name=\"twitter:data2\" content=\"3 minutes\" \/>\n<script type=\"application\/ld+json\" class=\"yoast-schema-graph\">{\"@context\":\"https:\/\/schema.org\",\"@graph\":[{\"@type\":\"Article\",\"@id\":\"https:\/\/musiqueenchemin.fr\/index.php\/2021\/05\/17\/samedi-24-juillet\/#article\",\"isPartOf\":{\"@id\":\"https:\/\/musiqueenchemin.fr\/index.php\/2021\/05\/17\/samedi-24-juillet\/\"},\"author\":{\"name\":\"Musique en Chemin\",\"@id\":\"https:\/\/musiqueenchemin.fr\/#\/schema\/person\/6c4caa9d003e40448be270fea1e3cbff\"},\"headline\":\"Samedi 24 juillet\",\"datePublished\":\"2021-05-17T11:54:54+00:00\",\"dateModified\":\"2021-07-19T07:24:14+00:00\",\"mainEntityOfPage\":{\"@id\":\"https:\/\/musiqueenchemin.fr\/index.php\/2021\/05\/17\/samedi-24-juillet\/\"},\"wordCount\":664,\"publisher\":{\"@id\":\"https:\/\/musiqueenchemin.fr\/#organization\"},\"image\":{\"@id\":\"https:\/\/musiqueenchemin.fr\/index.php\/2021\/05\/17\/samedi-24-juillet\/#primaryimage\"},\"thumbnailUrl\":\"http:\/\/musiqueenchemin.fr\/wp-content\/uploads\/2021\/05\/rachel-300-1024x576.jpg\",\"articleSection\":[\"Festival\"],\"inLanguage\":\"fr-FR\"},{\"@type\":\"WebPage\",\"@id\":\"https:\/\/musiqueenchemin.fr\/index.php\/2021\/05\/17\/samedi-24-juillet\/\",\"url\":\"https:\/\/musiqueenchemin.fr\/index.php\/2021\/05\/17\/samedi-24-juillet\/\",\"name\":\"Samedi 24 juillet -\",\"isPartOf\":{\"@id\":\"https:\/\/musiqueenchemin.fr\/#website\"},\"primaryImageOfPage\":{\"@id\":\"https:\/\/musiqueenchemin.fr\/index.php\/2021\/05\/17\/samedi-24-juillet\/#primaryimage\"},\"image\":{\"@id\":\"https:\/\/musiqueenchemin.fr\/index.php\/2021\/05\/17\/samedi-24-juillet\/#primaryimage\"},\"thumbnailUrl\":\"http:\/\/musiqueenchemin.fr\/wp-content\/uploads\/2021\/05\/rachel-300-1024x576.jpg\",\"datePublished\":\"2021-05-17T11:54:54+00:00\",\"dateModified\":\"2021-07-19T07:24:14+00:00\",\"breadcrumb\":{\"@id\":\"https:\/\/musiqueenchemin.fr\/index.php\/2021\/05\/17\/samedi-24-juillet\/#breadcrumb\"},\"inLanguage\":\"fr-FR\",\"potentialAction\":[{\"@type\":\"ReadAction\",\"target\":[\"https:\/\/musiqueenchemin.fr\/index.php\/2021\/05\/17\/samedi-24-juillet\/\"]}]},{\"@type\":\"ImageObject\",\"inLanguage\":\"fr-FR\",\"@id\":\"https:\/\/musiqueenchemin.fr\/index.php\/2021\/05\/17\/samedi-24-juillet\/#primaryimage\",\"url\":\"https:\/\/musiqueenchemin.fr\/wp-content\/uploads\/2021\/05\/rachel-300.jpg\",\"contentUrl\":\"https:\/\/musiqueenchemin.fr\/wp-content\/uploads\/2021\/05\/rachel-300.jpg\",\"width\":2048,\"height\":1152},{\"@type\":\"BreadcrumbList\",\"@id\":\"https:\/\/musiqueenchemin.fr\/index.php\/2021\/05\/17\/samedi-24-juillet\/#breadcrumb\",\"itemListElement\":[{\"@type\":\"ListItem\",\"position\":1,\"name\":\"Accueil\",\"item\":\"https:\/\/musiqueenchemin.fr\/\"},{\"@type\":\"ListItem\",\"position\":2,\"name\":\"Samedi 24 juillet\"}]},{\"@type\":\"WebSite\",\"@id\":\"https:\/\/musiqueenchemin.fr\/#website\",\"url\":\"https:\/\/musiqueenchemin.fr\/\",\"name\":\"Musique en Chemin\",\"description\":\"\",\"publisher\":{\"@id\":\"https:\/\/musiqueenchemin.fr\/#organization\"},\"potentialAction\":[{\"@type\":\"SearchAction\",\"target\":{\"@type\":\"EntryPoint\",\"urlTemplate\":\"https:\/\/musiqueenchemin.fr\/?s={search_term_string}\"},\"query-input\":{\"@type\":\"PropertyValueSpecification\",\"valueRequired\":true,\"valueName\":\"search_term_string\"}}],\"inLanguage\":\"fr-FR\"},{\"@type\":\"Organization\",\"@id\":\"https:\/\/musiqueenchemin.fr\/#organization\",\"name\":\"Musique en Chemin\",\"url\":\"https:\/\/musiqueenchemin.fr\/\",\"logo\":{\"@type\":\"ImageObject\",\"inLanguage\":\"fr-FR\",\"@id\":\"https:\/\/musiqueenchemin.fr\/#\/schema\/logo\/image\/\",\"url\":\"http:\/\/musiqueenchemin.fr\/wp-content\/uploads\/2024\/03\/huppe-jaune-2024.png\",\"contentUrl\":\"http:\/\/musiqueenchemin.fr\/wp-content\/uploads\/2024\/03\/huppe-jaune-2024.png\",\"width\":560,\"height\":387,\"caption\":\"Musique en Chemin\"},\"image\":{\"@id\":\"https:\/\/musiqueenchemin.fr\/#\/schema\/logo\/image\/\"}},{\"@type\":\"Person\",\"@id\":\"https:\/\/musiqueenchemin.fr\/#\/schema\/person\/6c4caa9d003e40448be270fea1e3cbff\",\"name\":\"Musique en Chemin\",\"image\":{\"@type\":\"ImageObject\",\"inLanguage\":\"fr-FR\",\"@id\":\"https:\/\/musiqueenchemin.fr\/#\/schema\/person\/image\/\",\"url\":\"https:\/\/secure.gravatar.com\/avatar\/7b1be4a90bcc64c58111b64ffe668b413f96ab86aad982e7fdacac32cefcb4ec?s=96&d=mm&r=g\",\"contentUrl\":\"https:\/\/secure.gravatar.com\/avatar\/7b1be4a90bcc64c58111b64ffe668b413f96ab86aad982e7fdacac32cefcb4ec?s=96&d=mm&r=g\",\"caption\":\"Musique en Chemin\"},\"url\":\"https:\/\/musiqueenchemin.fr\/index.php\/author\/chem\/\"}]}<\/script>\n<!-- \/ Yoast SEO plugin. -->","yoast_head_json":{"title":"Samedi 24 juillet -","robots":{"index":"index","follow":"follow","max-snippet":"max-snippet:-1","max-image-preview":"max-image-preview:large","max-video-preview":"max-video-preview:-1"},"canonical":"https:\/\/musiqueenchemin.fr\/index.php\/2021\/05\/17\/samedi-24-juillet\/","og_locale":"fr_FR","og_type":"article","og_title":"Samedi 24 juillet -","og_description":"10h \u2013 D\u00e9part place du village de La Romieu Balade \u00e0 la d\u00e9couverte de la natureJeune Public (et adultes bienvenus !) Rachel Delaistier et \u00c9velyne Math\u00e9von nous guident dans une promenade botanique \u00e0 l\u2019attention des plus jeunes. Tout le long [&hellip;]","og_url":"https:\/\/musiqueenchemin.fr\/index.php\/2021\/05\/17\/samedi-24-juillet\/","article_published_time":"2021-05-17T11:54:54+00:00","article_modified_time":"2021-07-19T07:24:14+00:00","og_image":[{"url":"http:\/\/musiqueenchemin.fr\/wp-content\/uploads\/2021\/05\/rachel-300-1024x576.jpg","type":"","width":"","height":""}],"author":"Musique en Chemin","twitter_card":"summary_large_image","twitter_misc":{"\u00c9crit par":"Musique en Chemin","Dur\u00e9e de lecture estim\u00e9e":"3 minutes"},"schema":{"@context":"https:\/\/schema.org","@graph":[{"@type":"Article","@id":"https:\/\/musiqueenchemin.fr\/index.php\/2021\/05\/17\/samedi-24-juillet\/#article","isPartOf":{"@id":"https:\/\/musiqueenchemin.fr\/index.php\/2021\/05\/17\/samedi-24-juillet\/"},"author":{"name":"Musique en Chemin","@id":"https:\/\/musiqueenchemin.fr\/#\/schema\/person\/6c4caa9d003e40448be270fea1e3cbff"},"headline":"Samedi 24 juillet","datePublished":"2021-05-17T11:54:54+00:00","dateModified":"2021-07-19T07:24:14+00:00","mainEntityOfPage":{"@id":"https:\/\/musiqueenchemin.fr\/index.php\/2021\/05\/17\/samedi-24-juillet\/"},"wordCount":664,"publisher":{"@id":"https:\/\/musiqueenchemin.fr\/#organization"},"image":{"@id":"https:\/\/musiqueenchemin.fr\/index.php\/2021\/05\/17\/samedi-24-juillet\/#primaryimage"},"thumbnailUrl":"http:\/\/musiqueenchemin.fr\/wp-content\/uploads\/2021\/05\/rachel-300-1024x576.jpg","articleSection":["Festival"],"inLanguage":"fr-FR"},{"@type":"WebPage","@id":"https:\/\/musiqueenchemin.fr\/index.php\/2021\/05\/17\/samedi-24-juillet\/","url":"https:\/\/musiqueenchemin.fr\/index.php\/2021\/05\/17\/samedi-24-juillet\/","name":"Samedi 24 juillet -","isPartOf":{"@id":"https:\/\/musiqueenchemin.fr\/#website"},"primaryImageOfPage":{"@id":"https:\/\/musiqueenchemin.fr\/index.php\/2021\/05\/17\/samedi-24-juillet\/#primaryimage"},"image":{"@id":"https:\/\/musiqueenchemin.fr\/index.php\/2021\/05\/17\/samedi-24-juillet\/#primaryimage"},"thumbnailUrl":"http:\/\/musiqueenchemin.fr\/wp-content\/uploads\/2021\/05\/rachel-300-1024x576.jpg","datePublished":"2021-05-17T11:54:54+00:00","dateModified":"2021-07-19T07:24:14+00:00","breadcrumb":{"@id":"https:\/\/musiqueenchemin.fr\/index.php\/2021\/05\/17\/samedi-24-juillet\/#breadcrumb"},"inLanguage":"fr-FR","potentialAction":[{"@type":"ReadAction","target":["https:\/\/musiqueenchemin.fr\/index.php\/2021\/05\/17\/samedi-24-juillet\/"]}]},{"@type":"ImageObject","inLanguage":"fr-FR","@id":"https:\/\/musiqueenchemin.fr\/index.php\/2021\/05\/17\/samedi-24-juillet\/#primaryimage","url":"https:\/\/musiqueenchemin.fr\/wp-content\/uploads\/2021\/05\/rachel-300.jpg","contentUrl":"https:\/\/musiqueenchemin.fr\/wp-content\/uploads\/2021\/05\/rachel-300.jpg","width":2048,"height":1152},{"@type":"BreadcrumbList","@id":"https:\/\/musiqueenchemin.fr\/index.php\/2021\/05\/17\/samedi-24-juillet\/#breadcrumb","itemListElement":[{"@type":"ListItem","position":1,"name":"Accueil","item":"https:\/\/musiqueenchemin.fr\/"},{"@type":"ListItem","position":2,"name":"Samedi 24 juillet"}]},{"@type":"WebSite","@id":"https:\/\/musiqueenchemin.fr\/#website","url":"https:\/\/musiqueenchemin.fr\/","name":"Musique en Chemin","description":"","publisher":{"@id":"https:\/\/musiqueenchemin.fr\/#organization"},"potentialAction":[{"@type":"SearchAction","target":{"@type":"EntryPoint","urlTemplate":"https:\/\/musiqueenchemin.fr\/?s={search_term_string}"},"query-input":{"@type":"PropertyValueSpecification","valueRequired":true,"valueName":"search_term_string"}}],"inLanguage":"fr-FR"},{"@type":"Organization","@id":"https:\/\/musiqueenchemin.fr\/#organization","name":"Musique en Chemin","url":"https:\/\/musiqueenchemin.fr\/","logo":{"@type":"ImageObject","inLanguage":"fr-FR","@id":"https:\/\/musiqueenchemin.fr\/#\/schema\/logo\/image\/","url":"http:\/\/musiqueenchemin.fr\/wp-content\/uploads\/2024\/03\/huppe-jaune-2024.png","contentUrl":"http:\/\/musiqueenchemin.fr\/wp-content\/uploads\/2024\/03\/huppe-jaune-2024.png","width":560,"height":387,"caption":"Musique en Chemin"},"image":{"@id":"https:\/\/musiqueenchemin.fr\/#\/schema\/logo\/image\/"}},{"@type":"Person","@id":"https:\/\/musiqueenchemin.fr\/#\/schema\/person\/6c4caa9d003e40448be270fea1e3cbff","name":"Musique en Chemin","image":{"@type":"ImageObject","inLanguage":"fr-FR","@id":"https:\/\/musiqueenchemin.fr\/#\/schema\/person\/image\/","url":"https:\/\/secure.gravatar.com\/avatar\/7b1be4a90bcc64c58111b64ffe668b413f96ab86aad982e7fdacac32cefcb4ec?s=96&d=mm&r=g","contentUrl":"https:\/\/secure.gravatar.com\/avatar\/7b1be4a90bcc64c58111b64ffe668b413f96ab86aad982e7fdacac32cefcb4ec?s=96&d=mm&r=g","caption":"Musique en Chemin"},"url":"https:\/\/musiqueenchemin.fr\/index.php\/author\/chem\/"}]}},"_links":{"self":[{"href":"https:\/\/musiqueenchemin.fr\/index.php\/wp-json\/wp\/v2\/posts\/2950","targetHints":{"allow":["GET"]}}],"collection":[{"href":"https:\/\/musiqueenchemin.fr\/index.php\/wp-json\/wp\/v2\/posts"}],"about":[{"href":"https:\/\/musiqueenchemin.fr\/index.php\/wp-json\/wp\/v2\/types\/post"}],"author":[{"embeddable":true,"href":"https:\/\/musiqueenchemin.fr\/index.php\/wp-json\/wp\/v2\/users\/1"}],"replies":[{"embeddable":true,"href":"https:\/\/musiqueenchemin.fr\/index.php\/wp-json\/wp\/v2\/comments?post=2950"}],"version-history":[{"count":9,"href":"https:\/\/musiqueenchemin.fr\/index.php\/wp-json\/wp\/v2\/posts\/2950\/revisions"}],"predecessor-version":[{"id":3059,"href":"https:\/\/musiqueenchemin.fr\/index.php\/wp-json\/wp\/v2\/posts\/2950\/revisions\/3059"}],"wp:attachment":[{"href":"https:\/\/musiqueenchemin.fr\/index.php\/wp-json\/wp\/v2\/media?parent=2950"}],"wp:term":[{"taxonomy":"category","embeddable":true,"href":"https:\/\/musiqueenchemin.fr\/index.php\/wp-json\/wp\/v2\/categories?post=2950"},{"taxonomy":"post_tag","embeddable":true,"href":"https:\/\/musiqueenchemin.fr\/index.php\/wp-json\/wp\/v2\/tags?post=2950"}],"curies":[{"name":"wp","href":"https:\/\/api.w.org\/{rel}","templated":true}]}}