{"id":3146,"date":"2022-05-11T14:12:44","date_gmt":"2022-05-11T13:12:44","guid":{"rendered":"http:\/\/musiqueenchemin.fr\/?p=3146"},"modified":"2022-06-02T13:28:48","modified_gmt":"2022-06-02T12:28:48","slug":"bal-trad-par-marc-et-ses-coussins","status":"publish","type":"post","link":"https:\/\/musiqueenchemin.fr\/index.php\/2022\/05\/11\/bal-trad-par-marc-et-ses-coussins\/","title":{"rendered":"Bal Trad par Marc et ses coussins"},"content":{"rendered":"\n<h2 class=\"has-text-color wp-block-heading\" style=\"color:#3c62ac\"><strong><mark style=\"background-color:rgba(0, 0, 0, 0);color:#3c62ac\" class=\"has-inline-color\">Samedi 23 juillet<\/mark><\/strong><\/h2>\n\n\n\n<h4 class=\"has-text-color wp-block-heading\" style=\"color:#202041\"><mark style=\"background-color:rgba(0, 0, 0, 0)\" class=\"has-inline-color has-black-color\">21h | <\/mark>Espace festival<\/h4>\n\n\n\n<figure class=\"wp-block-image size-large\"><img loading=\"lazy\" decoding=\"async\" width=\"1024\" height=\"452\" src=\"http:\/\/musiqueenchemin.fr\/wp-content\/uploads\/2022\/05\/Marc-et-ses-Coussins-\u00a9Aure-Se\u0301guier-1024x452.jpg\" alt=\"\" class=\"wp-image-3142\" srcset=\"https:\/\/musiqueenchemin.fr\/wp-content\/uploads\/2022\/05\/Marc-et-ses-Coussins-\u00a9Aure-Se\u0301guier-1024x452.jpg 1024w, https:\/\/musiqueenchemin.fr\/wp-content\/uploads\/2022\/05\/Marc-et-ses-Coussins-\u00a9Aure-Se\u0301guier-300x132.jpg 300w, https:\/\/musiqueenchemin.fr\/wp-content\/uploads\/2022\/05\/Marc-et-ses-Coussins-\u00a9Aure-Se\u0301guier-768x339.jpg 768w, https:\/\/musiqueenchemin.fr\/wp-content\/uploads\/2022\/05\/Marc-et-ses-Coussins-\u00a9Aure-Se\u0301guier-1536x678.jpg 1536w, https:\/\/musiqueenchemin.fr\/wp-content\/uploads\/2022\/05\/Marc-et-ses-Coussins-\u00a9Aure-Se\u0301guier-50x22.jpg 50w, https:\/\/musiqueenchemin.fr\/wp-content\/uploads\/2022\/05\/Marc-et-ses-Coussins-\u00a9Aure-Se\u0301guier-820x362.jpg 820w, https:\/\/musiqueenchemin.fr\/wp-content\/uploads\/2022\/05\/Marc-et-ses-Coussins-\u00a9Aure-Se\u0301guier.jpg 1662w\" sizes=\"auto, (max-width: 1024px) 100vw, 1024px\" \/><figcaption>\u00a9 Aure Se\u0301guier<\/figcaption><\/figure>\n\n\n\n<p>Autour de Marc B\u00f6sch \u00e0 l\u2019accord\u00e9on, au chant et \u00e0 la trompette se rassemblent quelques cousins musiciens : Jeanne Brisson \u00e0 la contrebasse, au violon, au chant, Anne-Lise Herbel \u00e0 la clarinette, au chant. Ils interpr\u00e8tent dans un style bigarr\u00e9 leurs compositions originales, ainsi que des airs traditionnels r\u00e9arrang\u00e9s, en y ins\u00e9rant des textes de traditions suisse, hongroise ou fran\u00e7aise, pour vous faire danser rondeaux, scottishs, bourr\u00e9es, mazurkas\u2026 Comme leurs pieds marquent la mesure avec beaucoup d\u2019entrain, on leur glisse des coussins dessous pour att\u00e9nuer le son : ainsi est n\u00e9e la joyeuse bande de Marc et ses coussins. Pour les novices, une initiation aux diff\u00e9rentes danses sera propos\u00e9e tout au long de la soir\u00e9e durant le bal.<\/p>\n\n\n\n<h5 class=\"wp-block-heading\"><mark style=\"background-color:rgba(0, 0, 0, 0);color:#bb9663\" class=\"has-inline-color\">Acc\u00e8s libre<\/mark><\/h5>\n\n\n\n<p><\/p>\n\n\n\n<figure class=\"wp-block-embed is-type-rich is-provider-prise-en-charge-des-contenus-embarques wp-block-embed-prise-en-charge-des-contenus-embarques wp-embed-aspect-16-9 wp-has-aspect-ratio\"><div class=\"wp-block-embed__wrapper\">\n<iframe loading=\"lazy\" title=\"Rond (cercle circassien) - Marc et ses coussins\" width=\"1160\" height=\"653\" src=\"https:\/\/www.youtube.com\/embed\/f-rO6UWblx4?feature=oembed\" frameborder=\"0\" allow=\"accelerometer; autoplay; clipboard-write; encrypted-media; gyroscope; picture-in-picture\" allowfullscreen><\/iframe>\n<\/div><\/figure>\n","protected":false},"excerpt":{"rendered":"<p>Samedi 23 juillet 21h | Espace festival Autour de Marc B\u00f6sch \u00e0 l\u2019accord\u00e9on, au chant et \u00e0 la trompette se rassemblent quelques cousins musiciens : Jeanne Brisson \u00e0 la contrebasse, au violon, au chant, Anne-Lise Herbel \u00e0 la clarinette, au [&hellip;]<\/p>\n","protected":false},"author":1,"featured_media":0,"comment_status":"closed","ping_status":"closed","sticky":false,"template":"","format":"standard","meta":{"cwp_meta_box_check":"No","cwp_rev_product_name":"","cwp_rev_product_image":"","wppr_links":[],"cwp_rev_price":"","wppr_options":[],"wppr_pros":[],"wppr_cons":[],"footnotes":""},"categories":[1],"tags":[],"class_list":["post-3146","post","type-post","status-publish","format-standard","hentry","category-non-classe"],"wppr_data":{"cwp_meta_box_check":"No"},"yoast_head":"<!-- This site is optimized with the Yoast SEO plugin v25.0 - https:\/\/yoast.com\/wordpress\/plugins\/seo\/ -->\n<title>Bal Trad par Marc et ses coussins -<\/title>\n<meta name=\"robots\" content=\"index, follow, max-snippet:-1, max-image-preview:large, max-video-preview:-1\" \/>\n<link rel=\"canonical\" href=\"https:\/\/musiqueenchemin.fr\/index.php\/2022\/05\/11\/bal-trad-par-marc-et-ses-coussins\/\" \/>\n<meta property=\"og:locale\" content=\"fr_FR\" \/>\n<meta property=\"og:type\" content=\"article\" \/>\n<meta property=\"og:title\" content=\"Bal Trad par Marc et ses coussins -\" \/>\n<meta property=\"og:description\" content=\"Samedi 23 juillet 21h | Espace festival Autour de Marc B\u00f6sch \u00e0 l\u2019accord\u00e9on, au chant et \u00e0 la trompette se rassemblent quelques cousins musiciens : Jeanne Brisson \u00e0 la contrebasse, au violon, au chant, Anne-Lise Herbel \u00e0 la clarinette, au [&hellip;]\" \/>\n<meta property=\"og:url\" content=\"https:\/\/musiqueenchemin.fr\/index.php\/2022\/05\/11\/bal-trad-par-marc-et-ses-coussins\/\" \/>\n<meta property=\"article:published_time\" content=\"2022-05-11T13:12:44+00:00\" \/>\n<meta property=\"article:modified_time\" content=\"2022-06-02T12:28:48+00:00\" \/>\n<meta name=\"author\" content=\"Musique en Chemin\" \/>\n<meta name=\"twitter:card\" content=\"summary_large_image\" \/>\n<meta name=\"twitter:label1\" content=\"\u00c9crit par\" \/>\n\t<meta name=\"twitter:data1\" content=\"Musique en Chemin\" \/>\n\t<meta name=\"twitter:label2\" content=\"Dur\u00e9e de lecture estim\u00e9e\" \/>\n\t<meta name=\"twitter:data2\" content=\"1 minute\" \/>\n<script type=\"application\/ld+json\" class=\"yoast-schema-graph\">{\"@context\":\"https:\/\/schema.org\",\"@graph\":[{\"@type\":\"Article\",\"@id\":\"https:\/\/musiqueenchemin.fr\/index.php\/2022\/05\/11\/bal-trad-par-marc-et-ses-coussins\/#article\",\"isPartOf\":{\"@id\":\"https:\/\/musiqueenchemin.fr\/index.php\/2022\/05\/11\/bal-trad-par-marc-et-ses-coussins\/\"},\"author\":{\"name\":\"Musique en Chemin\",\"@id\":\"https:\/\/musiqueenchemin.fr\/#\/schema\/person\/6c4caa9d003e40448be270fea1e3cbff\"},\"headline\":\"Bal Trad par Marc et ses coussins\",\"datePublished\":\"2022-05-11T13:12:44+00:00\",\"dateModified\":\"2022-06-02T12:28:48+00:00\",\"mainEntityOfPage\":{\"@id\":\"https:\/\/musiqueenchemin.fr\/index.php\/2022\/05\/11\/bal-trad-par-marc-et-ses-coussins\/\"},\"wordCount\":152,\"publisher\":{\"@id\":\"https:\/\/musiqueenchemin.fr\/#organization\"},\"inLanguage\":\"fr-FR\"},{\"@type\":\"WebPage\",\"@id\":\"https:\/\/musiqueenchemin.fr\/index.php\/2022\/05\/11\/bal-trad-par-marc-et-ses-coussins\/\",\"url\":\"https:\/\/musiqueenchemin.fr\/index.php\/2022\/05\/11\/bal-trad-par-marc-et-ses-coussins\/\",\"name\":\"Bal Trad par Marc et ses coussins -\",\"isPartOf\":{\"@id\":\"https:\/\/musiqueenchemin.fr\/#website\"},\"datePublished\":\"2022-05-11T13:12:44+00:00\",\"dateModified\":\"2022-06-02T12:28:48+00:00\",\"breadcrumb\":{\"@id\":\"https:\/\/musiqueenchemin.fr\/index.php\/2022\/05\/11\/bal-trad-par-marc-et-ses-coussins\/#breadcrumb\"},\"inLanguage\":\"fr-FR\",\"potentialAction\":[{\"@type\":\"ReadAction\",\"target\":[\"https:\/\/musiqueenchemin.fr\/index.php\/2022\/05\/11\/bal-trad-par-marc-et-ses-coussins\/\"]}]},{\"@type\":\"BreadcrumbList\",\"@id\":\"https:\/\/musiqueenchemin.fr\/index.php\/2022\/05\/11\/bal-trad-par-marc-et-ses-coussins\/#breadcrumb\",\"itemListElement\":[{\"@type\":\"ListItem\",\"position\":1,\"name\":\"Accueil\",\"item\":\"https:\/\/musiqueenchemin.fr\/\"},{\"@type\":\"ListItem\",\"position\":2,\"name\":\"Bal Trad par Marc et ses coussins\"}]},{\"@type\":\"WebSite\",\"@id\":\"https:\/\/musiqueenchemin.fr\/#website\",\"url\":\"https:\/\/musiqueenchemin.fr\/\",\"name\":\"Musique en Chemin\",\"description\":\"\",\"publisher\":{\"@id\":\"https:\/\/musiqueenchemin.fr\/#organization\"},\"potentialAction\":[{\"@type\":\"SearchAction\",\"target\":{\"@type\":\"EntryPoint\",\"urlTemplate\":\"https:\/\/musiqueenchemin.fr\/?s={search_term_string}\"},\"query-input\":{\"@type\":\"PropertyValueSpecification\",\"valueRequired\":true,\"valueName\":\"search_term_string\"}}],\"inLanguage\":\"fr-FR\"},{\"@type\":\"Organization\",\"@id\":\"https:\/\/musiqueenchemin.fr\/#organization\",\"name\":\"Musique en Chemin\",\"url\":\"https:\/\/musiqueenchemin.fr\/\",\"logo\":{\"@type\":\"ImageObject\",\"inLanguage\":\"fr-FR\",\"@id\":\"https:\/\/musiqueenchemin.fr\/#\/schema\/logo\/image\/\",\"url\":\"http:\/\/musiqueenchemin.fr\/wp-content\/uploads\/2024\/03\/huppe-jaune-2024.png\",\"contentUrl\":\"http:\/\/musiqueenchemin.fr\/wp-content\/uploads\/2024\/03\/huppe-jaune-2024.png\",\"width\":560,\"height\":387,\"caption\":\"Musique en Chemin\"},\"image\":{\"@id\":\"https:\/\/musiqueenchemin.fr\/#\/schema\/logo\/image\/\"}},{\"@type\":\"Person\",\"@id\":\"https:\/\/musiqueenchemin.fr\/#\/schema\/person\/6c4caa9d003e40448be270fea1e3cbff\",\"name\":\"Musique en Chemin\",\"image\":{\"@type\":\"ImageObject\",\"inLanguage\":\"fr-FR\",\"@id\":\"https:\/\/musiqueenchemin.fr\/#\/schema\/person\/image\/\",\"url\":\"https:\/\/secure.gravatar.com\/avatar\/7b1be4a90bcc64c58111b64ffe668b413f96ab86aad982e7fdacac32cefcb4ec?s=96&d=mm&r=g\",\"contentUrl\":\"https:\/\/secure.gravatar.com\/avatar\/7b1be4a90bcc64c58111b64ffe668b413f96ab86aad982e7fdacac32cefcb4ec?s=96&d=mm&r=g\",\"caption\":\"Musique en Chemin\"},\"url\":\"https:\/\/musiqueenchemin.fr\/index.php\/author\/chem\/\"}]}<\/script>\n<!-- \/ Yoast SEO plugin. -->","yoast_head_json":{"title":"Bal Trad par Marc et ses coussins -","robots":{"index":"index","follow":"follow","max-snippet":"max-snippet:-1","max-image-preview":"max-image-preview:large","max-video-preview":"max-video-preview:-1"},"canonical":"https:\/\/musiqueenchemin.fr\/index.php\/2022\/05\/11\/bal-trad-par-marc-et-ses-coussins\/","og_locale":"fr_FR","og_type":"article","og_title":"Bal Trad par Marc et ses coussins -","og_description":"Samedi 23 juillet 21h | Espace festival Autour de Marc B\u00f6sch \u00e0 l\u2019accord\u00e9on, au chant et \u00e0 la trompette se rassemblent quelques cousins musiciens : Jeanne Brisson \u00e0 la contrebasse, au violon, au chant, Anne-Lise Herbel \u00e0 la clarinette, au [&hellip;]","og_url":"https:\/\/musiqueenchemin.fr\/index.php\/2022\/05\/11\/bal-trad-par-marc-et-ses-coussins\/","article_published_time":"2022-05-11T13:12:44+00:00","article_modified_time":"2022-06-02T12:28:48+00:00","author":"Musique en Chemin","twitter_card":"summary_large_image","twitter_misc":{"\u00c9crit par":"Musique en Chemin","Dur\u00e9e de lecture estim\u00e9e":"1 minute"},"schema":{"@context":"https:\/\/schema.org","@graph":[{"@type":"Article","@id":"https:\/\/musiqueenchemin.fr\/index.php\/2022\/05\/11\/bal-trad-par-marc-et-ses-coussins\/#article","isPartOf":{"@id":"https:\/\/musiqueenchemin.fr\/index.php\/2022\/05\/11\/bal-trad-par-marc-et-ses-coussins\/"},"author":{"name":"Musique en Chemin","@id":"https:\/\/musiqueenchemin.fr\/#\/schema\/person\/6c4caa9d003e40448be270fea1e3cbff"},"headline":"Bal Trad par Marc et ses coussins","datePublished":"2022-05-11T13:12:44+00:00","dateModified":"2022-06-02T12:28:48+00:00","mainEntityOfPage":{"@id":"https:\/\/musiqueenchemin.fr\/index.php\/2022\/05\/11\/bal-trad-par-marc-et-ses-coussins\/"},"wordCount":152,"publisher":{"@id":"https:\/\/musiqueenchemin.fr\/#organization"},"inLanguage":"fr-FR"},{"@type":"WebPage","@id":"https:\/\/musiqueenchemin.fr\/index.php\/2022\/05\/11\/bal-trad-par-marc-et-ses-coussins\/","url":"https:\/\/musiqueenchemin.fr\/index.php\/2022\/05\/11\/bal-trad-par-marc-et-ses-coussins\/","name":"Bal Trad par Marc et ses coussins -","isPartOf":{"@id":"https:\/\/musiqueenchemin.fr\/#website"},"datePublished":"2022-05-11T13:12:44+00:00","dateModified":"2022-06-02T12:28:48+00:00","breadcrumb":{"@id":"https:\/\/musiqueenchemin.fr\/index.php\/2022\/05\/11\/bal-trad-par-marc-et-ses-coussins\/#breadcrumb"},"inLanguage":"fr-FR","potentialAction":[{"@type":"ReadAction","target":["https:\/\/musiqueenchemin.fr\/index.php\/2022\/05\/11\/bal-trad-par-marc-et-ses-coussins\/"]}]},{"@type":"BreadcrumbList","@id":"https:\/\/musiqueenchemin.fr\/index.php\/2022\/05\/11\/bal-trad-par-marc-et-ses-coussins\/#breadcrumb","itemListElement":[{"@type":"ListItem","position":1,"name":"Accueil","item":"https:\/\/musiqueenchemin.fr\/"},{"@type":"ListItem","position":2,"name":"Bal Trad par Marc et ses coussins"}]},{"@type":"WebSite","@id":"https:\/\/musiqueenchemin.fr\/#website","url":"https:\/\/musiqueenchemin.fr\/","name":"Musique en Chemin","description":"","publisher":{"@id":"https:\/\/musiqueenchemin.fr\/#organization"},"potentialAction":[{"@type":"SearchAction","target":{"@type":"EntryPoint","urlTemplate":"https:\/\/musiqueenchemin.fr\/?s={search_term_string}"},"query-input":{"@type":"PropertyValueSpecification","valueRequired":true,"valueName":"search_term_string"}}],"inLanguage":"fr-FR"},{"@type":"Organization","@id":"https:\/\/musiqueenchemin.fr\/#organization","name":"Musique en Chemin","url":"https:\/\/musiqueenchemin.fr\/","logo":{"@type":"ImageObject","inLanguage":"fr-FR","@id":"https:\/\/musiqueenchemin.fr\/#\/schema\/logo\/image\/","url":"http:\/\/musiqueenchemin.fr\/wp-content\/uploads\/2024\/03\/huppe-jaune-2024.png","contentUrl":"http:\/\/musiqueenchemin.fr\/wp-content\/uploads\/2024\/03\/huppe-jaune-2024.png","width":560,"height":387,"caption":"Musique en Chemin"},"image":{"@id":"https:\/\/musiqueenchemin.fr\/#\/schema\/logo\/image\/"}},{"@type":"Person","@id":"https:\/\/musiqueenchemin.fr\/#\/schema\/person\/6c4caa9d003e40448be270fea1e3cbff","name":"Musique en Chemin","image":{"@type":"ImageObject","inLanguage":"fr-FR","@id":"https:\/\/musiqueenchemin.fr\/#\/schema\/person\/image\/","url":"https:\/\/secure.gravatar.com\/avatar\/7b1be4a90bcc64c58111b64ffe668b413f96ab86aad982e7fdacac32cefcb4ec?s=96&d=mm&r=g","contentUrl":"https:\/\/secure.gravatar.com\/avatar\/7b1be4a90bcc64c58111b64ffe668b413f96ab86aad982e7fdacac32cefcb4ec?s=96&d=mm&r=g","caption":"Musique en Chemin"},"url":"https:\/\/musiqueenchemin.fr\/index.php\/author\/chem\/"}]}},"_links":{"self":[{"href":"https:\/\/musiqueenchemin.fr\/index.php\/wp-json\/wp\/v2\/posts\/3146","targetHints":{"allow":["GET"]}}],"collection":[{"href":"https:\/\/musiqueenchemin.fr\/index.php\/wp-json\/wp\/v2\/posts"}],"about":[{"href":"https:\/\/musiqueenchemin.fr\/index.php\/wp-json\/wp\/v2\/types\/post"}],"author":[{"embeddable":true,"href":"https:\/\/musiqueenchemin.fr\/index.php\/wp-json\/wp\/v2\/users\/1"}],"replies":[{"embeddable":true,"href":"https:\/\/musiqueenchemin.fr\/index.php\/wp-json\/wp\/v2\/comments?post=3146"}],"version-history":[{"count":2,"href":"https:\/\/musiqueenchemin.fr\/index.php\/wp-json\/wp\/v2\/posts\/3146\/revisions"}],"predecessor-version":[{"id":3280,"href":"https:\/\/musiqueenchemin.fr\/index.php\/wp-json\/wp\/v2\/posts\/3146\/revisions\/3280"}],"wp:attachment":[{"href":"https:\/\/musiqueenchemin.fr\/index.php\/wp-json\/wp\/v2\/media?parent=3146"}],"wp:term":[{"taxonomy":"category","embeddable":true,"href":"https:\/\/musiqueenchemin.fr\/index.php\/wp-json\/wp\/v2\/categories?post=3146"},{"taxonomy":"post_tag","embeddable":true,"href":"https:\/\/musiqueenchemin.fr\/index.php\/wp-json\/wp\/v2\/tags?post=3146"}],"curies":[{"name":"wp","href":"https:\/\/api.w.org\/{rel}","templated":true}]}}