{"id":324,"date":"2016-04-29T14:33:34","date_gmt":"2016-04-29T13:33:34","guid":{"rendered":"http:\/\/musiqueenchemin.fr\/blog\/?p=324"},"modified":"2017-03-22T08:29:43","modified_gmt":"2017-03-22T07:29:43","slug":"cine-concert-le-carnaval-de-la-petite-taupe","status":"publish","type":"post","link":"https:\/\/musiqueenchemin.fr\/index.php\/2016\/04\/29\/cine-concert-le-carnaval-de-la-petite-taupe\/","title":{"rendered":"Cin\u00e9-concert Le Carnaval de la Petite Taupe"},"content":{"rendered":"<h4><em>Le Carnaval de la Petite Taupe<\/em> Cin\u00e9-concert de Zdenek Miler<br \/>\nDaniel Dumoulin, percussions &#038; Michel Parmentier, clavier<\/h4>\n<h5>\u00ab La Petite Taupe \u00bb courts m\u00e9trages d\u2019animation tch\u00e8ques r\u00e9alis\u00e9s par Zdenek Miler entre 1957 et 2002.<\/h5>\n<h5>\u00c0 partir de 2 ans &#8211; Dur\u00e9e: 40 minutes<\/h5>\n<hr>\n<p><figure id=\"attachment_309\" aria-describedby=\"caption-attachment-309\" style=\"width: 6167px\" class=\"wp-caption alignnone\"><img loading=\"lazy\" decoding=\"async\" src=\"http:\/\/musiqueenchemin.fr\/wp-content\/uploads\/2016\/04\/LFDP_carnaval_1.jpg\" alt=\"\u00ab\u00a0La Petite Taupe\u00a0\u00bb courts m\u00e9trages d\u2019animation tch\u00e8ques r\u00e9alis\u00e9s par Zdenek Miler\" width=\"6167\" height=\"4500\" class=\"size-full wp-image-309\" srcset=\"https:\/\/musiqueenchemin.fr\/wp-content\/uploads\/2016\/04\/LFDP_carnaval_1.jpg 6167w, https:\/\/musiqueenchemin.fr\/wp-content\/uploads\/2016\/04\/LFDP_carnaval_1-300x219.jpg 300w, https:\/\/musiqueenchemin.fr\/wp-content\/uploads\/2016\/04\/LFDP_carnaval_1-768x560.jpg 768w, https:\/\/musiqueenchemin.fr\/wp-content\/uploads\/2016\/04\/LFDP_carnaval_1-1024x747.jpg 1024w, https:\/\/musiqueenchemin.fr\/wp-content\/uploads\/2016\/04\/LFDP_carnaval_1-600x438.jpg 600w, https:\/\/musiqueenchemin.fr\/wp-content\/uploads\/2016\/04\/LFDP_carnaval_1-820x598.jpg 820w\" sizes=\"auto, (max-width: 6167px) 100vw, 6167px\" \/><figcaption id=\"caption-attachment-309\" class=\"wp-caption-text\">\u00ab\u00a0La Petite Taupe\u00a0\u00bb courts m\u00e9trages d\u2019animation tch\u00e8ques r\u00e9alis\u00e9s par Zdenek Miler<\/figcaption><\/figure><br \/>\n<figure id=\"attachment_792\" aria-describedby=\"caption-attachment-792\" style=\"width: 1024px\" class=\"wp-caption alignnone\"><img loading=\"lazy\" decoding=\"async\" src=\"http:\/\/musiqueenchemin.fr\/wp-content\/uploads\/2016\/04\/petite-taupe-interpretes-1024x474.jpg\" alt=\"Daniel Dumoulin &amp; Michel Parmentier\" width=\"1024\" height=\"474\" class=\"size-large wp-image-792\" srcset=\"https:\/\/musiqueenchemin.fr\/wp-content\/uploads\/2016\/04\/petite-taupe-interpretes-1024x474.jpg 1024w, https:\/\/musiqueenchemin.fr\/wp-content\/uploads\/2016\/04\/petite-taupe-interpretes-300x139.jpg 300w, https:\/\/musiqueenchemin.fr\/wp-content\/uploads\/2016\/04\/petite-taupe-interpretes-768x356.jpg 768w, https:\/\/musiqueenchemin.fr\/wp-content\/uploads\/2016\/04\/petite-taupe-interpretes-600x278.jpg 600w, https:\/\/musiqueenchemin.fr\/wp-content\/uploads\/2016\/04\/petite-taupe-interpretes-820x380.jpg 820w, https:\/\/musiqueenchemin.fr\/wp-content\/uploads\/2016\/04\/petite-taupe-interpretes.jpg 1635w\" sizes=\"auto, (max-width: 1024px) 100vw, 1024px\" \/><figcaption id=\"caption-attachment-792\" class=\"wp-caption-text\">Daniel Dumoulin &#038; Michel Parmentier<\/figcaption><\/figure><\/p>\n<hr>\n<p>Krtek, la petite taupe, est un personnage d\u00e9brouillard et sympa, elle incarne un id\u00e9al de solidarit\u00e9 et d\u2019\u00e9cologie toujours d\u2019actualit\u00e9. Elle ne repr\u00e9sente pas un super-h\u00e9ros, mais un personnage banal qui a pour lui une volont\u00e9 et une d\u00e9termination \u00e0 toute \u00e9preuve et sait toujours se tirer des mauvais pas gr\u00e2ce \u00e0 son c\u00f4t\u00e9 astucieux et \u00e0 son sens de la solidarit\u00e9.<br \/>\nLa petite taupe n\u2019est pas seulement une fable animali\u00e8re, c\u2019est aussi une r\u00e9flexion sur la vie quotidienne, un jugement sur la soci\u00e9t\u00e9 de consommation et notre place dans l\u2019environnement.<\/p>\n<p>\u00ab\u00a0De petites perles de po\u00e9sie o\u00f9 une animation tout en couleurs chatoyantes se conjugue \u00e0 l\u2019inventivit\u00e9 des sc\u00e9narios\u00a0\u00bb T\u00e9l\u00e9Cin\u00e9Obs<\/p>\n<p><em>Carnival with Krtek, the little mole &#8211; Cinema with live music<br \/>\nShort animated films by the Czech Zdenek Miler about Krtek the little mole. Not a super hero, but an ordinary person who always manages to get out of tricky situations thanks to his sense of solidarity. A study of modern life, the consumer society and our role in the environment.<\/em><\/p>\n<hr \/>\n<h5><strong>Samedi 23 juillet \u00e0 11h30 et 17h \u2022 Dimanche 24 juillet \u00e0 11h30<\/strong> &#8211; Festival Musique en Chemin &#8211; 6<sup>e<\/sup> \u00e9dition &#8211; Juillet 2016<\/h5>\n","protected":false},"excerpt":{"rendered":"<p>Le Carnaval de la Petite Taupe Cin\u00e9-concert de Zdenek Miler Daniel Dumoulin, percussions &#038; Michel Parmentier, clavier \u00ab La Petite Taupe \u00bb courts m\u00e9trages d\u2019animation tch\u00e8ques r\u00e9alis\u00e9s par Zdenek Miler entre 1957 et 2002. \u00c0 partir de 2 ans &#8211; Dur\u00e9e: 40 minutes Krtek, la petite taupe, est un personnage d\u00e9brouillard et sympa, elle incarne [&hellip;]<\/p>\n","protected":false},"author":1,"featured_media":0,"comment_status":"closed","ping_status":"closed","sticky":false,"template":"","format":"standard","meta":{"cwp_meta_box_check":"","cwp_rev_product_name":"","cwp_rev_product_image":"","wppr_links":[],"cwp_rev_price":"","wppr_options":[],"wppr_pros":[],"wppr_cons":[],"footnotes":""},"categories":[3,9],"tags":[],"class_list":["post-324","post","type-post","status-publish","format-standard","hentry","category-festival","category-spectacle"],"wppr_data":[],"yoast_head":"<!-- This site is optimized with the Yoast SEO plugin v25.0 - https:\/\/yoast.com\/wordpress\/plugins\/seo\/ -->\n<title>Cin\u00e9-concert Le Carnaval de la Petite Taupe - Musique en Chemin<\/title>\n<meta name=\"robots\" content=\"index, follow, max-snippet:-1, max-image-preview:large, max-video-preview:-1\" \/>\n<link rel=\"canonical\" href=\"https:\/\/musiqueenchemin.fr\/index.php\/2016\/04\/29\/cine-concert-le-carnaval-de-la-petite-taupe\/\" \/>\n<meta property=\"og:locale\" content=\"fr_FR\" \/>\n<meta property=\"og:type\" content=\"article\" \/>\n<meta property=\"og:title\" content=\"Cin\u00e9-concert Le Carnaval de la Petite Taupe - Musique en Chemin\" \/>\n<meta property=\"og:description\" content=\"Le Carnaval de la Petite Taupe Cin\u00e9-concert de Zdenek Miler Daniel Dumoulin, percussions &#038; Michel Parmentier, clavier \u00ab La Petite Taupe \u00bb courts m\u00e9trages d\u2019animation tch\u00e8ques r\u00e9alis\u00e9s par Zdenek Miler entre 1957 et 2002. \u00c0 partir de 2 ans &#8211; Dur\u00e9e: 40 minutes Krtek, la petite taupe, est un personnage d\u00e9brouillard et sympa, elle incarne [&hellip;]\" \/>\n<meta property=\"og:url\" content=\"https:\/\/musiqueenchemin.fr\/index.php\/2016\/04\/29\/cine-concert-le-carnaval-de-la-petite-taupe\/\" \/>\n<meta property=\"og:site_name\" content=\"Musique en Chemin\" \/>\n<meta property=\"article:published_time\" content=\"2016-04-29T13:33:34+00:00\" \/>\n<meta property=\"article:modified_time\" content=\"2017-03-22T07:29:43+00:00\" \/>\n<meta property=\"og:image\" content=\"http:\/\/musiqueenchemin.fr\/wp-content\/uploads\/2016\/04\/LFDP_carnaval_1.jpg\" \/>\n<meta name=\"author\" content=\"Musique en Chemin\" \/>\n<meta name=\"twitter:card\" content=\"summary_large_image\" \/>\n<meta name=\"twitter:label1\" content=\"\u00c9crit par\" \/>\n\t<meta name=\"twitter:data1\" content=\"Musique en Chemin\" \/>\n\t<meta name=\"twitter:label2\" content=\"Dur\u00e9e de lecture estim\u00e9e\" \/>\n\t<meta name=\"twitter:data2\" content=\"1 minute\" \/>\n<script type=\"application\/ld+json\" class=\"yoast-schema-graph\">{\"@context\":\"https:\/\/schema.org\",\"@graph\":[{\"@type\":\"Article\",\"@id\":\"https:\/\/musiqueenchemin.fr\/index.php\/2016\/04\/29\/cine-concert-le-carnaval-de-la-petite-taupe\/#article\",\"isPartOf\":{\"@id\":\"https:\/\/musiqueenchemin.fr\/index.php\/2016\/04\/29\/cine-concert-le-carnaval-de-la-petite-taupe\/\"},\"author\":{\"name\":\"Musique en Chemin\",\"@id\":\"https:\/\/musiqueenchemin.fr\/#\/schema\/person\/6c4caa9d003e40448be270fea1e3cbff\"},\"headline\":\"Cin\u00e9-concert Le Carnaval de la Petite Taupe\",\"datePublished\":\"2016-04-29T13:33:34+00:00\",\"dateModified\":\"2017-03-22T07:29:43+00:00\",\"mainEntityOfPage\":{\"@id\":\"https:\/\/musiqueenchemin.fr\/index.php\/2016\/04\/29\/cine-concert-le-carnaval-de-la-petite-taupe\/\"},\"wordCount\":290,\"publisher\":{\"@id\":\"https:\/\/musiqueenchemin.fr\/#organization\"},\"image\":{\"@id\":\"https:\/\/musiqueenchemin.fr\/index.php\/2016\/04\/29\/cine-concert-le-carnaval-de-la-petite-taupe\/#primaryimage\"},\"thumbnailUrl\":\"http:\/\/musiqueenchemin.fr\/wp-content\/uploads\/2016\/04\/LFDP_carnaval_1.jpg\",\"articleSection\":[\"Festival\",\"Spectacle\"],\"inLanguage\":\"fr-FR\"},{\"@type\":\"WebPage\",\"@id\":\"https:\/\/musiqueenchemin.fr\/index.php\/2016\/04\/29\/cine-concert-le-carnaval-de-la-petite-taupe\/\",\"url\":\"https:\/\/musiqueenchemin.fr\/index.php\/2016\/04\/29\/cine-concert-le-carnaval-de-la-petite-taupe\/\",\"name\":\"Cin\u00e9-concert Le Carnaval de la Petite Taupe - Musique en Chemin\",\"isPartOf\":{\"@id\":\"https:\/\/musiqueenchemin.fr\/#website\"},\"primaryImageOfPage\":{\"@id\":\"https:\/\/musiqueenchemin.fr\/index.php\/2016\/04\/29\/cine-concert-le-carnaval-de-la-petite-taupe\/#primaryimage\"},\"image\":{\"@id\":\"https:\/\/musiqueenchemin.fr\/index.php\/2016\/04\/29\/cine-concert-le-carnaval-de-la-petite-taupe\/#primaryimage\"},\"thumbnailUrl\":\"http:\/\/musiqueenchemin.fr\/wp-content\/uploads\/2016\/04\/LFDP_carnaval_1.jpg\",\"datePublished\":\"2016-04-29T13:33:34+00:00\",\"dateModified\":\"2017-03-22T07:29:43+00:00\",\"breadcrumb\":{\"@id\":\"https:\/\/musiqueenchemin.fr\/index.php\/2016\/04\/29\/cine-concert-le-carnaval-de-la-petite-taupe\/#breadcrumb\"},\"inLanguage\":\"fr-FR\",\"potentialAction\":[{\"@type\":\"ReadAction\",\"target\":[\"https:\/\/musiqueenchemin.fr\/index.php\/2016\/04\/29\/cine-concert-le-carnaval-de-la-petite-taupe\/\"]}]},{\"@type\":\"ImageObject\",\"inLanguage\":\"fr-FR\",\"@id\":\"https:\/\/musiqueenchemin.fr\/index.php\/2016\/04\/29\/cine-concert-le-carnaval-de-la-petite-taupe\/#primaryimage\",\"url\":\"https:\/\/musiqueenchemin.fr\/wp-content\/uploads\/2016\/04\/LFDP_carnaval_1.jpg\",\"contentUrl\":\"https:\/\/musiqueenchemin.fr\/wp-content\/uploads\/2016\/04\/LFDP_carnaval_1.jpg\",\"width\":6167,\"height\":4500,\"caption\":\"\u00ab\u00a0La Petite Taupe\u00a0\u00bb courts m\u00e9trages d\u2019animation tch\u00e8ques r\u00e9alis\u00e9s par Zdenek Miler\"},{\"@type\":\"BreadcrumbList\",\"@id\":\"https:\/\/musiqueenchemin.fr\/index.php\/2016\/04\/29\/cine-concert-le-carnaval-de-la-petite-taupe\/#breadcrumb\",\"itemListElement\":[{\"@type\":\"ListItem\",\"position\":1,\"name\":\"Accueil\",\"item\":\"https:\/\/musiqueenchemin.fr\/\"},{\"@type\":\"ListItem\",\"position\":2,\"name\":\"Cin\u00e9-concert Le Carnaval de la Petite Taupe\"}]},{\"@type\":\"WebSite\",\"@id\":\"https:\/\/musiqueenchemin.fr\/#website\",\"url\":\"https:\/\/musiqueenchemin.fr\/\",\"name\":\"Musique en Chemin\",\"description\":\"Saison &amp; Festival\",\"publisher\":{\"@id\":\"https:\/\/musiqueenchemin.fr\/#organization\"},\"potentialAction\":[{\"@type\":\"SearchAction\",\"target\":{\"@type\":\"EntryPoint\",\"urlTemplate\":\"https:\/\/musiqueenchemin.fr\/?s={search_term_string}\"},\"query-input\":{\"@type\":\"PropertyValueSpecification\",\"valueRequired\":true,\"valueName\":\"search_term_string\"}}],\"inLanguage\":\"fr-FR\"},{\"@type\":\"Organization\",\"@id\":\"https:\/\/musiqueenchemin.fr\/#organization\",\"name\":\"Musique en Chemin\",\"url\":\"https:\/\/musiqueenchemin.fr\/\",\"logo\":{\"@type\":\"ImageObject\",\"inLanguage\":\"fr-FR\",\"@id\":\"https:\/\/musiqueenchemin.fr\/#\/schema\/logo\/image\/\",\"url\":\"http:\/\/musiqueenchemin.fr\/wp-content\/uploads\/2024\/03\/huppe-jaune-2024.png\",\"contentUrl\":\"http:\/\/musiqueenchemin.fr\/wp-content\/uploads\/2024\/03\/huppe-jaune-2024.png\",\"width\":560,\"height\":387,\"caption\":\"Musique en Chemin\"},\"image\":{\"@id\":\"https:\/\/musiqueenchemin.fr\/#\/schema\/logo\/image\/\"}},{\"@type\":\"Person\",\"@id\":\"https:\/\/musiqueenchemin.fr\/#\/schema\/person\/6c4caa9d003e40448be270fea1e3cbff\",\"name\":\"Musique en Chemin\",\"image\":{\"@type\":\"ImageObject\",\"inLanguage\":\"fr-FR\",\"@id\":\"https:\/\/musiqueenchemin.fr\/#\/schema\/person\/image\/\",\"url\":\"https:\/\/secure.gravatar.com\/avatar\/7b1be4a90bcc64c58111b64ffe668b413f96ab86aad982e7fdacac32cefcb4ec?s=96&d=mm&r=g\",\"contentUrl\":\"https:\/\/secure.gravatar.com\/avatar\/7b1be4a90bcc64c58111b64ffe668b413f96ab86aad982e7fdacac32cefcb4ec?s=96&d=mm&r=g\",\"caption\":\"Musique en Chemin\"},\"url\":\"https:\/\/musiqueenchemin.fr\/index.php\/author\/chem\/\"}]}<\/script>\n<!-- \/ Yoast SEO plugin. -->","yoast_head_json":{"title":"Cin\u00e9-concert Le Carnaval de la Petite Taupe - Musique en Chemin","robots":{"index":"index","follow":"follow","max-snippet":"max-snippet:-1","max-image-preview":"max-image-preview:large","max-video-preview":"max-video-preview:-1"},"canonical":"https:\/\/musiqueenchemin.fr\/index.php\/2016\/04\/29\/cine-concert-le-carnaval-de-la-petite-taupe\/","og_locale":"fr_FR","og_type":"article","og_title":"Cin\u00e9-concert Le Carnaval de la Petite Taupe - Musique en Chemin","og_description":"Le Carnaval de la Petite Taupe Cin\u00e9-concert de Zdenek Miler Daniel Dumoulin, percussions &#038; Michel Parmentier, clavier \u00ab La Petite Taupe \u00bb courts m\u00e9trages d\u2019animation tch\u00e8ques r\u00e9alis\u00e9s par Zdenek Miler entre 1957 et 2002. \u00c0 partir de 2 ans &#8211; Dur\u00e9e: 40 minutes Krtek, la petite taupe, est un personnage d\u00e9brouillard et sympa, elle incarne [&hellip;]","og_url":"https:\/\/musiqueenchemin.fr\/index.php\/2016\/04\/29\/cine-concert-le-carnaval-de-la-petite-taupe\/","og_site_name":"Musique en Chemin","article_published_time":"2016-04-29T13:33:34+00:00","article_modified_time":"2017-03-22T07:29:43+00:00","og_image":[{"url":"http:\/\/musiqueenchemin.fr\/wp-content\/uploads\/2016\/04\/LFDP_carnaval_1.jpg","type":"","width":"","height":""}],"author":"Musique en Chemin","twitter_card":"summary_large_image","twitter_misc":{"\u00c9crit par":"Musique en Chemin","Dur\u00e9e de lecture estim\u00e9e":"1 minute"},"schema":{"@context":"https:\/\/schema.org","@graph":[{"@type":"Article","@id":"https:\/\/musiqueenchemin.fr\/index.php\/2016\/04\/29\/cine-concert-le-carnaval-de-la-petite-taupe\/#article","isPartOf":{"@id":"https:\/\/musiqueenchemin.fr\/index.php\/2016\/04\/29\/cine-concert-le-carnaval-de-la-petite-taupe\/"},"author":{"name":"Musique en Chemin","@id":"https:\/\/musiqueenchemin.fr\/#\/schema\/person\/6c4caa9d003e40448be270fea1e3cbff"},"headline":"Cin\u00e9-concert Le Carnaval de la Petite Taupe","datePublished":"2016-04-29T13:33:34+00:00","dateModified":"2017-03-22T07:29:43+00:00","mainEntityOfPage":{"@id":"https:\/\/musiqueenchemin.fr\/index.php\/2016\/04\/29\/cine-concert-le-carnaval-de-la-petite-taupe\/"},"wordCount":290,"publisher":{"@id":"https:\/\/musiqueenchemin.fr\/#organization"},"image":{"@id":"https:\/\/musiqueenchemin.fr\/index.php\/2016\/04\/29\/cine-concert-le-carnaval-de-la-petite-taupe\/#primaryimage"},"thumbnailUrl":"http:\/\/musiqueenchemin.fr\/wp-content\/uploads\/2016\/04\/LFDP_carnaval_1.jpg","articleSection":["Festival","Spectacle"],"inLanguage":"fr-FR"},{"@type":"WebPage","@id":"https:\/\/musiqueenchemin.fr\/index.php\/2016\/04\/29\/cine-concert-le-carnaval-de-la-petite-taupe\/","url":"https:\/\/musiqueenchemin.fr\/index.php\/2016\/04\/29\/cine-concert-le-carnaval-de-la-petite-taupe\/","name":"Cin\u00e9-concert Le Carnaval de la Petite Taupe - Musique en Chemin","isPartOf":{"@id":"https:\/\/musiqueenchemin.fr\/#website"},"primaryImageOfPage":{"@id":"https:\/\/musiqueenchemin.fr\/index.php\/2016\/04\/29\/cine-concert-le-carnaval-de-la-petite-taupe\/#primaryimage"},"image":{"@id":"https:\/\/musiqueenchemin.fr\/index.php\/2016\/04\/29\/cine-concert-le-carnaval-de-la-petite-taupe\/#primaryimage"},"thumbnailUrl":"http:\/\/musiqueenchemin.fr\/wp-content\/uploads\/2016\/04\/LFDP_carnaval_1.jpg","datePublished":"2016-04-29T13:33:34+00:00","dateModified":"2017-03-22T07:29:43+00:00","breadcrumb":{"@id":"https:\/\/musiqueenchemin.fr\/index.php\/2016\/04\/29\/cine-concert-le-carnaval-de-la-petite-taupe\/#breadcrumb"},"inLanguage":"fr-FR","potentialAction":[{"@type":"ReadAction","target":["https:\/\/musiqueenchemin.fr\/index.php\/2016\/04\/29\/cine-concert-le-carnaval-de-la-petite-taupe\/"]}]},{"@type":"ImageObject","inLanguage":"fr-FR","@id":"https:\/\/musiqueenchemin.fr\/index.php\/2016\/04\/29\/cine-concert-le-carnaval-de-la-petite-taupe\/#primaryimage","url":"https:\/\/musiqueenchemin.fr\/wp-content\/uploads\/2016\/04\/LFDP_carnaval_1.jpg","contentUrl":"https:\/\/musiqueenchemin.fr\/wp-content\/uploads\/2016\/04\/LFDP_carnaval_1.jpg","width":6167,"height":4500,"caption":"\u00ab\u00a0La Petite Taupe\u00a0\u00bb courts m\u00e9trages d\u2019animation tch\u00e8ques r\u00e9alis\u00e9s par Zdenek Miler"},{"@type":"BreadcrumbList","@id":"https:\/\/musiqueenchemin.fr\/index.php\/2016\/04\/29\/cine-concert-le-carnaval-de-la-petite-taupe\/#breadcrumb","itemListElement":[{"@type":"ListItem","position":1,"name":"Accueil","item":"https:\/\/musiqueenchemin.fr\/"},{"@type":"ListItem","position":2,"name":"Cin\u00e9-concert Le Carnaval de la Petite Taupe"}]},{"@type":"WebSite","@id":"https:\/\/musiqueenchemin.fr\/#website","url":"https:\/\/musiqueenchemin.fr\/","name":"Musique en Chemin","description":"Saison &amp; Festival","publisher":{"@id":"https:\/\/musiqueenchemin.fr\/#organization"},"potentialAction":[{"@type":"SearchAction","target":{"@type":"EntryPoint","urlTemplate":"https:\/\/musiqueenchemin.fr\/?s={search_term_string}"},"query-input":{"@type":"PropertyValueSpecification","valueRequired":true,"valueName":"search_term_string"}}],"inLanguage":"fr-FR"},{"@type":"Organization","@id":"https:\/\/musiqueenchemin.fr\/#organization","name":"Musique en Chemin","url":"https:\/\/musiqueenchemin.fr\/","logo":{"@type":"ImageObject","inLanguage":"fr-FR","@id":"https:\/\/musiqueenchemin.fr\/#\/schema\/logo\/image\/","url":"http:\/\/musiqueenchemin.fr\/wp-content\/uploads\/2024\/03\/huppe-jaune-2024.png","contentUrl":"http:\/\/musiqueenchemin.fr\/wp-content\/uploads\/2024\/03\/huppe-jaune-2024.png","width":560,"height":387,"caption":"Musique en Chemin"},"image":{"@id":"https:\/\/musiqueenchemin.fr\/#\/schema\/logo\/image\/"}},{"@type":"Person","@id":"https:\/\/musiqueenchemin.fr\/#\/schema\/person\/6c4caa9d003e40448be270fea1e3cbff","name":"Musique en Chemin","image":{"@type":"ImageObject","inLanguage":"fr-FR","@id":"https:\/\/musiqueenchemin.fr\/#\/schema\/person\/image\/","url":"https:\/\/secure.gravatar.com\/avatar\/7b1be4a90bcc64c58111b64ffe668b413f96ab86aad982e7fdacac32cefcb4ec?s=96&d=mm&r=g","contentUrl":"https:\/\/secure.gravatar.com\/avatar\/7b1be4a90bcc64c58111b64ffe668b413f96ab86aad982e7fdacac32cefcb4ec?s=96&d=mm&r=g","caption":"Musique en Chemin"},"url":"https:\/\/musiqueenchemin.fr\/index.php\/author\/chem\/"}]}},"_links":{"self":[{"href":"https:\/\/musiqueenchemin.fr\/index.php\/wp-json\/wp\/v2\/posts\/324","targetHints":{"allow":["GET"]}}],"collection":[{"href":"https:\/\/musiqueenchemin.fr\/index.php\/wp-json\/wp\/v2\/posts"}],"about":[{"href":"https:\/\/musiqueenchemin.fr\/index.php\/wp-json\/wp\/v2\/types\/post"}],"author":[{"embeddable":true,"href":"https:\/\/musiqueenchemin.fr\/index.php\/wp-json\/wp\/v2\/users\/1"}],"replies":[{"embeddable":true,"href":"https:\/\/musiqueenchemin.fr\/index.php\/wp-json\/wp\/v2\/comments?post=324"}],"version-history":[{"count":10,"href":"https:\/\/musiqueenchemin.fr\/index.php\/wp-json\/wp\/v2\/posts\/324\/revisions"}],"predecessor-version":[{"id":961,"href":"https:\/\/musiqueenchemin.fr\/index.php\/wp-json\/wp\/v2\/posts\/324\/revisions\/961"}],"wp:attachment":[{"href":"https:\/\/musiqueenchemin.fr\/index.php\/wp-json\/wp\/v2\/media?parent=324"}],"wp:term":[{"taxonomy":"category","embeddable":true,"href":"https:\/\/musiqueenchemin.fr\/index.php\/wp-json\/wp\/v2\/categories?post=324"},{"taxonomy":"post_tag","embeddable":true,"href":"https:\/\/musiqueenchemin.fr\/index.php\/wp-json\/wp\/v2\/tags?post=324"}],"curies":[{"name":"wp","href":"https:\/\/api.w.org\/{rel}","templated":true}]}}