{"id":3491,"date":"2023-04-21T11:11:35","date_gmt":"2023-04-21T10:11:35","guid":{"rendered":"http:\/\/musiqueenchemin.fr\/?p=3491"},"modified":"2023-06-05T15:42:58","modified_gmt":"2023-06-05T14:42:58","slug":"vendredi-21-juillet-2","status":"publish","type":"post","link":"https:\/\/musiqueenchemin.fr\/index.php\/2023\/04\/21\/vendredi-21-juillet-2\/","title":{"rendered":"Vendredi 21 juillet"},"content":{"rendered":"\n<h2 class=\"wp-block-heading has-text-color\" style=\"color:#656398\">Vendredi 21 juillet<\/h2>\n\n\n\n<h4 class=\"wp-block-heading\">9h<mark style=\"background-color:rgba(0, 0, 0, 0)\" class=\"has-inline-color has-black-color\"> | <\/mark>D\u00e9part place du village<\/h4>\n\n\n\n<h4 class=\"wp-block-heading has-text-color\" style=\"color:#656398\"><a href=\"http:\/\/musiqueenchemin.fr\/index.php\/2023\/04\/21\/domaine-de-liet\/\">Balade vers le domaine de Liet<\/a><\/h4>\n\n\n\n<h6 class=\"wp-block-heading\">Dur\u00e9e 1h &#8211; Acc\u00e8s libre<\/h6>\n\n\n\n<hr class=\"wp-block-separator has-alpha-channel-opacity is-style-dots\"\/>\n\n\n\n<h4 class=\"wp-block-heading\">10h15<mark style=\"background-color:rgba(0, 0, 0, 0)\" class=\"has-inline-color has-black-color\"> | <\/mark>Domaine de Liet<\/h4>\n\n\n\n<h4 class=\"wp-block-heading has-text-color\" style=\"color:#656398\"><a href=\"http:\/\/musiqueenchemin.fr\/index.php\/2023\/04\/21\/domaine-de-liet\/\">Visite et pr\u00e9sentation du site<\/a><\/h4>\n\n\n\n<h6 class=\"wp-block-heading\">Dur\u00e9e 1h &#8211; Acc\u00e8s libre<\/h6>\n\n\n\n<hr class=\"wp-block-separator has-alpha-channel-opacity is-style-dots\"\/>\n\n\n\n<h4 class=\"wp-block-heading\">11h15<mark style=\"background-color:rgba(0, 0, 0, 0)\" class=\"has-inline-color has-black-color\"> | <\/mark>Domaine de Liet<\/h4>\n\n\n\n<h2 class=\"wp-block-heading has-text-color\" style=\"color:#656398\"><a href=\"http:\/\/musiqueenchemin.fr\/index.php\/2023\/04\/21\/enharmonique\/\">Concert de Harpe <br>Enharmonique<\/a><\/h2>\n\n\n\n<figure class=\"wp-block-image size-full\"><a href=\"http:\/\/musiqueenchemin.fr\/index.php\/2023\/04\/21\/enharmonique\/\"><img loading=\"lazy\" decoding=\"async\" width=\"576\" height=\"661\" src=\"http:\/\/musiqueenchemin.fr\/wp-content\/uploads\/2023\/04\/luzzati@Heloise-Luzzati.jpg\" alt=\"\" class=\"wp-image-3407\" srcset=\"https:\/\/musiqueenchemin.fr\/wp-content\/uploads\/2023\/04\/luzzati@Heloise-Luzzati.jpg 576w, https:\/\/musiqueenchemin.fr\/wp-content\/uploads\/2023\/04\/luzzati@Heloise-Luzzati-261x300.jpg 261w, https:\/\/musiqueenchemin.fr\/wp-content\/uploads\/2023\/04\/luzzati@Heloise-Luzzati-44x50.jpg 44w\" sizes=\"auto, (max-width: 576px) 100vw, 576px\" \/><\/a><figcaption class=\"wp-element-caption\">\u00a9 He\u0301loi\u0308se Luzzati<\/figcaption><\/figure>\n\n\n\n<h5 class=\"wp-block-heading\"><em>Musiques de Jean Philippe Rameau<\/em><\/h5>\n\n\n\n<h3 class=\"wp-block-heading\">par Constance Luzzati<\/h3>\n\n\n\n<h6 class=\"wp-block-heading\">Dur\u00e9e 1h &#8211; Sur r\u00e9servation &#8211; Tarif B (plein : 15\u202f\u20ac &#8211; r\u00e9duit*: 10\u202f\u20ac &#8211; gratuit &#8211; de 12 ans)<\/h6>\n\n\n\n<div class=\"wp-block-buttons has-custom-font-size has-small-font-size is-layout-flex wp-block-buttons-is-layout-flex\">\n<div class=\"wp-block-button\"><a class=\"wp-block-button__link has-background wp-element-button\" href=\"https:\/\/gascogne-lomagne.fr\/Evenement\/musique-en-chemin-enharmonique-concert-de-harpe\/\" style=\"background-color:#e58744e8\">Je r\u00e9serve<\/a><\/div>\n<\/div>\n\n\n\n<hr class=\"wp-block-separator has-alpha-channel-opacity is-style-dots\"\/>\n\n\n\n<h4 class=\"wp-block-heading\">13h \u2013 Espace festival \/ Bar et restauration<\/h4>\n\n\n\n<hr class=\"wp-block-separator has-alpha-channel-opacity is-style-dots\"\/>\n\n\n\n<h4 class=\"wp-block-heading\">14h30<mark style=\"background-color:rgba(0, 0, 0, 0)\" class=\"has-inline-color has-black-color\"> | <\/mark>Salle des F\u00eates<\/h4>\n\n\n\n<h4 class=\"wp-block-heading has-text-color\" style=\"color:#656398\"><a href=\"http:\/\/musiqueenchemin.fr\/index.php\/2023\/04\/21\/rencontre-conference-avec-damien-brohon\/\">Rencontre &#8211; conf\u00e9rence avec Damien Brohon<\/a><\/h4>\n\n\n\n<h5 class=\"wp-block-heading\">Historien de l\u2019art familier des traditions contemplatives<\/h5>\n\n\n\n<h6 class=\"wp-block-heading\">Dur\u00e9e 1h30 &#8211; Acc\u00e8s libre<\/h6>\n\n\n\n<hr class=\"wp-block-separator has-alpha-channel-opacity is-style-dots\"\/>\n\n\n\n<h4 class=\"wp-block-heading\">16h<mark style=\"background-color:rgba(0, 0, 0, 0)\" class=\"has-inline-color has-black-color\"> | <\/mark>Espace festival<\/h4>\n\n\n\n<h4 class=\"wp-block-heading has-text-color\" style=\"color:#656398\"><a href=\"http:\/\/musiqueenchemin.fr\/index.php\/2023\/04\/21\/rencontre-conference-avec-christian-tarpin\/\">Rencontre &#8211; conf\u00e9rence avec Christian Tarpin<\/a><\/h4>\n\n\n\n<h5 class=\"wp-block-heading\">Paysan en agriculture biologique r\u00e9g\u00e9n\u00e9rative<\/h5>\n\n\n\n<h6 class=\"wp-block-heading\">Dur\u00e9e 40 minutes &#8211; Acc\u00e8s libre<\/h6>\n\n\n\n<hr class=\"wp-block-separator has-alpha-channel-opacity is-style-dots\"\/>\n\n\n\n<h4 class=\"wp-block-heading\"><mark style=\"background-color:rgba(0, 0, 0, 0);color:#202041\" class=\"has-inline-color\">18h | Espace festival<\/mark><br><a href=\"http:\/\/musiqueenchemin.fr\/index.php\/2023\/04\/21\/mise-en-oreille-3\/\"><mark style=\"background-color:rgba(0, 0, 0, 0);color:#3c62ac\" class=\"has-inline-color\">Mise en oreille<\/mark> <mark style=\"background-color:rgba(0, 0, 0, 0)\" class=\"has-inline-color has-black-color\">par Constance Luzzati, musicologue &amp; musicienne<\/mark><\/a><\/h4>\n\n\n\n<h6 class=\"wp-block-heading\">Dur\u00e9e 40 minutes &#8211; Acc\u00e8s libre<\/h6>\n\n\n\n<hr class=\"wp-block-separator has-alpha-channel-opacity is-style-dots\"\/>\n\n\n\n<h4 class=\"wp-block-heading\">19h<mark style=\"background-color:rgba(0, 0, 0, 0);color:#202041\" class=\"has-inline-color\"> | <\/mark>Clo\u00eetre de la coll\u00e9giale<\/h4>\n\n\n\n<h2 class=\"wp-block-heading has-text-color\" style=\"color:#656398\"><a href=\"http:\/\/musiqueenchemin.fr\/index.php\/2023\/04\/21\/harmonia-artificiosa\/\">Concert Baroque<br>Harmonia Artificiosa<\/a><\/h2>\n\n\n\n<figure class=\"wp-block-image size-full\"><a href=\"http:\/\/musiqueenchemin.fr\/index.php\/2023\/04\/21\/harmonia-artificiosa\/\"><img loading=\"lazy\" decoding=\"async\" width=\"564\" height=\"519\" src=\"http:\/\/musiqueenchemin.fr\/wp-content\/uploads\/2023\/04\/LNC\u00a9Cedric-Rouillat.jpg\" alt=\"\" class=\"wp-image-3408\" srcset=\"https:\/\/musiqueenchemin.fr\/wp-content\/uploads\/2023\/04\/LNC\u00a9Cedric-Rouillat.jpg 564w, https:\/\/musiqueenchemin.fr\/wp-content\/uploads\/2023\/04\/LNC\u00a9Cedric-Rouillat-300x276.jpg 300w, https:\/\/musiqueenchemin.fr\/wp-content\/uploads\/2023\/04\/LNC\u00a9Cedric-Rouillat-50x46.jpg 50w\" sizes=\"auto, (max-width: 564px) 100vw, 564px\" \/><\/a><figcaption class=\"wp-element-caption\">\u00a9 Cedric Rouillat<\/figcaption><\/figure>\n\n\n\n<h5 class=\"wp-block-heading\"><em>\u0152uvres de H. Biber, A. Corelli, G. Muffat<\/em><\/h5>\n\n\n\n<h3 class=\"wp-block-heading\">Ensemble Les Nouveaux Caract\u00e8res<br>Direction Caroline Mutel et S\u00e9bastien d\u2019H\u00e9rin<\/h3>\n\n\n\n<h5 class=\"wp-block-heading has-text-color\" style=\"color:#656398\">S\u00e9bastien d\u2019H\u00e9rin, clavecin<br>Birgit Goris, violon<br>Jasmine Eudeline, violon<br>Fr\u00e9d\u00e9ric Baldassare, violoncelle<br>Caroline Mutel, soprano<\/h5>\n\n\n\n<h6 class=\"wp-block-heading\">Dur\u00e9e 1h15 &#8211; Sur r\u00e9servation &#8211; Tarif&nbsp;A (Cat\u00e9gorie 1 : tarif plein : 25 \u20ac &#8211; tarif r\u00e9duit* <strong>: 20 \u20ac &#8211; gratuit &#8211; de 12 ans \u2022 Cat\u00e9gorie 2 : tarif plein : 20 \u20ac &#8211; tarif r\u00e9duit<\/strong>* : 15 \u20ac &#8211; gratuit &#8211; de 12 ans \u2022 Cat\u00e9gorie 3 : tarif plein : 15 \u20ac &#8211; tarif r\u00e9duit*: 10 \u20ac \u2022 gratuit &#8211; de 12 ans)<\/h6>\n\n\n\n<div class=\"wp-block-buttons has-custom-font-size has-small-font-size is-layout-flex wp-block-buttons-is-layout-flex\">\n<div class=\"wp-block-button\"><a class=\"wp-block-button__link has-background wp-element-button\" href=\"https:\/\/gascogne-lomagne.fr\/Evenement\/musique-en-chemin-concert-baroque-harmonia-artificiosa\/\" style=\"background-color:#e58744e8\">Je r\u00e9serve<\/a><\/div>\n<\/div>\n\n\n\n<hr class=\"wp-block-separator has-alpha-channel-opacity is-style-dots\"\/>\n\n\n\n<h4 class=\"wp-block-heading\">20h30 \u2013 Espace festival \/ Bar et restauration<\/h4>\n\n\n\n<hr class=\"wp-block-separator has-alpha-channel-opacity is-style-dots\"\/>\n\n\n\n<h4 class=\"wp-block-heading\">21h30<mark style=\"background-color:rgba(0, 0, 0, 0);color:#202041\" class=\"has-inline-color\"> | <\/mark>Espace festival<\/h4>\n\n\n\n<h4 class=\"wp-block-heading has-text-color\" style=\"color:#656398\"><a href=\"http:\/\/musiqueenchemin.fr\/index.php\/2023\/04\/21\/la-crochbal\/\">Bal Trad\u2019<br>La Croch\u2019Bal<\/a><\/h4>\n\n\n\n<h6 class=\"wp-block-heading\">Dur\u00e9e 2h &#8211; Acc\u00e8s libre<\/h6>\n","protected":false},"excerpt":{"rendered":"<p>Vendredi 21 juillet 9h | D\u00e9part place du village Balade vers le domaine de Liet Dur\u00e9e 1h &#8211; Acc\u00e8s libre 10h15 | Domaine de Liet Visite et pr\u00e9sentation du site Dur\u00e9e 1h &#8211; Acc\u00e8s libre 11h15 | Domaine de Liet Concert de Harpe Enharmonique Musiques de Jean Philippe Rameau par Constance Luzzati Dur\u00e9e 1h &#8211; [&hellip;]<\/p>\n","protected":false},"author":1,"featured_media":0,"comment_status":"closed","ping_status":"closed","sticky":false,"template":"","format":"standard","meta":{"cwp_meta_box_check":"No","cwp_rev_product_name":"","cwp_rev_product_image":"","wppr_links":[],"cwp_rev_price":"","wppr_options":[],"wppr_pros":[],"wppr_cons":[],"footnotes":""},"categories":[1],"tags":[],"class_list":["post-3491","post","type-post","status-publish","format-standard","hentry","category-non-classe"],"wppr_data":{"cwp_meta_box_check":"No"},"yoast_head":"<!-- This site is optimized with the Yoast SEO plugin v25.0 - https:\/\/yoast.com\/wordpress\/plugins\/seo\/ -->\n<title>Vendredi 21 juillet - Musique en Chemin<\/title>\n<meta name=\"robots\" content=\"index, follow, max-snippet:-1, max-image-preview:large, max-video-preview:-1\" \/>\n<link rel=\"canonical\" href=\"https:\/\/musiqueenchemin.fr\/index.php\/2023\/04\/21\/vendredi-21-juillet-2\/\" \/>\n<meta property=\"og:locale\" content=\"fr_FR\" \/>\n<meta property=\"og:type\" content=\"article\" \/>\n<meta property=\"og:title\" content=\"Vendredi 21 juillet - Musique en Chemin\" \/>\n<meta property=\"og:description\" content=\"Vendredi 21 juillet 9h | D\u00e9part place du village Balade vers le domaine de Liet Dur\u00e9e 1h &#8211; Acc\u00e8s libre 10h15 | Domaine de Liet Visite et pr\u00e9sentation du site Dur\u00e9e 1h &#8211; Acc\u00e8s libre 11h15 | Domaine de Liet Concert de Harpe Enharmonique Musiques de Jean Philippe Rameau par Constance Luzzati Dur\u00e9e 1h &#8211; [&hellip;]\" \/>\n<meta property=\"og:url\" content=\"https:\/\/musiqueenchemin.fr\/index.php\/2023\/04\/21\/vendredi-21-juillet-2\/\" \/>\n<meta property=\"og:site_name\" content=\"Musique en Chemin\" \/>\n<meta property=\"article:published_time\" content=\"2023-04-21T10:11:35+00:00\" \/>\n<meta property=\"article:modified_time\" content=\"2023-06-05T14:42:58+00:00\" \/>\n<meta property=\"og:image\" content=\"http:\/\/musiqueenchemin.fr\/wp-content\/uploads\/2023\/04\/luzzati@Heloise-Luzzati.jpg\" \/>\n<meta name=\"author\" content=\"Musique en Chemin\" \/>\n<meta name=\"twitter:card\" content=\"summary_large_image\" \/>\n<meta name=\"twitter:label1\" content=\"\u00c9crit par\" \/>\n\t<meta name=\"twitter:data1\" content=\"Musique en Chemin\" \/>\n\t<meta name=\"twitter:label2\" content=\"Dur\u00e9e de lecture estim\u00e9e\" \/>\n\t<meta name=\"twitter:data2\" content=\"1 minute\" \/>\n<script type=\"application\/ld+json\" class=\"yoast-schema-graph\">{\"@context\":\"https:\/\/schema.org\",\"@graph\":[{\"@type\":\"Article\",\"@id\":\"https:\/\/musiqueenchemin.fr\/index.php\/2023\/04\/21\/vendredi-21-juillet-2\/#article\",\"isPartOf\":{\"@id\":\"https:\/\/musiqueenchemin.fr\/index.php\/2023\/04\/21\/vendredi-21-juillet-2\/\"},\"author\":{\"name\":\"Musique en Chemin\",\"@id\":\"https:\/\/musiqueenchemin.fr\/#\/schema\/person\/6c4caa9d003e40448be270fea1e3cbff\"},\"headline\":\"Vendredi 21 juillet\",\"datePublished\":\"2023-04-21T10:11:35+00:00\",\"dateModified\":\"2023-06-05T14:42:58+00:00\",\"mainEntityOfPage\":{\"@id\":\"https:\/\/musiqueenchemin.fr\/index.php\/2023\/04\/21\/vendredi-21-juillet-2\/\"},\"wordCount\":281,\"publisher\":{\"@id\":\"https:\/\/musiqueenchemin.fr\/#organization\"},\"image\":{\"@id\":\"https:\/\/musiqueenchemin.fr\/index.php\/2023\/04\/21\/vendredi-21-juillet-2\/#primaryimage\"},\"thumbnailUrl\":\"http:\/\/musiqueenchemin.fr\/wp-content\/uploads\/2023\/04\/luzzati@Heloise-Luzzati.jpg\",\"inLanguage\":\"fr-FR\"},{\"@type\":\"WebPage\",\"@id\":\"https:\/\/musiqueenchemin.fr\/index.php\/2023\/04\/21\/vendredi-21-juillet-2\/\",\"url\":\"https:\/\/musiqueenchemin.fr\/index.php\/2023\/04\/21\/vendredi-21-juillet-2\/\",\"name\":\"Vendredi 21 juillet - Musique en Chemin\",\"isPartOf\":{\"@id\":\"https:\/\/musiqueenchemin.fr\/#website\"},\"primaryImageOfPage\":{\"@id\":\"https:\/\/musiqueenchemin.fr\/index.php\/2023\/04\/21\/vendredi-21-juillet-2\/#primaryimage\"},\"image\":{\"@id\":\"https:\/\/musiqueenchemin.fr\/index.php\/2023\/04\/21\/vendredi-21-juillet-2\/#primaryimage\"},\"thumbnailUrl\":\"http:\/\/musiqueenchemin.fr\/wp-content\/uploads\/2023\/04\/luzzati@Heloise-Luzzati.jpg\",\"datePublished\":\"2023-04-21T10:11:35+00:00\",\"dateModified\":\"2023-06-05T14:42:58+00:00\",\"breadcrumb\":{\"@id\":\"https:\/\/musiqueenchemin.fr\/index.php\/2023\/04\/21\/vendredi-21-juillet-2\/#breadcrumb\"},\"inLanguage\":\"fr-FR\",\"potentialAction\":[{\"@type\":\"ReadAction\",\"target\":[\"https:\/\/musiqueenchemin.fr\/index.php\/2023\/04\/21\/vendredi-21-juillet-2\/\"]}]},{\"@type\":\"ImageObject\",\"inLanguage\":\"fr-FR\",\"@id\":\"https:\/\/musiqueenchemin.fr\/index.php\/2023\/04\/21\/vendredi-21-juillet-2\/#primaryimage\",\"url\":\"https:\/\/musiqueenchemin.fr\/wp-content\/uploads\/2023\/04\/luzzati@Heloise-Luzzati.jpg\",\"contentUrl\":\"https:\/\/musiqueenchemin.fr\/wp-content\/uploads\/2023\/04\/luzzati@Heloise-Luzzati.jpg\",\"width\":576,\"height\":661},{\"@type\":\"BreadcrumbList\",\"@id\":\"https:\/\/musiqueenchemin.fr\/index.php\/2023\/04\/21\/vendredi-21-juillet-2\/#breadcrumb\",\"itemListElement\":[{\"@type\":\"ListItem\",\"position\":1,\"name\":\"Accueil\",\"item\":\"https:\/\/musiqueenchemin.fr\/\"},{\"@type\":\"ListItem\",\"position\":2,\"name\":\"Vendredi 21 juillet\"}]},{\"@type\":\"WebSite\",\"@id\":\"https:\/\/musiqueenchemin.fr\/#website\",\"url\":\"https:\/\/musiqueenchemin.fr\/\",\"name\":\"Musique en Chemin\",\"description\":\"Saison &amp; Festival\",\"publisher\":{\"@id\":\"https:\/\/musiqueenchemin.fr\/#organization\"},\"potentialAction\":[{\"@type\":\"SearchAction\",\"target\":{\"@type\":\"EntryPoint\",\"urlTemplate\":\"https:\/\/musiqueenchemin.fr\/?s={search_term_string}\"},\"query-input\":{\"@type\":\"PropertyValueSpecification\",\"valueRequired\":true,\"valueName\":\"search_term_string\"}}],\"inLanguage\":\"fr-FR\"},{\"@type\":\"Organization\",\"@id\":\"https:\/\/musiqueenchemin.fr\/#organization\",\"name\":\"Musique en Chemin\",\"url\":\"https:\/\/musiqueenchemin.fr\/\",\"logo\":{\"@type\":\"ImageObject\",\"inLanguage\":\"fr-FR\",\"@id\":\"https:\/\/musiqueenchemin.fr\/#\/schema\/logo\/image\/\",\"url\":\"http:\/\/musiqueenchemin.fr\/wp-content\/uploads\/2024\/03\/huppe-jaune-2024.png\",\"contentUrl\":\"http:\/\/musiqueenchemin.fr\/wp-content\/uploads\/2024\/03\/huppe-jaune-2024.png\",\"width\":560,\"height\":387,\"caption\":\"Musique en Chemin\"},\"image\":{\"@id\":\"https:\/\/musiqueenchemin.fr\/#\/schema\/logo\/image\/\"}},{\"@type\":\"Person\",\"@id\":\"https:\/\/musiqueenchemin.fr\/#\/schema\/person\/6c4caa9d003e40448be270fea1e3cbff\",\"name\":\"Musique en Chemin\",\"image\":{\"@type\":\"ImageObject\",\"inLanguage\":\"fr-FR\",\"@id\":\"https:\/\/musiqueenchemin.fr\/#\/schema\/person\/image\/\",\"url\":\"https:\/\/secure.gravatar.com\/avatar\/7b1be4a90bcc64c58111b64ffe668b413f96ab86aad982e7fdacac32cefcb4ec?s=96&d=mm&r=g\",\"contentUrl\":\"https:\/\/secure.gravatar.com\/avatar\/7b1be4a90bcc64c58111b64ffe668b413f96ab86aad982e7fdacac32cefcb4ec?s=96&d=mm&r=g\",\"caption\":\"Musique en Chemin\"},\"url\":\"https:\/\/musiqueenchemin.fr\/index.php\/author\/chem\/\"}]}<\/script>\n<!-- \/ Yoast SEO plugin. -->","yoast_head_json":{"title":"Vendredi 21 juillet - Musique en Chemin","robots":{"index":"index","follow":"follow","max-snippet":"max-snippet:-1","max-image-preview":"max-image-preview:large","max-video-preview":"max-video-preview:-1"},"canonical":"https:\/\/musiqueenchemin.fr\/index.php\/2023\/04\/21\/vendredi-21-juillet-2\/","og_locale":"fr_FR","og_type":"article","og_title":"Vendredi 21 juillet - Musique en Chemin","og_description":"Vendredi 21 juillet 9h | D\u00e9part place du village Balade vers le domaine de Liet Dur\u00e9e 1h &#8211; Acc\u00e8s libre 10h15 | Domaine de Liet Visite et pr\u00e9sentation du site Dur\u00e9e 1h &#8211; Acc\u00e8s libre 11h15 | Domaine de Liet Concert de Harpe Enharmonique Musiques de Jean Philippe Rameau par Constance Luzzati Dur\u00e9e 1h &#8211; [&hellip;]","og_url":"https:\/\/musiqueenchemin.fr\/index.php\/2023\/04\/21\/vendredi-21-juillet-2\/","og_site_name":"Musique en Chemin","article_published_time":"2023-04-21T10:11:35+00:00","article_modified_time":"2023-06-05T14:42:58+00:00","og_image":[{"url":"http:\/\/musiqueenchemin.fr\/wp-content\/uploads\/2023\/04\/luzzati@Heloise-Luzzati.jpg","type":"","width":"","height":""}],"author":"Musique en Chemin","twitter_card":"summary_large_image","twitter_misc":{"\u00c9crit par":"Musique en Chemin","Dur\u00e9e de lecture estim\u00e9e":"1 minute"},"schema":{"@context":"https:\/\/schema.org","@graph":[{"@type":"Article","@id":"https:\/\/musiqueenchemin.fr\/index.php\/2023\/04\/21\/vendredi-21-juillet-2\/#article","isPartOf":{"@id":"https:\/\/musiqueenchemin.fr\/index.php\/2023\/04\/21\/vendredi-21-juillet-2\/"},"author":{"name":"Musique en Chemin","@id":"https:\/\/musiqueenchemin.fr\/#\/schema\/person\/6c4caa9d003e40448be270fea1e3cbff"},"headline":"Vendredi 21 juillet","datePublished":"2023-04-21T10:11:35+00:00","dateModified":"2023-06-05T14:42:58+00:00","mainEntityOfPage":{"@id":"https:\/\/musiqueenchemin.fr\/index.php\/2023\/04\/21\/vendredi-21-juillet-2\/"},"wordCount":281,"publisher":{"@id":"https:\/\/musiqueenchemin.fr\/#organization"},"image":{"@id":"https:\/\/musiqueenchemin.fr\/index.php\/2023\/04\/21\/vendredi-21-juillet-2\/#primaryimage"},"thumbnailUrl":"http:\/\/musiqueenchemin.fr\/wp-content\/uploads\/2023\/04\/luzzati@Heloise-Luzzati.jpg","inLanguage":"fr-FR"},{"@type":"WebPage","@id":"https:\/\/musiqueenchemin.fr\/index.php\/2023\/04\/21\/vendredi-21-juillet-2\/","url":"https:\/\/musiqueenchemin.fr\/index.php\/2023\/04\/21\/vendredi-21-juillet-2\/","name":"Vendredi 21 juillet - Musique en Chemin","isPartOf":{"@id":"https:\/\/musiqueenchemin.fr\/#website"},"primaryImageOfPage":{"@id":"https:\/\/musiqueenchemin.fr\/index.php\/2023\/04\/21\/vendredi-21-juillet-2\/#primaryimage"},"image":{"@id":"https:\/\/musiqueenchemin.fr\/index.php\/2023\/04\/21\/vendredi-21-juillet-2\/#primaryimage"},"thumbnailUrl":"http:\/\/musiqueenchemin.fr\/wp-content\/uploads\/2023\/04\/luzzati@Heloise-Luzzati.jpg","datePublished":"2023-04-21T10:11:35+00:00","dateModified":"2023-06-05T14:42:58+00:00","breadcrumb":{"@id":"https:\/\/musiqueenchemin.fr\/index.php\/2023\/04\/21\/vendredi-21-juillet-2\/#breadcrumb"},"inLanguage":"fr-FR","potentialAction":[{"@type":"ReadAction","target":["https:\/\/musiqueenchemin.fr\/index.php\/2023\/04\/21\/vendredi-21-juillet-2\/"]}]},{"@type":"ImageObject","inLanguage":"fr-FR","@id":"https:\/\/musiqueenchemin.fr\/index.php\/2023\/04\/21\/vendredi-21-juillet-2\/#primaryimage","url":"https:\/\/musiqueenchemin.fr\/wp-content\/uploads\/2023\/04\/luzzati@Heloise-Luzzati.jpg","contentUrl":"https:\/\/musiqueenchemin.fr\/wp-content\/uploads\/2023\/04\/luzzati@Heloise-Luzzati.jpg","width":576,"height":661},{"@type":"BreadcrumbList","@id":"https:\/\/musiqueenchemin.fr\/index.php\/2023\/04\/21\/vendredi-21-juillet-2\/#breadcrumb","itemListElement":[{"@type":"ListItem","position":1,"name":"Accueil","item":"https:\/\/musiqueenchemin.fr\/"},{"@type":"ListItem","position":2,"name":"Vendredi 21 juillet"}]},{"@type":"WebSite","@id":"https:\/\/musiqueenchemin.fr\/#website","url":"https:\/\/musiqueenchemin.fr\/","name":"Musique en Chemin","description":"Saison &amp; Festival","publisher":{"@id":"https:\/\/musiqueenchemin.fr\/#organization"},"potentialAction":[{"@type":"SearchAction","target":{"@type":"EntryPoint","urlTemplate":"https:\/\/musiqueenchemin.fr\/?s={search_term_string}"},"query-input":{"@type":"PropertyValueSpecification","valueRequired":true,"valueName":"search_term_string"}}],"inLanguage":"fr-FR"},{"@type":"Organization","@id":"https:\/\/musiqueenchemin.fr\/#organization","name":"Musique en Chemin","url":"https:\/\/musiqueenchemin.fr\/","logo":{"@type":"ImageObject","inLanguage":"fr-FR","@id":"https:\/\/musiqueenchemin.fr\/#\/schema\/logo\/image\/","url":"http:\/\/musiqueenchemin.fr\/wp-content\/uploads\/2024\/03\/huppe-jaune-2024.png","contentUrl":"http:\/\/musiqueenchemin.fr\/wp-content\/uploads\/2024\/03\/huppe-jaune-2024.png","width":560,"height":387,"caption":"Musique en Chemin"},"image":{"@id":"https:\/\/musiqueenchemin.fr\/#\/schema\/logo\/image\/"}},{"@type":"Person","@id":"https:\/\/musiqueenchemin.fr\/#\/schema\/person\/6c4caa9d003e40448be270fea1e3cbff","name":"Musique en Chemin","image":{"@type":"ImageObject","inLanguage":"fr-FR","@id":"https:\/\/musiqueenchemin.fr\/#\/schema\/person\/image\/","url":"https:\/\/secure.gravatar.com\/avatar\/7b1be4a90bcc64c58111b64ffe668b413f96ab86aad982e7fdacac32cefcb4ec?s=96&d=mm&r=g","contentUrl":"https:\/\/secure.gravatar.com\/avatar\/7b1be4a90bcc64c58111b64ffe668b413f96ab86aad982e7fdacac32cefcb4ec?s=96&d=mm&r=g","caption":"Musique en Chemin"},"url":"https:\/\/musiqueenchemin.fr\/index.php\/author\/chem\/"}]}},"_links":{"self":[{"href":"https:\/\/musiqueenchemin.fr\/index.php\/wp-json\/wp\/v2\/posts\/3491","targetHints":{"allow":["GET"]}}],"collection":[{"href":"https:\/\/musiqueenchemin.fr\/index.php\/wp-json\/wp\/v2\/posts"}],"about":[{"href":"https:\/\/musiqueenchemin.fr\/index.php\/wp-json\/wp\/v2\/types\/post"}],"author":[{"embeddable":true,"href":"https:\/\/musiqueenchemin.fr\/index.php\/wp-json\/wp\/v2\/users\/1"}],"replies":[{"embeddable":true,"href":"https:\/\/musiqueenchemin.fr\/index.php\/wp-json\/wp\/v2\/comments?post=3491"}],"version-history":[{"count":2,"href":"https:\/\/musiqueenchemin.fr\/index.php\/wp-json\/wp\/v2\/posts\/3491\/revisions"}],"predecessor-version":[{"id":3520,"href":"https:\/\/musiqueenchemin.fr\/index.php\/wp-json\/wp\/v2\/posts\/3491\/revisions\/3520"}],"wp:attachment":[{"href":"https:\/\/musiqueenchemin.fr\/index.php\/wp-json\/wp\/v2\/media?parent=3491"}],"wp:term":[{"taxonomy":"category","embeddable":true,"href":"https:\/\/musiqueenchemin.fr\/index.php\/wp-json\/wp\/v2\/categories?post=3491"},{"taxonomy":"post_tag","embeddable":true,"href":"https:\/\/musiqueenchemin.fr\/index.php\/wp-json\/wp\/v2\/tags?post=3491"}],"curies":[{"name":"wp","href":"https:\/\/api.w.org\/{rel}","templated":true}]}}