{"id":3493,"date":"2023-04-21T11:12:26","date_gmt":"2023-04-21T10:12:26","guid":{"rendered":"http:\/\/musiqueenchemin.fr\/?p=3493"},"modified":"2023-06-05T15:45:28","modified_gmt":"2023-06-05T14:45:28","slug":"samedi-22-juillet-2","status":"publish","type":"post","link":"https:\/\/musiqueenchemin.fr\/index.php\/2023\/04\/21\/samedi-22-juillet-2\/","title":{"rendered":"Samedi 22 juillet"},"content":{"rendered":"\n<h4 class=\"wp-block-heading\">10h30<mark style=\"background-color:rgba(0, 0, 0, 0);color:#202041\" class=\"has-inline-color\"> |<\/mark> D\u00e9part place du village<\/h4>\n\n\n\n<h5 class=\"wp-block-heading\">Jeune public<\/h5>\n\n\n\n<h4 class=\"wp-block-heading has-text-color\" style=\"color:#c03022\"><a href=\"http:\/\/musiqueenchemin.fr\/index.php\/2023\/04\/21\/balade-contee\/\">Balade cont\u00e9e par Magalie Feuillas<\/a><\/h4>\n\n\n\n<h6 class=\"wp-block-heading\">Dur\u00e9e 1h15 &#8211; Tarif&nbsp;C (5\u202f\u20ac)<\/h6>\n\n\n\n<div class=\"wp-block-buttons has-custom-font-size has-small-font-size is-layout-flex wp-block-buttons-is-layout-flex\">\n<div class=\"wp-block-button\"><a class=\"wp-block-button__link has-background wp-element-button\" href=\"https:\/\/gascogne-lomagne.fr\/Evenement\/musique-en-chemin-enharmonique-concert-de-harpe\/https:\/\/gascogne-lomagne.fr\/Evenement\/musique-en-chemin-balade-contee-par-magalie-feuillas\/\" style=\"background-color:#e58744e8\">Je r\u00e9serve<\/a><\/div>\n<\/div>\n\n\n\n<hr class=\"wp-block-separator has-alpha-channel-opacity is-style-dots\"\/>\n\n\n\n<h4 class=\"wp-block-heading\">12h<mark style=\"background-color:rgba(0, 0, 0, 0);color:#202041\" class=\"has-inline-color\"> |<\/mark> Coll\u00e9giale de La Romieu<\/h4>\n\n\n\n<h4 class=\"wp-block-heading has-text-color\" style=\"color:#c03022\"><a href=\"http:\/\/musiqueenchemin.fr\/index.php\/2023\/04\/21\/concert-dorgue\/\">Concert d\u2019Orgue<\/a><\/h4>\n\n\n\n<h5 class=\"wp-block-heading\"><em>avec le nouvel orgue de la coll\u00e9giale<\/em><\/h5>\n\n\n\n<h4 class=\"wp-block-heading\">par Jean-Christophe Revel<\/h4>\n\n\n\n<h5 class=\"wp-block-heading\">Titulaire de l\u2019orgue Jean de Joyeuse de la cath\u00e9drale Sainte-Marie d\u2019Auch<\/h5>\n\n\n\n<h6 class=\"wp-block-heading\">Dur\u00e9e 30 min (puis 10 min de questions) &#8211; Acc\u00e8s libre<\/h6>\n\n\n\n<hr class=\"wp-block-separator has-alpha-channel-opacity is-style-dots\"\/>\n\n\n\n<h4 class=\"wp-block-heading\">12h30 \u2013 Espace festival \/ Bar et restauration<\/h4>\n\n\n\n<hr class=\"wp-block-separator has-alpha-channel-opacity is-style-dots\"\/>\n\n\n\n<h4 class=\"wp-block-heading\">14h30 \u2013 Salle des f\u00eates<\/h4>\n\n\n\n<h4 class=\"wp-block-heading has-text-color\" style=\"color:#c03022\"><a href=\"http:\/\/musiqueenchemin.fr\/index.php\/2023\/04\/21\/atelier-public\/\">Atelier public <em>\u00c0 la d\u00e9couverte de notre voix<\/em> par Nadia Lavoyer<\/a><\/h4>\n\n\n\n<h6 class=\"wp-block-heading\">Dur\u00e9e 45 min &#8211; Acc\u00e8s libre<\/h6>\n\n\n\n<hr class=\"wp-block-separator has-alpha-channel-opacity is-style-dots\"\/>\n\n\n\n<h4 class=\"wp-block-heading\">15h30 &#8211; Espace festival<\/h4>\n\n\n\n<h4 class=\"wp-block-heading has-text-color\" style=\"color:#c03022\"><a href=\"http:\/\/musiqueenchemin.fr\/index.php\/2023\/04\/21\/rencontre-conference-avec-christian-tarpin-2\/\">Rencontre &#8211; conf\u00e9rence avec Christian Tarpin<\/a><\/h4>\n\n\n\n<h5 class=\"wp-block-heading\">Paysan en agriculture biologique r\u00e9g\u00e9n\u00e9rative<\/h5>\n\n\n\n<h6 class=\"wp-block-heading\">Dur\u00e9e 1h &#8211; Acc\u00e8s libre<\/h6>\n\n\n\n<hr class=\"wp-block-separator has-alpha-channel-opacity is-style-dots\"\/>\n\n\n\n<h4 class=\"wp-block-heading\">16h30 \u2013 Espace festival<\/h4>\n\n\n\n<h4 class=\"wp-block-heading has-text-color\" style=\"color:#c03022\"><a href=\"http:\/\/musiqueenchemin.fr\/index.php\/2023\/04\/21\/rencontre-conference-avec-pascale-fabre\/\">Rencontre &#8211; conf\u00e9rence avec Pascale Fabre<\/a><\/h4>\n\n\n\n<h5 class=\"wp-block-heading\">Physico-chimiste, directrice de recherche au CNRS<\/h5>\n\n\n\n<h6 class=\"wp-block-heading\">Dur\u00e9e 1h &#8211; Acc\u00e8s libre<\/h6>\n\n\n\n<hr class=\"wp-block-separator has-alpha-channel-opacity is-style-dots\"\/>\n\n\n\n<h4 class=\"wp-block-heading\"><mark style=\"background-color:rgba(0, 0, 0, 0);color:#202041\" class=\"has-inline-color\">18h | Espace festival<\/mark><br><a href=\"http:\/\/musiqueenchemin.fr\/index.php\/2023\/04\/21\/mise-en-oreille-3\/\"><mark style=\"background-color:rgba(0, 0, 0, 0);color:#3c62ac\" class=\"has-inline-color\">Mise en oreille<\/mark> <mark style=\"background-color:rgba(0, 0, 0, 0)\" class=\"has-inline-color has-black-color\">par Constance Luzzati, musicologue &amp; musicienne<\/mark><\/a><\/h4>\n\n\n\n<h6 class=\"wp-block-heading\">Dur\u00e9e 40 minutes &#8211; Acc\u00e8s libre<\/h6>\n\n\n\n<hr class=\"wp-block-separator has-alpha-channel-opacity is-style-dots\"\/>\n\n\n\n<h4 class=\"wp-block-heading\">19h \u2013 Clo\u00eetre de la coll\u00e9giale<\/h4>\n\n\n\n<h4 class=\"wp-block-heading\">Concert de piano et de marimba<\/h4>\n\n\n\n<h2 class=\"wp-block-heading has-text-color\" style=\"color:#c03022\"><a href=\"http:\/\/musiqueenchemin.fr\/index.php\/2023\/04\/21\/bach-mirror\/\">Bach Mirror<\/a><\/h2>\n\n\n\n<figure class=\"wp-block-image size-large\"><a href=\"http:\/\/musiqueenchemin.fr\/index.php\/2023\/04\/21\/bach-mirror\/\"><img loading=\"lazy\" decoding=\"async\" width=\"1024\" height=\"736\" src=\"http:\/\/musiqueenchemin.fr\/wp-content\/uploads\/2023\/04\/Thomas-Enhco-Vassilena-Serafimova-19-\u00a9Frank-Loriou-Sony-Music-1024x736.jpg\" alt=\"\" class=\"wp-image-3409\" srcset=\"https:\/\/musiqueenchemin.fr\/wp-content\/uploads\/2023\/04\/Thomas-Enhco-Vassilena-Serafimova-19-\u00a9Frank-Loriou-Sony-Music-1024x736.jpg 1024w, https:\/\/musiqueenchemin.fr\/wp-content\/uploads\/2023\/04\/Thomas-Enhco-Vassilena-Serafimova-19-\u00a9Frank-Loriou-Sony-Music-300x216.jpg 300w, https:\/\/musiqueenchemin.fr\/wp-content\/uploads\/2023\/04\/Thomas-Enhco-Vassilena-Serafimova-19-\u00a9Frank-Loriou-Sony-Music-768x552.jpg 768w, https:\/\/musiqueenchemin.fr\/wp-content\/uploads\/2023\/04\/Thomas-Enhco-Vassilena-Serafimova-19-\u00a9Frank-Loriou-Sony-Music-50x36.jpg 50w, https:\/\/musiqueenchemin.fr\/wp-content\/uploads\/2023\/04\/Thomas-Enhco-Vassilena-Serafimova-19-\u00a9Frank-Loriou-Sony-Music-820x589.jpg 820w, https:\/\/musiqueenchemin.fr\/wp-content\/uploads\/2023\/04\/Thomas-Enhco-Vassilena-Serafimova-19-\u00a9Frank-Loriou-Sony-Music.jpg 1276w\" sizes=\"auto, (max-width: 1024px) 100vw, 1024px\" \/><\/a><figcaption class=\"wp-element-caption\">\u00a9 Frank Loriou &#8211; Sony Music<\/figcaption><\/figure>\n\n\n\n<h3 class=\"wp-block-heading\">Thomas Enhco &amp; Vassilena Serafimova<\/h3>\n\n\n\n<h6 class=\"wp-block-heading\">Dur\u00e9e&nbsp;1h30 &#8211; Sur r\u00e9servation &#8211; Tarif&nbsp;A (Cat\u00e9gorie 1 : tarif plein : 25 \u20ac &#8211; tarif r\u00e9duit* <strong>: 20 \u20ac &#8211; gratuit &#8211; de 12 ans \u2022 Cat\u00e9gorie 2 : tarif plein : 20 \u20ac &#8211; tarif r\u00e9duit<\/strong>* : 15 \u20ac &#8211; gratuit &#8211; de 12 ans \u2022 Cat\u00e9gorie 3 : tarif plein : 15 \u20ac &#8211; tarif r\u00e9duit*: 10 \u20ac \u2022 gratuit &#8211; de 12 ans)<\/h6>\n\n\n\n<div class=\"wp-block-buttons has-custom-font-size has-small-font-size is-layout-flex wp-block-buttons-is-layout-flex\">\n<div class=\"wp-block-button\"><a class=\"wp-block-button__link has-background wp-element-button\" href=\"https:\/\/gascogne-lomagne.fr\/Evenement\/musique-en-chemin-concert-bach-mirror\/\" style=\"background-color:#e58744e8\">Je r\u00e9serve<\/a><\/div>\n<\/div>\n\n\n\n<hr class=\"wp-block-separator has-alpha-channel-opacity is-style-dots\"\/>\n\n\n\n<h4 class=\"wp-block-heading\">20h30 \u2013 Espace festival \/ Bar et restauration<\/h4>\n\n\n\n<hr class=\"wp-block-separator has-alpha-channel-opacity is-style-dots\"\/>\n\n\n\n<h4 class=\"wp-block-heading\">21h30 &#8211; Espace festival<\/h4>\n\n\n\n<h4 class=\"wp-block-heading has-text-color\" style=\"color:#c03022\"><a href=\"http:\/\/musiqueenchemin.fr\/index.php\/2023\/04\/21\/experiences-orientales\/\">Exp\u00e9riences orientales<\/a><\/h4>\n\n\n\n<h5 class=\"wp-block-heading\">Trio Lakhdar Hanou, oud, Paco Labat, percussions et Auguste Harle, violoncelle<\/h5>\n\n\n\n<h6 class=\"wp-block-heading\">Dur\u00e9e 1h &#8211; Acc\u00e8s libre<\/h6>\n\n\n\n<hr class=\"wp-block-separator has-alpha-channel-opacity is-style-dots\"\/>\n\n\n\n<h4 class=\"wp-block-heading\">23h \u2013 Parc de l\u2019Olivier<\/h4>\n\n\n\n<h4 class=\"wp-block-heading has-text-color\" style=\"color:#c03022\"><a href=\"http:\/\/musiqueenchemin.fr\/index.php\/2023\/04\/21\/dj-set-sous-les-etoiles\/\">DJ Set sous les \u00e9toiles<\/a><\/h4>\n\n\n\n<h5 class=\"wp-block-heading\">Isabelle Stragliati, alias DJ Rescue<\/h5>\n\n\n\n<h6 class=\"wp-block-heading\">Dur\u00e9e 2h &#8211; Acc\u00e8s libre<\/h6>\n","protected":false},"excerpt":{"rendered":"<p>10h30 | D\u00e9part place du village Jeune public Balade cont\u00e9e par Magalie Feuillas Dur\u00e9e 1h15 &#8211; Tarif&nbsp;C (5\u202f\u20ac) 12h | Coll\u00e9giale de La Romieu Concert d\u2019Orgue avec le nouvel orgue de la coll\u00e9giale par Jean-Christophe Revel Titulaire de l\u2019orgue Jean de Joyeuse de la cath\u00e9drale Sainte-Marie d\u2019Auch Dur\u00e9e 30 min (puis 10 min de questions) [&hellip;]<\/p>\n","protected":false},"author":1,"featured_media":0,"comment_status":"closed","ping_status":"closed","sticky":false,"template":"","format":"standard","meta":{"cwp_meta_box_check":"No","cwp_rev_product_name":"","cwp_rev_product_image":"","wppr_links":[],"cwp_rev_price":"","wppr_options":[],"wppr_pros":[],"wppr_cons":[],"footnotes":""},"categories":[1],"tags":[],"class_list":["post-3493","post","type-post","status-publish","format-standard","hentry","category-non-classe"],"wppr_data":{"cwp_meta_box_check":"No"},"yoast_head":"<!-- This site is optimized with the Yoast SEO plugin v25.0 - https:\/\/yoast.com\/wordpress\/plugins\/seo\/ -->\n<title>Samedi 22 juillet - Musique en Chemin<\/title>\n<meta name=\"robots\" content=\"index, follow, max-snippet:-1, max-image-preview:large, max-video-preview:-1\" \/>\n<link rel=\"canonical\" href=\"http:\/\/musiqueenchemin.fr\/index.php\/2023\/04\/21\/samedi-22-juillet-2\/\" \/>\n<meta property=\"og:locale\" content=\"fr_FR\" \/>\n<meta property=\"og:type\" content=\"article\" \/>\n<meta property=\"og:title\" content=\"Samedi 22 juillet - Musique en Chemin\" \/>\n<meta property=\"og:description\" content=\"10h30 | D\u00e9part place du village Jeune public Balade cont\u00e9e par Magalie Feuillas Dur\u00e9e 1h15 &#8211; Tarif&nbsp;C (5\u202f\u20ac) 12h | Coll\u00e9giale de La Romieu Concert d\u2019Orgue avec le nouvel orgue de la coll\u00e9giale par Jean-Christophe Revel Titulaire de l\u2019orgue Jean de Joyeuse de la cath\u00e9drale Sainte-Marie d\u2019Auch Dur\u00e9e 30 min (puis 10 min de questions) [&hellip;]\" \/>\n<meta property=\"og:url\" content=\"http:\/\/musiqueenchemin.fr\/index.php\/2023\/04\/21\/samedi-22-juillet-2\/\" \/>\n<meta property=\"og:site_name\" content=\"Musique en Chemin\" \/>\n<meta property=\"article:published_time\" content=\"2023-04-21T10:12:26+00:00\" \/>\n<meta property=\"article:modified_time\" content=\"2023-06-05T14:45:28+00:00\" \/>\n<meta name=\"author\" content=\"Musique en Chemin\" \/>\n<meta name=\"twitter:card\" content=\"summary_large_image\" \/>\n<meta name=\"twitter:label1\" content=\"\u00c9crit par\" \/>\n\t<meta name=\"twitter:data1\" content=\"Musique en Chemin\" \/>\n\t<meta name=\"twitter:label2\" content=\"Dur\u00e9e de lecture estim\u00e9e\" \/>\n\t<meta name=\"twitter:data2\" content=\"1 minute\" \/>\n<script type=\"application\/ld+json\" class=\"yoast-schema-graph\">{\"@context\":\"https:\/\/schema.org\",\"@graph\":[{\"@type\":\"Article\",\"@id\":\"http:\/\/musiqueenchemin.fr\/index.php\/2023\/04\/21\/samedi-22-juillet-2\/#article\",\"isPartOf\":{\"@id\":\"http:\/\/musiqueenchemin.fr\/index.php\/2023\/04\/21\/samedi-22-juillet-2\/\"},\"author\":{\"name\":\"Musique en Chemin\",\"@id\":\"https:\/\/musiqueenchemin.fr\/#\/schema\/person\/6c4caa9d003e40448be270fea1e3cbff\"},\"headline\":\"Samedi 22 juillet\",\"datePublished\":\"2023-04-21T10:12:26+00:00\",\"dateModified\":\"2023-06-05T14:45:28+00:00\",\"mainEntityOfPage\":{\"@id\":\"http:\/\/musiqueenchemin.fr\/index.php\/2023\/04\/21\/samedi-22-juillet-2\/\"},\"wordCount\":299,\"publisher\":{\"@id\":\"https:\/\/musiqueenchemin.fr\/#organization\"},\"inLanguage\":\"fr-FR\"},{\"@type\":\"WebPage\",\"@id\":\"http:\/\/musiqueenchemin.fr\/index.php\/2023\/04\/21\/samedi-22-juillet-2\/\",\"url\":\"http:\/\/musiqueenchemin.fr\/index.php\/2023\/04\/21\/samedi-22-juillet-2\/\",\"name\":\"Samedi 22 juillet - Musique en Chemin\",\"isPartOf\":{\"@id\":\"https:\/\/musiqueenchemin.fr\/#website\"},\"datePublished\":\"2023-04-21T10:12:26+00:00\",\"dateModified\":\"2023-06-05T14:45:28+00:00\",\"breadcrumb\":{\"@id\":\"http:\/\/musiqueenchemin.fr\/index.php\/2023\/04\/21\/samedi-22-juillet-2\/#breadcrumb\"},\"inLanguage\":\"fr-FR\",\"potentialAction\":[{\"@type\":\"ReadAction\",\"target\":[\"http:\/\/musiqueenchemin.fr\/index.php\/2023\/04\/21\/samedi-22-juillet-2\/\"]}]},{\"@type\":\"BreadcrumbList\",\"@id\":\"http:\/\/musiqueenchemin.fr\/index.php\/2023\/04\/21\/samedi-22-juillet-2\/#breadcrumb\",\"itemListElement\":[{\"@type\":\"ListItem\",\"position\":1,\"name\":\"Accueil\",\"item\":\"https:\/\/musiqueenchemin.fr\/\"},{\"@type\":\"ListItem\",\"position\":2,\"name\":\"Samedi 22 juillet\"}]},{\"@type\":\"WebSite\",\"@id\":\"https:\/\/musiqueenchemin.fr\/#website\",\"url\":\"https:\/\/musiqueenchemin.fr\/\",\"name\":\"Musique en Chemin\",\"description\":\"Saison &amp; Festival\",\"publisher\":{\"@id\":\"https:\/\/musiqueenchemin.fr\/#organization\"},\"potentialAction\":[{\"@type\":\"SearchAction\",\"target\":{\"@type\":\"EntryPoint\",\"urlTemplate\":\"https:\/\/musiqueenchemin.fr\/?s={search_term_string}\"},\"query-input\":{\"@type\":\"PropertyValueSpecification\",\"valueRequired\":true,\"valueName\":\"search_term_string\"}}],\"inLanguage\":\"fr-FR\"},{\"@type\":\"Organization\",\"@id\":\"https:\/\/musiqueenchemin.fr\/#organization\",\"name\":\"Musique en Chemin\",\"url\":\"https:\/\/musiqueenchemin.fr\/\",\"logo\":{\"@type\":\"ImageObject\",\"inLanguage\":\"fr-FR\",\"@id\":\"https:\/\/musiqueenchemin.fr\/#\/schema\/logo\/image\/\",\"url\":\"http:\/\/musiqueenchemin.fr\/wp-content\/uploads\/2024\/03\/huppe-jaune-2024.png\",\"contentUrl\":\"http:\/\/musiqueenchemin.fr\/wp-content\/uploads\/2024\/03\/huppe-jaune-2024.png\",\"width\":560,\"height\":387,\"caption\":\"Musique en Chemin\"},\"image\":{\"@id\":\"https:\/\/musiqueenchemin.fr\/#\/schema\/logo\/image\/\"}},{\"@type\":\"Person\",\"@id\":\"https:\/\/musiqueenchemin.fr\/#\/schema\/person\/6c4caa9d003e40448be270fea1e3cbff\",\"name\":\"Musique en Chemin\",\"image\":{\"@type\":\"ImageObject\",\"inLanguage\":\"fr-FR\",\"@id\":\"https:\/\/musiqueenchemin.fr\/#\/schema\/person\/image\/\",\"url\":\"https:\/\/secure.gravatar.com\/avatar\/7b1be4a90bcc64c58111b64ffe668b413f96ab86aad982e7fdacac32cefcb4ec?s=96&d=mm&r=g\",\"contentUrl\":\"https:\/\/secure.gravatar.com\/avatar\/7b1be4a90bcc64c58111b64ffe668b413f96ab86aad982e7fdacac32cefcb4ec?s=96&d=mm&r=g\",\"caption\":\"Musique en Chemin\"},\"url\":\"https:\/\/musiqueenchemin.fr\/index.php\/author\/chem\/\"}]}<\/script>\n<!-- \/ Yoast SEO plugin. -->","yoast_head_json":{"title":"Samedi 22 juillet - Musique en Chemin","robots":{"index":"index","follow":"follow","max-snippet":"max-snippet:-1","max-image-preview":"max-image-preview:large","max-video-preview":"max-video-preview:-1"},"canonical":"http:\/\/musiqueenchemin.fr\/index.php\/2023\/04\/21\/samedi-22-juillet-2\/","og_locale":"fr_FR","og_type":"article","og_title":"Samedi 22 juillet - Musique en Chemin","og_description":"10h30 | D\u00e9part place du village Jeune public Balade cont\u00e9e par Magalie Feuillas Dur\u00e9e 1h15 &#8211; Tarif&nbsp;C (5\u202f\u20ac) 12h | Coll\u00e9giale de La Romieu Concert d\u2019Orgue avec le nouvel orgue de la coll\u00e9giale par Jean-Christophe Revel Titulaire de l\u2019orgue Jean de Joyeuse de la cath\u00e9drale Sainte-Marie d\u2019Auch Dur\u00e9e 30 min (puis 10 min de questions) [&hellip;]","og_url":"http:\/\/musiqueenchemin.fr\/index.php\/2023\/04\/21\/samedi-22-juillet-2\/","og_site_name":"Musique en Chemin","article_published_time":"2023-04-21T10:12:26+00:00","article_modified_time":"2023-06-05T14:45:28+00:00","author":"Musique en Chemin","twitter_card":"summary_large_image","twitter_misc":{"\u00c9crit par":"Musique en Chemin","Dur\u00e9e de lecture estim\u00e9e":"1 minute"},"schema":{"@context":"https:\/\/schema.org","@graph":[{"@type":"Article","@id":"http:\/\/musiqueenchemin.fr\/index.php\/2023\/04\/21\/samedi-22-juillet-2\/#article","isPartOf":{"@id":"http:\/\/musiqueenchemin.fr\/index.php\/2023\/04\/21\/samedi-22-juillet-2\/"},"author":{"name":"Musique en Chemin","@id":"https:\/\/musiqueenchemin.fr\/#\/schema\/person\/6c4caa9d003e40448be270fea1e3cbff"},"headline":"Samedi 22 juillet","datePublished":"2023-04-21T10:12:26+00:00","dateModified":"2023-06-05T14:45:28+00:00","mainEntityOfPage":{"@id":"http:\/\/musiqueenchemin.fr\/index.php\/2023\/04\/21\/samedi-22-juillet-2\/"},"wordCount":299,"publisher":{"@id":"https:\/\/musiqueenchemin.fr\/#organization"},"inLanguage":"fr-FR"},{"@type":"WebPage","@id":"http:\/\/musiqueenchemin.fr\/index.php\/2023\/04\/21\/samedi-22-juillet-2\/","url":"http:\/\/musiqueenchemin.fr\/index.php\/2023\/04\/21\/samedi-22-juillet-2\/","name":"Samedi 22 juillet - Musique en Chemin","isPartOf":{"@id":"https:\/\/musiqueenchemin.fr\/#website"},"datePublished":"2023-04-21T10:12:26+00:00","dateModified":"2023-06-05T14:45:28+00:00","breadcrumb":{"@id":"http:\/\/musiqueenchemin.fr\/index.php\/2023\/04\/21\/samedi-22-juillet-2\/#breadcrumb"},"inLanguage":"fr-FR","potentialAction":[{"@type":"ReadAction","target":["http:\/\/musiqueenchemin.fr\/index.php\/2023\/04\/21\/samedi-22-juillet-2\/"]}]},{"@type":"BreadcrumbList","@id":"http:\/\/musiqueenchemin.fr\/index.php\/2023\/04\/21\/samedi-22-juillet-2\/#breadcrumb","itemListElement":[{"@type":"ListItem","position":1,"name":"Accueil","item":"https:\/\/musiqueenchemin.fr\/"},{"@type":"ListItem","position":2,"name":"Samedi 22 juillet"}]},{"@type":"WebSite","@id":"https:\/\/musiqueenchemin.fr\/#website","url":"https:\/\/musiqueenchemin.fr\/","name":"Musique en Chemin","description":"Saison &amp; Festival","publisher":{"@id":"https:\/\/musiqueenchemin.fr\/#organization"},"potentialAction":[{"@type":"SearchAction","target":{"@type":"EntryPoint","urlTemplate":"https:\/\/musiqueenchemin.fr\/?s={search_term_string}"},"query-input":{"@type":"PropertyValueSpecification","valueRequired":true,"valueName":"search_term_string"}}],"inLanguage":"fr-FR"},{"@type":"Organization","@id":"https:\/\/musiqueenchemin.fr\/#organization","name":"Musique en Chemin","url":"https:\/\/musiqueenchemin.fr\/","logo":{"@type":"ImageObject","inLanguage":"fr-FR","@id":"https:\/\/musiqueenchemin.fr\/#\/schema\/logo\/image\/","url":"http:\/\/musiqueenchemin.fr\/wp-content\/uploads\/2024\/03\/huppe-jaune-2024.png","contentUrl":"http:\/\/musiqueenchemin.fr\/wp-content\/uploads\/2024\/03\/huppe-jaune-2024.png","width":560,"height":387,"caption":"Musique en Chemin"},"image":{"@id":"https:\/\/musiqueenchemin.fr\/#\/schema\/logo\/image\/"}},{"@type":"Person","@id":"https:\/\/musiqueenchemin.fr\/#\/schema\/person\/6c4caa9d003e40448be270fea1e3cbff","name":"Musique en Chemin","image":{"@type":"ImageObject","inLanguage":"fr-FR","@id":"https:\/\/musiqueenchemin.fr\/#\/schema\/person\/image\/","url":"https:\/\/secure.gravatar.com\/avatar\/7b1be4a90bcc64c58111b64ffe668b413f96ab86aad982e7fdacac32cefcb4ec?s=96&d=mm&r=g","contentUrl":"https:\/\/secure.gravatar.com\/avatar\/7b1be4a90bcc64c58111b64ffe668b413f96ab86aad982e7fdacac32cefcb4ec?s=96&d=mm&r=g","caption":"Musique en Chemin"},"url":"https:\/\/musiqueenchemin.fr\/index.php\/author\/chem\/"}]}},"_links":{"self":[{"href":"https:\/\/musiqueenchemin.fr\/index.php\/wp-json\/wp\/v2\/posts\/3493","targetHints":{"allow":["GET"]}}],"collection":[{"href":"https:\/\/musiqueenchemin.fr\/index.php\/wp-json\/wp\/v2\/posts"}],"about":[{"href":"https:\/\/musiqueenchemin.fr\/index.php\/wp-json\/wp\/v2\/types\/post"}],"author":[{"embeddable":true,"href":"https:\/\/musiqueenchemin.fr\/index.php\/wp-json\/wp\/v2\/users\/1"}],"replies":[{"embeddable":true,"href":"https:\/\/musiqueenchemin.fr\/index.php\/wp-json\/wp\/v2\/comments?post=3493"}],"version-history":[{"count":2,"href":"https:\/\/musiqueenchemin.fr\/index.php\/wp-json\/wp\/v2\/posts\/3493\/revisions"}],"predecessor-version":[{"id":3522,"href":"https:\/\/musiqueenchemin.fr\/index.php\/wp-json\/wp\/v2\/posts\/3493\/revisions\/3522"}],"wp:attachment":[{"href":"https:\/\/musiqueenchemin.fr\/index.php\/wp-json\/wp\/v2\/media?parent=3493"}],"wp:term":[{"taxonomy":"category","embeddable":true,"href":"https:\/\/musiqueenchemin.fr\/index.php\/wp-json\/wp\/v2\/categories?post=3493"},{"taxonomy":"post_tag","embeddable":true,"href":"https:\/\/musiqueenchemin.fr\/index.php\/wp-json\/wp\/v2\/tags?post=3493"}],"curies":[{"name":"wp","href":"https:\/\/api.w.org\/{rel}","templated":true}]}}