{"id":3588,"date":"2024-03-09T16:15:21","date_gmt":"2024-03-09T15:15:21","guid":{"rendered":"http:\/\/musiqueenchemin.fr\/?p=3588"},"modified":"2026-04-28T14:39:49","modified_gmt":"2026-04-28T13:39:49","slug":"festival-2025","status":"publish","type":"post","link":"https:\/\/musiqueenchemin.fr\/index.php\/2024\/03\/09\/festival-2025\/","title":{"rendered":"Festival et Saison 2026"},"content":{"rendered":"\n<p class=\"has-text-align-right has-medium-font-size\"><em><strong>Le programme du festival (juillet et ao\u00fbt) se trouve apr\u00e8s celui de la saison, RDV plus bas!<\/strong><\/em><\/p>\n\n\n\n<p class=\"has-text-align-center has-cyan-bluish-gray-background-color has-background has-x-large-font-size\"><strong>SAISON 2026<\/strong><\/p>\n\n\n\n<h2 class=\"wp-block-heading has-text-align-center has-large-font-size\"><strong>Dimanche 21 juin<\/strong><\/h2>\n\n\n\n<h1 class=\"wp-block-heading has-vivid-cyan-blue-color has-text-color has-link-color wp-elements-fa174c037742b8e07cea35bc56ce80dc\" style=\"font-size:30px\">Lune &amp; Ombre<\/h1>\n\n\n\n<h1 class=\"wp-block-heading has-vivid-cyan-blue-color has-text-color has-link-color wp-elements-b0247d32f154fbea5e2eb2fd59b08104\" style=\"font-size:25px\"><strong>Nadia Lavoyer, soprano &amp; orgue<\/strong><\/h1>\n\n\n\n<p style=\"font-size:20px\">17h \u2022 Chapelle Sainte Germaine (Commune de Condom) \u2022 <strong>Concert<\/strong><\/p>\n\n\n\n<h1 class=\"wp-block-heading has-text-align-center has-vivid-cyan-blue-color has-text-color has-link-color has-small-font-size wp-elements-f84bd5b5eb27d29d29aa2cc5c963f3c4\">Billetterie \u00e0 venir<\/h1>\n\n\n\n<hr class=\"wp-block-separator has-text-color has-black-color has-alpha-channel-opacity has-black-background-color has-background\"\/>\n\n\n\n<h2 class=\"wp-block-heading has-text-align-center has-large-font-size\"><strong>Samedi 27 juin<\/strong><\/h2>\n\n\n\n<h1 class=\"wp-block-heading has-vivid-cyan-blue-color has-text-color has-link-color wp-elements-ec6853f8468bd1ce5ad407116d364b87\" style=\"font-size:30px\">Sacr\u00e9e Italie De Palestrina \u00e0 Gesualdo<\/h1>\n\n\n\n<h1 class=\"wp-block-heading has-vivid-cyan-blue-color has-text-color has-link-color wp-elements-822a80bb372bfaf07823b857ff6775e6\" style=\"font-size:25px\"><strong>Ch\u0153ur Ambr\u00f2sia<br>Participant.e.s du stage de l\u2019Ascension<br>Direction Fr\u00e9d\u00e9ric B\u00e9tous<\/strong><\/h1>\n\n\n\n<p style=\"font-size:20px\">20h30 \u2022 Cath\u00e9drale de Lectoure \u2022 <strong>Concert<\/strong><\/p>\n\n\n\n<h1 class=\"wp-block-heading has-text-align-center has-vivid-cyan-blue-color has-text-color has-link-color has-small-font-size wp-elements-f84bd5b5eb27d29d29aa2cc5c963f3c4\">Billetterie \u00e0 venir<\/h1>\n\n\n\n<h1 class=\"wp-block-heading has-vivid-cyan-blue-color has-text-color has-link-color wp-elements-c6972bcf4cd1b34ef2f330412e90888b\">Sacr\u00e9e Italie De Palestrina \u00e0 Gesualdo<\/h1>\n\n\n\n<h2 class=\"wp-block-heading\"><strong><a href=\"https:\/\/musiqueenchemin.fr\/index.php\/saison-2025\/\" target=\"_blank\" rel=\"noreferrer noopener\">Samedi 27 juin <\/a><\/strong><\/h2>\n\n\n\n<p style=\"font-size:32px\">20h30 \u2022 Cath\u00e9drale de Lectoure<\/p>\n\n\n\n<p>Ch\u0153ur Ambr\u00f2sia<br>Participant.e.s du stage de l\u2019Ascension<br>Direction Fr\u00e9d\u00e9ric B\u00e9tous<\/p>\n\n\n\n<hr class=\"wp-block-separator has-text-color has-pale-cyan-blue-color has-alpha-channel-opacity has-pale-cyan-blue-background-color has-background is-style-wide\"\/>\n\n\n\n<h2 class=\"wp-block-heading\"><strong><a href=\"https:\/\/musiqueenchemin.fr\/index.php\/saison-2025\/\" target=\"_blank\" rel=\"noreferrer noopener\">Dimanche 28 juin<\/a><\/strong><\/h2>\n\n\n\n<p style=\"font-size:32px\">16h30 \u2022 Cath\u00e9drale de Condom<\/p>\n\n\n\n<p class=\"has-black-color has-text-color has-link-color has-medium-font-size wp-elements-b3112f66771cc4ba473a72162ac52c45\">Ch\u0153ur Ambr\u00f2sia<br>Participant.e.s du stage de l\u2019Ascension<br>Direction Fr\u00e9d\u00e9ric B\u00e9tous<\/p>\n\n\n\n<div class=\"wp-block-buttons is-content-justification-right is-layout-flex wp-container-core-buttons-is-layout-765c4724 wp-block-buttons-is-layout-flex\">\n<div class=\"wp-block-button is-style-outline is-style-outline--1\"><a class=\"wp-block-button__link has-white-color has-vivid-cyan-blue-background-color has-text-color has-background has-link-color has-medium-font-size has-custom-font-size wp-element-button\" href=\"https:\/\/musiqueenchemin.fr\/index.php\/reservez\/\">billetterie<\/a><\/div>\n<\/div>\n\n\n\n<hr class=\"wp-block-separator has-text-color has-black-color has-alpha-channel-opacity has-black-background-color has-background is-style-wide\"\/>\n\n\n\n<hr class=\"wp-block-separator has-text-color has-black-color has-alpha-channel-opacity has-black-background-color has-background is-style-wide\"\/>\n\n\n\n<p class=\"has-x-large-font-size\"><strong>FESTIVAL 2026<\/strong><\/p>\n\n\n\n<h2 class=\"wp-block-heading\"><strong><a href=\"https:\/\/musiqueenchemin.fr\/index.php\/2024\/03\/09\/jeudi-18-juillet-2\/\" target=\"_blank\" rel=\"noreferrer noopener\">Jeudi 23 juillet<\/a><\/strong><\/h2>\n\n\n\n<div class=\"wp-block-group\"><div class=\"wp-block-group__inner-container is-layout-constrained wp-block-group-is-layout-constrained\">\n<div class=\"wp-block-group\"><div class=\"wp-block-group__inner-container is-layout-constrained wp-block-group-is-layout-constrained\">\n<h4 class=\"wp-block-heading has-medium-font-size\">18h15 \u2022 Espace festival<\/h4>\n\n\n\n<h1 class=\"wp-block-heading has-vivid-cyan-blue-color has-text-color has-link-color has-large-font-size wp-elements-b58653d59a8edc078129df5a8efb3fc5\"><a href=\"https:\/\/musiqueenchemin.fr\/index.php\/2024\/03\/09\/jeudi-18-juillet-2\/\">Mise en oreille<\/a><\/h1>\n\n\n\n<p class=\"has-black-color has-text-color has-link-color wp-elements-ffad5ba68a7c99f0d9b80783cef99e02\" style=\"font-size:20px\"><strong><mark style=\"background-color:rgba(0, 0, 0, 0)\" class=\"has-inline-color has-black-color\">Constance Luzzatti<\/mark><\/strong> <strong><mark style=\"background-color:rgba(0, 0, 0, 0)\" class=\"has-inline-color has-black-color\">musicologue &amp; musicienne<\/mark><\/strong><\/p>\n<\/div><\/div>\n<\/div><\/div>\n\n\n\n<hr class=\"wp-block-separator has-alpha-channel-opacity\"\/>\n\n\n\n<h4 class=\"wp-block-heading has-medium-font-size\">19h30 \u2022 Coll\u00e9giale de La Romieu \u2022 <strong>Concert<\/strong><\/h4>\n\n\n\n<h1 class=\"wp-block-heading has-vivid-cyan-blue-color has-text-color has-link-color has-large-font-size wp-elements-fd83bfdc848d92f38aa2ace0e61121df\"><a href=\"https:\/\/musiqueenchemin.fr\/index.php\/2024\/03\/09\/jeudi-18-juillet-2\/\">\u00c0 la lumi\u00e8re des \u00e9toiles &#8211; <strong>Ensemble La Main Harmonique<\/strong><\/a><\/h1>\n\n\n\n<h3 class=\"wp-block-heading\">\u0152uvres de Monteverdi, Marenzio,<br>Nenna, Gesualdo, Arcadelt, Mar\u00e7ot,<br>Biston, Markeas, etc.<\/h3>\n\n\n\n<h5 class=\"wp-block-heading\">Nadia Lavoyer \/ soprano &amp; orgue<br>Judith Derouin \/ soprano<br>Fr\u00e9d\u00e9ric B\u00e9tous \/ alto &amp; direction<br>Guillaume Guti\u00e9rrez \/ t\u00e9nor<br>Jan Jeroen Bredewold \/ basse &amp; orgue<\/h5>\n\n\n\n<hr class=\"wp-block-separator has-alpha-channel-opacity\"\/>\n\n\n\n<h4 class=\"wp-block-heading has-medium-font-size\">21h30 \u2022 Place du village \u2022<strong> Concert<\/strong><\/h4>\n\n\n\n<h1 class=\"wp-block-heading\"><mark style=\"background-color:rgba(0, 0, 0, 0)\" class=\"has-inline-color has-vivid-cyan-blue-color\"><a href=\"https:\/\/musiqueenchemin.fr\/index.php\/2024\/03\/09\/jeudi-18-juillet-2\/\">Duo Dimelotu<\/a><\/mark><\/h1>\n\n\n\n<h5 class=\"wp-block-heading\">Marcos Alvarez \/ chant et guitare<br>Margaux Vannicatte \/ chant et percussions<\/h5>\n\n\n\n<hr class=\"wp-block-separator has-alpha-channel-opacity\"\/>\n\n\n\n<h2 class=\"wp-block-heading\"><strong><a href=\"https:\/\/musiqueenchemin.fr\/index.php\/2024\/03\/09\/vendredi-19-juillet\/\" target=\"_blank\" rel=\"noreferrer noopener\">vendredi 24 juillet<\/a><\/strong><\/h2>\n\n\n\n<h4 class=\"wp-block-heading\">16h \u2022 Salle des f\u00eates \u2022 <strong><mark style=\"background-color:rgba(0, 0, 0, 0)\" class=\"has-inline-color has-black-color\">Atelier <\/mark>public adulte<\/strong><\/h4>\n\n\n\n<h1 class=\"wp-block-heading has-vivid-cyan-blue-color has-text-color has-link-color wp-elements-1f6d33427cb6fa0168ac7a70411398c1\"><strong><a href=\"https:\/\/musiqueenchemin.fr\/index.php\/2024\/03\/09\/vendredi-19-juillet\/\">Voyage au c\u0153ur de la voix<\/a><\/strong><\/h1>\n\n\n\n<h5 class=\"wp-block-heading\">Nadia Lavoyer, chanteuse et professeure\/coach de chant <\/h5>\n\n\n\n<h4 class=\"wp-block-heading\"><mark style=\"background-color:rgba(0, 0, 0, 0);color:#c13b36\" class=\"has-inline-color\"><mark style=\"background-color:rgba(0, 0, 0, 0);color:#c13b36\" class=\"has-inline-color\"><\/mark><\/mark><\/h4>\n\n\n\n<hr class=\"wp-block-separator has-alpha-channel-opacity\"\/>\n\n\n\n<h4 class=\"wp-block-heading\">17h45 \u2022 Espace festival<\/h4>\n\n\n\n<h1 class=\"wp-block-heading\"><strong><mark style=\"background-color:rgba(0, 0, 0, 0)\" class=\"has-inline-color has-vivid-cyan-blue-color\"><a href=\"https:\/\/musiqueenchemin.fr\/index.php\/2024\/03\/09\/vendredi-19-juillet\/\">Mise en Oreille<\/a><\/mark><\/strong><\/h1>\n\n\n\n<h3 class=\"wp-block-heading\"><strong><mark style=\"background-color:rgba(0, 0, 0, 0)\" class=\"has-inline-color has-black-color\">Constance Luzzatti<\/mark><\/strong> Musicologue &amp; musicienne<\/h3>\n\n\n\n<hr class=\"wp-block-separator has-alpha-channel-opacity\"\/>\n\n\n\n<h4 class=\"wp-block-heading\">19h00 \u2022 Espace festival \u2022 <strong>Concert<\/strong><\/h4>\n\n\n\n<h1 class=\"wp-block-heading\"><mark style=\"background-color:rgba(0, 0, 0, 0)\" class=\"has-inline-color has-vivid-cyan-blue-color\"><strong><a href=\"https:\/\/musiqueenchemin.fr\/index.php\/2024\/03\/09\/vendredi-19-juillet\/\">Musique &amp; danse d&#8217;extase du monde arabe<\/a><\/strong><\/mark><\/h1>\n\n\n\n<h3 class=\"wp-block-heading\">Une relecture contemporaine de la danse extatique des derviches tourneurs port\u00e9e par des chants soufis<\/h3>\n\n\n\n<h5 class=\"wp-block-heading\"><br>Qa\u00efs Saadi \/ chant, oud, ney &amp; percussions<br>Nour Joseph Gebrael \/ danseur tourneur<br><\/h5>\n\n\n\n<hr class=\"wp-block-separator has-alpha-channel-opacity\"\/>\n\n\n\n<h4 class=\"wp-block-heading\">21h30 \u2022 Espace festival \u2022 <strong>Concert<\/strong><\/h4>\n\n\n\n<h1 class=\"wp-block-heading\"><mark style=\"background-color:rgba(0, 0, 0, 0)\" class=\"has-inline-color has-vivid-cyan-blue-color\"><a href=\"https:\/\/musiqueenchemin.fr\/index.php\/2024\/03\/09\/vendredi-19-juillet\/\"><strong>Licotissa<\/strong><\/a><\/mark><\/h1>\n\n\n\n<h3 class=\"wp-block-heading\">Bal trad&#8217;<\/h3>\n\n\n\n<h5 class=\"wp-block-heading\"><br>Mathilde Duffau \/ fl\u00fbte \u00e0 trois<br>trous, tambourin et chant<br>Anne-Lise Herbel \/<br>accord\u00e9on diatonique,<br>clarinette et chant<br><\/h5>\n\n\n\n<hr class=\"wp-block-separator has-alpha-channel-opacity\"\/>\n\n\n\n<h2 class=\"wp-block-heading\"><strong><a href=\"https:\/\/musiqueenchemin.fr\/index.php\/2024\/03\/09\/samedi-20-juillet\/\" target=\"_blank\" rel=\"noreferrer noopener\">samedi 25 juillet<\/a><\/strong><\/h2>\n\n\n\n<h4 class=\"wp-block-heading\">9h30 \u2022 D\u00e9part place du village La Romieu<\/h4>\n\n\n\n<h1 class=\"wp-block-heading has-vivid-cyan-blue-color has-text-color has-link-color wp-elements-348a044e7e8c0942452f49e62c4f03e0\"><strong><a href=\"https:\/\/musiqueenchemin.fr\/index.php\/2024\/03\/09\/samedi-20-juillet\/\">Balade Biodiversit\u00e9<\/a><\/strong><\/h1>\n\n\n\n<h5 class=\"wp-block-heading\">CPIE Pays Gersois (Centre Permanent d\u2019Initiatives pour l\u2019Environnement)<\/h5>\n\n\n\n<hr class=\"wp-block-separator has-alpha-channel-opacity\"\/>\n\n\n\n<h4 class=\"wp-block-heading\">15h00 \u2022 Coll\u00e9giale \u2022 Concert<\/h4>\n\n\n\n<h1 class=\"wp-block-heading has-vivid-cyan-blue-color has-text-color has-link-color wp-elements-7a36f53b43607eab02c8aeb75aa433c5\"><strong><a href=\"https:\/\/musiqueenchemin.fr\/index.php\/2024\/03\/09\/samedi-20-juillet\/\">A la d\u00e9couverte de l&#8217;orgue de La Romieu<\/a><\/strong><\/h1>\n\n\n\n<h5 class=\"wp-block-heading\">Warren Fokkens<br><\/h5>\n\n\n\n<hr class=\"wp-block-separator has-alpha-channel-opacity\"\/>\n\n\n\n<h4 class=\"wp-block-heading\">16h00 \u2022 Espace festival \u2022 Conf\u00e9rence<\/h4>\n\n\n\n<h1 class=\"wp-block-heading has-vivid-cyan-blue-color has-text-color has-link-color wp-elements-b8784027857720f76d1cf5b17d7fb2f6\"><strong>La Robustesse du Vivant : de nouveaux rep\u00e8res pour naviguer dans un monde fluctuant ?<\/strong><\/h1>\n\n\n\n<h5 class=\"wp-block-heading\">Areski Prieux &#8211; Anim\u00e9e par Guy Foulquier del\u2019association Lectoure \u00e0 voix Haute<br><\/h5>\n\n\n\n<hr class=\"wp-block-separator has-alpha-channel-opacity\"\/>\n\n\n\n<h4 class=\"wp-block-heading\">17h45 \u2022 Espace festival<\/h4>\n\n\n\n<h1 class=\"wp-block-heading\"><strong><mark style=\"background-color:rgba(0, 0, 0, 0)\" class=\"has-inline-color has-vivid-cyan-blue-color\"><a href=\"https:\/\/musiqueenchemin.fr\/index.php\/2024\/03\/09\/samedi-20-juillet\/\"> Mise en Oreille<\/a><\/mark><\/strong><\/h1>\n\n\n\n<h3 class=\"wp-block-heading\"><mark style=\"background-color:rgba(0, 0, 0, 0)\" class=\"has-inline-color has-black-color\"> Constance Luzzatti <\/mark>Musicologue &amp; musicienne<\/h3>\n\n\n\n<hr class=\"wp-block-separator has-alpha-channel-opacity\"\/>\n\n\n\n<h4 class=\"wp-block-heading\">19h00 \u2022 Coll\u00e9giale  \u2022 Concert <\/h4>\n\n\n\n<h1 class=\"wp-block-heading\"><strong><a href=\"https:\/\/musiqueenchemin.fr\/index.php\/2024\/03\/09\/samedi-20-juillet\/\"><mark style=\"background-color:rgba(0, 0, 0, 0)\" class=\"has-inline-color has-vivid-cyan-blue-color\">Saxbach<\/mark><\/a><\/strong><\/h1>\n\n\n\n<h3 class=\"wp-block-heading\">sextuor de saxophones,<br>saxhorn et clarinettes<\/h3>\n\n\n\n<p>Lumi\u00e8re noire &#8211; American Tales<\/p>\n\n\n\n<hr class=\"wp-block-separator has-alpha-channel-opacity\"\/>\n\n\n\n<h4 class=\"wp-block-heading\">21h00 \u2022 Espace festival \u2022 <\/h4>\n\n\n\n<h1 class=\"wp-block-heading\"><strong>Restitution publique de<br>l\u2019atelier choral enfant<br>dirig\u00e9 par Nadia Lavoyer<\/strong><\/h1>\n\n\n\n<hr class=\"wp-block-separator has-alpha-channel-opacity\"\/>\n\n\n\n<h4 class=\"wp-block-heading\">22h00 \u2022 Espace festival \u2022 Soir\u00e9e dansante<\/h4>\n\n\n\n<h1 class=\"wp-block-heading\"><mark style=\"background-color:rgba(0, 0, 0, 0)\" class=\"has-inline-color has-vivid-cyan-blue-color\"><a href=\"https:\/\/musiqueenchemin.fr\/index.php\/2024\/03\/09\/samedi-20-juillet\/\"><strong>DJ Funkoff<\/strong><\/a><\/mark><\/h1>\n\n\n\n<hr class=\"wp-block-separator has-alpha-channel-opacity\"\/>\n\n\n\n<h3 class=\"wp-block-heading\"><strong><a href=\"https:\/\/musiqueenchemin.fr\/index.php\/2024\/03\/09\/samedi-10-aout\/\" target=\"_blank\" rel=\"noreferrer noopener\">Samedi 8 ao\u00fbt<\/a><\/strong><\/h3>\n\n\n\n<h4 class=\"wp-block-heading\">20h30 \u2022 Coll\u00e9giale de La Romieu \u2022 Concert<\/h4>\n\n\n\n<h1 class=\"wp-block-heading\"><mark style=\"background-color:rgba(0, 0, 0, 0)\" class=\"has-inline-color has-vivid-cyan-blue-color\"><strong><a href=\"https:\/\/musiqueenchemin.fr\/index.php\/2024\/03\/09\/samedi-10-aout\/\">Airs de Haendel<\/a><\/strong><\/mark><\/h1>\n\n\n\n<h3 class=\"wp-block-heading\">Concert Baroque<\/h3>\n\n\n\n<h5 class=\"wp-block-heading\">Julia Wischniewski \/ soprano<br>Les Passions, orchestre baroque de<br>Montauban, direction Jean-Marc Andrieu<\/h5>\n\n\n\n<p><\/p>\n\n\n<div class=\"yoast-breadcrumbs\"><span><span><a href=\"https:\/\/musiqueenchemin.fr\/\">Accueil<\/a><\/span> \u00bb <span class=\"breadcrumb_last\" aria-current=\"page\">Festival et Saison 2026<\/span><\/span><\/div>","protected":false},"excerpt":{"rendered":"<p>Le programme du festival (juillet et ao\u00fbt) se trouve apr\u00e8s celui de la saison, RDV plus bas! SAISON 2026 Dimanche 21 juin Lune &amp; Ombre Nadia Lavoyer, soprano &amp; orgue 17h \u2022 Chapelle Sainte Germaine (Commune de Condom) \u2022 Concert Billetterie \u00e0 venir Samedi 27 juin Sacr\u00e9e Italie De Palestrina \u00e0 Gesualdo Ch\u0153ur Ambr\u00f2siaParticipant.e.s du [&hellip;]<\/p>\n","protected":false},"author":1,"featured_media":0,"comment_status":"closed","ping_status":"closed","sticky":false,"template":"","format":"standard","meta":{"cwp_meta_box_check":"No","cwp_rev_product_name":"","cwp_rev_product_image":"","wppr_links":[],"cwp_rev_price":"","wppr_options":[],"wppr_pros":[],"wppr_cons":[],"footnotes":""},"categories":[1],"tags":[],"class_list":["post-3588","post","type-post","status-publish","format-standard","hentry","category-non-classe"],"wppr_data":{"cwp_meta_box_check":"No"},"yoast_head":"<!-- This site is optimized with the Yoast SEO plugin v25.0 - https:\/\/yoast.com\/wordpress\/plugins\/seo\/ -->\n<title>Festival et Saison 2026 - Musique en Chemin<\/title>\n<meta name=\"robots\" content=\"index, follow, max-snippet:-1, max-image-preview:large, max-video-preview:-1\" \/>\n<link rel=\"canonical\" href=\"https:\/\/musiqueenchemin.fr\/index.php\/2024\/03\/09\/festival-2025\/\" \/>\n<meta property=\"og:locale\" content=\"fr_FR\" \/>\n<meta property=\"og:type\" content=\"article\" \/>\n<meta property=\"og:title\" content=\"Festival et Saison 2026 - Musique en Chemin\" \/>\n<meta property=\"og:description\" content=\"Le programme du festival (juillet et ao\u00fbt) se trouve apr\u00e8s celui de la saison, RDV plus bas! SAISON 2026 Dimanche 21 juin Lune &amp; Ombre Nadia Lavoyer, soprano &amp; orgue 17h \u2022 Chapelle Sainte Germaine (Commune de Condom) \u2022 Concert Billetterie \u00e0 venir Samedi 27 juin Sacr\u00e9e Italie De Palestrina \u00e0 Gesualdo Ch\u0153ur Ambr\u00f2siaParticipant.e.s du [&hellip;]\" \/>\n<meta property=\"og:url\" content=\"https:\/\/musiqueenchemin.fr\/index.php\/2024\/03\/09\/festival-2025\/\" \/>\n<meta property=\"og:site_name\" content=\"Musique en Chemin\" \/>\n<meta property=\"article:published_time\" content=\"2024-03-09T15:15:21+00:00\" \/>\n<meta property=\"article:modified_time\" content=\"2026-04-28T13:39:49+00:00\" \/>\n<meta name=\"author\" content=\"Musique en Chemin\" \/>\n<meta name=\"twitter:card\" content=\"summary_large_image\" \/>\n<meta name=\"twitter:label1\" content=\"\u00c9crit par\" \/>\n\t<meta name=\"twitter:data1\" content=\"Musique en Chemin\" \/>\n\t<meta name=\"twitter:label2\" content=\"Dur\u00e9e de lecture estim\u00e9e\" \/>\n\t<meta name=\"twitter:data2\" content=\"3 minutes\" \/>\n<script type=\"application\/ld+json\" class=\"yoast-schema-graph\">{\"@context\":\"https:\/\/schema.org\",\"@graph\":[{\"@type\":\"Article\",\"@id\":\"https:\/\/musiqueenchemin.fr\/index.php\/2024\/03\/09\/festival-2025\/#article\",\"isPartOf\":{\"@id\":\"https:\/\/musiqueenchemin.fr\/index.php\/2024\/03\/09\/festival-2025\/\"},\"author\":{\"name\":\"Musique en Chemin\",\"@id\":\"https:\/\/musiqueenchemin.fr\/#\/schema\/person\/6c4caa9d003e40448be270fea1e3cbff\"},\"headline\":\"Festival et Saison 2026\",\"datePublished\":\"2024-03-09T15:15:21+00:00\",\"dateModified\":\"2026-04-28T13:39:49+00:00\",\"mainEntityOfPage\":{\"@id\":\"https:\/\/musiqueenchemin.fr\/index.php\/2024\/03\/09\/festival-2025\/\"},\"wordCount\":449,\"publisher\":{\"@id\":\"https:\/\/musiqueenchemin.fr\/#organization\"},\"inLanguage\":\"fr-FR\"},{\"@type\":\"WebPage\",\"@id\":\"https:\/\/musiqueenchemin.fr\/index.php\/2024\/03\/09\/festival-2025\/\",\"url\":\"https:\/\/musiqueenchemin.fr\/index.php\/2024\/03\/09\/festival-2025\/\",\"name\":\"Festival et Saison 2026 - Musique en Chemin\",\"isPartOf\":{\"@id\":\"https:\/\/musiqueenchemin.fr\/#website\"},\"datePublished\":\"2024-03-09T15:15:21+00:00\",\"dateModified\":\"2026-04-28T13:39:49+00:00\",\"breadcrumb\":{\"@id\":\"https:\/\/musiqueenchemin.fr\/index.php\/2024\/03\/09\/festival-2025\/#breadcrumb\"},\"inLanguage\":\"fr-FR\",\"potentialAction\":[{\"@type\":\"ReadAction\",\"target\":[\"https:\/\/musiqueenchemin.fr\/index.php\/2024\/03\/09\/festival-2025\/\"]}]},{\"@type\":\"BreadcrumbList\",\"@id\":\"https:\/\/musiqueenchemin.fr\/index.php\/2024\/03\/09\/festival-2025\/#breadcrumb\",\"itemListElement\":[{\"@type\":\"ListItem\",\"position\":1,\"name\":\"Accueil\",\"item\":\"https:\/\/musiqueenchemin.fr\/\"},{\"@type\":\"ListItem\",\"position\":2,\"name\":\"Festival et Saison 2026\"}]},{\"@type\":\"WebSite\",\"@id\":\"https:\/\/musiqueenchemin.fr\/#website\",\"url\":\"https:\/\/musiqueenchemin.fr\/\",\"name\":\"Musique en Chemin\",\"description\":\"Saison &amp; Festival\",\"publisher\":{\"@id\":\"https:\/\/musiqueenchemin.fr\/#organization\"},\"potentialAction\":[{\"@type\":\"SearchAction\",\"target\":{\"@type\":\"EntryPoint\",\"urlTemplate\":\"https:\/\/musiqueenchemin.fr\/?s={search_term_string}\"},\"query-input\":{\"@type\":\"PropertyValueSpecification\",\"valueRequired\":true,\"valueName\":\"search_term_string\"}}],\"inLanguage\":\"fr-FR\"},{\"@type\":\"Organization\",\"@id\":\"https:\/\/musiqueenchemin.fr\/#organization\",\"name\":\"Musique en Chemin\",\"url\":\"https:\/\/musiqueenchemin.fr\/\",\"logo\":{\"@type\":\"ImageObject\",\"inLanguage\":\"fr-FR\",\"@id\":\"https:\/\/musiqueenchemin.fr\/#\/schema\/logo\/image\/\",\"url\":\"http:\/\/musiqueenchemin.fr\/wp-content\/uploads\/2024\/03\/huppe-jaune-2024.png\",\"contentUrl\":\"http:\/\/musiqueenchemin.fr\/wp-content\/uploads\/2024\/03\/huppe-jaune-2024.png\",\"width\":560,\"height\":387,\"caption\":\"Musique en Chemin\"},\"image\":{\"@id\":\"https:\/\/musiqueenchemin.fr\/#\/schema\/logo\/image\/\"}},{\"@type\":\"Person\",\"@id\":\"https:\/\/musiqueenchemin.fr\/#\/schema\/person\/6c4caa9d003e40448be270fea1e3cbff\",\"name\":\"Musique en Chemin\",\"image\":{\"@type\":\"ImageObject\",\"inLanguage\":\"fr-FR\",\"@id\":\"https:\/\/musiqueenchemin.fr\/#\/schema\/person\/image\/\",\"url\":\"https:\/\/secure.gravatar.com\/avatar\/7b1be4a90bcc64c58111b64ffe668b413f96ab86aad982e7fdacac32cefcb4ec?s=96&d=mm&r=g\",\"contentUrl\":\"https:\/\/secure.gravatar.com\/avatar\/7b1be4a90bcc64c58111b64ffe668b413f96ab86aad982e7fdacac32cefcb4ec?s=96&d=mm&r=g\",\"caption\":\"Musique en Chemin\"},\"url\":\"https:\/\/musiqueenchemin.fr\/index.php\/author\/chem\/\"}]}<\/script>\n<!-- \/ Yoast SEO plugin. -->","yoast_head_json":{"title":"Festival et Saison 2026 - Musique en Chemin","robots":{"index":"index","follow":"follow","max-snippet":"max-snippet:-1","max-image-preview":"max-image-preview:large","max-video-preview":"max-video-preview:-1"},"canonical":"https:\/\/musiqueenchemin.fr\/index.php\/2024\/03\/09\/festival-2025\/","og_locale":"fr_FR","og_type":"article","og_title":"Festival et Saison 2026 - Musique en Chemin","og_description":"Le programme du festival (juillet et ao\u00fbt) se trouve apr\u00e8s celui de la saison, RDV plus bas! SAISON 2026 Dimanche 21 juin Lune &amp; Ombre Nadia Lavoyer, soprano &amp; orgue 17h \u2022 Chapelle Sainte Germaine (Commune de Condom) \u2022 Concert Billetterie \u00e0 venir Samedi 27 juin Sacr\u00e9e Italie De Palestrina \u00e0 Gesualdo Ch\u0153ur Ambr\u00f2siaParticipant.e.s du [&hellip;]","og_url":"https:\/\/musiqueenchemin.fr\/index.php\/2024\/03\/09\/festival-2025\/","og_site_name":"Musique en Chemin","article_published_time":"2024-03-09T15:15:21+00:00","article_modified_time":"2026-04-28T13:39:49+00:00","author":"Musique en Chemin","twitter_card":"summary_large_image","twitter_misc":{"\u00c9crit par":"Musique en Chemin","Dur\u00e9e de lecture estim\u00e9e":"3 minutes"},"schema":{"@context":"https:\/\/schema.org","@graph":[{"@type":"Article","@id":"https:\/\/musiqueenchemin.fr\/index.php\/2024\/03\/09\/festival-2025\/#article","isPartOf":{"@id":"https:\/\/musiqueenchemin.fr\/index.php\/2024\/03\/09\/festival-2025\/"},"author":{"name":"Musique en Chemin","@id":"https:\/\/musiqueenchemin.fr\/#\/schema\/person\/6c4caa9d003e40448be270fea1e3cbff"},"headline":"Festival et Saison 2026","datePublished":"2024-03-09T15:15:21+00:00","dateModified":"2026-04-28T13:39:49+00:00","mainEntityOfPage":{"@id":"https:\/\/musiqueenchemin.fr\/index.php\/2024\/03\/09\/festival-2025\/"},"wordCount":449,"publisher":{"@id":"https:\/\/musiqueenchemin.fr\/#organization"},"inLanguage":"fr-FR"},{"@type":"WebPage","@id":"https:\/\/musiqueenchemin.fr\/index.php\/2024\/03\/09\/festival-2025\/","url":"https:\/\/musiqueenchemin.fr\/index.php\/2024\/03\/09\/festival-2025\/","name":"Festival et Saison 2026 - Musique en Chemin","isPartOf":{"@id":"https:\/\/musiqueenchemin.fr\/#website"},"datePublished":"2024-03-09T15:15:21+00:00","dateModified":"2026-04-28T13:39:49+00:00","breadcrumb":{"@id":"https:\/\/musiqueenchemin.fr\/index.php\/2024\/03\/09\/festival-2025\/#breadcrumb"},"inLanguage":"fr-FR","potentialAction":[{"@type":"ReadAction","target":["https:\/\/musiqueenchemin.fr\/index.php\/2024\/03\/09\/festival-2025\/"]}]},{"@type":"BreadcrumbList","@id":"https:\/\/musiqueenchemin.fr\/index.php\/2024\/03\/09\/festival-2025\/#breadcrumb","itemListElement":[{"@type":"ListItem","position":1,"name":"Accueil","item":"https:\/\/musiqueenchemin.fr\/"},{"@type":"ListItem","position":2,"name":"Festival et Saison 2026"}]},{"@type":"WebSite","@id":"https:\/\/musiqueenchemin.fr\/#website","url":"https:\/\/musiqueenchemin.fr\/","name":"Musique en Chemin","description":"Saison &amp; Festival","publisher":{"@id":"https:\/\/musiqueenchemin.fr\/#organization"},"potentialAction":[{"@type":"SearchAction","target":{"@type":"EntryPoint","urlTemplate":"https:\/\/musiqueenchemin.fr\/?s={search_term_string}"},"query-input":{"@type":"PropertyValueSpecification","valueRequired":true,"valueName":"search_term_string"}}],"inLanguage":"fr-FR"},{"@type":"Organization","@id":"https:\/\/musiqueenchemin.fr\/#organization","name":"Musique en Chemin","url":"https:\/\/musiqueenchemin.fr\/","logo":{"@type":"ImageObject","inLanguage":"fr-FR","@id":"https:\/\/musiqueenchemin.fr\/#\/schema\/logo\/image\/","url":"http:\/\/musiqueenchemin.fr\/wp-content\/uploads\/2024\/03\/huppe-jaune-2024.png","contentUrl":"http:\/\/musiqueenchemin.fr\/wp-content\/uploads\/2024\/03\/huppe-jaune-2024.png","width":560,"height":387,"caption":"Musique en Chemin"},"image":{"@id":"https:\/\/musiqueenchemin.fr\/#\/schema\/logo\/image\/"}},{"@type":"Person","@id":"https:\/\/musiqueenchemin.fr\/#\/schema\/person\/6c4caa9d003e40448be270fea1e3cbff","name":"Musique en Chemin","image":{"@type":"ImageObject","inLanguage":"fr-FR","@id":"https:\/\/musiqueenchemin.fr\/#\/schema\/person\/image\/","url":"https:\/\/secure.gravatar.com\/avatar\/7b1be4a90bcc64c58111b64ffe668b413f96ab86aad982e7fdacac32cefcb4ec?s=96&d=mm&r=g","contentUrl":"https:\/\/secure.gravatar.com\/avatar\/7b1be4a90bcc64c58111b64ffe668b413f96ab86aad982e7fdacac32cefcb4ec?s=96&d=mm&r=g","caption":"Musique en Chemin"},"url":"https:\/\/musiqueenchemin.fr\/index.php\/author\/chem\/"}]}},"_links":{"self":[{"href":"https:\/\/musiqueenchemin.fr\/index.php\/wp-json\/wp\/v2\/posts\/3588","targetHints":{"allow":["GET"]}}],"collection":[{"href":"https:\/\/musiqueenchemin.fr\/index.php\/wp-json\/wp\/v2\/posts"}],"about":[{"href":"https:\/\/musiqueenchemin.fr\/index.php\/wp-json\/wp\/v2\/types\/post"}],"author":[{"embeddable":true,"href":"https:\/\/musiqueenchemin.fr\/index.php\/wp-json\/wp\/v2\/users\/1"}],"replies":[{"embeddable":true,"href":"https:\/\/musiqueenchemin.fr\/index.php\/wp-json\/wp\/v2\/comments?post=3588"}],"version-history":[{"count":91,"href":"https:\/\/musiqueenchemin.fr\/index.php\/wp-json\/wp\/v2\/posts\/3588\/revisions"}],"predecessor-version":[{"id":4518,"href":"https:\/\/musiqueenchemin.fr\/index.php\/wp-json\/wp\/v2\/posts\/3588\/revisions\/4518"}],"wp:attachment":[{"href":"https:\/\/musiqueenchemin.fr\/index.php\/wp-json\/wp\/v2\/media?parent=3588"}],"wp:term":[{"taxonomy":"category","embeddable":true,"href":"https:\/\/musiqueenchemin.fr\/index.php\/wp-json\/wp\/v2\/categories?post=3588"},{"taxonomy":"post_tag","embeddable":true,"href":"https:\/\/musiqueenchemin.fr\/index.php\/wp-json\/wp\/v2\/tags?post=3588"}],"curies":[{"name":"wp","href":"https:\/\/api.w.org\/{rel}","templated":true}]}}