{"id":3605,"date":"2024-03-09T16:43:28","date_gmt":"2024-03-09T15:43:28","guid":{"rendered":"http:\/\/musiqueenchemin.fr\/?p=3605"},"modified":"2026-04-29T16:31:25","modified_gmt":"2026-04-29T15:31:25","slug":"jeudi-23-juillet","status":"publish","type":"post","link":"https:\/\/musiqueenchemin.fr\/index.php\/2024\/03\/09\/jeudi-23-juillet\/","title":{"rendered":"Jeudi 23 Juillet"},"content":{"rendered":"\n<div class=\"wp-block-group\"><div class=\"wp-block-group__inner-container is-layout-constrained wp-block-group-is-layout-constrained\">\n<div class=\"wp-block-group\"><div class=\"wp-block-group__inner-container is-layout-constrained wp-block-group-is-layout-constrained\">\n<h4 class=\"wp-block-heading\" style=\"font-size:30px\">18h15 \u2022 Espace Festival \u2022 <strong>Mise en oreille<\/strong><\/h4>\n\n\n\n<h1 class=\"wp-block-heading has-text-color has-link-color wp-elements-42f1eee0121da4d834f8bc7add0f48e0\" style=\"color:#d03716\"><strong>Constance Luzzatti<\/strong><\/h1>\n\n\n\n<p class=\"has-black-color has-text-color has-link-color wp-elements-bbd769b30b683b642c0808d755ee1014\" style=\"font-size:20px\"><strong><mark style=\"background-color:rgba(0, 0, 0, 0)\" class=\"has-inline-color has-black-color\">Musicologue &amp; musicienne<\/mark><\/strong><\/p>\n\n\n\n<div class=\"wp-block-media-text is-stacked-on-mobile is-vertically-aligned-top\" style=\"grid-template-columns:41% auto\"><figure class=\"wp-block-media-text__media\"><img loading=\"lazy\" decoding=\"async\" width=\"1024\" height=\"683\" src=\"https:\/\/musiqueenchemin.fr\/wp-content\/uploads\/2024\/03\/Constance-Luzzati-@Orane-Benoit-1024x683.jpg\" alt=\"\" class=\"wp-image-4006 size-full\" srcset=\"https:\/\/musiqueenchemin.fr\/wp-content\/uploads\/2024\/03\/Constance-Luzzati-@Orane-Benoit-1024x683.jpg 1024w, https:\/\/musiqueenchemin.fr\/wp-content\/uploads\/2024\/03\/Constance-Luzzati-@Orane-Benoit-300x200.jpg 300w, https:\/\/musiqueenchemin.fr\/wp-content\/uploads\/2024\/03\/Constance-Luzzati-@Orane-Benoit-768x512.jpg 768w, https:\/\/musiqueenchemin.fr\/wp-content\/uploads\/2024\/03\/Constance-Luzzati-@Orane-Benoit-1536x1024.jpg 1536w, https:\/\/musiqueenchemin.fr\/wp-content\/uploads\/2024\/03\/Constance-Luzzati-@Orane-Benoit-2048x1365.jpg 2048w, https:\/\/musiqueenchemin.fr\/wp-content\/uploads\/2024\/03\/Constance-Luzzati-@Orane-Benoit-50x33.jpg 50w, https:\/\/musiqueenchemin.fr\/wp-content\/uploads\/2024\/03\/Constance-Luzzati-@Orane-Benoit-600x400.jpg 600w, https:\/\/musiqueenchemin.fr\/wp-content\/uploads\/2024\/03\/Constance-Luzzati-@Orane-Benoit-820x547.jpg 820w\" sizes=\"auto, (max-width: 1024px) 100vw, 1024px\" \/><\/figure><div class=\"wp-block-media-text__content\">\n<p style=\"font-size:18px\">Un moment convivial avec Constance pour mieux d\u00e9couvrir le concert \u00e0 venir, et glaner quelques \u00ab cl\u00e9s d\u2019\u00e9coute \u00bb. <\/p>\n\n\n\n<p style=\"font-size:18px\">Les artistes seront pr\u00e9sents, venez avec vos questions !<\/p>\n\n\n\n<p><\/p>\n\n\n\n<div class=\"wp-block-buttons is-content-justification-center is-layout-flex wp-container-core-buttons-is-layout-16018d1d wp-block-buttons-is-layout-flex\">\n<div class=\"wp-block-button\"><a class=\"wp-block-button__link has-background wp-element-button\" style=\"background-color:#d03716\">Dur\u00e9e 45 mins &#8211; Acc\u00e8s libre<\/a><\/div>\n<\/div>\n<\/div><\/div>\n<\/div><\/div>\n<\/div><\/div>\n\n\n\n<hr class=\"wp-block-separator has-alpha-channel-opacity\"\/>\n\n\n\n<h4 class=\"wp-block-heading\" style=\"font-size:30px\">19h30 \u2022 Coll\u00e9giale de La Romieu \u2022 <strong>Concert<\/strong><\/h4>\n\n\n\n<h1 class=\"wp-block-heading has-text-color has-link-color wp-elements-883493bcbc4b872214b4dd7bfef88d41\" style=\"color:#d03716\"><strong>\u00c0 la lumi\u00e8re des \u00e9toiles<\/strong><\/h1>\n\n\n\n<div class=\"wp-block-columns is-layout-flex wp-container-core-columns-is-layout-9d6595d7 wp-block-columns-is-layout-flex\">\n<div class=\"wp-block-column is-layout-flow wp-block-column-is-layout-flow\" style=\"flex-basis:100%\">\n<h3 class=\"wp-block-heading\">\u0152uvres de Monteverdi, Marenzio, Nenna, Gesualdo, Arcadelt, Mar\u00e7ot, Biston, Markeas&#8230;<\/h3>\n<\/div>\n<\/div>\n\n\n\n<p><strong><a href=\"https:\/\/www.lamainharmonique.fr\/\">Ensemble La Main Harmonique<\/a><\/strong><\/p>\n\n\n\n<h5 class=\"wp-block-heading\">Nadia Lavoyer \/ soprano &amp; orgue<br>Judith Derouin \/ soprano<br>Fr\u00e9d\u00e9ric B\u00e9tous \/ alto &amp; direction<br>Guillaume Guti\u00e9rrez \/ t\u00e9nor<br>Jan Jeroen Bredewold \/ basse &amp; orgue<\/h5>\n\n\n\n<div class=\"wp-block-media-text is-stacked-on-mobile\" style=\"grid-template-columns:47% auto\"><figure class=\"wp-block-media-text__media\"><img loading=\"lazy\" decoding=\"async\" width=\"1024\" height=\"665\" src=\"https:\/\/musiqueenchemin.fr\/wp-content\/uploads\/2024\/03\/P1166087-1024x665.jpg\" alt=\"\" class=\"wp-image-3940 size-full\" srcset=\"https:\/\/musiqueenchemin.fr\/wp-content\/uploads\/2024\/03\/P1166087-1024x665.jpg 1024w, https:\/\/musiqueenchemin.fr\/wp-content\/uploads\/2024\/03\/P1166087-300x195.jpg 300w, https:\/\/musiqueenchemin.fr\/wp-content\/uploads\/2024\/03\/P1166087-768x499.jpg 768w, https:\/\/musiqueenchemin.fr\/wp-content\/uploads\/2024\/03\/P1166087-1536x998.jpg 1536w, https:\/\/musiqueenchemin.fr\/wp-content\/uploads\/2024\/03\/P1166087-2048x1331.jpg 2048w, https:\/\/musiqueenchemin.fr\/wp-content\/uploads\/2024\/03\/P1166087-50x32.jpg 50w, https:\/\/musiqueenchemin.fr\/wp-content\/uploads\/2024\/03\/P1166087-820x533.jpg 820w\" sizes=\"auto, (max-width: 1024px) 100vw, 1024px\" \/><\/figure><div class=\"wp-block-media-text__content\">\n<p style=\"font-size:18px\">Monteverdi et ses contemporains s\u2019inspiraient de l\u2019imaginaire po\u00e9tique de leur \u00e9poque pour exprimer en musique les tourments amoureux. <\/p>\n\n\n\n<p style=\"font-size:18px\">Le regard f\u00e9minin par exemple, souvent compar\u00e9 aux \u00e9toiles, au soleil, aux flammes ou \u00e0 des armes, symbolisait tour \u00e0 tour lumi\u00e8re divine et cruaut\u00e9 amoureuse.<\/p>\n<\/div><\/div>\n\n\n\n<p class=\"has-small-font-size\">\u00a9 La Main Harmonique<\/p>\n\n\n\n<p style=\"font-size:18px\">Dans la description des tumultes de la mer se r\u00e9v\u00e9laient les \u00e9tats d\u2019\u00e2me de l\u2019amant. Ces symboles ont-ils chang\u00e9 de sens aujourd\u2019hui ? Nous nous sommes demand\u00e9s \u00e0 quel imaginaire renvoyait le soleil et la mer \u00e0 notre \u00e9poque \u00e0 travers de nouvelles commandes \u00e0 des compositrices et compositeurs d\u2019aujourd\u2019hui. Le programme alterne diff\u00e9rentes formations vocales et int\u00e8gre accompagnement \u00e0 l\u2019orgue et lectures. Le ch\u0153ur Ambr\u00f2sia ouvrira et terminera le concert avec des \u0153uvres sacr\u00e9es de Gesualdo et Palestrina<\/p>\n\n\n\n<div class=\"wp-block-buttons is-content-justification-center is-layout-flex wp-container-core-buttons-is-layout-16018d1d wp-block-buttons-is-layout-flex\">\n<div class=\"wp-block-button\"><a class=\"wp-block-button__link has-background wp-element-button\" href=\"https:\/\/billetterie.festik.net\/musiqueenchemin\/product\/a-la-lumiere-des-etoiles-ensemble-la-main-harmonique\" style=\"background-color:#d03716\" target=\"_blank\" rel=\"noreferrer noopener\"><strong>Dur\u00e9e 1h15 &#8211; R\u00e9servez vos places ici !<\/strong><\/a><\/div>\n<\/div>\n\n\n\n<hr class=\"wp-block-separator has-alpha-channel-opacity\"\/>\n\n\n\n<figure class=\"wp-block-embed is-type-video is-provider-youtube wp-block-embed-youtube wp-embed-aspect-16-9 wp-has-aspect-ratio\"><div class=\"wp-block-embed__wrapper\">\n<iframe loading=\"lazy\" title=\"La Main Harmonique - Me, me and none but me \u2013 John Dowland (1563-1626)\" width=\"1160\" height=\"653\" src=\"https:\/\/www.youtube.com\/embed\/GKiT-ADMyjA?feature=oembed\" frameborder=\"0\" allow=\"accelerometer; autoplay; clipboard-write; encrypted-media; gyroscope; picture-in-picture; web-share\" referrerpolicy=\"strict-origin-when-cross-origin\" allowfullscreen><\/iframe>\n<\/div><\/figure>\n\n\n\n<hr class=\"wp-block-separator has-alpha-channel-opacity\"\/>\n\n\n\n<h4 class=\"wp-block-heading has-black-color has-text-color has-link-color has-medium-font-size wp-elements-963b55e472a0990a3a538485871d23bb\">20h30 \u2022 Espace festival<\/h4>\n\n\n\n<h2 class=\"wp-block-heading has-text-color has-link-color wp-elements-975bed744d16d7ef1484002fa13704f4\" style=\"color:#d03716\">Ap\u00e9ritif et restauration<\/h2>\n\n\n\n<hr class=\"wp-block-separator has-alpha-channel-opacity\"\/>\n\n\n\n<h4 class=\"wp-block-heading\" style=\"font-size:30px\">21h30 \u2022 Place du village \u2022 <strong>Concert<\/strong><\/h4>\n\n\n\n<h1 class=\"wp-block-heading has-text-color has-link-color wp-elements-d5ef24150ef6fd26fd94ec1b0876d050\" style=\"color:#d03716\"><strong>Duo Dimelotu<\/strong><\/h1>\n\n\n\n<h5 class=\"wp-block-heading\"><strong>Marcos Alvarez, chant et guitare <\/strong><br><strong>Margaux Vannicatte, chant et percussions<\/strong><\/h5>\n\n\n\n<div class=\"wp-block-media-text is-stacked-on-mobile\" style=\"grid-template-columns:33% auto\"><figure class=\"wp-block-media-text__media\"><img loading=\"lazy\" decoding=\"async\" width=\"1024\" height=\"576\" src=\"https:\/\/musiqueenchemin.fr\/wp-content\/uploads\/2024\/03\/1000040808-1024x576.jpg\" alt=\"\" class=\"wp-image-4538 size-full\" srcset=\"https:\/\/musiqueenchemin.fr\/wp-content\/uploads\/2024\/03\/1000040808-1024x576.jpg 1024w, https:\/\/musiqueenchemin.fr\/wp-content\/uploads\/2024\/03\/1000040808-300x169.jpg 300w, https:\/\/musiqueenchemin.fr\/wp-content\/uploads\/2024\/03\/1000040808-768x432.jpg 768w, https:\/\/musiqueenchemin.fr\/wp-content\/uploads\/2024\/03\/1000040808-1536x864.jpg 1536w, https:\/\/musiqueenchemin.fr\/wp-content\/uploads\/2024\/03\/1000040808-2048x1152.jpg 2048w, https:\/\/musiqueenchemin.fr\/wp-content\/uploads\/2024\/03\/1000040808-50x28.jpg 50w, https:\/\/musiqueenchemin.fr\/wp-content\/uploads\/2024\/03\/1000040808-820x461.jpg 820w\" sizes=\"auto, (max-width: 1024px) 100vw, 1024px\" \/><\/figure><div class=\"wp-block-media-text__content\">\n<p>Dimelotu est un duo franco-chilien tissant un univers o\u00f9 la chanson latino-am\u00e9ricaine dialogue joyeusement avec des sonorit\u00e9s fran\u00e7aises actuelles. Entre compositions originales et arrangements, Dimelotu chante l\u2019amour, l\u2019exil et la m\u00e9moire avec fra\u00eecheur et \u00e9motion.<\/p>\n\n\n\n<p>Sur sc\u00e8ne, ils offrent un voyage solaire et po\u00e9tique o\u00f9 les traditions se r\u00e9inventent et invitent au partage.<\/p>\n\n\n\n<p><\/p>\n<\/div><\/div>\n\n\n\n<div class=\"wp-block-buttons is-content-justification-center is-layout-flex wp-container-core-buttons-is-layout-16018d1d wp-block-buttons-is-layout-flex\">\n<div class=\"wp-block-button\"><a class=\"wp-block-button__link has-background wp-element-button\" href=\"https:\/\/billetterie.festik.net\/musiqueenchemin\/\" style=\"background-color:#d03716\">Dur\u00e9e 2h00 &#8211; Acc\u00e8s libre<\/a><\/div>\n<\/div>\n\n\n\n<hr class=\"wp-block-separator has-alpha-channel-opacity\"\/>\n\n\n\n<figure class=\"wp-block-embed is-type-video is-provider-youtube wp-block-embed-youtube wp-embed-aspect-16-9 wp-has-aspect-ratio\"><div class=\"wp-block-embed__wrapper\">\n<iframe loading=\"lazy\" title=\"Dimelotu - Empezar de nuevo -  composition original (live sous les pins)\" width=\"1160\" height=\"653\" src=\"https:\/\/www.youtube.com\/embed\/fyeCYpbUvig?feature=oembed\" frameborder=\"0\" allow=\"accelerometer; autoplay; clipboard-write; encrypted-media; gyroscope; picture-in-picture; web-share\" referrerpolicy=\"strict-origin-when-cross-origin\" allowfullscreen><\/iframe>\n<\/div><\/figure>\n","protected":false},"excerpt":{"rendered":"<p>18h15 \u2022 Espace Festival \u2022 Mise en oreille Constance Luzzatti Musicologue &amp; musicienne Un moment convivial avec Constance pour mieux d\u00e9couvrir le concert \u00e0 venir, et glaner quelques \u00ab cl\u00e9s d\u2019\u00e9coute \u00bb. Les artistes seront pr\u00e9sents, venez avec vos questions [&hellip;]<\/p>\n","protected":false},"author":1,"featured_media":0,"comment_status":"closed","ping_status":"closed","sticky":false,"template":"","format":"standard","meta":{"cwp_meta_box_check":"No","cwp_rev_product_name":"","cwp_rev_product_image":"","wppr_links":[],"cwp_rev_price":"","wppr_options":[],"wppr_pros":[],"wppr_cons":[],"footnotes":""},"categories":[1],"tags":[],"class_list":["post-3605","post","type-post","status-publish","format-standard","hentry","category-non-classe"],"wppr_data":{"cwp_meta_box_check":"No"},"yoast_head":"<!-- This site is optimized with the Yoast SEO plugin v25.0 - https:\/\/yoast.com\/wordpress\/plugins\/seo\/ -->\n<title>Jeudi 23 Juillet -<\/title>\n<meta name=\"robots\" content=\"index, follow, max-snippet:-1, max-image-preview:large, max-video-preview:-1\" \/>\n<link rel=\"canonical\" href=\"https:\/\/musiqueenchemin.fr\/index.php\/2024\/03\/09\/jeudi-23-juillet\/\" \/>\n<meta property=\"og:locale\" content=\"fr_FR\" \/>\n<meta property=\"og:type\" content=\"article\" \/>\n<meta property=\"og:title\" content=\"Jeudi 23 Juillet -\" \/>\n<meta property=\"og:description\" content=\"18h15 \u2022 Espace Festival \u2022 Mise en oreille Constance Luzzatti Musicologue &amp; musicienne Un moment convivial avec Constance pour mieux d\u00e9couvrir le concert \u00e0 venir, et glaner quelques \u00ab cl\u00e9s d\u2019\u00e9coute \u00bb. Les artistes seront pr\u00e9sents, venez avec vos questions [&hellip;]\" \/>\n<meta property=\"og:url\" content=\"https:\/\/musiqueenchemin.fr\/index.php\/2024\/03\/09\/jeudi-23-juillet\/\" \/>\n<meta property=\"article:published_time\" content=\"2024-03-09T15:43:28+00:00\" \/>\n<meta property=\"article:modified_time\" content=\"2026-04-29T15:31:25+00:00\" \/>\n<meta property=\"og:image\" content=\"https:\/\/musiqueenchemin.fr\/wp-content\/uploads\/2024\/03\/Constance-Luzzati-@Orane-Benoit-scaled.jpg\" \/>\n\t<meta property=\"og:image:width\" content=\"2560\" \/>\n\t<meta property=\"og:image:height\" content=\"1707\" \/>\n\t<meta property=\"og:image:type\" content=\"image\/jpeg\" \/>\n<meta name=\"author\" content=\"Musique en Chemin\" \/>\n<meta name=\"twitter:card\" content=\"summary_large_image\" \/>\n<meta name=\"twitter:label1\" content=\"\u00c9crit par\" \/>\n\t<meta name=\"twitter:data1\" content=\"Musique en Chemin\" \/>\n\t<meta name=\"twitter:label2\" content=\"Dur\u00e9e de lecture estim\u00e9e\" \/>\n\t<meta name=\"twitter:data2\" content=\"3 minutes\" \/>\n<script type=\"application\/ld+json\" class=\"yoast-schema-graph\">{\"@context\":\"https:\/\/schema.org\",\"@graph\":[{\"@type\":\"Article\",\"@id\":\"https:\/\/musiqueenchemin.fr\/index.php\/2024\/03\/09\/jeudi-23-juillet\/#article\",\"isPartOf\":{\"@id\":\"https:\/\/musiqueenchemin.fr\/index.php\/2024\/03\/09\/jeudi-23-juillet\/\"},\"author\":{\"name\":\"Musique en Chemin\",\"@id\":\"https:\/\/musiqueenchemin.fr\/#\/schema\/person\/6c4caa9d003e40448be270fea1e3cbff\"},\"headline\":\"Jeudi 23 Juillet\",\"datePublished\":\"2024-03-09T15:43:28+00:00\",\"dateModified\":\"2026-04-29T15:31:25+00:00\",\"mainEntityOfPage\":{\"@id\":\"https:\/\/musiqueenchemin.fr\/index.php\/2024\/03\/09\/jeudi-23-juillet\/\"},\"wordCount\":352,\"publisher\":{\"@id\":\"https:\/\/musiqueenchemin.fr\/#organization\"},\"image\":{\"@id\":\"https:\/\/musiqueenchemin.fr\/index.php\/2024\/03\/09\/jeudi-23-juillet\/#primaryimage\"},\"thumbnailUrl\":\"https:\/\/musiqueenchemin.fr\/wp-content\/uploads\/2024\/03\/Constance-Luzzati-@Orane-Benoit-1024x683.jpg\",\"inLanguage\":\"fr-FR\"},{\"@type\":\"WebPage\",\"@id\":\"https:\/\/musiqueenchemin.fr\/index.php\/2024\/03\/09\/jeudi-23-juillet\/\",\"url\":\"https:\/\/musiqueenchemin.fr\/index.php\/2024\/03\/09\/jeudi-23-juillet\/\",\"name\":\"Jeudi 23 Juillet -\",\"isPartOf\":{\"@id\":\"https:\/\/musiqueenchemin.fr\/#website\"},\"primaryImageOfPage\":{\"@id\":\"https:\/\/musiqueenchemin.fr\/index.php\/2024\/03\/09\/jeudi-23-juillet\/#primaryimage\"},\"image\":{\"@id\":\"https:\/\/musiqueenchemin.fr\/index.php\/2024\/03\/09\/jeudi-23-juillet\/#primaryimage\"},\"thumbnailUrl\":\"https:\/\/musiqueenchemin.fr\/wp-content\/uploads\/2024\/03\/Constance-Luzzati-@Orane-Benoit-1024x683.jpg\",\"datePublished\":\"2024-03-09T15:43:28+00:00\",\"dateModified\":\"2026-04-29T15:31:25+00:00\",\"breadcrumb\":{\"@id\":\"https:\/\/musiqueenchemin.fr\/index.php\/2024\/03\/09\/jeudi-23-juillet\/#breadcrumb\"},\"inLanguage\":\"fr-FR\",\"potentialAction\":[{\"@type\":\"ReadAction\",\"target\":[\"https:\/\/musiqueenchemin.fr\/index.php\/2024\/03\/09\/jeudi-23-juillet\/\"]}]},{\"@type\":\"ImageObject\",\"inLanguage\":\"fr-FR\",\"@id\":\"https:\/\/musiqueenchemin.fr\/index.php\/2024\/03\/09\/jeudi-23-juillet\/#primaryimage\",\"url\":\"https:\/\/musiqueenchemin.fr\/wp-content\/uploads\/2024\/03\/Constance-Luzzati-@Orane-Benoit-scaled.jpg\",\"contentUrl\":\"https:\/\/musiqueenchemin.fr\/wp-content\/uploads\/2024\/03\/Constance-Luzzati-@Orane-Benoit-scaled.jpg\",\"width\":2560,\"height\":1707},{\"@type\":\"BreadcrumbList\",\"@id\":\"https:\/\/musiqueenchemin.fr\/index.php\/2024\/03\/09\/jeudi-23-juillet\/#breadcrumb\",\"itemListElement\":[{\"@type\":\"ListItem\",\"position\":1,\"name\":\"Accueil\",\"item\":\"https:\/\/musiqueenchemin.fr\/\"},{\"@type\":\"ListItem\",\"position\":2,\"name\":\"Jeudi 23 Juillet\"}]},{\"@type\":\"WebSite\",\"@id\":\"https:\/\/musiqueenchemin.fr\/#website\",\"url\":\"https:\/\/musiqueenchemin.fr\/\",\"name\":\"Musique en Chemin\",\"description\":\"\",\"publisher\":{\"@id\":\"https:\/\/musiqueenchemin.fr\/#organization\"},\"potentialAction\":[{\"@type\":\"SearchAction\",\"target\":{\"@type\":\"EntryPoint\",\"urlTemplate\":\"https:\/\/musiqueenchemin.fr\/?s={search_term_string}\"},\"query-input\":{\"@type\":\"PropertyValueSpecification\",\"valueRequired\":true,\"valueName\":\"search_term_string\"}}],\"inLanguage\":\"fr-FR\"},{\"@type\":\"Organization\",\"@id\":\"https:\/\/musiqueenchemin.fr\/#organization\",\"name\":\"Musique en Chemin\",\"url\":\"https:\/\/musiqueenchemin.fr\/\",\"logo\":{\"@type\":\"ImageObject\",\"inLanguage\":\"fr-FR\",\"@id\":\"https:\/\/musiqueenchemin.fr\/#\/schema\/logo\/image\/\",\"url\":\"http:\/\/musiqueenchemin.fr\/wp-content\/uploads\/2024\/03\/huppe-jaune-2024.png\",\"contentUrl\":\"http:\/\/musiqueenchemin.fr\/wp-content\/uploads\/2024\/03\/huppe-jaune-2024.png\",\"width\":560,\"height\":387,\"caption\":\"Musique en Chemin\"},\"image\":{\"@id\":\"https:\/\/musiqueenchemin.fr\/#\/schema\/logo\/image\/\"}},{\"@type\":\"Person\",\"@id\":\"https:\/\/musiqueenchemin.fr\/#\/schema\/person\/6c4caa9d003e40448be270fea1e3cbff\",\"name\":\"Musique en Chemin\",\"image\":{\"@type\":\"ImageObject\",\"inLanguage\":\"fr-FR\",\"@id\":\"https:\/\/musiqueenchemin.fr\/#\/schema\/person\/image\/\",\"url\":\"https:\/\/secure.gravatar.com\/avatar\/7b1be4a90bcc64c58111b64ffe668b413f96ab86aad982e7fdacac32cefcb4ec?s=96&d=mm&r=g\",\"contentUrl\":\"https:\/\/secure.gravatar.com\/avatar\/7b1be4a90bcc64c58111b64ffe668b413f96ab86aad982e7fdacac32cefcb4ec?s=96&d=mm&r=g\",\"caption\":\"Musique en Chemin\"},\"url\":\"https:\/\/musiqueenchemin.fr\/index.php\/author\/chem\/\"}]}<\/script>\n<!-- \/ Yoast SEO plugin. -->","yoast_head_json":{"title":"Jeudi 23 Juillet -","robots":{"index":"index","follow":"follow","max-snippet":"max-snippet:-1","max-image-preview":"max-image-preview:large","max-video-preview":"max-video-preview:-1"},"canonical":"https:\/\/musiqueenchemin.fr\/index.php\/2024\/03\/09\/jeudi-23-juillet\/","og_locale":"fr_FR","og_type":"article","og_title":"Jeudi 23 Juillet -","og_description":"18h15 \u2022 Espace Festival \u2022 Mise en oreille Constance Luzzatti Musicologue &amp; musicienne Un moment convivial avec Constance pour mieux d\u00e9couvrir le concert \u00e0 venir, et glaner quelques \u00ab cl\u00e9s d\u2019\u00e9coute \u00bb. Les artistes seront pr\u00e9sents, venez avec vos questions [&hellip;]","og_url":"https:\/\/musiqueenchemin.fr\/index.php\/2024\/03\/09\/jeudi-23-juillet\/","article_published_time":"2024-03-09T15:43:28+00:00","article_modified_time":"2026-04-29T15:31:25+00:00","og_image":[{"width":2560,"height":1707,"url":"https:\/\/musiqueenchemin.fr\/wp-content\/uploads\/2024\/03\/Constance-Luzzati-@Orane-Benoit-scaled.jpg","type":"image\/jpeg"}],"author":"Musique en Chemin","twitter_card":"summary_large_image","twitter_misc":{"\u00c9crit par":"Musique en Chemin","Dur\u00e9e de lecture estim\u00e9e":"3 minutes"},"schema":{"@context":"https:\/\/schema.org","@graph":[{"@type":"Article","@id":"https:\/\/musiqueenchemin.fr\/index.php\/2024\/03\/09\/jeudi-23-juillet\/#article","isPartOf":{"@id":"https:\/\/musiqueenchemin.fr\/index.php\/2024\/03\/09\/jeudi-23-juillet\/"},"author":{"name":"Musique en Chemin","@id":"https:\/\/musiqueenchemin.fr\/#\/schema\/person\/6c4caa9d003e40448be270fea1e3cbff"},"headline":"Jeudi 23 Juillet","datePublished":"2024-03-09T15:43:28+00:00","dateModified":"2026-04-29T15:31:25+00:00","mainEntityOfPage":{"@id":"https:\/\/musiqueenchemin.fr\/index.php\/2024\/03\/09\/jeudi-23-juillet\/"},"wordCount":352,"publisher":{"@id":"https:\/\/musiqueenchemin.fr\/#organization"},"image":{"@id":"https:\/\/musiqueenchemin.fr\/index.php\/2024\/03\/09\/jeudi-23-juillet\/#primaryimage"},"thumbnailUrl":"https:\/\/musiqueenchemin.fr\/wp-content\/uploads\/2024\/03\/Constance-Luzzati-@Orane-Benoit-1024x683.jpg","inLanguage":"fr-FR"},{"@type":"WebPage","@id":"https:\/\/musiqueenchemin.fr\/index.php\/2024\/03\/09\/jeudi-23-juillet\/","url":"https:\/\/musiqueenchemin.fr\/index.php\/2024\/03\/09\/jeudi-23-juillet\/","name":"Jeudi 23 Juillet -","isPartOf":{"@id":"https:\/\/musiqueenchemin.fr\/#website"},"primaryImageOfPage":{"@id":"https:\/\/musiqueenchemin.fr\/index.php\/2024\/03\/09\/jeudi-23-juillet\/#primaryimage"},"image":{"@id":"https:\/\/musiqueenchemin.fr\/index.php\/2024\/03\/09\/jeudi-23-juillet\/#primaryimage"},"thumbnailUrl":"https:\/\/musiqueenchemin.fr\/wp-content\/uploads\/2024\/03\/Constance-Luzzati-@Orane-Benoit-1024x683.jpg","datePublished":"2024-03-09T15:43:28+00:00","dateModified":"2026-04-29T15:31:25+00:00","breadcrumb":{"@id":"https:\/\/musiqueenchemin.fr\/index.php\/2024\/03\/09\/jeudi-23-juillet\/#breadcrumb"},"inLanguage":"fr-FR","potentialAction":[{"@type":"ReadAction","target":["https:\/\/musiqueenchemin.fr\/index.php\/2024\/03\/09\/jeudi-23-juillet\/"]}]},{"@type":"ImageObject","inLanguage":"fr-FR","@id":"https:\/\/musiqueenchemin.fr\/index.php\/2024\/03\/09\/jeudi-23-juillet\/#primaryimage","url":"https:\/\/musiqueenchemin.fr\/wp-content\/uploads\/2024\/03\/Constance-Luzzati-@Orane-Benoit-scaled.jpg","contentUrl":"https:\/\/musiqueenchemin.fr\/wp-content\/uploads\/2024\/03\/Constance-Luzzati-@Orane-Benoit-scaled.jpg","width":2560,"height":1707},{"@type":"BreadcrumbList","@id":"https:\/\/musiqueenchemin.fr\/index.php\/2024\/03\/09\/jeudi-23-juillet\/#breadcrumb","itemListElement":[{"@type":"ListItem","position":1,"name":"Accueil","item":"https:\/\/musiqueenchemin.fr\/"},{"@type":"ListItem","position":2,"name":"Jeudi 23 Juillet"}]},{"@type":"WebSite","@id":"https:\/\/musiqueenchemin.fr\/#website","url":"https:\/\/musiqueenchemin.fr\/","name":"Musique en Chemin","description":"","publisher":{"@id":"https:\/\/musiqueenchemin.fr\/#organization"},"potentialAction":[{"@type":"SearchAction","target":{"@type":"EntryPoint","urlTemplate":"https:\/\/musiqueenchemin.fr\/?s={search_term_string}"},"query-input":{"@type":"PropertyValueSpecification","valueRequired":true,"valueName":"search_term_string"}}],"inLanguage":"fr-FR"},{"@type":"Organization","@id":"https:\/\/musiqueenchemin.fr\/#organization","name":"Musique en Chemin","url":"https:\/\/musiqueenchemin.fr\/","logo":{"@type":"ImageObject","inLanguage":"fr-FR","@id":"https:\/\/musiqueenchemin.fr\/#\/schema\/logo\/image\/","url":"http:\/\/musiqueenchemin.fr\/wp-content\/uploads\/2024\/03\/huppe-jaune-2024.png","contentUrl":"http:\/\/musiqueenchemin.fr\/wp-content\/uploads\/2024\/03\/huppe-jaune-2024.png","width":560,"height":387,"caption":"Musique en Chemin"},"image":{"@id":"https:\/\/musiqueenchemin.fr\/#\/schema\/logo\/image\/"}},{"@type":"Person","@id":"https:\/\/musiqueenchemin.fr\/#\/schema\/person\/6c4caa9d003e40448be270fea1e3cbff","name":"Musique en Chemin","image":{"@type":"ImageObject","inLanguage":"fr-FR","@id":"https:\/\/musiqueenchemin.fr\/#\/schema\/person\/image\/","url":"https:\/\/secure.gravatar.com\/avatar\/7b1be4a90bcc64c58111b64ffe668b413f96ab86aad982e7fdacac32cefcb4ec?s=96&d=mm&r=g","contentUrl":"https:\/\/secure.gravatar.com\/avatar\/7b1be4a90bcc64c58111b64ffe668b413f96ab86aad982e7fdacac32cefcb4ec?s=96&d=mm&r=g","caption":"Musique en Chemin"},"url":"https:\/\/musiqueenchemin.fr\/index.php\/author\/chem\/"}]}},"_links":{"self":[{"href":"https:\/\/musiqueenchemin.fr\/index.php\/wp-json\/wp\/v2\/posts\/3605","targetHints":{"allow":["GET"]}}],"collection":[{"href":"https:\/\/musiqueenchemin.fr\/index.php\/wp-json\/wp\/v2\/posts"}],"about":[{"href":"https:\/\/musiqueenchemin.fr\/index.php\/wp-json\/wp\/v2\/types\/post"}],"author":[{"embeddable":true,"href":"https:\/\/musiqueenchemin.fr\/index.php\/wp-json\/wp\/v2\/users\/1"}],"replies":[{"embeddable":true,"href":"https:\/\/musiqueenchemin.fr\/index.php\/wp-json\/wp\/v2\/comments?post=3605"}],"version-history":[{"count":84,"href":"https:\/\/musiqueenchemin.fr\/index.php\/wp-json\/wp\/v2\/posts\/3605\/revisions"}],"predecessor-version":[{"id":4845,"href":"https:\/\/musiqueenchemin.fr\/index.php\/wp-json\/wp\/v2\/posts\/3605\/revisions\/4845"}],"wp:attachment":[{"href":"https:\/\/musiqueenchemin.fr\/index.php\/wp-json\/wp\/v2\/media?parent=3605"}],"wp:term":[{"taxonomy":"category","embeddable":true,"href":"https:\/\/musiqueenchemin.fr\/index.php\/wp-json\/wp\/v2\/categories?post=3605"},{"taxonomy":"post_tag","embeddable":true,"href":"https:\/\/musiqueenchemin.fr\/index.php\/wp-json\/wp\/v2\/tags?post=3605"}],"curies":[{"name":"wp","href":"https:\/\/api.w.org\/{rel}","templated":true}]}}