{"id":3606,"date":"2024-03-09T16:42:39","date_gmt":"2024-03-09T15:42:39","guid":{"rendered":"http:\/\/musiqueenchemin.fr\/?p=3606"},"modified":"2026-04-28T16:37:26","modified_gmt":"2026-04-28T15:37:26","slug":"vendredi-24-juillet-2","status":"publish","type":"post","link":"https:\/\/musiqueenchemin.fr\/index.php\/2024\/03\/09\/vendredi-24-juillet-2\/","title":{"rendered":"Vendredi 24 juillet"},"content":{"rendered":"\n<hr class=\"wp-block-separator has-alpha-channel-opacity\"\/>\n\n\n\n<h4 class=\"wp-block-heading\">16h00 \u2022 Salle des f\u00eates \u2022 Atelier public<\/h4>\n\n\n\n<h1 class=\"wp-block-heading has-vivid-cyan-blue-color has-text-color has-link-color wp-elements-b87121fe87d2054d7475f95ad133f4a1\"><strong>Voyage au c\u0153ur de la voix<\/strong><\/h1>\n\n\n\n<h3 class=\"wp-block-heading\">Nadia Lavoyer, chanteuse et professeure\/coach de chant <\/h3>\n\n\n\n<figure class=\"wp-block-image size-large is-resized\"><img loading=\"lazy\" decoding=\"async\" width=\"1024\" height=\"683\" src=\"https:\/\/musiqueenchemin.fr\/wp-content\/uploads\/2024\/03\/P1167532-1024x683.jpg\" alt=\"\" class=\"wp-image-3989\" style=\"width:393px;height:auto\" srcset=\"https:\/\/musiqueenchemin.fr\/wp-content\/uploads\/2024\/03\/P1167532-1024x683.jpg 1024w, https:\/\/musiqueenchemin.fr\/wp-content\/uploads\/2024\/03\/P1167532-300x200.jpg 300w, https:\/\/musiqueenchemin.fr\/wp-content\/uploads\/2024\/03\/P1167532-768x512.jpg 768w, https:\/\/musiqueenchemin.fr\/wp-content\/uploads\/2024\/03\/P1167532-1536x1024.jpg 1536w, https:\/\/musiqueenchemin.fr\/wp-content\/uploads\/2024\/03\/P1167532-2048x1365.jpg 2048w, https:\/\/musiqueenchemin.fr\/wp-content\/uploads\/2024\/03\/P1167532-50x33.jpg 50w, https:\/\/musiqueenchemin.fr\/wp-content\/uploads\/2024\/03\/P1167532-600x400.jpg 600w, https:\/\/musiqueenchemin.fr\/wp-content\/uploads\/2024\/03\/P1167532-820x547.jpg 820w\" sizes=\"auto, (max-width: 1024px) 100vw, 1024px\" \/><\/figure>\n\n\n\n<hr class=\"wp-block-separator has-text-color has-white-color has-alpha-channel-opacity has-white-background-color has-background\"\/>\n\n\n\n<p class=\"has-medium-font-size\">Comme \u00e0 son habitude le Festival Musique en Chemin vous propose de venir \u00e0 la d\u00e9couverte de votre voix, moyen puissant d\u2019\u00e9panouissement personnel ! Venez explorer vos sensations physiques autour de diff\u00e9rents exercices de respiration, de d\u00e9tente, d\u2019\u00e9chauffement, de vibration ensemble. Donnez-vous ce temps qui vous permettra de continuer l\u2019apr\u00e8s-midi avec un regain de bien-\u00eatre et de joie ! Nadia Lavoyer est chanteuse professionnelle et professeure\/coach de chant depuis plus de 10 ans aupr\u00e8s de publics multiples (ch\u0153urs amateurs, ateliers tous publics, \u00e9tablissements scolaires, \u00e9tablissements de sant\u00e9, etc.). Cet atelier est ouvert \u00e0 toutes les personnes curieuses ! Le nombre de places \u00e9tant limit\u00e9, nous vous conseillons fortement de r\u00e9server.<\/p>\n\n\n\n<hr class=\"wp-block-separator has-text-color has-white-color has-alpha-channel-opacity has-white-background-color has-background\"\/>\n\n\n\n<h5 class=\"wp-block-heading has-medium-font-size\">Dur\u00e9e 45min \u2022 Acc\u00e8s libre &#8211; places limit\u00e9es &#8211; r\u00e9servation conseill\u00e9e au 09.67.81.80.78<br><em>Prenez votre gourde! <\/em><\/h5>\n\n\n\n<h3 class=\"wp-block-heading\"><mark style=\"background-color:rgba(0, 0, 0, 0);color:#c13b36\" class=\"has-inline-color\"><mark style=\"background-color:rgba(0, 0, 0, 0);color:#c13b36\" class=\"has-inline-color\"><\/mark><\/mark><\/h3>\n\n\n\n<hr class=\"wp-block-separator has-alpha-channel-opacity\"\/>\n\n\n\n<h4 class=\"wp-block-heading\">17h45 \u2022 Espace festival \u2022 <strong>Mise en Oreille<\/strong><\/h4>\n\n\n\n<h1 class=\"wp-block-heading\"><mark style=\"background-color:rgba(0, 0, 0, 0)\" class=\"has-inline-color has-vivid-cyan-blue-color\"><strong>Constance Luzzatti<\/strong><\/mark><\/h1>\n\n\n\n<h3 class=\"wp-block-heading\">Musicologue &amp; musicienne<\/h3>\n\n\n\n<figure class=\"wp-block-image size-large is-resized\"><img loading=\"lazy\" decoding=\"async\" width=\"1024\" height=\"683\" src=\"http:\/\/musiqueenchemin.fr\/wp-content\/uploads\/2024\/03\/Constance-Luzzati-@Orane-Benoit-1024x683.jpg\" alt=\"\" class=\"wp-image-4006\" style=\"width:323px;height:auto\" srcset=\"https:\/\/musiqueenchemin.fr\/wp-content\/uploads\/2024\/03\/Constance-Luzzati-@Orane-Benoit-1024x683.jpg 1024w, https:\/\/musiqueenchemin.fr\/wp-content\/uploads\/2024\/03\/Constance-Luzzati-@Orane-Benoit-300x200.jpg 300w, https:\/\/musiqueenchemin.fr\/wp-content\/uploads\/2024\/03\/Constance-Luzzati-@Orane-Benoit-768x512.jpg 768w, https:\/\/musiqueenchemin.fr\/wp-content\/uploads\/2024\/03\/Constance-Luzzati-@Orane-Benoit-1536x1024.jpg 1536w, https:\/\/musiqueenchemin.fr\/wp-content\/uploads\/2024\/03\/Constance-Luzzati-@Orane-Benoit-2048x1365.jpg 2048w, https:\/\/musiqueenchemin.fr\/wp-content\/uploads\/2024\/03\/Constance-Luzzati-@Orane-Benoit-50x33.jpg 50w, https:\/\/musiqueenchemin.fr\/wp-content\/uploads\/2024\/03\/Constance-Luzzati-@Orane-Benoit-600x400.jpg 600w, https:\/\/musiqueenchemin.fr\/wp-content\/uploads\/2024\/03\/Constance-Luzzati-@Orane-Benoit-820x547.jpg 820w\" sizes=\"auto, (max-width: 1024px) 100vw, 1024px\" \/><\/figure>\n\n\n\n<p class=\"has-medium-font-size\">Un moment convivial avec Constance pour mieux d\u00e9couvrir le concert \u00e0 venir, et glaner quelques \u00ab cl\u00e9s d\u2019\u00e9coute \u00bb. Les artistes seront pr\u00e9sents, venez avec vos questions !<\/p>\n\n\n\n<h5 class=\"wp-block-heading\">Dur\u00e9e 40min \u2022 Acc\u00e8s libre<\/h5>\n\n\n\n<hr class=\"wp-block-separator has-alpha-channel-opacity\"\/>\n\n\n\n<h4 class=\"wp-block-heading\">19h00 \u2022 Clo\u00eetre de la coll\u00e9giale \u2022 <strong>Concert<\/strong><\/h4>\n\n\n\n<h1 class=\"wp-block-heading\"><mark style=\"background-color:rgba(0, 0, 0, 0)\" class=\"has-inline-color has-vivid-cyan-blue-color\"><strong>Musique &amp; danse d&#8217;extase du monde arabe<\/strong><\/mark><\/h1>\n\n\n\n<h3 class=\"wp-block-heading\">Une relecture contemporaine de la danse extatique des derviches tourneurs port\u00e9e par des chants soufis<\/h3>\n\n\n\n<h5 class=\"wp-block-heading\">Qa\u00efs Saadi \/ chant, oud, ney &amp; percussions<br>Nour Joseph Gebrael \/ danseur tourneur<br><\/h5>\n\n\n\n<figure class=\"wp-block-image size-large\"><img loading=\"lazy\" decoding=\"async\" width=\"1024\" height=\"577\" src=\"https:\/\/musiqueenchemin.fr\/wp-content\/uploads\/2024\/03\/Duo-derviche-1024x577.jpg\" alt=\"\" class=\"wp-image-4434\" srcset=\"https:\/\/musiqueenchemin.fr\/wp-content\/uploads\/2024\/03\/Duo-derviche-1024x577.jpg 1024w, https:\/\/musiqueenchemin.fr\/wp-content\/uploads\/2024\/03\/Duo-derviche-300x169.jpg 300w, https:\/\/musiqueenchemin.fr\/wp-content\/uploads\/2024\/03\/Duo-derviche-768x432.jpg 768w, https:\/\/musiqueenchemin.fr\/wp-content\/uploads\/2024\/03\/Duo-derviche-1536x865.jpg 1536w, https:\/\/musiqueenchemin.fr\/wp-content\/uploads\/2024\/03\/Duo-derviche-50x28.jpg 50w, https:\/\/musiqueenchemin.fr\/wp-content\/uploads\/2024\/03\/Duo-derviche-820x462.jpg 820w, https:\/\/musiqueenchemin.fr\/wp-content\/uploads\/2024\/03\/Duo-derviche.jpg 2048w\" sizes=\"auto, (max-width: 1024px) 100vw, 1024px\" \/><\/figure>\n\n\n\n<p>Les textes mystiques d\u2019amour et d\u2019abandon d\u2019Ibn Arabi, de Jean Damasc\u00e8ne et de la confr\u00e9rie des Gnawa port\u00e9s par une musique puissante et le tournoiement hypnotique de la danse. Deux artistes qui communient dans un souffle commun. Une pr\u00e9sence duale dont la rencontre op\u00e8re comme un isthme reliant le silence et le verbe.<\/p>\n\n\n\n<h5 class=\"wp-block-heading\">Dur\u00e9e 1h15 \u2022 <a href=\"https:\/\/billetterie.festik.net\/musiqueenchemin\/product\/ensemble-les-timbres-super-telemann-ce-celebre-inconnu\" target=\"_blank\" rel=\"noreferrer noopener\">R\u00e9servez vos places<\/a><\/h5>\n\n\n\n<hr class=\"wp-block-separator has-alpha-channel-opacity\"\/>\n\n\n\n<h4 class=\"wp-block-heading\">20h30 \u2022 Espace festival \u2022 <strong>Ap\u00e9ritif et restauration<\/strong><\/h4>\n\n\n\n<hr class=\"wp-block-separator has-alpha-channel-opacity\"\/>\n\n\n\n<h4 class=\"wp-block-heading\">21h30 \u2022 Espace festival \u2022 <strong>Concert<\/strong><\/h4>\n\n\n\n<h1 class=\"wp-block-heading\"><mark style=\"background-color:rgba(0, 0, 0, 0)\" class=\"has-inline-color has-vivid-cyan-blue-color\"><strong><a href=\"https:\/\/talvera.org\/le-groupe\/\">Licotissa<\/a><\/strong><\/mark><\/h1>\n\n\n\n<h3 class=\"wp-block-heading\">Bal trad&#8217;<\/h3>\n\n\n\n<h5 class=\"wp-block-heading\">Mathilde Duffau \/ fl\u00fbte \u00e0 trois trous, tambourin et chant<br>Anne-Lise Herbel \/accord\u00e9on diatonique, clarinette et chant<\/h5>\n\n\n\n<figure class=\"wp-block-image size-full is-resized\"><img loading=\"lazy\" decoding=\"async\" width=\"2205\" height=\"1960\" src=\"https:\/\/musiqueenchemin.fr\/wp-content\/uploads\/2024\/03\/Licotissa_3_HD-2.webp\" alt=\"\" class=\"wp-image-4435\" style=\"width:609px;height:auto\" srcset=\"https:\/\/musiqueenchemin.fr\/wp-content\/uploads\/2024\/03\/Licotissa_3_HD-2.webp 2205w, https:\/\/musiqueenchemin.fr\/wp-content\/uploads\/2024\/03\/Licotissa_3_HD-2-300x267.webp 300w, https:\/\/musiqueenchemin.fr\/wp-content\/uploads\/2024\/03\/Licotissa_3_HD-2-1024x910.webp 1024w, https:\/\/musiqueenchemin.fr\/wp-content\/uploads\/2024\/03\/Licotissa_3_HD-2-768x683.webp 768w, https:\/\/musiqueenchemin.fr\/wp-content\/uploads\/2024\/03\/Licotissa_3_HD-2-1536x1365.webp 1536w, https:\/\/musiqueenchemin.fr\/wp-content\/uploads\/2024\/03\/Licotissa_3_HD-2-2048x1820.webp 2048w, https:\/\/musiqueenchemin.fr\/wp-content\/uploads\/2024\/03\/Licotissa_3_HD-2-50x44.webp 50w, https:\/\/musiqueenchemin.fr\/wp-content\/uploads\/2024\/03\/Licotissa_3_HD-2-820x729.webp 820w\" sizes=\"auto, (max-width: 2205px) 100vw, 2205px\" \/><\/figure>\n\n\n\n<p class=\"has-medium-font-size\">Licotissa (gourmandise en gascon) est un duo ancr\u00e9 en terre gasconne dont le p\u00e9ch\u00e9 mignon est la musique \u00e0 danser. Avant tout friandes des diverses formes de rondeaux, Mathilde et Anne-Lise se d\u00e9lectent volontiers d\u2019autres danses, qu\u2019elles soient de Gascogne ou d\u2019ailleurs. En guise de friandises, elles vous feront partager leur r\u00e9pertoire alliant tradition et composition.<br>Vous pourrez alors danser jusqu\u2019\u00e0 sati\u00e9t\u00e9 !<\/p>\n\n\n\n<h5 class=\"wp-block-heading\">Dur\u00e9e 2h \u2022 Acc\u00e8s libre<\/h5>\n","protected":false},"excerpt":{"rendered":"<p>16h00 \u2022 Salle des f\u00eates \u2022 Atelier public Voyage au c\u0153ur de la voix Nadia Lavoyer, chanteuse et professeure\/coach de chant Comme \u00e0 son habitude le Festival Musique en Chemin vous propose de venir \u00e0 la d\u00e9couverte de votre voix, moyen puissant d\u2019\u00e9panouissement personnel ! Venez explorer vos sensations physiques autour de diff\u00e9rents exercices de [&hellip;]<\/p>\n","protected":false},"author":1,"featured_media":0,"comment_status":"closed","ping_status":"closed","sticky":false,"template":"","format":"standard","meta":{"cwp_meta_box_check":"No","cwp_rev_product_name":"","cwp_rev_product_image":"","wppr_links":[],"cwp_rev_price":"","wppr_options":[],"wppr_pros":[],"wppr_cons":[],"footnotes":""},"categories":[1],"tags":[],"class_list":["post-3606","post","type-post","status-publish","format-standard","hentry","category-non-classe"],"wppr_data":{"cwp_meta_box_check":"No"},"yoast_head":"<!-- This site is optimized with the Yoast SEO plugin v25.0 - https:\/\/yoast.com\/wordpress\/plugins\/seo\/ -->\n<title>Vendredi 24 juillet - Musique en Chemin<\/title>\n<meta name=\"robots\" content=\"index, follow, max-snippet:-1, max-image-preview:large, max-video-preview:-1\" \/>\n<link rel=\"canonical\" href=\"https:\/\/musiqueenchemin.fr\/index.php\/2024\/03\/09\/vendredi-24-juillet-2\/\" \/>\n<meta property=\"og:locale\" content=\"fr_FR\" \/>\n<meta property=\"og:type\" content=\"article\" \/>\n<meta property=\"og:title\" content=\"Vendredi 24 juillet - Musique en Chemin\" \/>\n<meta property=\"og:description\" content=\"16h00 \u2022 Salle des f\u00eates \u2022 Atelier public Voyage au c\u0153ur de la voix Nadia Lavoyer, chanteuse et professeure\/coach de chant Comme \u00e0 son habitude le Festival Musique en Chemin vous propose de venir \u00e0 la d\u00e9couverte de votre voix, moyen puissant d\u2019\u00e9panouissement personnel ! Venez explorer vos sensations physiques autour de diff\u00e9rents exercices de [&hellip;]\" \/>\n<meta property=\"og:url\" content=\"https:\/\/musiqueenchemin.fr\/index.php\/2024\/03\/09\/vendredi-24-juillet-2\/\" \/>\n<meta property=\"og:site_name\" content=\"Musique en Chemin\" \/>\n<meta property=\"article:published_time\" content=\"2024-03-09T15:42:39+00:00\" \/>\n<meta property=\"article:modified_time\" content=\"2026-04-28T15:37:26+00:00\" \/>\n<meta property=\"og:image\" content=\"https:\/\/musiqueenchemin.fr\/wp-content\/uploads\/2024\/03\/P1167532-scaled.jpg\" \/>\n\t<meta property=\"og:image:width\" content=\"2560\" \/>\n\t<meta property=\"og:image:height\" content=\"1707\" \/>\n\t<meta property=\"og:image:type\" content=\"image\/jpeg\" \/>\n<meta name=\"author\" content=\"Musique en Chemin\" \/>\n<meta name=\"twitter:card\" content=\"summary_large_image\" \/>\n<meta name=\"twitter:label1\" content=\"\u00c9crit par\" \/>\n\t<meta name=\"twitter:data1\" content=\"Musique en Chemin\" \/>\n\t<meta name=\"twitter:label2\" content=\"Dur\u00e9e de lecture estim\u00e9e\" \/>\n\t<meta name=\"twitter:data2\" content=\"3 minutes\" \/>\n<script type=\"application\/ld+json\" class=\"yoast-schema-graph\">{\"@context\":\"https:\/\/schema.org\",\"@graph\":[{\"@type\":\"Article\",\"@id\":\"https:\/\/musiqueenchemin.fr\/index.php\/2024\/03\/09\/vendredi-24-juillet-2\/#article\",\"isPartOf\":{\"@id\":\"https:\/\/musiqueenchemin.fr\/index.php\/2024\/03\/09\/vendredi-24-juillet-2\/\"},\"author\":{\"name\":\"Musique en Chemin\",\"@id\":\"https:\/\/musiqueenchemin.fr\/#\/schema\/person\/6c4caa9d003e40448be270fea1e3cbff\"},\"headline\":\"Vendredi 24 juillet\",\"datePublished\":\"2024-03-09T15:42:39+00:00\",\"dateModified\":\"2026-04-28T15:37:26+00:00\",\"mainEntityOfPage\":{\"@id\":\"https:\/\/musiqueenchemin.fr\/index.php\/2024\/03\/09\/vendredi-24-juillet-2\/\"},\"wordCount\":418,\"publisher\":{\"@id\":\"https:\/\/musiqueenchemin.fr\/#organization\"},\"image\":{\"@id\":\"https:\/\/musiqueenchemin.fr\/index.php\/2024\/03\/09\/vendredi-24-juillet-2\/#primaryimage\"},\"thumbnailUrl\":\"https:\/\/musiqueenchemin.fr\/wp-content\/uploads\/2024\/03\/P1167532-1024x683.jpg\",\"inLanguage\":\"fr-FR\"},{\"@type\":\"WebPage\",\"@id\":\"https:\/\/musiqueenchemin.fr\/index.php\/2024\/03\/09\/vendredi-24-juillet-2\/\",\"url\":\"https:\/\/musiqueenchemin.fr\/index.php\/2024\/03\/09\/vendredi-24-juillet-2\/\",\"name\":\"Vendredi 24 juillet - Musique en Chemin\",\"isPartOf\":{\"@id\":\"https:\/\/musiqueenchemin.fr\/#website\"},\"primaryImageOfPage\":{\"@id\":\"https:\/\/musiqueenchemin.fr\/index.php\/2024\/03\/09\/vendredi-24-juillet-2\/#primaryimage\"},\"image\":{\"@id\":\"https:\/\/musiqueenchemin.fr\/index.php\/2024\/03\/09\/vendredi-24-juillet-2\/#primaryimage\"},\"thumbnailUrl\":\"https:\/\/musiqueenchemin.fr\/wp-content\/uploads\/2024\/03\/P1167532-1024x683.jpg\",\"datePublished\":\"2024-03-09T15:42:39+00:00\",\"dateModified\":\"2026-04-28T15:37:26+00:00\",\"breadcrumb\":{\"@id\":\"https:\/\/musiqueenchemin.fr\/index.php\/2024\/03\/09\/vendredi-24-juillet-2\/#breadcrumb\"},\"inLanguage\":\"fr-FR\",\"potentialAction\":[{\"@type\":\"ReadAction\",\"target\":[\"https:\/\/musiqueenchemin.fr\/index.php\/2024\/03\/09\/vendredi-24-juillet-2\/\"]}]},{\"@type\":\"ImageObject\",\"inLanguage\":\"fr-FR\",\"@id\":\"https:\/\/musiqueenchemin.fr\/index.php\/2024\/03\/09\/vendredi-24-juillet-2\/#primaryimage\",\"url\":\"https:\/\/musiqueenchemin.fr\/wp-content\/uploads\/2024\/03\/P1167532-scaled.jpg\",\"contentUrl\":\"https:\/\/musiqueenchemin.fr\/wp-content\/uploads\/2024\/03\/P1167532-scaled.jpg\",\"width\":2560,\"height\":1707},{\"@type\":\"BreadcrumbList\",\"@id\":\"https:\/\/musiqueenchemin.fr\/index.php\/2024\/03\/09\/vendredi-24-juillet-2\/#breadcrumb\",\"itemListElement\":[{\"@type\":\"ListItem\",\"position\":1,\"name\":\"Accueil\",\"item\":\"https:\/\/musiqueenchemin.fr\/\"},{\"@type\":\"ListItem\",\"position\":2,\"name\":\"Vendredi 24 juillet\"}]},{\"@type\":\"WebSite\",\"@id\":\"https:\/\/musiqueenchemin.fr\/#website\",\"url\":\"https:\/\/musiqueenchemin.fr\/\",\"name\":\"Musique en Chemin\",\"description\":\"Saison &amp; Festival\",\"publisher\":{\"@id\":\"https:\/\/musiqueenchemin.fr\/#organization\"},\"potentialAction\":[{\"@type\":\"SearchAction\",\"target\":{\"@type\":\"EntryPoint\",\"urlTemplate\":\"https:\/\/musiqueenchemin.fr\/?s={search_term_string}\"},\"query-input\":{\"@type\":\"PropertyValueSpecification\",\"valueRequired\":true,\"valueName\":\"search_term_string\"}}],\"inLanguage\":\"fr-FR\"},{\"@type\":\"Organization\",\"@id\":\"https:\/\/musiqueenchemin.fr\/#organization\",\"name\":\"Musique en Chemin\",\"url\":\"https:\/\/musiqueenchemin.fr\/\",\"logo\":{\"@type\":\"ImageObject\",\"inLanguage\":\"fr-FR\",\"@id\":\"https:\/\/musiqueenchemin.fr\/#\/schema\/logo\/image\/\",\"url\":\"http:\/\/musiqueenchemin.fr\/wp-content\/uploads\/2024\/03\/huppe-jaune-2024.png\",\"contentUrl\":\"http:\/\/musiqueenchemin.fr\/wp-content\/uploads\/2024\/03\/huppe-jaune-2024.png\",\"width\":560,\"height\":387,\"caption\":\"Musique en Chemin\"},\"image\":{\"@id\":\"https:\/\/musiqueenchemin.fr\/#\/schema\/logo\/image\/\"}},{\"@type\":\"Person\",\"@id\":\"https:\/\/musiqueenchemin.fr\/#\/schema\/person\/6c4caa9d003e40448be270fea1e3cbff\",\"name\":\"Musique en Chemin\",\"image\":{\"@type\":\"ImageObject\",\"inLanguage\":\"fr-FR\",\"@id\":\"https:\/\/musiqueenchemin.fr\/#\/schema\/person\/image\/\",\"url\":\"https:\/\/secure.gravatar.com\/avatar\/7b1be4a90bcc64c58111b64ffe668b413f96ab86aad982e7fdacac32cefcb4ec?s=96&d=mm&r=g\",\"contentUrl\":\"https:\/\/secure.gravatar.com\/avatar\/7b1be4a90bcc64c58111b64ffe668b413f96ab86aad982e7fdacac32cefcb4ec?s=96&d=mm&r=g\",\"caption\":\"Musique en Chemin\"},\"url\":\"https:\/\/musiqueenchemin.fr\/index.php\/author\/chem\/\"}]}<\/script>\n<!-- \/ Yoast SEO plugin. -->","yoast_head_json":{"title":"Vendredi 24 juillet - Musique en Chemin","robots":{"index":"index","follow":"follow","max-snippet":"max-snippet:-1","max-image-preview":"max-image-preview:large","max-video-preview":"max-video-preview:-1"},"canonical":"https:\/\/musiqueenchemin.fr\/index.php\/2024\/03\/09\/vendredi-24-juillet-2\/","og_locale":"fr_FR","og_type":"article","og_title":"Vendredi 24 juillet - Musique en Chemin","og_description":"16h00 \u2022 Salle des f\u00eates \u2022 Atelier public Voyage au c\u0153ur de la voix Nadia Lavoyer, chanteuse et professeure\/coach de chant Comme \u00e0 son habitude le Festival Musique en Chemin vous propose de venir \u00e0 la d\u00e9couverte de votre voix, moyen puissant d\u2019\u00e9panouissement personnel ! Venez explorer vos sensations physiques autour de diff\u00e9rents exercices de [&hellip;]","og_url":"https:\/\/musiqueenchemin.fr\/index.php\/2024\/03\/09\/vendredi-24-juillet-2\/","og_site_name":"Musique en Chemin","article_published_time":"2024-03-09T15:42:39+00:00","article_modified_time":"2026-04-28T15:37:26+00:00","og_image":[{"width":2560,"height":1707,"url":"https:\/\/musiqueenchemin.fr\/wp-content\/uploads\/2024\/03\/P1167532-scaled.jpg","type":"image\/jpeg"}],"author":"Musique en Chemin","twitter_card":"summary_large_image","twitter_misc":{"\u00c9crit par":"Musique en Chemin","Dur\u00e9e de lecture estim\u00e9e":"3 minutes"},"schema":{"@context":"https:\/\/schema.org","@graph":[{"@type":"Article","@id":"https:\/\/musiqueenchemin.fr\/index.php\/2024\/03\/09\/vendredi-24-juillet-2\/#article","isPartOf":{"@id":"https:\/\/musiqueenchemin.fr\/index.php\/2024\/03\/09\/vendredi-24-juillet-2\/"},"author":{"name":"Musique en Chemin","@id":"https:\/\/musiqueenchemin.fr\/#\/schema\/person\/6c4caa9d003e40448be270fea1e3cbff"},"headline":"Vendredi 24 juillet","datePublished":"2024-03-09T15:42:39+00:00","dateModified":"2026-04-28T15:37:26+00:00","mainEntityOfPage":{"@id":"https:\/\/musiqueenchemin.fr\/index.php\/2024\/03\/09\/vendredi-24-juillet-2\/"},"wordCount":418,"publisher":{"@id":"https:\/\/musiqueenchemin.fr\/#organization"},"image":{"@id":"https:\/\/musiqueenchemin.fr\/index.php\/2024\/03\/09\/vendredi-24-juillet-2\/#primaryimage"},"thumbnailUrl":"https:\/\/musiqueenchemin.fr\/wp-content\/uploads\/2024\/03\/P1167532-1024x683.jpg","inLanguage":"fr-FR"},{"@type":"WebPage","@id":"https:\/\/musiqueenchemin.fr\/index.php\/2024\/03\/09\/vendredi-24-juillet-2\/","url":"https:\/\/musiqueenchemin.fr\/index.php\/2024\/03\/09\/vendredi-24-juillet-2\/","name":"Vendredi 24 juillet - Musique en Chemin","isPartOf":{"@id":"https:\/\/musiqueenchemin.fr\/#website"},"primaryImageOfPage":{"@id":"https:\/\/musiqueenchemin.fr\/index.php\/2024\/03\/09\/vendredi-24-juillet-2\/#primaryimage"},"image":{"@id":"https:\/\/musiqueenchemin.fr\/index.php\/2024\/03\/09\/vendredi-24-juillet-2\/#primaryimage"},"thumbnailUrl":"https:\/\/musiqueenchemin.fr\/wp-content\/uploads\/2024\/03\/P1167532-1024x683.jpg","datePublished":"2024-03-09T15:42:39+00:00","dateModified":"2026-04-28T15:37:26+00:00","breadcrumb":{"@id":"https:\/\/musiqueenchemin.fr\/index.php\/2024\/03\/09\/vendredi-24-juillet-2\/#breadcrumb"},"inLanguage":"fr-FR","potentialAction":[{"@type":"ReadAction","target":["https:\/\/musiqueenchemin.fr\/index.php\/2024\/03\/09\/vendredi-24-juillet-2\/"]}]},{"@type":"ImageObject","inLanguage":"fr-FR","@id":"https:\/\/musiqueenchemin.fr\/index.php\/2024\/03\/09\/vendredi-24-juillet-2\/#primaryimage","url":"https:\/\/musiqueenchemin.fr\/wp-content\/uploads\/2024\/03\/P1167532-scaled.jpg","contentUrl":"https:\/\/musiqueenchemin.fr\/wp-content\/uploads\/2024\/03\/P1167532-scaled.jpg","width":2560,"height":1707},{"@type":"BreadcrumbList","@id":"https:\/\/musiqueenchemin.fr\/index.php\/2024\/03\/09\/vendredi-24-juillet-2\/#breadcrumb","itemListElement":[{"@type":"ListItem","position":1,"name":"Accueil","item":"https:\/\/musiqueenchemin.fr\/"},{"@type":"ListItem","position":2,"name":"Vendredi 24 juillet"}]},{"@type":"WebSite","@id":"https:\/\/musiqueenchemin.fr\/#website","url":"https:\/\/musiqueenchemin.fr\/","name":"Musique en Chemin","description":"Saison &amp; Festival","publisher":{"@id":"https:\/\/musiqueenchemin.fr\/#organization"},"potentialAction":[{"@type":"SearchAction","target":{"@type":"EntryPoint","urlTemplate":"https:\/\/musiqueenchemin.fr\/?s={search_term_string}"},"query-input":{"@type":"PropertyValueSpecification","valueRequired":true,"valueName":"search_term_string"}}],"inLanguage":"fr-FR"},{"@type":"Organization","@id":"https:\/\/musiqueenchemin.fr\/#organization","name":"Musique en Chemin","url":"https:\/\/musiqueenchemin.fr\/","logo":{"@type":"ImageObject","inLanguage":"fr-FR","@id":"https:\/\/musiqueenchemin.fr\/#\/schema\/logo\/image\/","url":"http:\/\/musiqueenchemin.fr\/wp-content\/uploads\/2024\/03\/huppe-jaune-2024.png","contentUrl":"http:\/\/musiqueenchemin.fr\/wp-content\/uploads\/2024\/03\/huppe-jaune-2024.png","width":560,"height":387,"caption":"Musique en Chemin"},"image":{"@id":"https:\/\/musiqueenchemin.fr\/#\/schema\/logo\/image\/"}},{"@type":"Person","@id":"https:\/\/musiqueenchemin.fr\/#\/schema\/person\/6c4caa9d003e40448be270fea1e3cbff","name":"Musique en Chemin","image":{"@type":"ImageObject","inLanguage":"fr-FR","@id":"https:\/\/musiqueenchemin.fr\/#\/schema\/person\/image\/","url":"https:\/\/secure.gravatar.com\/avatar\/7b1be4a90bcc64c58111b64ffe668b413f96ab86aad982e7fdacac32cefcb4ec?s=96&d=mm&r=g","contentUrl":"https:\/\/secure.gravatar.com\/avatar\/7b1be4a90bcc64c58111b64ffe668b413f96ab86aad982e7fdacac32cefcb4ec?s=96&d=mm&r=g","caption":"Musique en Chemin"},"url":"https:\/\/musiqueenchemin.fr\/index.php\/author\/chem\/"}]}},"_links":{"self":[{"href":"https:\/\/musiqueenchemin.fr\/index.php\/wp-json\/wp\/v2\/posts\/3606","targetHints":{"allow":["GET"]}}],"collection":[{"href":"https:\/\/musiqueenchemin.fr\/index.php\/wp-json\/wp\/v2\/posts"}],"about":[{"href":"https:\/\/musiqueenchemin.fr\/index.php\/wp-json\/wp\/v2\/types\/post"}],"author":[{"embeddable":true,"href":"https:\/\/musiqueenchemin.fr\/index.php\/wp-json\/wp\/v2\/users\/1"}],"replies":[{"embeddable":true,"href":"https:\/\/musiqueenchemin.fr\/index.php\/wp-json\/wp\/v2\/comments?post=3606"}],"version-history":[{"count":41,"href":"https:\/\/musiqueenchemin.fr\/index.php\/wp-json\/wp\/v2\/posts\/3606\/revisions"}],"predecessor-version":[{"id":4542,"href":"https:\/\/musiqueenchemin.fr\/index.php\/wp-json\/wp\/v2\/posts\/3606\/revisions\/4542"}],"wp:attachment":[{"href":"https:\/\/musiqueenchemin.fr\/index.php\/wp-json\/wp\/v2\/media?parent=3606"}],"wp:term":[{"taxonomy":"category","embeddable":true,"href":"https:\/\/musiqueenchemin.fr\/index.php\/wp-json\/wp\/v2\/categories?post=3606"},{"taxonomy":"post_tag","embeddable":true,"href":"https:\/\/musiqueenchemin.fr\/index.php\/wp-json\/wp\/v2\/tags?post=3606"}],"curies":[{"name":"wp","href":"https:\/\/api.w.org\/{rel}","templated":true}]}}