{"id":3607,"date":"2024-03-09T16:40:05","date_gmt":"2024-03-09T15:40:05","guid":{"rendered":"http:\/\/musiqueenchemin.fr\/?p=3607"},"modified":"2026-04-29T16:31:55","modified_gmt":"2026-04-29T15:31:55","slug":"samedi-25-juillet-2026","status":"publish","type":"post","link":"https:\/\/musiqueenchemin.fr\/index.php\/2024\/03\/09\/samedi-25-juillet-2026\/","title":{"rendered":"Samedi 25 juillet"},"content":{"rendered":"\n<hr class=\"wp-block-separator has-alpha-channel-opacity\"\/>\n\n\n\n<h4 class=\"wp-block-heading\" style=\"font-size:30px\">9h30 \u2022 D\u00e9part place du village La Romieu \u2022<strong> Balade<\/strong><\/h4>\n\n\n\n<h1 class=\"wp-block-heading has-text-color has-link-color wp-elements-f8cab7c82236363cc6fda81c26ef4441\" style=\"color:#d03716\"><strong>Balade biodiversit\u00e9<\/strong><\/h1>\n\n\n\n<div class=\"wp-block-columns is-layout-flex wp-container-core-columns-is-layout-9d6595d7 wp-block-columns-is-layout-flex\">\n<div class=\"wp-block-column is-layout-flow wp-block-column-is-layout-flow\" style=\"flex-basis:100%\">\n<div class=\"wp-block-media-text is-stacked-on-mobile\" style=\"grid-template-columns:34% auto\"><figure class=\"wp-block-media-text__media\"><img loading=\"lazy\" decoding=\"async\" width=\"531\" height=\"460\" src=\"http:\/\/musiqueenchemin.fr\/wp-content\/uploads\/2024\/03\/CPIE-1-e1777459469150.png\" alt=\"\" class=\"wp-image-4440 size-full\" srcset=\"https:\/\/musiqueenchemin.fr\/wp-content\/uploads\/2024\/03\/CPIE-1-e1777459469150.png 531w, https:\/\/musiqueenchemin.fr\/wp-content\/uploads\/2024\/03\/CPIE-1-e1777459469150-300x260.png 300w, https:\/\/musiqueenchemin.fr\/wp-content\/uploads\/2024\/03\/CPIE-1-e1777459469150-50x43.png 50w\" sizes=\"auto, (max-width: 531px) 100vw, 531px\" \/><\/figure><div class=\"wp-block-media-text__content\">\n<p class=\"has-medium-font-size\"><strong>CPIE Pays Gersois (Centre Permanent d\u2019Initiatives<br>pour l\u2019Environnement)<\/strong><\/p>\n\n\n\n<p>Il s\u2019agit d\u2019une balade \u00e0 la d\u00e9couverte de la biodiversit\u00e9 gersoise : insectes, plantes, oiseaux et mammif\u00e8res seront mis \u00e0 l\u2019honneur. Entre balade champ\u00eatre et d\u00e9couverte naturaliste, les participants repartiront avec une nouvelle approche de la nature qui les entoure.<\/p>\n<\/div><\/div>\n<\/div>\n<\/div>\n\n\n\n<div class=\"wp-block-buttons is-content-justification-center is-layout-flex wp-container-core-buttons-is-layout-16018d1d wp-block-buttons-is-layout-flex\">\n<div class=\"wp-block-button\"><a class=\"wp-block-button__link has-background wp-element-button\" style=\"background-color:#d03716\">Dur\u00e9e 2h30 \u2022 Acc\u00e8s libre<\/a><\/div>\n<\/div>\n\n\n\n<hr class=\"wp-block-separator has-alpha-channel-opacity\"\/>\n\n\n\n<h4 class=\"wp-block-heading\" style=\"font-size:30px\">15h00 \u2022 Coll\u00e9giale de la Romieu \u2022 <strong>Concert<\/strong><\/h4>\n\n\n\n<h1 class=\"wp-block-heading has-text-color has-link-color wp-elements-ec9d3729aec0a7d2a7eada24ea9c13ff\" style=\"color:#d03716\"><strong>A la d\u00e9couverte de l&#8217;orgue de la Romieu<\/strong><\/h1>\n\n\n\n<h5 class=\"wp-block-heading has-black-color has-text-color has-link-color wp-elements-ec2423029afaf7651a578695b445ee6d\" style=\"font-size:16px\"><strong>Warner Fokkens<\/strong><\/h5>\n\n\n\n<p style=\"font-size:18px\">Warner Fokkens est un pianiste et organiste form\u00e9 au Conservatoire Royal de La Haye. Concertiste, p\u00e9dagogue et chef de ch\u0153ur, il d\u00e9veloppe depuis plus de 30 ans une carri\u00e8re riche entre enseignement, direction musicale et collaborations avec de nombreux ensembles.<\/p>\n\n\n\n<div class=\"wp-block-buttons is-content-justification-center is-layout-flex wp-container-core-buttons-is-layout-16018d1d wp-block-buttons-is-layout-flex\">\n<div class=\"wp-block-button\"><a class=\"wp-block-button__link has-background wp-element-button\" style=\"background-color:#d03716\">Dur\u00e9e 45 mins \u2022 Acc\u00e8s libre<\/a><\/div>\n<\/div>\n\n\n\n<hr class=\"wp-block-separator has-alpha-channel-opacity\"\/>\n\n\n\n<h4 class=\"wp-block-heading\" style=\"font-size:30px\">16h00 \u2022 Espace festival \u2022<strong> Conf\u00e9rence<\/strong><\/h4>\n\n\n\n<h1 class=\"wp-block-heading has-text-color has-link-color wp-elements-28cf7f5c4e85747f5c0f11bf3c8f6fa9\" style=\"color:#d03716\"><strong>La Robustesse du Vivant : de nouveaux rep\u00e8res pour naviguer dans un monde fluctuant ?<\/strong><\/h1>\n\n\n\n<h3 class=\"wp-block-heading has-black-color has-text-color has-link-color wp-elements-00530d084c557b5bcdf4218dd34743d0\" style=\"font-size:16px\"><strong>Areski Prieux &#8211; Anim\u00e9e par Guy Foulquier de l\u2019association Lectoure \u00e0 voix Haute<\/strong><\/h3>\n\n\n\n<div class=\"wp-block-media-text is-stacked-on-mobile\" style=\"grid-template-columns:38% auto\"><figure class=\"wp-block-media-text__media\"><img loading=\"lazy\" decoding=\"async\" width=\"2560\" height=\"1714\" src=\"https:\/\/musiqueenchemin.fr\/wp-content\/uploads\/2024\/03\/Photo-Areski-Prieux-scaled.jpg\" alt=\"\" class=\"wp-image-4442 size-full\" srcset=\"https:\/\/musiqueenchemin.fr\/wp-content\/uploads\/2024\/03\/Photo-Areski-Prieux-scaled.jpg 2560w, https:\/\/musiqueenchemin.fr\/wp-content\/uploads\/2024\/03\/Photo-Areski-Prieux-300x201.jpg 300w, https:\/\/musiqueenchemin.fr\/wp-content\/uploads\/2024\/03\/Photo-Areski-Prieux-1024x685.jpg 1024w, https:\/\/musiqueenchemin.fr\/wp-content\/uploads\/2024\/03\/Photo-Areski-Prieux-768x514.jpg 768w, https:\/\/musiqueenchemin.fr\/wp-content\/uploads\/2024\/03\/Photo-Areski-Prieux-1536x1028.jpg 1536w, https:\/\/musiqueenchemin.fr\/wp-content\/uploads\/2024\/03\/Photo-Areski-Prieux-2048x1371.jpg 2048w, https:\/\/musiqueenchemin.fr\/wp-content\/uploads\/2024\/03\/Photo-Areski-Prieux-50x33.jpg 50w, https:\/\/musiqueenchemin.fr\/wp-content\/uploads\/2024\/03\/Photo-Areski-Prieux-820x549.jpg 820w\" sizes=\"auto, (max-width: 2560px) 100vw, 2560px\" \/><\/figure><div class=\"wp-block-media-text__content\">\n<p style=\"font-size:18px\">Le vivant a d\u00e9velopp\u00e9 depuis des mill\u00e9naires une capacit\u00e9 d\u2019adaptation face aux multiples et nombreuses fluctuations auxquelles il a eu \u00e0 faire face. Quelles sont les strat\u00e9gies qu\u2019il a d\u00e9velopp\u00e9es afin de favoriser sa robustesse ? Ces strat\u00e9gies pourraient-elles constituer des sources d\u2019inspiration pour une esp\u00e8ce humaine qui peine \u00e0 se d\u00e9partir du culte de la performance ?<\/p>\n<\/div><\/div>\n\n\n\n<div class=\"wp-block-buttons is-content-justification-center is-layout-flex wp-container-core-buttons-is-layout-16018d1d wp-block-buttons-is-layout-flex\">\n<div class=\"wp-block-button\"><a class=\"wp-block-button__link has-background wp-element-button\" style=\"background-color:#d03716\">Dur\u00e9e 1h30 \u2022 Acc\u00e8s libre<\/a><\/div>\n<\/div>\n\n\n\n<hr class=\"wp-block-separator has-alpha-channel-opacity\"\/>\n\n\n\n<h4 class=\"wp-block-heading\" style=\"font-size:30px\">17h45 \u2022 Espace festival \u2022 <strong>Mise en Oreille<\/strong><\/h4>\n\n\n\n<h1 class=\"wp-block-heading has-text-color has-link-color wp-elements-42f1eee0121da4d834f8bc7add0f48e0\" style=\"color:#d03716\"><strong>Constance Luzzatti<\/strong><\/h1>\n\n\n\n<h3 class=\"wp-block-heading has-black-color has-text-color has-link-color wp-elements-b85cfa6d05c6ba6c9f78b8d6149e1397\" style=\"font-size:16px\"><strong>Musicologue &amp; musicienne<\/strong><\/h3>\n\n\n\n<div class=\"wp-block-media-text is-stacked-on-mobile\" style=\"grid-template-columns:31% auto\"><figure class=\"wp-block-media-text__media\"><img loading=\"lazy\" decoding=\"async\" width=\"1024\" height=\"683\" src=\"http:\/\/musiqueenchemin.fr\/wp-content\/uploads\/2024\/03\/Constance-Luzzati-@Orane-Benoit-1024x683.jpg\" alt=\"\" class=\"wp-image-4006 size-full\" srcset=\"https:\/\/musiqueenchemin.fr\/wp-content\/uploads\/2024\/03\/Constance-Luzzati-@Orane-Benoit-1024x683.jpg 1024w, https:\/\/musiqueenchemin.fr\/wp-content\/uploads\/2024\/03\/Constance-Luzzati-@Orane-Benoit-300x200.jpg 300w, https:\/\/musiqueenchemin.fr\/wp-content\/uploads\/2024\/03\/Constance-Luzzati-@Orane-Benoit-768x512.jpg 768w, https:\/\/musiqueenchemin.fr\/wp-content\/uploads\/2024\/03\/Constance-Luzzati-@Orane-Benoit-1536x1024.jpg 1536w, https:\/\/musiqueenchemin.fr\/wp-content\/uploads\/2024\/03\/Constance-Luzzati-@Orane-Benoit-2048x1365.jpg 2048w, https:\/\/musiqueenchemin.fr\/wp-content\/uploads\/2024\/03\/Constance-Luzzati-@Orane-Benoit-50x33.jpg 50w, https:\/\/musiqueenchemin.fr\/wp-content\/uploads\/2024\/03\/Constance-Luzzati-@Orane-Benoit-600x400.jpg 600w, https:\/\/musiqueenchemin.fr\/wp-content\/uploads\/2024\/03\/Constance-Luzzati-@Orane-Benoit-820x547.jpg 820w\" sizes=\"auto, (max-width: 1024px) 100vw, 1024px\" \/><\/figure><div class=\"wp-block-media-text__content\">\n<p style=\"font-size:18px\">Un moment convivial avec Constance pour mieux d\u00e9couvrir le concert \u00e0 venir, et glaner quelques \u00ab cl\u00e9s d\u2019\u00e9coute \u00bb. <\/p>\n\n\n\n<p style=\"font-size:18px\">Les artistes seront pr\u00e9sents, venez avec vos questions !<\/p>\n<\/div><\/div>\n\n\n\n<div class=\"wp-block-buttons is-content-justification-center is-layout-flex wp-container-core-buttons-is-layout-16018d1d wp-block-buttons-is-layout-flex\">\n<div class=\"wp-block-button\"><a class=\"wp-block-button__link has-background wp-element-button\" style=\"background-color:#d03716\">Dur\u00e9e 40 mins \u2022 Acc\u00e8s libre<\/a><\/div>\n<\/div>\n\n\n\n<hr class=\"wp-block-separator has-alpha-channel-opacity\"\/>\n\n\n\n<h4 class=\"wp-block-heading\" style=\"font-size:30px\">19h00 \u2022 Coll\u00e9giale \u2022 <strong>Concert<\/strong><\/h4>\n\n\n\n<h1 class=\"wp-block-heading has-text-color has-link-color wp-elements-fd4ab610c59643fa9be885475697cc7a\" style=\"color:#d03716\"><strong>Saxback<\/strong><\/h1>\n\n\n\n<h3 class=\"wp-block-heading has-black-color has-text-color has-link-color wp-elements-dc5781906b58b03523a9daaa2dc7200b\" style=\"font-size:16px\"><strong>Sextuor de saxophones, saxhorn et clarinettes<br>Lumi\u00e8re Noire &#8211; American Tales<br><\/strong><\/h3>\n\n\n\n<div class=\"wp-block-media-text is-stacked-on-mobile is-image-fill-element\" style=\"grid-template-columns:44% auto\"><figure class=\"wp-block-media-text__media\"><img loading=\"lazy\" decoding=\"async\" width=\"8007\" height=\"5322\" src=\"https:\/\/musiqueenchemin.fr\/wp-content\/uploads\/2024\/03\/Mai-Toyama-1-2.jpg\" alt=\"\" class=\"wp-image-4448 size-full\" style=\"object-position:38% 48%\" srcset=\"https:\/\/musiqueenchemin.fr\/wp-content\/uploads\/2024\/03\/Mai-Toyama-1-2.jpg 8007w, https:\/\/musiqueenchemin.fr\/wp-content\/uploads\/2024\/03\/Mai-Toyama-1-2-300x199.jpg 300w, https:\/\/musiqueenchemin.fr\/wp-content\/uploads\/2024\/03\/Mai-Toyama-1-2-1024x681.jpg 1024w, https:\/\/musiqueenchemin.fr\/wp-content\/uploads\/2024\/03\/Mai-Toyama-1-2-768x510.jpg 768w\" sizes=\"auto, (max-width: 8007px) 100vw, 8007px\" \/><\/figure><div class=\"wp-block-media-text__content\">\n<p style=\"font-size:18px\">L\u2019ensemble SaxBack vous propose un concert en deux parties, ax\u00e9 autour de deux composantes ch\u00e8res \u00e0 son identit\u00e9 : <\/p>\n\n\n\n<p style=\"font-size:18px\">\u00ab Lumi\u00e8re noire et American tales \u00bb<\/p>\n\n\n\n<p style=\"font-size:18px\"><br>La premi\u00e8re partie \u00ab Lumi\u00e8re noire \u00bb, programme classique de l\u2019ensemble, refl\u00e8te, par un encha\u00eenement d\u2019\u0153uvres choisies dans diff\u00e9rentes \u00e9poques, la dualit\u00e9 dans son ensemble. <\/p>\n<\/div><\/div>\n\n\n\n<p><\/p>\n\n\n\n<p style=\"font-size:18px\">Entre ombre et clart\u00e9, espoir et d\u00e9sespoir, \u00e9quilibre et fragilit\u00e9, les compositeurs \u00e9voquent, chacun \u00e0 leur mani\u00e8re, ces luttes infinies. En second plan, la th\u00e9matique se d\u00e9cline en nuances plus douces et se concentre sur les projections lumineuses que les \u0153uvres se renvoient entre elles. L\u2019empreinte de chacune d\u2019elle laisse en suspens ondes lumineuses et sonores.<br>La deuxi\u00e8me partie \u00ab American Tales \u00bb est form\u00e9e de deux suites de musique am\u00e9ricaine tr\u00e8s c\u00e9l\u00e8bres ; West Side Story de L.Bernstein et Porgy and Bess de G.Gershwin. Elles ont la particularit\u00e9 de m\u00ealer musique de tradition classique europ\u00e9enne, Jazz et musique populaire.<\/p>\n\n\n\n<div class=\"wp-block-buttons is-content-justification-center is-layout-flex wp-container-core-buttons-is-layout-16018d1d wp-block-buttons-is-layout-flex\">\n<div class=\"wp-block-button\"><a class=\"wp-block-button__link has-background wp-element-button\" href=\"https:\/\/billetterie.festik.net\/musiqueenchemin\/product\/saxback\" style=\"background-color:#d03716\" target=\"_blank\" rel=\"noreferrer noopener\"><strong>Dur\u00e9e 1h15 &#8211; R\u00e9servez vos places ici !<\/strong><\/a><\/div>\n<\/div>\n\n\n\n<hr class=\"wp-block-separator has-alpha-channel-opacity\"\/>\n\n\n\n<h4 class=\"wp-block-heading\" style=\"font-size:30px\">20h30 \u2022 Espace festival \u2022<strong> Ap\u00e9ritif et restauration<\/strong><\/h4>\n\n\n\n<hr class=\"wp-block-separator has-alpha-channel-opacity\"\/>\n\n\n\n<h4 class=\"wp-block-heading\" style=\"font-size:30px\">21h00 \u2022 Espace festival \u2022 <strong>Restitution<\/strong><\/h4>\n\n\n\n<h1 class=\"wp-block-heading has-text-color has-link-color wp-elements-b6fd2d25b02c94c28611b5d9ccba1dd8\" style=\"color:#d03716\"><strong>Atelier choral dirig\u00e9 par Nadia Lavoyer<\/strong><\/h1>\n\n\n\n<div class=\"wp-block-media-text is-stacked-on-mobile\" style=\"grid-template-columns:31% auto\"><figure class=\"wp-block-media-text__media\"><img loading=\"lazy\" decoding=\"async\" width=\"970\" height=\"726\" src=\"http:\/\/musiqueenchemin.fr\/wp-content\/uploads\/2024\/03\/Capture-decran-2026-04-29-a-12.35.33.png\" alt=\"\" class=\"wp-image-4589 size-full\" srcset=\"https:\/\/musiqueenchemin.fr\/wp-content\/uploads\/2024\/03\/Capture-decran-2026-04-29-a-12.35.33.png 970w, https:\/\/musiqueenchemin.fr\/wp-content\/uploads\/2024\/03\/Capture-decran-2026-04-29-a-12.35.33-300x225.png 300w, https:\/\/musiqueenchemin.fr\/wp-content\/uploads\/2024\/03\/Capture-decran-2026-04-29-a-12.35.33-768x575.png 768w, https:\/\/musiqueenchemin.fr\/wp-content\/uploads\/2024\/03\/Capture-decran-2026-04-29-a-12.35.33-50x37.png 50w, https:\/\/musiqueenchemin.fr\/wp-content\/uploads\/2024\/03\/Capture-decran-2026-04-29-a-12.35.33-820x614.png 820w\" sizes=\"auto, (max-width: 970px) 100vw, 970px\" \/><\/figure><div class=\"wp-block-media-text__content\">\n<p style=\"font-size:18px\">Tout en d\u00e9gustant votre ap\u00e9ritif ou votre plat, et avant d\u2019aller danser au son de DJ Funkoff,<br>venez pr\u00eater l\u2019oreille quelques minutes \u00e0 l\u2019espace festival, les enfants de l\u2019atelier choral se sont exerc\u00e9s tous les mois depuis septembre et sont ravis de vous pr\u00e9senter le fruit de leur travail !<br><br><\/p>\n<\/div><\/div>\n\n\n\n<div class=\"wp-block-buttons is-content-justification-center is-layout-flex wp-container-core-buttons-is-layout-16018d1d wp-block-buttons-is-layout-flex\">\n<div class=\"wp-block-button\"><a class=\"wp-block-button__link has-background wp-element-button\" style=\"background-color:#d03716\">Dur\u00e9e 20 mins \u2022 Acc\u00e8s libre<\/a><\/div>\n<\/div>\n\n\n\n<hr class=\"wp-block-separator has-alpha-channel-opacity\"\/>\n\n\n\n<h4 class=\"wp-block-heading\" style=\"font-size:30px\">22h00 \u2022 Espace festival \u2022 <strong>Soir\u00e9e dansante<\/strong><\/h4>\n\n\n\n<h1 class=\"wp-block-heading has-text-color has-link-color wp-elements-eeb003dc8129fba0a3728b4cc0f5f91e\" style=\"color:#d03716\"><strong>DJ Funkoff<\/strong><\/h1>\n\n\n\n<div class=\"wp-block-media-text is-stacked-on-mobile\" style=\"grid-template-columns:27% auto\"><figure class=\"wp-block-media-text__media\"><img loading=\"lazy\" decoding=\"async\" width=\"786\" height=\"1024\" src=\"http:\/\/musiqueenchemin.fr\/wp-content\/uploads\/2024\/03\/Photo-DJ-FUNKOFF-1-e1777471186802-786x1024.jpg\" alt=\"\" class=\"wp-image-4591 size-full\" srcset=\"https:\/\/musiqueenchemin.fr\/wp-content\/uploads\/2024\/03\/Photo-DJ-FUNKOFF-1-e1777471186802-786x1024.jpg 786w, https:\/\/musiqueenchemin.fr\/wp-content\/uploads\/2024\/03\/Photo-DJ-FUNKOFF-1-e1777471186802-230x300.jpg 230w, https:\/\/musiqueenchemin.fr\/wp-content\/uploads\/2024\/03\/Photo-DJ-FUNKOFF-1-e1777471186802-768x1001.jpg 768w, https:\/\/musiqueenchemin.fr\/wp-content\/uploads\/2024\/03\/Photo-DJ-FUNKOFF-1-e1777471186802-1179x1536.jpg 1179w, https:\/\/musiqueenchemin.fr\/wp-content\/uploads\/2024\/03\/Photo-DJ-FUNKOFF-1-e1777471186802-38x50.jpg 38w, https:\/\/musiqueenchemin.fr\/wp-content\/uploads\/2024\/03\/Photo-DJ-FUNKOFF-1-e1777471186802-820x1068.jpg 820w, https:\/\/musiqueenchemin.fr\/wp-content\/uploads\/2024\/03\/Photo-DJ-FUNKOFF-1-e1777471186802.jpg 1330w\" sizes=\"auto, (max-width: 786px) 100vw, 786px\" \/><\/figure><div class=\"wp-block-media-text__content\">\n<p style=\"font-size:18px\">De la joie, de la joie, de la joie. De l\u2019electro-joie des Balkans, de l\u2019electro-joie du Br\u00e9sil, du hip-hop qui rend la joie joyeuse. Le reggae ? C\u2019est la joie. La world-music ? C\u2019est la joie. L\u2019\u00e9lectro tout court ? Et puis le rock ? Et puis, le dubstep, ben c\u2019est la joie aussi ! <\/p>\n\n\n\n<p style=\"font-size:18px\">La musique classique c\u2019est la joie, et pis y a l\u2019afro-cubain aussi, la cumbia, la batucada\u2026 <\/p>\n\n\n\n<p style=\"font-size:18px\">DJ Funkoff saura vous faire danser dans une joyeuse joie !<\/p>\n<\/div><\/div>\n\n\n\n<div class=\"wp-block-buttons is-content-justification-center is-layout-flex wp-container-core-buttons-is-layout-16018d1d wp-block-buttons-is-layout-flex\">\n<div class=\"wp-block-button\"><a class=\"wp-block-button__link has-background wp-element-button\" style=\"background-color:#d03716\">Dur\u00e9e 2h30 \u2022 Acc\u00e8s libre<\/a><\/div>\n<\/div>\n","protected":false},"excerpt":{"rendered":"<p>9h30 \u2022 D\u00e9part place du village La Romieu \u2022 Balade Balade biodiversit\u00e9 CPIE Pays Gersois (Centre Permanent d\u2019Initiativespour l\u2019Environnement) Il s\u2019agit d\u2019une balade \u00e0 la d\u00e9couverte de la biodiversit\u00e9 gersoise : insectes, plantes, oiseaux et mammif\u00e8res seront mis \u00e0 l\u2019honneur. [&hellip;]<\/p>\n","protected":false},"author":1,"featured_media":0,"comment_status":"closed","ping_status":"closed","sticky":false,"template":"","format":"standard","meta":{"cwp_meta_box_check":"No","cwp_rev_product_name":"","cwp_rev_product_image":"","wppr_links":[],"cwp_rev_price":"","wppr_options":[],"wppr_pros":[],"wppr_cons":[],"footnotes":""},"categories":[1],"tags":[],"class_list":["post-3607","post","type-post","status-publish","format-standard","hentry","category-non-classe"],"wppr_data":{"cwp_meta_box_check":"No"},"yoast_head":"<!-- This site is optimized with the Yoast SEO plugin v25.0 - https:\/\/yoast.com\/wordpress\/plugins\/seo\/ -->\n<title>Samedi 25 juillet -<\/title>\n<meta name=\"robots\" content=\"index, follow, max-snippet:-1, max-image-preview:large, max-video-preview:-1\" \/>\n<link rel=\"canonical\" href=\"https:\/\/musiqueenchemin.fr\/index.php\/2024\/03\/09\/samedi-25-juillet-2026\/\" \/>\n<meta property=\"og:locale\" content=\"fr_FR\" \/>\n<meta property=\"og:type\" content=\"article\" \/>\n<meta property=\"og:title\" content=\"Samedi 25 juillet -\" \/>\n<meta property=\"og:description\" content=\"9h30 \u2022 D\u00e9part place du village La Romieu \u2022 Balade Balade biodiversit\u00e9 CPIE Pays Gersois (Centre Permanent d\u2019Initiativespour l\u2019Environnement) Il s\u2019agit d\u2019une balade \u00e0 la d\u00e9couverte de la biodiversit\u00e9 gersoise : insectes, plantes, oiseaux et mammif\u00e8res seront mis \u00e0 l\u2019honneur. [&hellip;]\" \/>\n<meta property=\"og:url\" content=\"https:\/\/musiqueenchemin.fr\/index.php\/2024\/03\/09\/samedi-25-juillet-2026\/\" \/>\n<meta property=\"article:published_time\" content=\"2024-03-09T15:40:05+00:00\" \/>\n<meta property=\"article:modified_time\" content=\"2026-04-29T15:31:55+00:00\" \/>\n<meta property=\"og:image\" content=\"https:\/\/musiqueenchemin.fr\/wp-content\/uploads\/2024\/03\/CPIE-1-e1777459469150.png\" \/>\n\t<meta property=\"og:image:width\" content=\"531\" \/>\n\t<meta property=\"og:image:height\" content=\"460\" \/>\n\t<meta property=\"og:image:type\" content=\"image\/png\" \/>\n<meta name=\"author\" content=\"Musique en Chemin\" \/>\n<meta name=\"twitter:card\" content=\"summary_large_image\" \/>\n<meta name=\"twitter:label1\" content=\"\u00c9crit par\" \/>\n\t<meta name=\"twitter:data1\" content=\"Musique en Chemin\" \/>\n\t<meta name=\"twitter:label2\" content=\"Dur\u00e9e de lecture estim\u00e9e\" \/>\n\t<meta name=\"twitter:data2\" content=\"5 minutes\" \/>\n<script type=\"application\/ld+json\" class=\"yoast-schema-graph\">{\"@context\":\"https:\/\/schema.org\",\"@graph\":[{\"@type\":\"Article\",\"@id\":\"https:\/\/musiqueenchemin.fr\/index.php\/2024\/03\/09\/samedi-25-juillet-2026\/#article\",\"isPartOf\":{\"@id\":\"https:\/\/musiqueenchemin.fr\/index.php\/2024\/03\/09\/samedi-25-juillet-2026\/\"},\"author\":{\"name\":\"Musique en Chemin\",\"@id\":\"https:\/\/musiqueenchemin.fr\/#\/schema\/person\/6c4caa9d003e40448be270fea1e3cbff\"},\"headline\":\"Samedi 25 juillet\",\"datePublished\":\"2024-03-09T15:40:05+00:00\",\"dateModified\":\"2026-04-29T15:31:55+00:00\",\"mainEntityOfPage\":{\"@id\":\"https:\/\/musiqueenchemin.fr\/index.php\/2024\/03\/09\/samedi-25-juillet-2026\/\"},\"wordCount\":659,\"publisher\":{\"@id\":\"https:\/\/musiqueenchemin.fr\/#organization\"},\"image\":{\"@id\":\"https:\/\/musiqueenchemin.fr\/index.php\/2024\/03\/09\/samedi-25-juillet-2026\/#primaryimage\"},\"thumbnailUrl\":\"http:\/\/musiqueenchemin.fr\/wp-content\/uploads\/2024\/03\/CPIE-1-e1777459469150.png\",\"inLanguage\":\"fr-FR\"},{\"@type\":\"WebPage\",\"@id\":\"https:\/\/musiqueenchemin.fr\/index.php\/2024\/03\/09\/samedi-25-juillet-2026\/\",\"url\":\"https:\/\/musiqueenchemin.fr\/index.php\/2024\/03\/09\/samedi-25-juillet-2026\/\",\"name\":\"Samedi 25 juillet -\",\"isPartOf\":{\"@id\":\"https:\/\/musiqueenchemin.fr\/#website\"},\"primaryImageOfPage\":{\"@id\":\"https:\/\/musiqueenchemin.fr\/index.php\/2024\/03\/09\/samedi-25-juillet-2026\/#primaryimage\"},\"image\":{\"@id\":\"https:\/\/musiqueenchemin.fr\/index.php\/2024\/03\/09\/samedi-25-juillet-2026\/#primaryimage\"},\"thumbnailUrl\":\"http:\/\/musiqueenchemin.fr\/wp-content\/uploads\/2024\/03\/CPIE-1-e1777459469150.png\",\"datePublished\":\"2024-03-09T15:40:05+00:00\",\"dateModified\":\"2026-04-29T15:31:55+00:00\",\"breadcrumb\":{\"@id\":\"https:\/\/musiqueenchemin.fr\/index.php\/2024\/03\/09\/samedi-25-juillet-2026\/#breadcrumb\"},\"inLanguage\":\"fr-FR\",\"potentialAction\":[{\"@type\":\"ReadAction\",\"target\":[\"https:\/\/musiqueenchemin.fr\/index.php\/2024\/03\/09\/samedi-25-juillet-2026\/\"]}]},{\"@type\":\"ImageObject\",\"inLanguage\":\"fr-FR\",\"@id\":\"https:\/\/musiqueenchemin.fr\/index.php\/2024\/03\/09\/samedi-25-juillet-2026\/#primaryimage\",\"url\":\"https:\/\/musiqueenchemin.fr\/wp-content\/uploads\/2024\/03\/CPIE-1-e1777459469150.png\",\"contentUrl\":\"https:\/\/musiqueenchemin.fr\/wp-content\/uploads\/2024\/03\/CPIE-1-e1777459469150.png\",\"width\":531,\"height\":460},{\"@type\":\"BreadcrumbList\",\"@id\":\"https:\/\/musiqueenchemin.fr\/index.php\/2024\/03\/09\/samedi-25-juillet-2026\/#breadcrumb\",\"itemListElement\":[{\"@type\":\"ListItem\",\"position\":1,\"name\":\"Accueil\",\"item\":\"https:\/\/musiqueenchemin.fr\/\"},{\"@type\":\"ListItem\",\"position\":2,\"name\":\"Samedi 25 juillet\"}]},{\"@type\":\"WebSite\",\"@id\":\"https:\/\/musiqueenchemin.fr\/#website\",\"url\":\"https:\/\/musiqueenchemin.fr\/\",\"name\":\"Musique en Chemin\",\"description\":\"\",\"publisher\":{\"@id\":\"https:\/\/musiqueenchemin.fr\/#organization\"},\"potentialAction\":[{\"@type\":\"SearchAction\",\"target\":{\"@type\":\"EntryPoint\",\"urlTemplate\":\"https:\/\/musiqueenchemin.fr\/?s={search_term_string}\"},\"query-input\":{\"@type\":\"PropertyValueSpecification\",\"valueRequired\":true,\"valueName\":\"search_term_string\"}}],\"inLanguage\":\"fr-FR\"},{\"@type\":\"Organization\",\"@id\":\"https:\/\/musiqueenchemin.fr\/#organization\",\"name\":\"Musique en Chemin\",\"url\":\"https:\/\/musiqueenchemin.fr\/\",\"logo\":{\"@type\":\"ImageObject\",\"inLanguage\":\"fr-FR\",\"@id\":\"https:\/\/musiqueenchemin.fr\/#\/schema\/logo\/image\/\",\"url\":\"http:\/\/musiqueenchemin.fr\/wp-content\/uploads\/2024\/03\/huppe-jaune-2024.png\",\"contentUrl\":\"http:\/\/musiqueenchemin.fr\/wp-content\/uploads\/2024\/03\/huppe-jaune-2024.png\",\"width\":560,\"height\":387,\"caption\":\"Musique en Chemin\"},\"image\":{\"@id\":\"https:\/\/musiqueenchemin.fr\/#\/schema\/logo\/image\/\"}},{\"@type\":\"Person\",\"@id\":\"https:\/\/musiqueenchemin.fr\/#\/schema\/person\/6c4caa9d003e40448be270fea1e3cbff\",\"name\":\"Musique en Chemin\",\"image\":{\"@type\":\"ImageObject\",\"inLanguage\":\"fr-FR\",\"@id\":\"https:\/\/musiqueenchemin.fr\/#\/schema\/person\/image\/\",\"url\":\"https:\/\/secure.gravatar.com\/avatar\/7b1be4a90bcc64c58111b64ffe668b413f96ab86aad982e7fdacac32cefcb4ec?s=96&d=mm&r=g\",\"contentUrl\":\"https:\/\/secure.gravatar.com\/avatar\/7b1be4a90bcc64c58111b64ffe668b413f96ab86aad982e7fdacac32cefcb4ec?s=96&d=mm&r=g\",\"caption\":\"Musique en Chemin\"},\"url\":\"https:\/\/musiqueenchemin.fr\/index.php\/author\/chem\/\"}]}<\/script>\n<!-- \/ Yoast SEO plugin. -->","yoast_head_json":{"title":"Samedi 25 juillet -","robots":{"index":"index","follow":"follow","max-snippet":"max-snippet:-1","max-image-preview":"max-image-preview:large","max-video-preview":"max-video-preview:-1"},"canonical":"https:\/\/musiqueenchemin.fr\/index.php\/2024\/03\/09\/samedi-25-juillet-2026\/","og_locale":"fr_FR","og_type":"article","og_title":"Samedi 25 juillet -","og_description":"9h30 \u2022 D\u00e9part place du village La Romieu \u2022 Balade Balade biodiversit\u00e9 CPIE Pays Gersois (Centre Permanent d\u2019Initiativespour l\u2019Environnement) Il s\u2019agit d\u2019une balade \u00e0 la d\u00e9couverte de la biodiversit\u00e9 gersoise : insectes, plantes, oiseaux et mammif\u00e8res seront mis \u00e0 l\u2019honneur. [&hellip;]","og_url":"https:\/\/musiqueenchemin.fr\/index.php\/2024\/03\/09\/samedi-25-juillet-2026\/","article_published_time":"2024-03-09T15:40:05+00:00","article_modified_time":"2026-04-29T15:31:55+00:00","og_image":[{"width":531,"height":460,"url":"https:\/\/musiqueenchemin.fr\/wp-content\/uploads\/2024\/03\/CPIE-1-e1777459469150.png","type":"image\/png"}],"author":"Musique en Chemin","twitter_card":"summary_large_image","twitter_misc":{"\u00c9crit par":"Musique en Chemin","Dur\u00e9e de lecture estim\u00e9e":"5 minutes"},"schema":{"@context":"https:\/\/schema.org","@graph":[{"@type":"Article","@id":"https:\/\/musiqueenchemin.fr\/index.php\/2024\/03\/09\/samedi-25-juillet-2026\/#article","isPartOf":{"@id":"https:\/\/musiqueenchemin.fr\/index.php\/2024\/03\/09\/samedi-25-juillet-2026\/"},"author":{"name":"Musique en Chemin","@id":"https:\/\/musiqueenchemin.fr\/#\/schema\/person\/6c4caa9d003e40448be270fea1e3cbff"},"headline":"Samedi 25 juillet","datePublished":"2024-03-09T15:40:05+00:00","dateModified":"2026-04-29T15:31:55+00:00","mainEntityOfPage":{"@id":"https:\/\/musiqueenchemin.fr\/index.php\/2024\/03\/09\/samedi-25-juillet-2026\/"},"wordCount":659,"publisher":{"@id":"https:\/\/musiqueenchemin.fr\/#organization"},"image":{"@id":"https:\/\/musiqueenchemin.fr\/index.php\/2024\/03\/09\/samedi-25-juillet-2026\/#primaryimage"},"thumbnailUrl":"http:\/\/musiqueenchemin.fr\/wp-content\/uploads\/2024\/03\/CPIE-1-e1777459469150.png","inLanguage":"fr-FR"},{"@type":"WebPage","@id":"https:\/\/musiqueenchemin.fr\/index.php\/2024\/03\/09\/samedi-25-juillet-2026\/","url":"https:\/\/musiqueenchemin.fr\/index.php\/2024\/03\/09\/samedi-25-juillet-2026\/","name":"Samedi 25 juillet -","isPartOf":{"@id":"https:\/\/musiqueenchemin.fr\/#website"},"primaryImageOfPage":{"@id":"https:\/\/musiqueenchemin.fr\/index.php\/2024\/03\/09\/samedi-25-juillet-2026\/#primaryimage"},"image":{"@id":"https:\/\/musiqueenchemin.fr\/index.php\/2024\/03\/09\/samedi-25-juillet-2026\/#primaryimage"},"thumbnailUrl":"http:\/\/musiqueenchemin.fr\/wp-content\/uploads\/2024\/03\/CPIE-1-e1777459469150.png","datePublished":"2024-03-09T15:40:05+00:00","dateModified":"2026-04-29T15:31:55+00:00","breadcrumb":{"@id":"https:\/\/musiqueenchemin.fr\/index.php\/2024\/03\/09\/samedi-25-juillet-2026\/#breadcrumb"},"inLanguage":"fr-FR","potentialAction":[{"@type":"ReadAction","target":["https:\/\/musiqueenchemin.fr\/index.php\/2024\/03\/09\/samedi-25-juillet-2026\/"]}]},{"@type":"ImageObject","inLanguage":"fr-FR","@id":"https:\/\/musiqueenchemin.fr\/index.php\/2024\/03\/09\/samedi-25-juillet-2026\/#primaryimage","url":"https:\/\/musiqueenchemin.fr\/wp-content\/uploads\/2024\/03\/CPIE-1-e1777459469150.png","contentUrl":"https:\/\/musiqueenchemin.fr\/wp-content\/uploads\/2024\/03\/CPIE-1-e1777459469150.png","width":531,"height":460},{"@type":"BreadcrumbList","@id":"https:\/\/musiqueenchemin.fr\/index.php\/2024\/03\/09\/samedi-25-juillet-2026\/#breadcrumb","itemListElement":[{"@type":"ListItem","position":1,"name":"Accueil","item":"https:\/\/musiqueenchemin.fr\/"},{"@type":"ListItem","position":2,"name":"Samedi 25 juillet"}]},{"@type":"WebSite","@id":"https:\/\/musiqueenchemin.fr\/#website","url":"https:\/\/musiqueenchemin.fr\/","name":"Musique en Chemin","description":"","publisher":{"@id":"https:\/\/musiqueenchemin.fr\/#organization"},"potentialAction":[{"@type":"SearchAction","target":{"@type":"EntryPoint","urlTemplate":"https:\/\/musiqueenchemin.fr\/?s={search_term_string}"},"query-input":{"@type":"PropertyValueSpecification","valueRequired":true,"valueName":"search_term_string"}}],"inLanguage":"fr-FR"},{"@type":"Organization","@id":"https:\/\/musiqueenchemin.fr\/#organization","name":"Musique en Chemin","url":"https:\/\/musiqueenchemin.fr\/","logo":{"@type":"ImageObject","inLanguage":"fr-FR","@id":"https:\/\/musiqueenchemin.fr\/#\/schema\/logo\/image\/","url":"http:\/\/musiqueenchemin.fr\/wp-content\/uploads\/2024\/03\/huppe-jaune-2024.png","contentUrl":"http:\/\/musiqueenchemin.fr\/wp-content\/uploads\/2024\/03\/huppe-jaune-2024.png","width":560,"height":387,"caption":"Musique en Chemin"},"image":{"@id":"https:\/\/musiqueenchemin.fr\/#\/schema\/logo\/image\/"}},{"@type":"Person","@id":"https:\/\/musiqueenchemin.fr\/#\/schema\/person\/6c4caa9d003e40448be270fea1e3cbff","name":"Musique en Chemin","image":{"@type":"ImageObject","inLanguage":"fr-FR","@id":"https:\/\/musiqueenchemin.fr\/#\/schema\/person\/image\/","url":"https:\/\/secure.gravatar.com\/avatar\/7b1be4a90bcc64c58111b64ffe668b413f96ab86aad982e7fdacac32cefcb4ec?s=96&d=mm&r=g","contentUrl":"https:\/\/secure.gravatar.com\/avatar\/7b1be4a90bcc64c58111b64ffe668b413f96ab86aad982e7fdacac32cefcb4ec?s=96&d=mm&r=g","caption":"Musique en Chemin"},"url":"https:\/\/musiqueenchemin.fr\/index.php\/author\/chem\/"}]}},"_links":{"self":[{"href":"https:\/\/musiqueenchemin.fr\/index.php\/wp-json\/wp\/v2\/posts\/3607","targetHints":{"allow":["GET"]}}],"collection":[{"href":"https:\/\/musiqueenchemin.fr\/index.php\/wp-json\/wp\/v2\/posts"}],"about":[{"href":"https:\/\/musiqueenchemin.fr\/index.php\/wp-json\/wp\/v2\/types\/post"}],"author":[{"embeddable":true,"href":"https:\/\/musiqueenchemin.fr\/index.php\/wp-json\/wp\/v2\/users\/1"}],"replies":[{"embeddable":true,"href":"https:\/\/musiqueenchemin.fr\/index.php\/wp-json\/wp\/v2\/comments?post=3607"}],"version-history":[{"count":109,"href":"https:\/\/musiqueenchemin.fr\/index.php\/wp-json\/wp\/v2\/posts\/3607\/revisions"}],"predecessor-version":[{"id":4847,"href":"https:\/\/musiqueenchemin.fr\/index.php\/wp-json\/wp\/v2\/posts\/3607\/revisions\/4847"}],"wp:attachment":[{"href":"https:\/\/musiqueenchemin.fr\/index.php\/wp-json\/wp\/v2\/media?parent=3607"}],"wp:term":[{"taxonomy":"category","embeddable":true,"href":"https:\/\/musiqueenchemin.fr\/index.php\/wp-json\/wp\/v2\/categories?post=3607"},{"taxonomy":"post_tag","embeddable":true,"href":"https:\/\/musiqueenchemin.fr\/index.php\/wp-json\/wp\/v2\/tags?post=3607"}],"curies":[{"name":"wp","href":"https:\/\/api.w.org\/{rel}","templated":true}]}}