{"id":3609,"date":"2024-03-09T16:36:02","date_gmt":"2024-03-09T15:36:02","guid":{"rendered":"http:\/\/musiqueenchemin.fr\/?p=3609"},"modified":"2026-04-29T16:59:47","modified_gmt":"2026-04-29T15:59:47","slug":"samedi-8-aout","status":"publish","type":"post","link":"https:\/\/musiqueenchemin.fr\/index.php\/2024\/03\/09\/samedi-8-aout\/","title":{"rendered":"Samedi 8 ao\u00fbt"},"content":{"rendered":"\n<hr class=\"wp-block-separator has-alpha-channel-opacity\"\/>\n\n\n\n<h4 class=\"wp-block-heading\" style=\"font-size:30px\">20h30 \u2022 Coll\u00e9giale de La Romieu \u2022 <strong>Concert<\/strong><\/h4>\n\n\n\n<h1 class=\"wp-block-heading has-text-color has-link-color wp-elements-fc0288762653bce892fc876d0b0680cf\" style=\"color:#d03716\"><strong>Airs de Haendel<\/strong><\/h1>\n\n\n\n<h3 class=\"wp-block-heading\">Concert Baroque<\/h3>\n\n\n\n<h5 class=\"wp-block-heading has-black-color has-text-color has-link-color wp-elements-1af2055d535b8dcd4793c48aa20010a8\" style=\"font-size:16px\"><strong>Julia Wischniewski, soprano<br>Les Passions, orchestre baroque de Montauban, direction Jean-Marc Andrieu<\/strong><\/h5>\n\n\n\n<div class=\"wp-block-media-text is-stacked-on-mobile\" style=\"grid-template-columns:37% auto\"><figure class=\"wp-block-media-text__media\"><img loading=\"lazy\" decoding=\"async\" width=\"1024\" height=\"683\" src=\"http:\/\/musiqueenchemin.fr\/wp-content\/uploads\/2024\/03\/Julia-Wischniewski4-1024x683.jpg\" alt=\"\" class=\"wp-image-4768 size-full\" srcset=\"https:\/\/musiqueenchemin.fr\/wp-content\/uploads\/2024\/03\/Julia-Wischniewski4-1024x683.jpg 1024w, https:\/\/musiqueenchemin.fr\/wp-content\/uploads\/2024\/03\/Julia-Wischniewski4-300x200.jpg 300w, https:\/\/musiqueenchemin.fr\/wp-content\/uploads\/2024\/03\/Julia-Wischniewski4-768x512.jpg 768w, https:\/\/musiqueenchemin.fr\/wp-content\/uploads\/2024\/03\/Julia-Wischniewski4-1536x1024.jpg 1536w, https:\/\/musiqueenchemin.fr\/wp-content\/uploads\/2024\/03\/Julia-Wischniewski4-2048x1365.jpg 2048w, https:\/\/musiqueenchemin.fr\/wp-content\/uploads\/2024\/03\/Julia-Wischniewski4-50x33.jpg 50w, https:\/\/musiqueenchemin.fr\/wp-content\/uploads\/2024\/03\/Julia-Wischniewski4-600x400.jpg 600w, https:\/\/musiqueenchemin.fr\/wp-content\/uploads\/2024\/03\/Julia-Wischniewski4-820x547.jpg 820w\" sizes=\"auto, (max-width: 1024px) 100vw, 1024px\" \/><\/figure><div class=\"wp-block-media-text__content\">\n<p class=\"has-text-align-left\" style=\"font-size:18px\"><br>Ce programme met \u00e0 l\u2019honneur la soprano Julia Wischniewski qui, accompagn\u00e9e de l\u2019orchestre Les Passions sous la direction de Jean-Marc Andrieu, interpr\u00e9tera un floril\u00e8ge des plus beaux airs des h\u00e9ro\u00efnes d\u2019op\u00e9ra de Haendel : Scipione, Giulio Cesare in Egitto, Alcina, Rinaldo, Amadigi di Gaula. Le concerto grosso opus 6 n\u00b01 en sol M viendra compl\u00e9ter cet hommage \u00e0 Haendel.<br><br><\/p>\n<\/div><\/div>\n\n\n\n<div class=\"wp-block-buttons is-content-justification-center is-layout-flex wp-container-core-buttons-is-layout-16018d1d wp-block-buttons-is-layout-flex\">\n<div class=\"wp-block-button\"><a class=\"wp-block-button__link has-background wp-element-button\" href=\"https:\/\/billetterie.festik.net\/musiqueenchemin\/product\/airs-de-haendel\" style=\"background-color:#d03716\" target=\"_blank\" rel=\"noreferrer noopener\"><strong>Dur\u00e9e 1h15 &#8211; R\u00e9servez vos places ici<\/strong><\/a><\/div>\n<\/div>\n","protected":false},"excerpt":{"rendered":"<p>20h30 \u2022 Coll\u00e9giale de La Romieu \u2022 Concert Airs de Haendel Concert Baroque Julia Wischniewski, sopranoLes Passions, orchestre baroque de Montauban, direction Jean-Marc Andrieu Ce programme met \u00e0 l\u2019honneur la soprano Julia Wischniewski qui, accompagn\u00e9e de l\u2019orchestre Les Passions sous [&hellip;]<\/p>\n","protected":false},"author":1,"featured_media":0,"comment_status":"closed","ping_status":"closed","sticky":false,"template":"","format":"standard","meta":{"cwp_meta_box_check":"No","cwp_rev_product_name":"","cwp_rev_product_image":"","wppr_links":[],"cwp_rev_price":"","wppr_options":[],"wppr_pros":[],"wppr_cons":[],"footnotes":""},"categories":[1],"tags":[],"class_list":["post-3609","post","type-post","status-publish","format-standard","hentry","category-non-classe"],"wppr_data":{"cwp_meta_box_check":"No"},"yoast_head":"<!-- This site is optimized with the Yoast SEO plugin v25.0 - https:\/\/yoast.com\/wordpress\/plugins\/seo\/ -->\n<title>Samedi 8 ao\u00fbt -<\/title>\n<meta name=\"robots\" content=\"index, follow, max-snippet:-1, max-image-preview:large, max-video-preview:-1\" \/>\n<link rel=\"canonical\" href=\"https:\/\/musiqueenchemin.fr\/index.php\/2024\/03\/09\/samedi-8-aout\/\" \/>\n<meta property=\"og:locale\" content=\"fr_FR\" \/>\n<meta property=\"og:type\" content=\"article\" \/>\n<meta property=\"og:title\" content=\"Samedi 8 ao\u00fbt -\" \/>\n<meta property=\"og:description\" content=\"20h30 \u2022 Coll\u00e9giale de La Romieu \u2022 Concert Airs de Haendel Concert Baroque Julia Wischniewski, sopranoLes Passions, orchestre baroque de Montauban, direction Jean-Marc Andrieu Ce programme met \u00e0 l\u2019honneur la soprano Julia Wischniewski qui, accompagn\u00e9e de l\u2019orchestre Les Passions sous [&hellip;]\" \/>\n<meta property=\"og:url\" content=\"https:\/\/musiqueenchemin.fr\/index.php\/2024\/03\/09\/samedi-8-aout\/\" \/>\n<meta property=\"article:published_time\" content=\"2024-03-09T15:36:02+00:00\" \/>\n<meta property=\"article:modified_time\" content=\"2026-04-29T15:59:47+00:00\" \/>\n<meta property=\"og:image\" content=\"https:\/\/musiqueenchemin.fr\/wp-content\/uploads\/2024\/03\/Julia-Wischniewski4-scaled.jpg\" \/>\n\t<meta property=\"og:image:width\" content=\"2560\" \/>\n\t<meta property=\"og:image:height\" content=\"1707\" \/>\n\t<meta property=\"og:image:type\" content=\"image\/jpeg\" \/>\n<meta name=\"author\" content=\"Musique en Chemin\" \/>\n<meta name=\"twitter:card\" content=\"summary_large_image\" \/>\n<meta name=\"twitter:label1\" content=\"\u00c9crit par\" \/>\n\t<meta name=\"twitter:data1\" content=\"Musique en Chemin\" \/>\n\t<meta name=\"twitter:label2\" content=\"Dur\u00e9e de lecture estim\u00e9e\" \/>\n\t<meta name=\"twitter:data2\" content=\"1 minute\" \/>\n<script type=\"application\/ld+json\" class=\"yoast-schema-graph\">{\"@context\":\"https:\/\/schema.org\",\"@graph\":[{\"@type\":\"Article\",\"@id\":\"https:\/\/musiqueenchemin.fr\/index.php\/2024\/03\/09\/samedi-8-aout\/#article\",\"isPartOf\":{\"@id\":\"https:\/\/musiqueenchemin.fr\/index.php\/2024\/03\/09\/samedi-8-aout\/\"},\"author\":{\"name\":\"Musique en Chemin\",\"@id\":\"https:\/\/musiqueenchemin.fr\/#\/schema\/person\/6c4caa9d003e40448be270fea1e3cbff\"},\"headline\":\"Samedi 8 ao\u00fbt\",\"datePublished\":\"2024-03-09T15:36:02+00:00\",\"dateModified\":\"2026-04-29T15:59:47+00:00\",\"mainEntityOfPage\":{\"@id\":\"https:\/\/musiqueenchemin.fr\/index.php\/2024\/03\/09\/samedi-8-aout\/\"},\"wordCount\":100,\"publisher\":{\"@id\":\"https:\/\/musiqueenchemin.fr\/#organization\"},\"image\":{\"@id\":\"https:\/\/musiqueenchemin.fr\/index.php\/2024\/03\/09\/samedi-8-aout\/#primaryimage\"},\"thumbnailUrl\":\"http:\/\/musiqueenchemin.fr\/wp-content\/uploads\/2024\/03\/Julia-Wischniewski4-1024x683.jpg\",\"inLanguage\":\"fr-FR\"},{\"@type\":\"WebPage\",\"@id\":\"https:\/\/musiqueenchemin.fr\/index.php\/2024\/03\/09\/samedi-8-aout\/\",\"url\":\"https:\/\/musiqueenchemin.fr\/index.php\/2024\/03\/09\/samedi-8-aout\/\",\"name\":\"Samedi 8 ao\u00fbt -\",\"isPartOf\":{\"@id\":\"https:\/\/musiqueenchemin.fr\/#website\"},\"primaryImageOfPage\":{\"@id\":\"https:\/\/musiqueenchemin.fr\/index.php\/2024\/03\/09\/samedi-8-aout\/#primaryimage\"},\"image\":{\"@id\":\"https:\/\/musiqueenchemin.fr\/index.php\/2024\/03\/09\/samedi-8-aout\/#primaryimage\"},\"thumbnailUrl\":\"http:\/\/musiqueenchemin.fr\/wp-content\/uploads\/2024\/03\/Julia-Wischniewski4-1024x683.jpg\",\"datePublished\":\"2024-03-09T15:36:02+00:00\",\"dateModified\":\"2026-04-29T15:59:47+00:00\",\"breadcrumb\":{\"@id\":\"https:\/\/musiqueenchemin.fr\/index.php\/2024\/03\/09\/samedi-8-aout\/#breadcrumb\"},\"inLanguage\":\"fr-FR\",\"potentialAction\":[{\"@type\":\"ReadAction\",\"target\":[\"https:\/\/musiqueenchemin.fr\/index.php\/2024\/03\/09\/samedi-8-aout\/\"]}]},{\"@type\":\"ImageObject\",\"inLanguage\":\"fr-FR\",\"@id\":\"https:\/\/musiqueenchemin.fr\/index.php\/2024\/03\/09\/samedi-8-aout\/#primaryimage\",\"url\":\"https:\/\/musiqueenchemin.fr\/wp-content\/uploads\/2024\/03\/Julia-Wischniewski4-scaled.jpg\",\"contentUrl\":\"https:\/\/musiqueenchemin.fr\/wp-content\/uploads\/2024\/03\/Julia-Wischniewski4-scaled.jpg\",\"width\":2560,\"height\":1707},{\"@type\":\"BreadcrumbList\",\"@id\":\"https:\/\/musiqueenchemin.fr\/index.php\/2024\/03\/09\/samedi-8-aout\/#breadcrumb\",\"itemListElement\":[{\"@type\":\"ListItem\",\"position\":1,\"name\":\"Accueil\",\"item\":\"https:\/\/musiqueenchemin.fr\/\"},{\"@type\":\"ListItem\",\"position\":2,\"name\":\"Samedi 8 ao\u00fbt\"}]},{\"@type\":\"WebSite\",\"@id\":\"https:\/\/musiqueenchemin.fr\/#website\",\"url\":\"https:\/\/musiqueenchemin.fr\/\",\"name\":\"Musique en Chemin\",\"description\":\"\",\"publisher\":{\"@id\":\"https:\/\/musiqueenchemin.fr\/#organization\"},\"potentialAction\":[{\"@type\":\"SearchAction\",\"target\":{\"@type\":\"EntryPoint\",\"urlTemplate\":\"https:\/\/musiqueenchemin.fr\/?s={search_term_string}\"},\"query-input\":{\"@type\":\"PropertyValueSpecification\",\"valueRequired\":true,\"valueName\":\"search_term_string\"}}],\"inLanguage\":\"fr-FR\"},{\"@type\":\"Organization\",\"@id\":\"https:\/\/musiqueenchemin.fr\/#organization\",\"name\":\"Musique en Chemin\",\"url\":\"https:\/\/musiqueenchemin.fr\/\",\"logo\":{\"@type\":\"ImageObject\",\"inLanguage\":\"fr-FR\",\"@id\":\"https:\/\/musiqueenchemin.fr\/#\/schema\/logo\/image\/\",\"url\":\"http:\/\/musiqueenchemin.fr\/wp-content\/uploads\/2024\/03\/huppe-jaune-2024.png\",\"contentUrl\":\"http:\/\/musiqueenchemin.fr\/wp-content\/uploads\/2024\/03\/huppe-jaune-2024.png\",\"width\":560,\"height\":387,\"caption\":\"Musique en Chemin\"},\"image\":{\"@id\":\"https:\/\/musiqueenchemin.fr\/#\/schema\/logo\/image\/\"}},{\"@type\":\"Person\",\"@id\":\"https:\/\/musiqueenchemin.fr\/#\/schema\/person\/6c4caa9d003e40448be270fea1e3cbff\",\"name\":\"Musique en Chemin\",\"image\":{\"@type\":\"ImageObject\",\"inLanguage\":\"fr-FR\",\"@id\":\"https:\/\/musiqueenchemin.fr\/#\/schema\/person\/image\/\",\"url\":\"https:\/\/secure.gravatar.com\/avatar\/7b1be4a90bcc64c58111b64ffe668b413f96ab86aad982e7fdacac32cefcb4ec?s=96&d=mm&r=g\",\"contentUrl\":\"https:\/\/secure.gravatar.com\/avatar\/7b1be4a90bcc64c58111b64ffe668b413f96ab86aad982e7fdacac32cefcb4ec?s=96&d=mm&r=g\",\"caption\":\"Musique en Chemin\"},\"url\":\"https:\/\/musiqueenchemin.fr\/index.php\/author\/chem\/\"}]}<\/script>\n<!-- \/ Yoast SEO plugin. -->","yoast_head_json":{"title":"Samedi 8 ao\u00fbt -","robots":{"index":"index","follow":"follow","max-snippet":"max-snippet:-1","max-image-preview":"max-image-preview:large","max-video-preview":"max-video-preview:-1"},"canonical":"https:\/\/musiqueenchemin.fr\/index.php\/2024\/03\/09\/samedi-8-aout\/","og_locale":"fr_FR","og_type":"article","og_title":"Samedi 8 ao\u00fbt -","og_description":"20h30 \u2022 Coll\u00e9giale de La Romieu \u2022 Concert Airs de Haendel Concert Baroque Julia Wischniewski, sopranoLes Passions, orchestre baroque de Montauban, direction Jean-Marc Andrieu Ce programme met \u00e0 l\u2019honneur la soprano Julia Wischniewski qui, accompagn\u00e9e de l\u2019orchestre Les Passions sous [&hellip;]","og_url":"https:\/\/musiqueenchemin.fr\/index.php\/2024\/03\/09\/samedi-8-aout\/","article_published_time":"2024-03-09T15:36:02+00:00","article_modified_time":"2026-04-29T15:59:47+00:00","og_image":[{"width":2560,"height":1707,"url":"https:\/\/musiqueenchemin.fr\/wp-content\/uploads\/2024\/03\/Julia-Wischniewski4-scaled.jpg","type":"image\/jpeg"}],"author":"Musique en Chemin","twitter_card":"summary_large_image","twitter_misc":{"\u00c9crit par":"Musique en Chemin","Dur\u00e9e de lecture estim\u00e9e":"1 minute"},"schema":{"@context":"https:\/\/schema.org","@graph":[{"@type":"Article","@id":"https:\/\/musiqueenchemin.fr\/index.php\/2024\/03\/09\/samedi-8-aout\/#article","isPartOf":{"@id":"https:\/\/musiqueenchemin.fr\/index.php\/2024\/03\/09\/samedi-8-aout\/"},"author":{"name":"Musique en Chemin","@id":"https:\/\/musiqueenchemin.fr\/#\/schema\/person\/6c4caa9d003e40448be270fea1e3cbff"},"headline":"Samedi 8 ao\u00fbt","datePublished":"2024-03-09T15:36:02+00:00","dateModified":"2026-04-29T15:59:47+00:00","mainEntityOfPage":{"@id":"https:\/\/musiqueenchemin.fr\/index.php\/2024\/03\/09\/samedi-8-aout\/"},"wordCount":100,"publisher":{"@id":"https:\/\/musiqueenchemin.fr\/#organization"},"image":{"@id":"https:\/\/musiqueenchemin.fr\/index.php\/2024\/03\/09\/samedi-8-aout\/#primaryimage"},"thumbnailUrl":"http:\/\/musiqueenchemin.fr\/wp-content\/uploads\/2024\/03\/Julia-Wischniewski4-1024x683.jpg","inLanguage":"fr-FR"},{"@type":"WebPage","@id":"https:\/\/musiqueenchemin.fr\/index.php\/2024\/03\/09\/samedi-8-aout\/","url":"https:\/\/musiqueenchemin.fr\/index.php\/2024\/03\/09\/samedi-8-aout\/","name":"Samedi 8 ao\u00fbt -","isPartOf":{"@id":"https:\/\/musiqueenchemin.fr\/#website"},"primaryImageOfPage":{"@id":"https:\/\/musiqueenchemin.fr\/index.php\/2024\/03\/09\/samedi-8-aout\/#primaryimage"},"image":{"@id":"https:\/\/musiqueenchemin.fr\/index.php\/2024\/03\/09\/samedi-8-aout\/#primaryimage"},"thumbnailUrl":"http:\/\/musiqueenchemin.fr\/wp-content\/uploads\/2024\/03\/Julia-Wischniewski4-1024x683.jpg","datePublished":"2024-03-09T15:36:02+00:00","dateModified":"2026-04-29T15:59:47+00:00","breadcrumb":{"@id":"https:\/\/musiqueenchemin.fr\/index.php\/2024\/03\/09\/samedi-8-aout\/#breadcrumb"},"inLanguage":"fr-FR","potentialAction":[{"@type":"ReadAction","target":["https:\/\/musiqueenchemin.fr\/index.php\/2024\/03\/09\/samedi-8-aout\/"]}]},{"@type":"ImageObject","inLanguage":"fr-FR","@id":"https:\/\/musiqueenchemin.fr\/index.php\/2024\/03\/09\/samedi-8-aout\/#primaryimage","url":"https:\/\/musiqueenchemin.fr\/wp-content\/uploads\/2024\/03\/Julia-Wischniewski4-scaled.jpg","contentUrl":"https:\/\/musiqueenchemin.fr\/wp-content\/uploads\/2024\/03\/Julia-Wischniewski4-scaled.jpg","width":2560,"height":1707},{"@type":"BreadcrumbList","@id":"https:\/\/musiqueenchemin.fr\/index.php\/2024\/03\/09\/samedi-8-aout\/#breadcrumb","itemListElement":[{"@type":"ListItem","position":1,"name":"Accueil","item":"https:\/\/musiqueenchemin.fr\/"},{"@type":"ListItem","position":2,"name":"Samedi 8 ao\u00fbt"}]},{"@type":"WebSite","@id":"https:\/\/musiqueenchemin.fr\/#website","url":"https:\/\/musiqueenchemin.fr\/","name":"Musique en Chemin","description":"","publisher":{"@id":"https:\/\/musiqueenchemin.fr\/#organization"},"potentialAction":[{"@type":"SearchAction","target":{"@type":"EntryPoint","urlTemplate":"https:\/\/musiqueenchemin.fr\/?s={search_term_string}"},"query-input":{"@type":"PropertyValueSpecification","valueRequired":true,"valueName":"search_term_string"}}],"inLanguage":"fr-FR"},{"@type":"Organization","@id":"https:\/\/musiqueenchemin.fr\/#organization","name":"Musique en Chemin","url":"https:\/\/musiqueenchemin.fr\/","logo":{"@type":"ImageObject","inLanguage":"fr-FR","@id":"https:\/\/musiqueenchemin.fr\/#\/schema\/logo\/image\/","url":"http:\/\/musiqueenchemin.fr\/wp-content\/uploads\/2024\/03\/huppe-jaune-2024.png","contentUrl":"http:\/\/musiqueenchemin.fr\/wp-content\/uploads\/2024\/03\/huppe-jaune-2024.png","width":560,"height":387,"caption":"Musique en Chemin"},"image":{"@id":"https:\/\/musiqueenchemin.fr\/#\/schema\/logo\/image\/"}},{"@type":"Person","@id":"https:\/\/musiqueenchemin.fr\/#\/schema\/person\/6c4caa9d003e40448be270fea1e3cbff","name":"Musique en Chemin","image":{"@type":"ImageObject","inLanguage":"fr-FR","@id":"https:\/\/musiqueenchemin.fr\/#\/schema\/person\/image\/","url":"https:\/\/secure.gravatar.com\/avatar\/7b1be4a90bcc64c58111b64ffe668b413f96ab86aad982e7fdacac32cefcb4ec?s=96&d=mm&r=g","contentUrl":"https:\/\/secure.gravatar.com\/avatar\/7b1be4a90bcc64c58111b64ffe668b413f96ab86aad982e7fdacac32cefcb4ec?s=96&d=mm&r=g","caption":"Musique en Chemin"},"url":"https:\/\/musiqueenchemin.fr\/index.php\/author\/chem\/"}]}},"_links":{"self":[{"href":"https:\/\/musiqueenchemin.fr\/index.php\/wp-json\/wp\/v2\/posts\/3609","targetHints":{"allow":["GET"]}}],"collection":[{"href":"https:\/\/musiqueenchemin.fr\/index.php\/wp-json\/wp\/v2\/posts"}],"about":[{"href":"https:\/\/musiqueenchemin.fr\/index.php\/wp-json\/wp\/v2\/types\/post"}],"author":[{"embeddable":true,"href":"https:\/\/musiqueenchemin.fr\/index.php\/wp-json\/wp\/v2\/users\/1"}],"replies":[{"embeddable":true,"href":"https:\/\/musiqueenchemin.fr\/index.php\/wp-json\/wp\/v2\/comments?post=3609"}],"version-history":[{"count":26,"href":"https:\/\/musiqueenchemin.fr\/index.php\/wp-json\/wp\/v2\/posts\/3609\/revisions"}],"predecessor-version":[{"id":4848,"href":"https:\/\/musiqueenchemin.fr\/index.php\/wp-json\/wp\/v2\/posts\/3609\/revisions\/4848"}],"wp:attachment":[{"href":"https:\/\/musiqueenchemin.fr\/index.php\/wp-json\/wp\/v2\/media?parent=3609"}],"wp:term":[{"taxonomy":"category","embeddable":true,"href":"https:\/\/musiqueenchemin.fr\/index.php\/wp-json\/wp\/v2\/categories?post=3609"},{"taxonomy":"post_tag","embeddable":true,"href":"https:\/\/musiqueenchemin.fr\/index.php\/wp-json\/wp\/v2\/tags?post=3609"}],"curies":[{"name":"wp","href":"https:\/\/api.w.org\/{rel}","templated":true}]}}