{"id":406,"date":"2016-04-29T16:22:00","date_gmt":"2016-04-29T15:22:00","guid":{"rendered":"http:\/\/musiqueenchemin.fr\/blog\/?p=406"},"modified":"2017-03-22T08:29:42","modified_gmt":"2017-03-22T07:29:42","slug":"exposition-femininmasculin","status":"publish","type":"post","link":"https:\/\/musiqueenchemin.fr\/index.php\/2016\/04\/29\/exposition-femininmasculin\/","title":{"rendered":"Installation F\u00e9minin\/Masculin"},"content":{"rendered":"<p><strong>Du 10 au 21 mai- exposition prolong\u00e9e jusqu&#8217;au 28 mai !<br \/>\nM\u00e9diath\u00e8que de Samatan<\/strong><\/p>\n<p><strong>Du 8 au 30 novembre<br \/>\nM\u00e9diath\u00e8que-Ludoth\u00e8que de Lectoure<\/strong><\/p>\n<h3>Installation audiovisuelle d\u2019Alexandros Markeas<\/h3>\n<p><img loading=\"lazy\" decoding=\"async\" class=\"alignnone size-large wp-image-410\" src=\"http:\/\/musiqueenchemin.fr\/wp-content\/uploads\/2016\/04\/IMG_0388-1024x683.jpg\" alt=\"IMG_0388\" width=\"1024\" height=\"683\" srcset=\"https:\/\/musiqueenchemin.fr\/wp-content\/uploads\/2016\/04\/IMG_0388-1024x683.jpg 1024w, https:\/\/musiqueenchemin.fr\/wp-content\/uploads\/2016\/04\/IMG_0388-300x200.jpg 300w, https:\/\/musiqueenchemin.fr\/wp-content\/uploads\/2016\/04\/IMG_0388-768x512.jpg 768w, https:\/\/musiqueenchemin.fr\/wp-content\/uploads\/2016\/04\/IMG_0388-600x400.jpg 600w, https:\/\/musiqueenchemin.fr\/wp-content\/uploads\/2016\/04\/IMG_0388-820x547.jpg 820w\" sizes=\"auto, (max-width: 1024px) 100vw, 1024px\" \/><\/p>\n<h4>Musique et Num\u00e9rique en Gascogne<br \/>\nFr\u00e9d\u00e9ric B\u00e9tous, contre-t\u00e9nor, Nadia Lavoyer, soprano<\/h4>\n<hr \/>\n<p>L&#8217;installation d&#8217;Alexandros Markeas nous donne \u00e0 \u00e9couter une m\u00e9lodie qu&#8217;il a compos\u00e9e sur le texte d&#8217;une chanson d\u2019amour traditionnelle de son pays d&#8217;origine, la Gr\u00e8ce. La chanson s&#8217;intitule &#8220;L&#8217;amandier a fleuri, ma belle&#8221;.<\/p>\n<p>Deux \u00e9crans c\u00f4te \u00e0 c\u00f4te placent le spectateur en face d\u2019un duo de chanteurs.<br \/>\nLe dispositif incite \u00e0 chercher du regard la vraie source sonore, \u00e0 se laisser bercer par une voix qui change continuellement, passe du masculin au f\u00e9minin, devient &#8220;entre-deux&#8221;, se duplique, se transforme, devient r\u00e9sonances et \u00e9chos, g\u00e9n\u00e9rant un trouble, un conflit de perception : qui chante quoi ? Comment la voix se transforme t-elle ?<br \/>\nLa voix de femme dans le registre grave, la voix masculine dans le registre du contre-t\u00e9nor, les deux voix se m\u00e9langent, la couleur vocale \u00e9volue et nous interroge.<\/p>\n<p>La s\u00e9quence divis\u00e9e en 3 variations dure au total 7&#8217;46s.<br \/>\nAlexandros Markeas imagine un geste musical \u00e0 partir d&#8217;une s\u00e9quence sonore qui n&#8217;est pas celle d&#8217;origine, il s&#8217;agit d&#8217;une manipulation &#8220;bienveillante&#8221;, qui a pour but de r\u00e9v\u00e9ler la po\u00e9sie de la situation.<\/p>\n<p>Le dispositif que propose Alexandros Markeas cherche \u00e0 exprimer une id\u00e9e du rapport masculin \/ f\u00e9minin en musique, \u00e0 questionner la voix, et plus largement le rapport entre deux personnes. Nous repartirons peut-\u00eatre avec cette m\u00e9lodie dans notre t\u00eate chant\u00e9e avec une autre voix, \u00e0 la fois reconnaissable et m\u00e9connaissable, la n\u00f4tre.<\/p>\n<p><em>Cr\u00e9\u00e9e en 2015 dans le cadre des <a href=\"http:\/\/www.cheminsdartenarmagnac.fr\/condom-alexandros-markeas\">Chemins d&#8217;Art en Armagnac<\/a> pour une exposition au Th\u00e9\u00e2tre des Carmes de Condom, cette installation a \u00e9t\u00e9 adapt\u00e9e en 2016 pour pouvoir \u00eatre pr\u00e9sent\u00e9e dans diff\u00e9rents environnements et permettre une \u00e9coute au casque. Ce projet est soutenu par le Pays Portes de Gascogne dans le cadre de son projet culturel tourn\u00e9 vers le num\u00e9rique. En effet, La Main harmonique propose une saison &#8220;Musique et Num\u00e9rique en Gascogne&#8221; pour faire d\u00e9couvrir la rencontre possible entre la cr\u00e9ation musicale et l\u2019usage du num\u00e9rique. Les concerts &#8220;Ces Liens d&#8217;Or&#8221; et &#8220;Une Autre Odyss\u00e9e&#8221;, ainsi que l&#8217;installation F\u00e9minin\/Masculin en font partie. Ce projet est financ\u00e9 dans le cadre de la convention culturelle du Pays Portes de Gascogne via la Drac Languedoc Roussillon Midi Pyr\u00e9n\u00e9es et le programme europ\u00e9en Leader. L\u2019association Le Grain \u00e0 moudre permet la r\u00e9alisation de l&#8217;installation et le concert Ces Liens d&#8217;Or.<\/em><\/p>\n<p><strong>Alexandros Markeas<\/strong><br \/>\nN\u00e9 en 1965 \u00e0 Ath\u00e8nes, Alexandros Markeas \u00e9tudie le piano et l\u2019\u00e9criture musicale au Conservatoire National de Gr\u00e8ce. Il continue ses \u00e9tudes de piano au Conservatoire National Sup\u00e9rieur de Musique de Paris. Il se sp\u00e9cialise dans la musique improvis\u00e9e et il donne de nombreux concerts en soliste ou en formation.<br \/>\nParall\u00e8lement, il se consacre \u00e0 la composition.<\/p>\n<p>Il suit les classes d\u2019\u00e9criture, d\u2019analyse et de composition du CNSMDP avec Guy Reibel, Luis Naon, Laurent Cuniot, Michael Levinas, et Marc-Andr\u00e9 Dalbavie et obtient les premiers prix de contrepoint, fugue et composition, discipline dont il suit le cycle de perfectionnement. Il est aussi s\u00e9lectionn\u00e9 pour suivre le cursus annuel de composition et d\u2019informatique musicale de l\u2019IRCAM ainsi que l\u2019Acad\u00e9mie de composition du festival d\u2019Aix- en-Provence.<\/p>\n<p>Depuis 20 ans, ses \u0153uvres sont jou\u00e9s en France et \u00e0 l\u2019\u00e9tranger par diff\u00e9rentes formations comme l\u2019Ensemble InterContemporain, Court-Circuit, l\u2019Itin\u00e9raire, TM+, Ars Nova,le quatuor Habanera, les Orchestres Philharmonique et National de Radio France, l\u2019Ensemble Modern, le quatuor Arditti, les Percussions de Strasbourg&#8230;<br \/>\nIl re\u00e7oit des commandes d\u2019\u00c9tat, de Radio France, de la Fondation Royaumont, du mus\u00e9e du Louvre, ainsi que des aides \u00e0 la cr\u00e9ation pour ses projets multim\u00e9dia (DRAC Ile-de- France, Mairie de Paris, festival Romaeuropa).<\/p>\n<p>Il compose \u00e9galement beaucoup d\u2019\u0153uvres p\u00e9dagogiques, destin\u00e9es aux enfants et aux formations d\u2019amateurs.<\/p>\n<p>En 1999, Alexandros Markeas est nomm\u00e9 pensionnaire de l\u2019Acad\u00e9mie de France \u00e0 Rome \u00e0 la Villa M\u00e9dicis et en 2001 il re\u00e7oit le prix Herv\u00e9 Dugardin de la SACEM.<\/p>\n<p>En 2006, il re\u00e7oit le prix du syndicat des critiques. En 2009 il re\u00e7oit le prix du nouveau talent musique de la SACEM pour son op\u00e9ra de chambre Outsider.<\/p>\n<p>Depuis 2003, il enseigne l\u2019improvisation au Conservatoire National Sup\u00e9rieur de Musique de Paris. Il est actuellement compositeur en r\u00e9sidence aupr\u00e8s de l\u2019Arsenal de Metz.<\/p>\n<p>Le travail d\u2019Alexandros Markeas est marqu\u00e9 par sa volont\u00e9 de d\u00e9coder et de modifier les m\u00e9canismes de la perception musicale. Les musiques traditionnelles m\u00e9diterran\u00e9ennes sont pour lui une source d&#8217;inspiration essentielle. Il s\u2019inspire \u00e9galement de diff\u00e9rents domaines d&#8217;expression artistique, tels que l&#8217;architecture, le th\u00e9\u00e2tre, et les arts plastiques (installations, \u00e9v\u00e9nements, vid\u00e9o, web) pour chercher des alternatives au concert traditionnel et cr\u00e9er des situations d\u2019\u00e9coute musicale particuli\u00e8res. Ses pi\u00e8ces sont marqu\u00e9es par un esprit th\u00e9\u00e2tral et par l&#8217;utilisation des techniques multim\u00e9dia.<br \/>\n<a href=\"http:\/\/www.alexandros-markeas.net\/\" target=\"_blank\">www.alexandros-markeas.net<\/a><\/p>\n<p><strong>La presse en parle\u2026<\/strong><\/p>\n<p>Un duo musical en noir et blanc par \u00e9cran interpos\u00e9 : une cr\u00e9ation d\u2019Alexandros Markeas \u00e0 d\u00e9couvrir au Th\u00e9\u00e2tre des Carmes ce mardi.<\/p>\n<p><em>\u00ab\u00a0Ceux qui ont pouss\u00e9 la porte du foyer des artistes du Th\u00e9\u00e2tre des Carmes ont d\u00e9couvert un espace coup\u00e9 du monde. Une entr\u00e9e dans un univers musical empreint de s\u00e9r\u00e9nit\u00e9 o\u00f9 deux voix se r\u00e9pondent, se m\u00ealent : un duo homme-femme pour au bout du compte se laisser emporter par la m\u00e9lodie, par des images qui se superposent comme les voix.\u00a0\u00bb<\/em> (13 juin 2015, Sud-Ouest \u2013 Bernard Court\u00e8s)<\/p>\n<hr \/>\n<h4>INFORMATIONS PRATIQUES<\/h4>\n<p><strong>M\u00e9diath\u00e8que de Samatan<\/strong><br \/>\nHalle aux Grains \u2013 Place des Cordeliers \u2013 32130 Samatan<br \/>\nRenseignements\u00a0: 05 62 07 42 97<br \/>\nHoraires d\u2019ouverture de la m\u00e9diath\u00e8que<\/p>\n<hr \/>\n<p><strong>M\u00e9diath\u00e8que-Ludoth\u00e8que de Lectoure<\/strong><br \/>\n<a href=\"http:\/\/www.lectoure.fr\" target=\"_blank\">www.lectoure.fr <\/a><br \/>\nRenseignements : 05 62 68 48 32<br \/>\nHoraires d\u2019ouverture\u00a0de la m\u00e9diath\u00e8que<\/p>\n","protected":false},"excerpt":{"rendered":"<p>Du 10 au 21 mai- exposition prolong\u00e9e jusqu&#8217;au 28 mai ! M\u00e9diath\u00e8que de Samatan Du 8 au 30 novembre M\u00e9diath\u00e8que-Ludoth\u00e8que de Lectoure Installation audiovisuelle d\u2019Alexandros Markeas Musique et Num\u00e9rique en Gascogne Fr\u00e9d\u00e9ric B\u00e9tous, contre-t\u00e9nor, Nadia Lavoyer, soprano L&#8217;installation d&#8217;Alexandros Markeas nous donne \u00e0 \u00e9couter une m\u00e9lodie qu&#8217;il a compos\u00e9e sur le texte d&#8217;une chanson d\u2019amour [&hellip;]<\/p>\n","protected":false},"author":1,"featured_media":0,"comment_status":"closed","ping_status":"closed","sticky":false,"template":"","format":"standard","meta":{"cwp_meta_box_check":"","cwp_rev_product_name":"","cwp_rev_product_image":"","wppr_links":[],"cwp_rev_price":"","wppr_options":[],"wppr_pros":[],"wppr_cons":[],"footnotes":""},"categories":[1],"tags":[],"class_list":["post-406","post","type-post","status-publish","format-standard","hentry","category-non-classe"],"wppr_data":[],"yoast_head":"<!-- This site is optimized with the Yoast SEO plugin v25.0 - https:\/\/yoast.com\/wordpress\/plugins\/seo\/ -->\n<title>Installation F\u00e9minin\/Masculin - Musique en Chemin<\/title>\n<meta name=\"robots\" content=\"index, follow, max-snippet:-1, max-image-preview:large, max-video-preview:-1\" \/>\n<link rel=\"canonical\" href=\"https:\/\/musiqueenchemin.fr\/index.php\/2016\/04\/29\/exposition-femininmasculin\/\" \/>\n<meta property=\"og:locale\" content=\"fr_FR\" \/>\n<meta property=\"og:type\" content=\"article\" \/>\n<meta property=\"og:title\" content=\"Installation F\u00e9minin\/Masculin - Musique en Chemin\" \/>\n<meta property=\"og:description\" content=\"Du 10 au 21 mai- exposition prolong\u00e9e jusqu&#8217;au 28 mai ! M\u00e9diath\u00e8que de Samatan Du 8 au 30 novembre M\u00e9diath\u00e8que-Ludoth\u00e8que de Lectoure Installation audiovisuelle d\u2019Alexandros Markeas Musique et Num\u00e9rique en Gascogne Fr\u00e9d\u00e9ric B\u00e9tous, contre-t\u00e9nor, Nadia Lavoyer, soprano L&#8217;installation d&#8217;Alexandros Markeas nous donne \u00e0 \u00e9couter une m\u00e9lodie qu&#8217;il a compos\u00e9e sur le texte d&#8217;une chanson d\u2019amour [&hellip;]\" \/>\n<meta property=\"og:url\" content=\"https:\/\/musiqueenchemin.fr\/index.php\/2016\/04\/29\/exposition-femininmasculin\/\" \/>\n<meta property=\"og:site_name\" content=\"Musique en Chemin\" \/>\n<meta property=\"article:published_time\" content=\"2016-04-29T15:22:00+00:00\" \/>\n<meta property=\"article:modified_time\" content=\"2017-03-22T07:29:42+00:00\" \/>\n<meta property=\"og:image\" content=\"http:\/\/musiqueenchemin.fr\/wp-content\/uploads\/2016\/04\/IMG_0388-1024x683.jpg\" \/>\n<meta name=\"author\" content=\"Musique en Chemin\" \/>\n<meta name=\"twitter:card\" content=\"summary_large_image\" \/>\n<meta name=\"twitter:label1\" content=\"\u00c9crit par\" \/>\n\t<meta name=\"twitter:data1\" content=\"Musique en Chemin\" \/>\n\t<meta name=\"twitter:label2\" content=\"Dur\u00e9e de lecture estim\u00e9e\" \/>\n\t<meta name=\"twitter:data2\" content=\"5 minutes\" \/>\n<script type=\"application\/ld+json\" class=\"yoast-schema-graph\">{\"@context\":\"https:\/\/schema.org\",\"@graph\":[{\"@type\":\"Article\",\"@id\":\"https:\/\/musiqueenchemin.fr\/index.php\/2016\/04\/29\/exposition-femininmasculin\/#article\",\"isPartOf\":{\"@id\":\"https:\/\/musiqueenchemin.fr\/index.php\/2016\/04\/29\/exposition-femininmasculin\/\"},\"author\":{\"name\":\"Musique en Chemin\",\"@id\":\"https:\/\/musiqueenchemin.fr\/#\/schema\/person\/6c4caa9d003e40448be270fea1e3cbff\"},\"headline\":\"Installation F\u00e9minin\/Masculin\",\"datePublished\":\"2016-04-29T15:22:00+00:00\",\"dateModified\":\"2017-03-22T07:29:42+00:00\",\"mainEntityOfPage\":{\"@id\":\"https:\/\/musiqueenchemin.fr\/index.php\/2016\/04\/29\/exposition-femininmasculin\/\"},\"wordCount\":1022,\"publisher\":{\"@id\":\"https:\/\/musiqueenchemin.fr\/#organization\"},\"image\":{\"@id\":\"https:\/\/musiqueenchemin.fr\/index.php\/2016\/04\/29\/exposition-femininmasculin\/#primaryimage\"},\"thumbnailUrl\":\"http:\/\/musiqueenchemin.fr\/wp-content\/uploads\/2016\/04\/IMG_0388-1024x683.jpg\",\"inLanguage\":\"fr-FR\"},{\"@type\":\"WebPage\",\"@id\":\"https:\/\/musiqueenchemin.fr\/index.php\/2016\/04\/29\/exposition-femininmasculin\/\",\"url\":\"https:\/\/musiqueenchemin.fr\/index.php\/2016\/04\/29\/exposition-femininmasculin\/\",\"name\":\"Installation F\u00e9minin\/Masculin - Musique en Chemin\",\"isPartOf\":{\"@id\":\"https:\/\/musiqueenchemin.fr\/#website\"},\"primaryImageOfPage\":{\"@id\":\"https:\/\/musiqueenchemin.fr\/index.php\/2016\/04\/29\/exposition-femininmasculin\/#primaryimage\"},\"image\":{\"@id\":\"https:\/\/musiqueenchemin.fr\/index.php\/2016\/04\/29\/exposition-femininmasculin\/#primaryimage\"},\"thumbnailUrl\":\"http:\/\/musiqueenchemin.fr\/wp-content\/uploads\/2016\/04\/IMG_0388-1024x683.jpg\",\"datePublished\":\"2016-04-29T15:22:00+00:00\",\"dateModified\":\"2017-03-22T07:29:42+00:00\",\"breadcrumb\":{\"@id\":\"https:\/\/musiqueenchemin.fr\/index.php\/2016\/04\/29\/exposition-femininmasculin\/#breadcrumb\"},\"inLanguage\":\"fr-FR\",\"potentialAction\":[{\"@type\":\"ReadAction\",\"target\":[\"https:\/\/musiqueenchemin.fr\/index.php\/2016\/04\/29\/exposition-femininmasculin\/\"]}]},{\"@type\":\"ImageObject\",\"inLanguage\":\"fr-FR\",\"@id\":\"https:\/\/musiqueenchemin.fr\/index.php\/2016\/04\/29\/exposition-femininmasculin\/#primaryimage\",\"url\":\"https:\/\/musiqueenchemin.fr\/wp-content\/uploads\/2016\/04\/IMG_0388.jpg\",\"contentUrl\":\"https:\/\/musiqueenchemin.fr\/wp-content\/uploads\/2016\/04\/IMG_0388.jpg\",\"width\":4272,\"height\":2848},{\"@type\":\"BreadcrumbList\",\"@id\":\"https:\/\/musiqueenchemin.fr\/index.php\/2016\/04\/29\/exposition-femininmasculin\/#breadcrumb\",\"itemListElement\":[{\"@type\":\"ListItem\",\"position\":1,\"name\":\"Accueil\",\"item\":\"https:\/\/musiqueenchemin.fr\/\"},{\"@type\":\"ListItem\",\"position\":2,\"name\":\"Installation F\u00e9minin\/Masculin\"}]},{\"@type\":\"WebSite\",\"@id\":\"https:\/\/musiqueenchemin.fr\/#website\",\"url\":\"https:\/\/musiqueenchemin.fr\/\",\"name\":\"Musique en Chemin\",\"description\":\"Saison &amp; Festival\",\"publisher\":{\"@id\":\"https:\/\/musiqueenchemin.fr\/#organization\"},\"potentialAction\":[{\"@type\":\"SearchAction\",\"target\":{\"@type\":\"EntryPoint\",\"urlTemplate\":\"https:\/\/musiqueenchemin.fr\/?s={search_term_string}\"},\"query-input\":{\"@type\":\"PropertyValueSpecification\",\"valueRequired\":true,\"valueName\":\"search_term_string\"}}],\"inLanguage\":\"fr-FR\"},{\"@type\":\"Organization\",\"@id\":\"https:\/\/musiqueenchemin.fr\/#organization\",\"name\":\"Musique en Chemin\",\"url\":\"https:\/\/musiqueenchemin.fr\/\",\"logo\":{\"@type\":\"ImageObject\",\"inLanguage\":\"fr-FR\",\"@id\":\"https:\/\/musiqueenchemin.fr\/#\/schema\/logo\/image\/\",\"url\":\"http:\/\/musiqueenchemin.fr\/wp-content\/uploads\/2024\/03\/huppe-jaune-2024.png\",\"contentUrl\":\"http:\/\/musiqueenchemin.fr\/wp-content\/uploads\/2024\/03\/huppe-jaune-2024.png\",\"width\":560,\"height\":387,\"caption\":\"Musique en Chemin\"},\"image\":{\"@id\":\"https:\/\/musiqueenchemin.fr\/#\/schema\/logo\/image\/\"}},{\"@type\":\"Person\",\"@id\":\"https:\/\/musiqueenchemin.fr\/#\/schema\/person\/6c4caa9d003e40448be270fea1e3cbff\",\"name\":\"Musique en Chemin\",\"image\":{\"@type\":\"ImageObject\",\"inLanguage\":\"fr-FR\",\"@id\":\"https:\/\/musiqueenchemin.fr\/#\/schema\/person\/image\/\",\"url\":\"https:\/\/secure.gravatar.com\/avatar\/7b1be4a90bcc64c58111b64ffe668b413f96ab86aad982e7fdacac32cefcb4ec?s=96&d=mm&r=g\",\"contentUrl\":\"https:\/\/secure.gravatar.com\/avatar\/7b1be4a90bcc64c58111b64ffe668b413f96ab86aad982e7fdacac32cefcb4ec?s=96&d=mm&r=g\",\"caption\":\"Musique en Chemin\"},\"url\":\"https:\/\/musiqueenchemin.fr\/index.php\/author\/chem\/\"}]}<\/script>\n<!-- \/ Yoast SEO plugin. -->","yoast_head_json":{"title":"Installation F\u00e9minin\/Masculin - Musique en Chemin","robots":{"index":"index","follow":"follow","max-snippet":"max-snippet:-1","max-image-preview":"max-image-preview:large","max-video-preview":"max-video-preview:-1"},"canonical":"https:\/\/musiqueenchemin.fr\/index.php\/2016\/04\/29\/exposition-femininmasculin\/","og_locale":"fr_FR","og_type":"article","og_title":"Installation F\u00e9minin\/Masculin - Musique en Chemin","og_description":"Du 10 au 21 mai- exposition prolong\u00e9e jusqu&#8217;au 28 mai ! M\u00e9diath\u00e8que de Samatan Du 8 au 30 novembre M\u00e9diath\u00e8que-Ludoth\u00e8que de Lectoure Installation audiovisuelle d\u2019Alexandros Markeas Musique et Num\u00e9rique en Gascogne Fr\u00e9d\u00e9ric B\u00e9tous, contre-t\u00e9nor, Nadia Lavoyer, soprano L&#8217;installation d&#8217;Alexandros Markeas nous donne \u00e0 \u00e9couter une m\u00e9lodie qu&#8217;il a compos\u00e9e sur le texte d&#8217;une chanson d\u2019amour [&hellip;]","og_url":"https:\/\/musiqueenchemin.fr\/index.php\/2016\/04\/29\/exposition-femininmasculin\/","og_site_name":"Musique en Chemin","article_published_time":"2016-04-29T15:22:00+00:00","article_modified_time":"2017-03-22T07:29:42+00:00","og_image":[{"url":"http:\/\/musiqueenchemin.fr\/wp-content\/uploads\/2016\/04\/IMG_0388-1024x683.jpg","type":"","width":"","height":""}],"author":"Musique en Chemin","twitter_card":"summary_large_image","twitter_misc":{"\u00c9crit par":"Musique en Chemin","Dur\u00e9e de lecture estim\u00e9e":"5 minutes"},"schema":{"@context":"https:\/\/schema.org","@graph":[{"@type":"Article","@id":"https:\/\/musiqueenchemin.fr\/index.php\/2016\/04\/29\/exposition-femininmasculin\/#article","isPartOf":{"@id":"https:\/\/musiqueenchemin.fr\/index.php\/2016\/04\/29\/exposition-femininmasculin\/"},"author":{"name":"Musique en Chemin","@id":"https:\/\/musiqueenchemin.fr\/#\/schema\/person\/6c4caa9d003e40448be270fea1e3cbff"},"headline":"Installation F\u00e9minin\/Masculin","datePublished":"2016-04-29T15:22:00+00:00","dateModified":"2017-03-22T07:29:42+00:00","mainEntityOfPage":{"@id":"https:\/\/musiqueenchemin.fr\/index.php\/2016\/04\/29\/exposition-femininmasculin\/"},"wordCount":1022,"publisher":{"@id":"https:\/\/musiqueenchemin.fr\/#organization"},"image":{"@id":"https:\/\/musiqueenchemin.fr\/index.php\/2016\/04\/29\/exposition-femininmasculin\/#primaryimage"},"thumbnailUrl":"http:\/\/musiqueenchemin.fr\/wp-content\/uploads\/2016\/04\/IMG_0388-1024x683.jpg","inLanguage":"fr-FR"},{"@type":"WebPage","@id":"https:\/\/musiqueenchemin.fr\/index.php\/2016\/04\/29\/exposition-femininmasculin\/","url":"https:\/\/musiqueenchemin.fr\/index.php\/2016\/04\/29\/exposition-femininmasculin\/","name":"Installation F\u00e9minin\/Masculin - Musique en Chemin","isPartOf":{"@id":"https:\/\/musiqueenchemin.fr\/#website"},"primaryImageOfPage":{"@id":"https:\/\/musiqueenchemin.fr\/index.php\/2016\/04\/29\/exposition-femininmasculin\/#primaryimage"},"image":{"@id":"https:\/\/musiqueenchemin.fr\/index.php\/2016\/04\/29\/exposition-femininmasculin\/#primaryimage"},"thumbnailUrl":"http:\/\/musiqueenchemin.fr\/wp-content\/uploads\/2016\/04\/IMG_0388-1024x683.jpg","datePublished":"2016-04-29T15:22:00+00:00","dateModified":"2017-03-22T07:29:42+00:00","breadcrumb":{"@id":"https:\/\/musiqueenchemin.fr\/index.php\/2016\/04\/29\/exposition-femininmasculin\/#breadcrumb"},"inLanguage":"fr-FR","potentialAction":[{"@type":"ReadAction","target":["https:\/\/musiqueenchemin.fr\/index.php\/2016\/04\/29\/exposition-femininmasculin\/"]}]},{"@type":"ImageObject","inLanguage":"fr-FR","@id":"https:\/\/musiqueenchemin.fr\/index.php\/2016\/04\/29\/exposition-femininmasculin\/#primaryimage","url":"https:\/\/musiqueenchemin.fr\/wp-content\/uploads\/2016\/04\/IMG_0388.jpg","contentUrl":"https:\/\/musiqueenchemin.fr\/wp-content\/uploads\/2016\/04\/IMG_0388.jpg","width":4272,"height":2848},{"@type":"BreadcrumbList","@id":"https:\/\/musiqueenchemin.fr\/index.php\/2016\/04\/29\/exposition-femininmasculin\/#breadcrumb","itemListElement":[{"@type":"ListItem","position":1,"name":"Accueil","item":"https:\/\/musiqueenchemin.fr\/"},{"@type":"ListItem","position":2,"name":"Installation F\u00e9minin\/Masculin"}]},{"@type":"WebSite","@id":"https:\/\/musiqueenchemin.fr\/#website","url":"https:\/\/musiqueenchemin.fr\/","name":"Musique en Chemin","description":"Saison &amp; Festival","publisher":{"@id":"https:\/\/musiqueenchemin.fr\/#organization"},"potentialAction":[{"@type":"SearchAction","target":{"@type":"EntryPoint","urlTemplate":"https:\/\/musiqueenchemin.fr\/?s={search_term_string}"},"query-input":{"@type":"PropertyValueSpecification","valueRequired":true,"valueName":"search_term_string"}}],"inLanguage":"fr-FR"},{"@type":"Organization","@id":"https:\/\/musiqueenchemin.fr\/#organization","name":"Musique en Chemin","url":"https:\/\/musiqueenchemin.fr\/","logo":{"@type":"ImageObject","inLanguage":"fr-FR","@id":"https:\/\/musiqueenchemin.fr\/#\/schema\/logo\/image\/","url":"http:\/\/musiqueenchemin.fr\/wp-content\/uploads\/2024\/03\/huppe-jaune-2024.png","contentUrl":"http:\/\/musiqueenchemin.fr\/wp-content\/uploads\/2024\/03\/huppe-jaune-2024.png","width":560,"height":387,"caption":"Musique en Chemin"},"image":{"@id":"https:\/\/musiqueenchemin.fr\/#\/schema\/logo\/image\/"}},{"@type":"Person","@id":"https:\/\/musiqueenchemin.fr\/#\/schema\/person\/6c4caa9d003e40448be270fea1e3cbff","name":"Musique en Chemin","image":{"@type":"ImageObject","inLanguage":"fr-FR","@id":"https:\/\/musiqueenchemin.fr\/#\/schema\/person\/image\/","url":"https:\/\/secure.gravatar.com\/avatar\/7b1be4a90bcc64c58111b64ffe668b413f96ab86aad982e7fdacac32cefcb4ec?s=96&d=mm&r=g","contentUrl":"https:\/\/secure.gravatar.com\/avatar\/7b1be4a90bcc64c58111b64ffe668b413f96ab86aad982e7fdacac32cefcb4ec?s=96&d=mm&r=g","caption":"Musique en Chemin"},"url":"https:\/\/musiqueenchemin.fr\/index.php\/author\/chem\/"}]}},"_links":{"self":[{"href":"https:\/\/musiqueenchemin.fr\/index.php\/wp-json\/wp\/v2\/posts\/406","targetHints":{"allow":["GET"]}}],"collection":[{"href":"https:\/\/musiqueenchemin.fr\/index.php\/wp-json\/wp\/v2\/posts"}],"about":[{"href":"https:\/\/musiqueenchemin.fr\/index.php\/wp-json\/wp\/v2\/types\/post"}],"author":[{"embeddable":true,"href":"https:\/\/musiqueenchemin.fr\/index.php\/wp-json\/wp\/v2\/users\/1"}],"replies":[{"embeddable":true,"href":"https:\/\/musiqueenchemin.fr\/index.php\/wp-json\/wp\/v2\/comments?post=406"}],"version-history":[{"count":19,"href":"https:\/\/musiqueenchemin.fr\/index.php\/wp-json\/wp\/v2\/posts\/406\/revisions"}],"predecessor-version":[{"id":1077,"href":"https:\/\/musiqueenchemin.fr\/index.php\/wp-json\/wp\/v2\/posts\/406\/revisions\/1077"}],"wp:attachment":[{"href":"https:\/\/musiqueenchemin.fr\/index.php\/wp-json\/wp\/v2\/media?parent=406"}],"wp:term":[{"taxonomy":"category","embeddable":true,"href":"https:\/\/musiqueenchemin.fr\/index.php\/wp-json\/wp\/v2\/categories?post=406"},{"taxonomy":"post_tag","embeddable":true,"href":"https:\/\/musiqueenchemin.fr\/index.php\/wp-json\/wp\/v2\/tags?post=406"}],"curies":[{"name":"wp","href":"https:\/\/api.w.org\/{rel}","templated":true}]}}