{"id":68,"date":"2016-04-29T15:22:27","date_gmt":"2016-04-29T14:22:27","guid":{"rendered":"http:\/\/musiqueenchemin.fr\/blog\/?p=68"},"modified":"2017-05-03T15:58:17","modified_gmt":"2017-05-03T14:58:17","slug":"une-autre-odyssee","status":"publish","type":"post","link":"https:\/\/musiqueenchemin.fr\/index.php\/2016\/04\/29\/une-autre-odyssee\/","title":{"rendered":"Une Autre Odyss\u00e9e"},"content":{"rendered":"<h4><a href=\"http:\/\/www.lamainharmonique.fr\/\" target=\"_blank\" rel=\"noopener noreferrer\">Ensemble La Main Harmonique<\/a>, direction Fr\u00e9d\u00e9ric B\u00e9tous<br \/>\nCr\u00e9ation 2016 \u2013 Markeas, Monteverdi, Victoria, Gesualdo<\/h4>\n<h5>Laura Cartier, Amandine Trenc, sopranos\u00a0;\u00a0Fr\u00e9d\u00e9ric B\u00e9tous, contre-t\u00e9nor\u00a0; Branislav Rakic, t\u00e9nor\u00a0; Romain Bockler, baryton\u00a0; Marc Busnel, basse\u00a0; Alexandre Souillart, saxophones\u00a0; Etienne Floutier, Myriam Rignol, violes de gambe.<\/h5>\n<hr \/>\n<h4>Pour en savoir plus sur les prochaines repr\u00e9sentations, rendez-vous sur <a href=\"http:\/\/www.lamainharmonique.fr\/\">www.lamainharmonique.fr<\/a> !<\/h4>\n<hr \/>\n<div class=\"row\">\n<div class=\"col-md-6\">\n<figure id=\"attachment_908\" aria-describedby=\"caption-attachment-908\" style=\"width: 800px\" class=\"wp-caption alignnone\"><img loading=\"lazy\" decoding=\"async\" class=\"size-full wp-image-908\" src=\"http:\/\/musiqueenchemin.fr\/wp-content\/uploads\/2016\/09\/UAO_2016_2.jpg\" alt=\"Une Autre Odyss\u00e9e - La Romieu - Juillet 2016\" width=\"800\" height=\"531\" srcset=\"https:\/\/musiqueenchemin.fr\/wp-content\/uploads\/2016\/09\/UAO_2016_2.jpg 800w, https:\/\/musiqueenchemin.fr\/wp-content\/uploads\/2016\/09\/UAO_2016_2-300x199.jpg 300w, https:\/\/musiqueenchemin.fr\/wp-content\/uploads\/2016\/09\/UAO_2016_2-768x510.jpg 768w, https:\/\/musiqueenchemin.fr\/wp-content\/uploads\/2016\/09\/UAO_2016_2-600x398.jpg 600w\" sizes=\"auto, (max-width: 800px) 100vw, 800px\" \/><figcaption id=\"caption-attachment-908\" class=\"wp-caption-text\"><em>Une Autre Odyss\u00e9e &#8211; La Romieu &#8211; Juillet 2016<\/em><\/figcaption><\/figure>\n<\/div>\n<div class=\"col-md-6\">\n<figure id=\"attachment_907\" aria-describedby=\"caption-attachment-907\" style=\"width: 800px\" class=\"wp-caption alignnone\"><img loading=\"lazy\" decoding=\"async\" class=\"size-full wp-image-907\" src=\"http:\/\/musiqueenchemin.fr\/wp-content\/uploads\/2016\/09\/UAO_2016_1.jpg\" alt=\"Une Autre Odyss\u00e9e - La Romieu - Juillet 2016\" width=\"800\" height=\"531\" srcset=\"https:\/\/musiqueenchemin.fr\/wp-content\/uploads\/2016\/09\/UAO_2016_1.jpg 800w, https:\/\/musiqueenchemin.fr\/wp-content\/uploads\/2016\/09\/UAO_2016_1-300x199.jpg 300w, https:\/\/musiqueenchemin.fr\/wp-content\/uploads\/2016\/09\/UAO_2016_1-768x510.jpg 768w, https:\/\/musiqueenchemin.fr\/wp-content\/uploads\/2016\/09\/UAO_2016_1-600x398.jpg 600w\" sizes=\"auto, (max-width: 800px) 100vw, 800px\" \/><figcaption id=\"caption-attachment-907\" class=\"wp-caption-text\"><em>Une Autre Odyss\u00e9e &#8211; La Romieu &#8211; Juillet 2016<\/em><\/figcaption><\/figure>\n<\/div>\n<\/div>\n<div class=\"row\">\n<div class=\"col-md-12\">\n<figure id=\"attachment_912\" aria-describedby=\"caption-attachment-912\" style=\"width: 800px\" class=\"wp-caption alignnone\"><img loading=\"lazy\" decoding=\"async\" class=\"size-full wp-image-912\" src=\"http:\/\/musiqueenchemin.fr\/wp-content\/uploads\/2016\/09\/UAO_2016_3.jpg\" alt=\"\u00a9 Polli Kaminski\" width=\"800\" height=\"933\" srcset=\"https:\/\/musiqueenchemin.fr\/wp-content\/uploads\/2016\/09\/UAO_2016_3.jpg 800w, https:\/\/musiqueenchemin.fr\/wp-content\/uploads\/2016\/09\/UAO_2016_3-257x300.jpg 257w, https:\/\/musiqueenchemin.fr\/wp-content\/uploads\/2016\/09\/UAO_2016_3-768x896.jpg 768w, https:\/\/musiqueenchemin.fr\/wp-content\/uploads\/2016\/09\/UAO_2016_3-600x700.jpg 600w\" sizes=\"auto, (max-width: 800px) 100vw, 800px\" \/><figcaption id=\"caption-attachment-912\" class=\"wp-caption-text\"><em>Une Autre Odyss\u00e9e &#8211; La Romieu &#8211; Juillet 2016<\/em> \u00a9 Polli Kaminski<\/figcaption><\/figure>\n<\/div>\n<\/div>\n<div class=\"row\">\n<div class=\"col-md-6\">\n<figure id=\"attachment_913\" aria-describedby=\"caption-attachment-913\" style=\"width: 800px\" class=\"wp-caption alignnone\"><img loading=\"lazy\" decoding=\"async\" class=\"size-full wp-image-913\" src=\"http:\/\/musiqueenchemin.fr\/wp-content\/uploads\/2016\/09\/UAO_2016_4.jpg\" alt=\"\u00a9 Polli Kaminski\" width=\"800\" height=\"533\" srcset=\"https:\/\/musiqueenchemin.fr\/wp-content\/uploads\/2016\/09\/UAO_2016_4.jpg 800w, https:\/\/musiqueenchemin.fr\/wp-content\/uploads\/2016\/09\/UAO_2016_4-300x200.jpg 300w, https:\/\/musiqueenchemin.fr\/wp-content\/uploads\/2016\/09\/UAO_2016_4-768x512.jpg 768w, https:\/\/musiqueenchemin.fr\/wp-content\/uploads\/2016\/09\/UAO_2016_4-600x400.jpg 600w\" sizes=\"auto, (max-width: 800px) 100vw, 800px\" \/><figcaption id=\"caption-attachment-913\" class=\"wp-caption-text\"><em>Une Autre Odyss\u00e9e &#8211; La Romieu &#8211; Juillet 2016<\/em> <br \/> \u00a9 Polli Kaminski<\/figcaption><\/figure>\n<\/div>\n<div class=\"col-md-6\">\n<figure id=\"attachment_914\" aria-describedby=\"caption-attachment-914\" style=\"width: 800px\" class=\"wp-caption alignnone\"><img loading=\"lazy\" decoding=\"async\" class=\"size-full wp-image-914\" src=\"http:\/\/musiqueenchemin.fr\/wp-content\/uploads\/2016\/09\/UAO_2016_5.jpg\" alt=\"\u00a9 Polli Kaminski\" width=\"800\" height=\"533\" srcset=\"https:\/\/musiqueenchemin.fr\/wp-content\/uploads\/2016\/09\/UAO_2016_5.jpg 800w, https:\/\/musiqueenchemin.fr\/wp-content\/uploads\/2016\/09\/UAO_2016_5-300x200.jpg 300w, https:\/\/musiqueenchemin.fr\/wp-content\/uploads\/2016\/09\/UAO_2016_5-768x512.jpg 768w, https:\/\/musiqueenchemin.fr\/wp-content\/uploads\/2016\/09\/UAO_2016_5-600x400.jpg 600w\" sizes=\"auto, (max-width: 800px) 100vw, 800px\" \/><figcaption id=\"caption-attachment-914\" class=\"wp-caption-text\"><em>Une Autre Odyss\u00e9e &#8211; La Romieu &#8211; Juillet 2016<\/em> <br \/>\u00a9 Polli Kaminski<\/figcaption><\/figure>\n<\/div>\n<\/div>\n<hr \/>\n<p>\u00ab Comment la mer \u00c9g\u00e9e, cette mer de la lumi\u00e8re, des \u00eeles, li\u00e9e dans notre esprit au bonheur le plus imm\u00e9diat, comment cette mer a t\u2019elle pu devenir la tombe de tant de personnes anonymes ? \u00bb<br \/>\nC\u2019est \u00e0 partir d\u2019une question sensible et d\u2019actualit\u00e9 qu\u2019Alexandros Markeas, compositeur d\u2019origine grecque, \u00e9crit Une Autre Odyss\u00e9e, inspir\u00e9 par Solo andata (Aller simple) po\u00e8me \u00e9pique d\u2019Erri de Luca, qui d\u00e9crit le destin tragique de migrants africains.<\/p>\n<p>La musique populaire, l\u2019\u00e9criture contemporaine, les madrigaux de la Renaissance et la po\u00e9sie se c\u00f4toient dans un programme en qu\u00eate d\u2019une \u00e9poque o\u00f9 Occident et Orient n\u2019\u00e9taient pas encore scind\u00e9s musicalement.Les musiciens et les voix livrent un vibrant hommage aux migrants de la mer M\u00e9diterran\u00e9e dans un spectacle qui parle au c\u0153ur, v\u00e9ritable plaidoyer contre l\u2019indiff\u00e9rence.<\/p>\n<p><em>A highly relevant piece of work that combines Renaissance pieces by Monteverdi Victoria and Gesualdo with a new creation by Alexandros Markeas. This is the true signature of La Main Harmonique &#8211; the glory of the past with the thrill of modern interpretation and creativity. Markeas succeeds in translating a global message that affects us all into music that moves us all.<br \/>\n<\/em><\/p>\n<hr \/>\n<div class=\"row\">\n<div class=\"col-md-6\">\n<figure id=\"attachment_540\" aria-describedby=\"caption-attachment-540\" style=\"width: 1024px\" class=\"wp-caption alignnone\"><img loading=\"lazy\" decoding=\"async\" class=\"size-large wp-image-540\" src=\"http:\/\/musiqueenchemin.fr\/wp-content\/uploads\/2016\/05\/une_autre_odysee-1024x682.jpg\" alt=\"Une autre Odys\u00e9e par La Main Harmonique \u00a9 Cyrille Guir \/ Arsenal - Metz en Sc\u00e8nes\" width=\"1024\" height=\"682\" srcset=\"https:\/\/musiqueenchemin.fr\/wp-content\/uploads\/2016\/05\/une_autre_odysee-1024x682.jpg 1024w, https:\/\/musiqueenchemin.fr\/wp-content\/uploads\/2016\/05\/une_autre_odysee-300x200.jpg 300w, https:\/\/musiqueenchemin.fr\/wp-content\/uploads\/2016\/05\/une_autre_odysee-768x511.jpg 768w, https:\/\/musiqueenchemin.fr\/wp-content\/uploads\/2016\/05\/une_autre_odysee-600x400.jpg 600w, https:\/\/musiqueenchemin.fr\/wp-content\/uploads\/2016\/05\/une_autre_odysee-820x546.jpg 820w\" sizes=\"auto, (max-width: 1024px) 100vw, 1024px\" \/><figcaption id=\"caption-attachment-540\" class=\"wp-caption-text\"><em> Une autre Odys\u00e9e par l&#8217;<a href=\"http:\/\/www.lamainharmonique.fr\/\" target=\"_blank\" rel=\"noopener noreferrer\">Ensemble La Main Harmonique<\/a><\/em> <br \/>\u00a9 Cyrille Guir \/ Arsenal &#8211; Metz en Sc\u00e8nes<\/figcaption><\/figure>\n<\/div>\n<div class=\"col-md-6\">\n<p><iframe loading=\"lazy\" width=\"1160\" height=\"653\" src=\"https:\/\/www.youtube.com\/embed\/vBWxivSVAOA?feature=oembed\" frameborder=\"0\" allowfullscreen><\/iframe><\/p>\n<\/div>\n<\/div>\n<hr \/>\n<h5><strong>Jeudi 21 juillet \u00e0 20h30<\/strong> &#8211; Festival Musique en Chemin &#8211; 6<sup>e<\/sup> \u00e9dition &#8211; Juillet 2016<\/h5>\n","protected":false},"excerpt":{"rendered":"<p>Ensemble La Main Harmonique, direction Fr\u00e9d\u00e9ric B\u00e9tous Cr\u00e9ation 2016 \u2013 Markeas, Monteverdi, Victoria, Gesualdo Laura Cartier, Amandine Trenc, sopranos\u00a0;\u00a0Fr\u00e9d\u00e9ric B\u00e9tous, contre-t\u00e9nor\u00a0; Branislav Rakic, t\u00e9nor\u00a0; Romain Bockler, baryton\u00a0; Marc Busnel, basse\u00a0; Alexandre Souillart, saxophones\u00a0; Etienne Floutier, Myriam Rignol, violes de gambe. [&hellip;]<\/p>\n","protected":false},"author":1,"featured_media":0,"comment_status":"closed","ping_status":"closed","sticky":false,"template":"","format":"standard","meta":{"cwp_meta_box_check":"","cwp_rev_product_name":"","cwp_rev_product_image":"","wppr_links":[],"cwp_rev_price":"","wppr_options":[],"wppr_pros":[],"wppr_cons":[],"footnotes":""},"categories":[3,8,9],"tags":[],"class_list":["post-68","post","type-post","status-publish","format-standard","hentry","category-festival","category-home","category-spectacle"],"wppr_data":[],"yoast_head":"<!-- This site is optimized with the Yoast SEO plugin v25.0 - https:\/\/yoast.com\/wordpress\/plugins\/seo\/ -->\n<title>Une Autre Odyss\u00e9e -<\/title>\n<meta name=\"robots\" content=\"index, follow, max-snippet:-1, max-image-preview:large, max-video-preview:-1\" \/>\n<link rel=\"canonical\" href=\"https:\/\/musiqueenchemin.fr\/index.php\/2016\/04\/29\/une-autre-odyssee\/\" \/>\n<meta property=\"og:locale\" content=\"fr_FR\" \/>\n<meta property=\"og:type\" content=\"article\" \/>\n<meta property=\"og:title\" content=\"Une Autre Odyss\u00e9e -\" \/>\n<meta property=\"og:description\" content=\"Ensemble La Main Harmonique, direction Fr\u00e9d\u00e9ric B\u00e9tous Cr\u00e9ation 2016 \u2013 Markeas, Monteverdi, Victoria, Gesualdo Laura Cartier, Amandine Trenc, sopranos\u00a0;\u00a0Fr\u00e9d\u00e9ric B\u00e9tous, contre-t\u00e9nor\u00a0; Branislav Rakic, t\u00e9nor\u00a0; Romain Bockler, baryton\u00a0; Marc Busnel, basse\u00a0; Alexandre Souillart, saxophones\u00a0; Etienne Floutier, Myriam Rignol, violes de gambe. [&hellip;]\" \/>\n<meta property=\"og:url\" content=\"https:\/\/musiqueenchemin.fr\/index.php\/2016\/04\/29\/une-autre-odyssee\/\" \/>\n<meta property=\"article:published_time\" content=\"2016-04-29T14:22:27+00:00\" \/>\n<meta property=\"article:modified_time\" content=\"2017-05-03T14:58:17+00:00\" \/>\n<meta property=\"og:image\" content=\"http:\/\/musiqueenchemin.fr\/wp-content\/uploads\/2016\/09\/UAO_2016_2.jpg\" \/>\n<meta name=\"author\" content=\"Musique en Chemin\" \/>\n<meta name=\"twitter:card\" content=\"summary_large_image\" \/>\n<meta name=\"twitter:label1\" content=\"\u00c9crit par\" \/>\n\t<meta name=\"twitter:data1\" content=\"Musique en Chemin\" \/>\n\t<meta name=\"twitter:label2\" content=\"Dur\u00e9e de lecture estim\u00e9e\" \/>\n\t<meta name=\"twitter:data2\" content=\"2 minutes\" \/>\n<script type=\"application\/ld+json\" class=\"yoast-schema-graph\">{\"@context\":\"https:\/\/schema.org\",\"@graph\":[{\"@type\":\"Article\",\"@id\":\"https:\/\/musiqueenchemin.fr\/index.php\/2016\/04\/29\/une-autre-odyssee\/#article\",\"isPartOf\":{\"@id\":\"https:\/\/musiqueenchemin.fr\/index.php\/2016\/04\/29\/une-autre-odyssee\/\"},\"author\":{\"name\":\"Musique en Chemin\",\"@id\":\"https:\/\/musiqueenchemin.fr\/#\/schema\/person\/6c4caa9d003e40448be270fea1e3cbff\"},\"headline\":\"Une Autre Odyss\u00e9e\",\"datePublished\":\"2016-04-29T14:22:27+00:00\",\"dateModified\":\"2017-05-03T14:58:17+00:00\",\"mainEntityOfPage\":{\"@id\":\"https:\/\/musiqueenchemin.fr\/index.php\/2016\/04\/29\/une-autre-odyssee\/\"},\"wordCount\":413,\"publisher\":{\"@id\":\"https:\/\/musiqueenchemin.fr\/#organization\"},\"image\":{\"@id\":\"https:\/\/musiqueenchemin.fr\/index.php\/2016\/04\/29\/une-autre-odyssee\/#primaryimage\"},\"thumbnailUrl\":\"http:\/\/musiqueenchemin.fr\/wp-content\/uploads\/2016\/09\/UAO_2016_2.jpg\",\"articleSection\":[\"Festival\",\"Home\",\"Spectacle\"],\"inLanguage\":\"fr-FR\"},{\"@type\":\"WebPage\",\"@id\":\"https:\/\/musiqueenchemin.fr\/index.php\/2016\/04\/29\/une-autre-odyssee\/\",\"url\":\"https:\/\/musiqueenchemin.fr\/index.php\/2016\/04\/29\/une-autre-odyssee\/\",\"name\":\"Une Autre Odyss\u00e9e -\",\"isPartOf\":{\"@id\":\"https:\/\/musiqueenchemin.fr\/#website\"},\"primaryImageOfPage\":{\"@id\":\"https:\/\/musiqueenchemin.fr\/index.php\/2016\/04\/29\/une-autre-odyssee\/#primaryimage\"},\"image\":{\"@id\":\"https:\/\/musiqueenchemin.fr\/index.php\/2016\/04\/29\/une-autre-odyssee\/#primaryimage\"},\"thumbnailUrl\":\"http:\/\/musiqueenchemin.fr\/wp-content\/uploads\/2016\/09\/UAO_2016_2.jpg\",\"datePublished\":\"2016-04-29T14:22:27+00:00\",\"dateModified\":\"2017-05-03T14:58:17+00:00\",\"breadcrumb\":{\"@id\":\"https:\/\/musiqueenchemin.fr\/index.php\/2016\/04\/29\/une-autre-odyssee\/#breadcrumb\"},\"inLanguage\":\"fr-FR\",\"potentialAction\":[{\"@type\":\"ReadAction\",\"target\":[\"https:\/\/musiqueenchemin.fr\/index.php\/2016\/04\/29\/une-autre-odyssee\/\"]}]},{\"@type\":\"ImageObject\",\"inLanguage\":\"fr-FR\",\"@id\":\"https:\/\/musiqueenchemin.fr\/index.php\/2016\/04\/29\/une-autre-odyssee\/#primaryimage\",\"url\":\"https:\/\/musiqueenchemin.fr\/wp-content\/uploads\/2016\/09\/UAO_2016_2.jpg\",\"contentUrl\":\"https:\/\/musiqueenchemin.fr\/wp-content\/uploads\/2016\/09\/UAO_2016_2.jpg\",\"width\":800,\"height\":531,\"caption\":\"Une Autre Odyss\u00e9e - La Romieu - Juillet 2016\"},{\"@type\":\"BreadcrumbList\",\"@id\":\"https:\/\/musiqueenchemin.fr\/index.php\/2016\/04\/29\/une-autre-odyssee\/#breadcrumb\",\"itemListElement\":[{\"@type\":\"ListItem\",\"position\":1,\"name\":\"Accueil\",\"item\":\"https:\/\/musiqueenchemin.fr\/\"},{\"@type\":\"ListItem\",\"position\":2,\"name\":\"Une Autre Odyss\u00e9e\"}]},{\"@type\":\"WebSite\",\"@id\":\"https:\/\/musiqueenchemin.fr\/#website\",\"url\":\"https:\/\/musiqueenchemin.fr\/\",\"name\":\"Musique en Chemin\",\"description\":\"\",\"publisher\":{\"@id\":\"https:\/\/musiqueenchemin.fr\/#organization\"},\"potentialAction\":[{\"@type\":\"SearchAction\",\"target\":{\"@type\":\"EntryPoint\",\"urlTemplate\":\"https:\/\/musiqueenchemin.fr\/?s={search_term_string}\"},\"query-input\":{\"@type\":\"PropertyValueSpecification\",\"valueRequired\":true,\"valueName\":\"search_term_string\"}}],\"inLanguage\":\"fr-FR\"},{\"@type\":\"Organization\",\"@id\":\"https:\/\/musiqueenchemin.fr\/#organization\",\"name\":\"Musique en Chemin\",\"url\":\"https:\/\/musiqueenchemin.fr\/\",\"logo\":{\"@type\":\"ImageObject\",\"inLanguage\":\"fr-FR\",\"@id\":\"https:\/\/musiqueenchemin.fr\/#\/schema\/logo\/image\/\",\"url\":\"http:\/\/musiqueenchemin.fr\/wp-content\/uploads\/2024\/03\/huppe-jaune-2024.png\",\"contentUrl\":\"http:\/\/musiqueenchemin.fr\/wp-content\/uploads\/2024\/03\/huppe-jaune-2024.png\",\"width\":560,\"height\":387,\"caption\":\"Musique en Chemin\"},\"image\":{\"@id\":\"https:\/\/musiqueenchemin.fr\/#\/schema\/logo\/image\/\"}},{\"@type\":\"Person\",\"@id\":\"https:\/\/musiqueenchemin.fr\/#\/schema\/person\/6c4caa9d003e40448be270fea1e3cbff\",\"name\":\"Musique en Chemin\",\"image\":{\"@type\":\"ImageObject\",\"inLanguage\":\"fr-FR\",\"@id\":\"https:\/\/musiqueenchemin.fr\/#\/schema\/person\/image\/\",\"url\":\"https:\/\/secure.gravatar.com\/avatar\/7b1be4a90bcc64c58111b64ffe668b413f96ab86aad982e7fdacac32cefcb4ec?s=96&d=mm&r=g\",\"contentUrl\":\"https:\/\/secure.gravatar.com\/avatar\/7b1be4a90bcc64c58111b64ffe668b413f96ab86aad982e7fdacac32cefcb4ec?s=96&d=mm&r=g\",\"caption\":\"Musique en Chemin\"},\"url\":\"https:\/\/musiqueenchemin.fr\/index.php\/author\/chem\/\"}]}<\/script>\n<!-- \/ Yoast SEO plugin. -->","yoast_head_json":{"title":"Une Autre Odyss\u00e9e -","robots":{"index":"index","follow":"follow","max-snippet":"max-snippet:-1","max-image-preview":"max-image-preview:large","max-video-preview":"max-video-preview:-1"},"canonical":"https:\/\/musiqueenchemin.fr\/index.php\/2016\/04\/29\/une-autre-odyssee\/","og_locale":"fr_FR","og_type":"article","og_title":"Une Autre Odyss\u00e9e -","og_description":"Ensemble La Main Harmonique, direction Fr\u00e9d\u00e9ric B\u00e9tous Cr\u00e9ation 2016 \u2013 Markeas, Monteverdi, Victoria, Gesualdo Laura Cartier, Amandine Trenc, sopranos\u00a0;\u00a0Fr\u00e9d\u00e9ric B\u00e9tous, contre-t\u00e9nor\u00a0; Branislav Rakic, t\u00e9nor\u00a0; Romain Bockler, baryton\u00a0; Marc Busnel, basse\u00a0; Alexandre Souillart, saxophones\u00a0; Etienne Floutier, Myriam Rignol, violes de gambe. [&hellip;]","og_url":"https:\/\/musiqueenchemin.fr\/index.php\/2016\/04\/29\/une-autre-odyssee\/","article_published_time":"2016-04-29T14:22:27+00:00","article_modified_time":"2017-05-03T14:58:17+00:00","og_image":[{"url":"http:\/\/musiqueenchemin.fr\/wp-content\/uploads\/2016\/09\/UAO_2016_2.jpg","type":"","width":"","height":""}],"author":"Musique en Chemin","twitter_card":"summary_large_image","twitter_misc":{"\u00c9crit par":"Musique en Chemin","Dur\u00e9e de lecture estim\u00e9e":"2 minutes"},"schema":{"@context":"https:\/\/schema.org","@graph":[{"@type":"Article","@id":"https:\/\/musiqueenchemin.fr\/index.php\/2016\/04\/29\/une-autre-odyssee\/#article","isPartOf":{"@id":"https:\/\/musiqueenchemin.fr\/index.php\/2016\/04\/29\/une-autre-odyssee\/"},"author":{"name":"Musique en Chemin","@id":"https:\/\/musiqueenchemin.fr\/#\/schema\/person\/6c4caa9d003e40448be270fea1e3cbff"},"headline":"Une Autre Odyss\u00e9e","datePublished":"2016-04-29T14:22:27+00:00","dateModified":"2017-05-03T14:58:17+00:00","mainEntityOfPage":{"@id":"https:\/\/musiqueenchemin.fr\/index.php\/2016\/04\/29\/une-autre-odyssee\/"},"wordCount":413,"publisher":{"@id":"https:\/\/musiqueenchemin.fr\/#organization"},"image":{"@id":"https:\/\/musiqueenchemin.fr\/index.php\/2016\/04\/29\/une-autre-odyssee\/#primaryimage"},"thumbnailUrl":"http:\/\/musiqueenchemin.fr\/wp-content\/uploads\/2016\/09\/UAO_2016_2.jpg","articleSection":["Festival","Home","Spectacle"],"inLanguage":"fr-FR"},{"@type":"WebPage","@id":"https:\/\/musiqueenchemin.fr\/index.php\/2016\/04\/29\/une-autre-odyssee\/","url":"https:\/\/musiqueenchemin.fr\/index.php\/2016\/04\/29\/une-autre-odyssee\/","name":"Une Autre Odyss\u00e9e -","isPartOf":{"@id":"https:\/\/musiqueenchemin.fr\/#website"},"primaryImageOfPage":{"@id":"https:\/\/musiqueenchemin.fr\/index.php\/2016\/04\/29\/une-autre-odyssee\/#primaryimage"},"image":{"@id":"https:\/\/musiqueenchemin.fr\/index.php\/2016\/04\/29\/une-autre-odyssee\/#primaryimage"},"thumbnailUrl":"http:\/\/musiqueenchemin.fr\/wp-content\/uploads\/2016\/09\/UAO_2016_2.jpg","datePublished":"2016-04-29T14:22:27+00:00","dateModified":"2017-05-03T14:58:17+00:00","breadcrumb":{"@id":"https:\/\/musiqueenchemin.fr\/index.php\/2016\/04\/29\/une-autre-odyssee\/#breadcrumb"},"inLanguage":"fr-FR","potentialAction":[{"@type":"ReadAction","target":["https:\/\/musiqueenchemin.fr\/index.php\/2016\/04\/29\/une-autre-odyssee\/"]}]},{"@type":"ImageObject","inLanguage":"fr-FR","@id":"https:\/\/musiqueenchemin.fr\/index.php\/2016\/04\/29\/une-autre-odyssee\/#primaryimage","url":"https:\/\/musiqueenchemin.fr\/wp-content\/uploads\/2016\/09\/UAO_2016_2.jpg","contentUrl":"https:\/\/musiqueenchemin.fr\/wp-content\/uploads\/2016\/09\/UAO_2016_2.jpg","width":800,"height":531,"caption":"Une Autre Odyss\u00e9e - La Romieu - Juillet 2016"},{"@type":"BreadcrumbList","@id":"https:\/\/musiqueenchemin.fr\/index.php\/2016\/04\/29\/une-autre-odyssee\/#breadcrumb","itemListElement":[{"@type":"ListItem","position":1,"name":"Accueil","item":"https:\/\/musiqueenchemin.fr\/"},{"@type":"ListItem","position":2,"name":"Une Autre Odyss\u00e9e"}]},{"@type":"WebSite","@id":"https:\/\/musiqueenchemin.fr\/#website","url":"https:\/\/musiqueenchemin.fr\/","name":"Musique en Chemin","description":"","publisher":{"@id":"https:\/\/musiqueenchemin.fr\/#organization"},"potentialAction":[{"@type":"SearchAction","target":{"@type":"EntryPoint","urlTemplate":"https:\/\/musiqueenchemin.fr\/?s={search_term_string}"},"query-input":{"@type":"PropertyValueSpecification","valueRequired":true,"valueName":"search_term_string"}}],"inLanguage":"fr-FR"},{"@type":"Organization","@id":"https:\/\/musiqueenchemin.fr\/#organization","name":"Musique en Chemin","url":"https:\/\/musiqueenchemin.fr\/","logo":{"@type":"ImageObject","inLanguage":"fr-FR","@id":"https:\/\/musiqueenchemin.fr\/#\/schema\/logo\/image\/","url":"http:\/\/musiqueenchemin.fr\/wp-content\/uploads\/2024\/03\/huppe-jaune-2024.png","contentUrl":"http:\/\/musiqueenchemin.fr\/wp-content\/uploads\/2024\/03\/huppe-jaune-2024.png","width":560,"height":387,"caption":"Musique en Chemin"},"image":{"@id":"https:\/\/musiqueenchemin.fr\/#\/schema\/logo\/image\/"}},{"@type":"Person","@id":"https:\/\/musiqueenchemin.fr\/#\/schema\/person\/6c4caa9d003e40448be270fea1e3cbff","name":"Musique en Chemin","image":{"@type":"ImageObject","inLanguage":"fr-FR","@id":"https:\/\/musiqueenchemin.fr\/#\/schema\/person\/image\/","url":"https:\/\/secure.gravatar.com\/avatar\/7b1be4a90bcc64c58111b64ffe668b413f96ab86aad982e7fdacac32cefcb4ec?s=96&d=mm&r=g","contentUrl":"https:\/\/secure.gravatar.com\/avatar\/7b1be4a90bcc64c58111b64ffe668b413f96ab86aad982e7fdacac32cefcb4ec?s=96&d=mm&r=g","caption":"Musique en Chemin"},"url":"https:\/\/musiqueenchemin.fr\/index.php\/author\/chem\/"}]}},"_links":{"self":[{"href":"https:\/\/musiqueenchemin.fr\/index.php\/wp-json\/wp\/v2\/posts\/68","targetHints":{"allow":["GET"]}}],"collection":[{"href":"https:\/\/musiqueenchemin.fr\/index.php\/wp-json\/wp\/v2\/posts"}],"about":[{"href":"https:\/\/musiqueenchemin.fr\/index.php\/wp-json\/wp\/v2\/types\/post"}],"author":[{"embeddable":true,"href":"https:\/\/musiqueenchemin.fr\/index.php\/wp-json\/wp\/v2\/users\/1"}],"replies":[{"embeddable":true,"href":"https:\/\/musiqueenchemin.fr\/index.php\/wp-json\/wp\/v2\/comments?post=68"}],"version-history":[{"count":39,"href":"https:\/\/musiqueenchemin.fr\/index.php\/wp-json\/wp\/v2\/posts\/68\/revisions"}],"predecessor-version":[{"id":1472,"href":"https:\/\/musiqueenchemin.fr\/index.php\/wp-json\/wp\/v2\/posts\/68\/revisions\/1472"}],"wp:attachment":[{"href":"https:\/\/musiqueenchemin.fr\/index.php\/wp-json\/wp\/v2\/media?parent=68"}],"wp:term":[{"taxonomy":"category","embeddable":true,"href":"https:\/\/musiqueenchemin.fr\/index.php\/wp-json\/wp\/v2\/categories?post=68"},{"taxonomy":"post_tag","embeddable":true,"href":"https:\/\/musiqueenchemin.fr\/index.php\/wp-json\/wp\/v2\/tags?post=68"}],"curies":[{"name":"wp","href":"https:\/\/api.w.org\/{rel}","templated":true}]}}